{"id":27689,"date":"2014-08-04T17:13:00","date_gmt":"2014-08-04T17:13:00","guid":{"rendered":"http:\/\/www.visiterarles.com\/bon-plan-la-balade-en-velo-pas-chere-a-arles-quartier-des-arenes-386\/"},"modified":"2014-08-04T17:13:00","modified_gmt":"2014-08-04T17:13:00","slug":"bon-plan-la-balade-en-velo-pas-chere-a-arles-quartier-des-arenes-386","status":"publish","type":"post","link":"https:\/\/www.visiterarles.com\/en\/blog\/2014\/08\/04\/bon-plan-la-balade-en-velo-pas-chere-a-arles-quartier-des-arenes-386\/","title":{"rendered":"Bon plan : la balade en v\u00e9lo pas ch\u00e8re \u00e0 Arles quartier des ar\u00e8nes"},"content":{"rendered":"<h4>Votre balade en v\u00e9lo, pas ch\u00e8re \u00e0 Arles quartier des ar\u00e8nes avec V\u00e9lo Taco<\/h4>\n<p>Arles est une commune sublime, la culture, de m\u00eame que les beaux lieux, comme les tours de la cavalerie, l&rsquo;ecomus\u00e9e du sel o\u00f9 le march\u00e9 de provence ne manquent pas. Une <a href=\"http:\/\/www.visiterarles.com\/en\/votre-balade-en-velo-pas-chere-au-sein-darles-1562\/\">balade en v\u00e9lo pas ch\u00e8re \u00e0 Arles<\/a> quartier des ar\u00e8nes, entre autres, vous fera pleinement profiter de l\u2019existence au sein de cette commune exceptionnelle, toujours avec la sensation d&rsquo;oeuvrer d\u2019une mani\u00e8re \u00e9co-responsable, en proposant le meilleur de la culture.<\/p>\n<h4>Pour quelles raisons s\u00e9lectionner notre balade en v\u00e9lo pas ch\u00e8re \u00e0 Arles :<\/h4>\n<p>Faire la visite du ravissant patrimoine de la ville via la balade en v\u00e9lo pas ch\u00e8re sur Arles peut para\u00eetre une alternative cl\u00e9s en main efficace pour chaque personne qui le d\u00e9sire. O\u00f9 que vous soyez au sein de Arles, vous aurez la possibilit\u00e9 de jouir totalement d\u2019une appr\u00e9ciable balade en v\u00e9lo en toute s\u00e9r\u00e9nit\u00e9. Pour les passionn\u00e9s, une balade en v\u00e9lo sur Arles, pas ch\u00e8re correspondra aux exigences de tous, c\u2019est s\u00fbr.<\/p>","protected":false},"excerpt":{"rendered":"<p>Votre balade en v\u00e9lo, pas ch\u00e8re \u00e0 Arles quartier des ar\u00e8nes avec V\u00e9lo Taco Arles est une commune sublime, la culture, de m\u00eame que les beaux lieux, comme les tours de la cavalerie, l&rsquo;ecomus\u00e9e du sel o\u00f9 le march\u00e9 de provence ne manquent pas. Une balade en v\u00e9lo pas ch\u00e8re \u00e0 Arles quartier des ar\u00e8nes, [&hellip;]<\/p>","protected":false},"author":1,"featured_media":0,"comment_status":"open","ping_status":"open","sticky":false,"template":"","format":"standard","meta":{"footnotes":""},"categories":[55],"tags":[],"aioseo_notices":[],"yoast_head":"<!-- This site is optimized with the Yoast SEO plugin v22.3 - https:\/\/yoast.com\/wordpress\/plugins\/seo\/ -->\n<title>Bon plan : la balade en v\u00e9lo pas ch\u00e8re \u00e0 Arles quartier des ar\u00e8nes - Visiter Arles<\/title>\n<meta name=\"robots\" content=\"index, follow, max-snippet:-1, max-image-preview:large, max-video-preview:-1\" \/>\n<link rel=\"canonical\" href=\"https:\/\/www.visiterarles.com\/en\/blog\/2014\/08\/04\/bon-plan-la-balade-en-velo-pas-chere-a-arles-quartier-des-arenes-386\/\" \/>\n<meta name=\"twitter:label1\" content=\"Written by\" \/>\n\t<meta name=\"twitter:data1\" content=\"Linkadm\" \/>\n\t<meta name=\"twitter:label2\" content=\"Estimated reading time\" \/>\n\t<meta name=\"twitter:data2\" content=\"1 minute\" \/>\n<script type=\"application\/ld+json\" class=\"yoast-schema-graph\">{\"@context\":\"https:\/\/schema.org\",\"@graph\":[{\"@type\":\"Article\",\"@id\":\"https:\/\/www.visiterarles.com\/blog\/2014\/08\/04\/bon-plan-la-balade-en-velo-pas-chere-a-arles-quartier-des-arenes-386\/#article\",\"isPartOf\":{\"@id\":\"https:\/\/www.visiterarles.com\/blog\/2014\/08\/04\/bon-plan-la-balade-en-velo-pas-chere-a-arles-quartier-des-arenes-386\/\"},\"author\":{\"name\":\"Linkadm\",\"@id\":\"https:\/\/www.visiterarles.com\/en\/#\/schema\/person\/ba5912e4613018f479a2d86815a53576\"},\"headline\":\"Bon plan : la balade en v\u00e9lo pas ch\u00e8re \u00e0 Arles quartier des ar\u00e8nes\",\"datePublished\":\"2014-08-04T17:13:00+00:00\",\"dateModified\":\"2014-08-04T17:13:00+00:00\",\"mainEntityOfPage\":{\"@id\":\"https:\/\/www.visiterarles.com\/blog\/2014\/08\/04\/bon-plan-la-balade-en-velo-pas-chere-a-arles-quartier-des-arenes-386\/\"},\"wordCount\":213,\"commentCount\":0,\"publisher\":{\"@id\":\"https:\/\/www.visiterarles.com\/en\/#organization\"},\"articleSection\":[\"Informations\"],\"inLanguage\":\"en-GB\",\"potentialAction\":[{\"@type\":\"CommentAction\",\"name\":\"Comment\",\"target\":[\"https:\/\/www.visiterarles.com\/blog\/2014\/08\/04\/bon-plan-la-balade-en-velo-pas-chere-a-arles-quartier-des-arenes-386\/#respond\"]}]},{\"@type\":\"WebPage\",\"@id\":\"https:\/\/www.visiterarles.com\/blog\/2014\/08\/04\/bon-plan-la-balade-en-velo-pas-chere-a-arles-quartier-des-arenes-386\/\",\"url\":\"https:\/\/www.visiterarles.com\/blog\/2014\/08\/04\/bon-plan-la-balade-en-velo-pas-chere-a-arles-quartier-des-arenes-386\/\",\"name\":\"Bon plan : la balade en v\u00e9lo pas ch\u00e8re \u00e0 Arles quartier des ar\u00e8nes - Visiter Arles\",\"isPartOf\":{\"@id\":\"https:\/\/www.visiterarles.com\/en\/#website\"},\"datePublished\":\"2014-08-04T17:13:00+00:00\",\"dateModified\":\"2014-08-04T17:13:00+00:00\",\"breadcrumb\":{\"@id\":\"https:\/\/www.visiterarles.com\/blog\/2014\/08\/04\/bon-plan-la-balade-en-velo-pas-chere-a-arles-quartier-des-arenes-386\/#breadcrumb\"},\"inLanguage\":\"en-GB\",\"potentialAction\":[{\"@type\":\"ReadAction\",\"target\":[\"https:\/\/www.visiterarles.com\/blog\/2014\/08\/04\/bon-plan-la-balade-en-velo-pas-chere-a-arles-quartier-des-arenes-386\/\"]}]},{\"@type\":\"BreadcrumbList\",\"@id\":\"https:\/\/www.visiterarles.com\/blog\/2014\/08\/04\/bon-plan-la-balade-en-velo-pas-chere-a-arles-quartier-des-arenes-386\/#breadcrumb\",\"itemListElement\":[{\"@type\":\"ListItem\",\"position\":1,\"name\":\"Home\",\"item\":\"https:\/\/www.visiterarles.com\/\"},{\"@type\":\"ListItem\",\"position\":2,\"name\":\"Bon plan : la balade en v\u00e9lo pas ch\u00e8re \u00e0 Arles quartier des ar\u00e8nes\"}]},{\"@type\":\"WebSite\",\"@id\":\"https:\/\/www.visiterarles.com\/en\/#website\",\"url\":\"https:\/\/www.visiterarles.com\/en\/\",\"name\":\"Visiter Arles\",\"description\":\"Tourisme en Provence \u00e0 Arles\",\"publisher\":{\"@id\":\"https:\/\/www.visiterarles.com\/en\/#organization\"},\"potentialAction\":[{\"@type\":\"SearchAction\",\"target\":{\"@type\":\"EntryPoint\",\"urlTemplate\":\"https:\/\/www.visiterarles.com\/en\/?s={search_term_string}\"},\"query-input\":\"required name=search_term_string\"}],\"inLanguage\":\"en-GB\"},{\"@type\":\"Organization\",\"@id\":\"https:\/\/www.visiterarles.com\/en\/#organization\",\"name\":\"Visiter Arles\",\"url\":\"https:\/\/www.visiterarles.com\/en\/\",\"logo\":{\"@type\":\"ImageObject\",\"inLanguage\":\"en-GB\",\"@id\":\"https:\/\/www.visiterarles.com\/en\/#\/schema\/logo\/image\/\",\"url\":\"https:\/\/www.visiterarles.com\/wp-content\/uploads\/2017\/10\/taco-and-co-1-1.jpg\",\"contentUrl\":\"https:\/\/www.visiterarles.com\/wp-content\/uploads\/2017\/10\/taco-and-co-1-1.jpg\",\"width\":124,\"height\":73,\"caption\":\"Visiter Arles\"},\"image\":{\"@id\":\"https:\/\/www.visiterarles.com\/en\/#\/schema\/logo\/image\/\"}},{\"@type\":\"Person\",\"@id\":\"https:\/\/www.visiterarles.com\/en\/#\/schema\/person\/ba5912e4613018f479a2d86815a53576\",\"name\":\"Linkadm\",\"image\":{\"@type\":\"ImageObject\",\"inLanguage\":\"en-GB\",\"@id\":\"https:\/\/www.visiterarles.com\/en\/#\/schema\/person\/image\/\",\"url\":\"https:\/\/secure.gravatar.com\/avatar\/4709ec209921503e8d8cc96168eddc49?s=96&d=mm&r=g\",\"contentUrl\":\"https:\/\/secure.gravatar.com\/avatar\/4709ec209921503e8d8cc96168eddc49?s=96&d=mm&r=g\",\"caption\":\"Linkadm\"},\"url\":\"https:\/\/www.visiterarles.com\/en\/blog\/author\/admin\/\"}]}<\/script>\n<!-- \/ Yoast SEO plugin. -->","yoast_head_json":{"title":"Bon plan : la balade en v\u00e9lo pas ch\u00e8re \u00e0 Arles quartier des ar\u00e8nes - Visiter Arles","robots":{"index":"index","follow":"follow","max-snippet":"max-snippet:-1","max-image-preview":"max-image-preview:large","max-video-preview":"max-video-preview:-1"},"canonical":"https:\/\/www.visiterarles.com\/en\/blog\/2014\/08\/04\/bon-plan-la-balade-en-velo-pas-chere-a-arles-quartier-des-arenes-386\/","twitter_misc":{"Written by":"Linkadm","Estimated reading time":"1 minute"},"schema":{"@context":"https:\/\/schema.org","@graph":[{"@type":"Article","@id":"https:\/\/www.visiterarles.com\/blog\/2014\/08\/04\/bon-plan-la-balade-en-velo-pas-chere-a-arles-quartier-des-arenes-386\/#article","isPartOf":{"@id":"https:\/\/www.visiterarles.com\/blog\/2014\/08\/04\/bon-plan-la-balade-en-velo-pas-chere-a-arles-quartier-des-arenes-386\/"},"author":{"name":"Linkadm","@id":"https:\/\/www.visiterarles.com\/en\/#\/schema\/person\/ba5912e4613018f479a2d86815a53576"},"headline":"Bon plan : la balade en v\u00e9lo pas ch\u00e8re \u00e0 Arles quartier des ar\u00e8nes","datePublished":"2014-08-04T17:13:00+00:00","dateModified":"2014-08-04T17:13:00+00:00","mainEntityOfPage":{"@id":"https:\/\/www.visiterarles.com\/blog\/2014\/08\/04\/bon-plan-la-balade-en-velo-pas-chere-a-arles-quartier-des-arenes-386\/"},"wordCount":213,"commentCount":0,"publisher":{"@id":"https:\/\/www.visiterarles.com\/en\/#organization"},"articleSection":["Informations"],"inLanguage":"en-GB","potentialAction":[{"@type":"CommentAction","name":"Comment","target":["https:\/\/www.visiterarles.com\/blog\/2014\/08\/04\/bon-plan-la-balade-en-velo-pas-chere-a-arles-quartier-des-arenes-386\/#respond"]}]},{"@type":"WebPage","@id":"https:\/\/www.visiterarles.com\/blog\/2014\/08\/04\/bon-plan-la-balade-en-velo-pas-chere-a-arles-quartier-des-arenes-386\/","url":"https:\/\/www.visiterarles.com\/blog\/2014\/08\/04\/bon-plan-la-balade-en-velo-pas-chere-a-arles-quartier-des-arenes-386\/","name":"Bon plan : la balade en v\u00e9lo pas ch\u00e8re \u00e0 Arles quartier des ar\u00e8nes - Visiter Arles","isPartOf":{"@id":"https:\/\/www.visiterarles.com\/en\/#website"},"datePublished":"2014-08-04T17:13:00+00:00","dateModified":"2014-08-04T17:13:00+00:00","breadcrumb":{"@id":"https:\/\/www.visiterarles.com\/blog\/2014\/08\/04\/bon-plan-la-balade-en-velo-pas-chere-a-arles-quartier-des-arenes-386\/#breadcrumb"},"inLanguage":"en-GB","potentialAction":[{"@type":"ReadAction","target":["https:\/\/www.visiterarles.com\/blog\/2014\/08\/04\/bon-plan-la-balade-en-velo-pas-chere-a-arles-quartier-des-arenes-386\/"]}]},{"@type":"BreadcrumbList","@id":"https:\/\/www.visiterarles.com\/blog\/2014\/08\/04\/bon-plan-la-balade-en-velo-pas-chere-a-arles-quartier-des-arenes-386\/#breadcrumb","itemListElement":[{"@type":"ListItem","position":1,"name":"Home","item":"https:\/\/www.visiterarles.com\/"},{"@type":"ListItem","position":2,"name":"Bon plan : la balade en v\u00e9lo pas ch\u00e8re \u00e0 Arles quartier des ar\u00e8nes"}]},{"@type":"WebSite","@id":"https:\/\/www.visiterarles.com\/en\/#website","url":"https:\/\/www.visiterarles.com\/en\/","name":"Visiter Arles","description":"Tourisme en Provence \u00e0 Arles","publisher":{"@id":"https:\/\/www.visiterarles.com\/en\/#organization"},"potentialAction":[{"@type":"SearchAction","target":{"@type":"EntryPoint","urlTemplate":"https:\/\/www.visiterarles.com\/en\/?s={search_term_string}"},"query-input":"required name=search_term_string"}],"inLanguage":"en-GB"},{"@type":"Organization","@id":"https:\/\/www.visiterarles.com\/en\/#organization","name":"Visiter Arles","url":"https:\/\/www.visiterarles.com\/en\/","logo":{"@type":"ImageObject","inLanguage":"en-GB","@id":"https:\/\/www.visiterarles.com\/en\/#\/schema\/logo\/image\/","url":"https:\/\/www.visiterarles.com\/wp-content\/uploads\/2017\/10\/taco-and-co-1-1.jpg","contentUrl":"https:\/\/www.visiterarles.com\/wp-content\/uploads\/2017\/10\/taco-and-co-1-1.jpg","width":124,"height":73,"caption":"Visiter Arles"},"image":{"@id":"https:\/\/www.visiterarles.com\/en\/#\/schema\/logo\/image\/"}},{"@type":"Person","@id":"https:\/\/www.visiterarles.com\/en\/#\/schema\/person\/ba5912e4613018f479a2d86815a53576","name":"Linkadm","image":{"@type":"ImageObject","inLanguage":"en-GB","@id":"https:\/\/www.visiterarles.com\/en\/#\/schema\/person\/image\/","url":"https:\/\/secure.gravatar.com\/avatar\/4709ec209921503e8d8cc96168eddc49?s=96&d=mm&r=g","contentUrl":"https:\/\/secure.gravatar.com\/avatar\/4709ec209921503e8d8cc96168eddc49?s=96&d=mm&r=g","caption":"Linkadm"},"url":"https:\/\/www.visiterarles.com\/en\/blog\/author\/admin\/"}]}},"_links":{"self":[{"href":"https:\/\/www.visiterarles.com\/en\/wp-json\/wp\/v2\/posts\/27689"}],"collection":[{"href":"https:\/\/www.visiterarles.com\/en\/wp-json\/wp\/v2\/posts"}],"about":[{"href":"https:\/\/www.visiterarles.com\/en\/wp-json\/wp\/v2\/types\/post"}],"author":[{"embeddable":true,"href":"https:\/\/www.visiterarles.com\/en\/wp-json\/wp\/v2\/users\/1"}],"replies":[{"embeddable":true,"href":"https:\/\/www.visiterarles.com\/en\/wp-json\/wp\/v2\/comments?post=27689"}],"version-history":[{"count":0,"href":"https:\/\/www.visiterarles.com\/en\/wp-json\/wp\/v2\/posts\/27689\/revisions"}],"wp:attachment":[{"href":"https:\/\/www.visiterarles.com\/en\/wp-json\/wp\/v2\/media?parent=27689"}],"wp:term":[{"taxonomy":"category","embeddable":true,"href":"https:\/\/www.visiterarles.com\/en\/wp-json\/wp\/v2\/categories?post=27689"},{"taxonomy":"post_tag","embeddable":true,"href":"https:\/\/www.visiterarles.com\/en\/wp-json\/wp\/v2\/tags?post=27689"}],"curies":[{"name":"wp","href":"https:\/\/api.w.org\/{rel}","templated":true}]}}