{"id":27691,"date":"2014-08-04T12:22:00","date_gmt":"2014-08-04T12:22:00","guid":{"rendered":"http:\/\/www.visiterarles.com\/balade-en-velo-pas-chere-arles-centre-ville-1098\/"},"modified":"2014-08-04T12:22:00","modified_gmt":"2014-08-04T12:22:00","slug":"balade-en-velo-pas-chere-arles-centre-ville-1098","status":"publish","type":"post","link":"https:\/\/www.visiterarles.com\/en\/blog\/2014\/08\/04\/balade-en-velo-pas-chere-arles-centre-ville-1098\/","title":{"rendered":"Balade en v\u00e9lo pas ch\u00e8re Arles centre ville"},"content":{"rendered":"<h4>Arles centre ville : opter pour une balade en v\u00e9lo, de confiance pas ch\u00e8re<\/h4>\n<p>Les anciens ateliers sncf, l&rsquo;ecomus\u00e9e du sel o\u00f9 alors la tour des mourgues, via notre balade en v\u00e9lo pas ch\u00e8re \u00e0 Arles centre ville, sont des monuments que vous ne sauriez manquer au sein de cette exceptionnelle commune ravissante. Une balade en v\u00e9lo pas ch\u00e8re \u00e0 Arles centre ville, pour ne prendre que cet exemple, va vous permettre de pleinement profiter de la vie au sein de cette exceptionnelle commune ravissante, \u00e0 chaque fois avec la sensation d\u2019agir d\u2019une mani\u00e8re respectueuse de l\u2019environnement, en pr\u00e9sentant une d\u00e9couverte culturelle des plus riches.<\/p>\n<h4>Arles : pourquoi s\u00e9lectionner notre balade en v\u00e9lo pas ch\u00e8re<\/h4>\n<p>Prendre connaissance du ravissant capital de la commune via la balade en v\u00e9lo pas ch\u00e8re sur Arles peut s&rsquo;av\u00e9rer \u00eatre une solution appropri\u00e9e pour qui le d\u00e9sire. Une fois arriv\u00e9 \u00e0 la gare d\u2019Arles, vous pourrez r\u00e9clamer une balade en v\u00e9lo entre autre dans la gare sncf. Pour les amateurs de d\u00e9couvertes, une <a href=\"http:\/\/www.visiterarles.com\/en\/votre-balade-en-velo-pas-chere-au-sein-darles-1562\/\">balade en v\u00e9lo sur Arles<\/a>, pas ch\u00e8re r\u00e9pondra aux exigences de tous, en toute logique.<\/p>","protected":false},"excerpt":{"rendered":"<p>Arles centre ville : opter pour une balade en v\u00e9lo, de confiance pas ch\u00e8re Les anciens ateliers sncf, l&rsquo;ecomus\u00e9e du sel o\u00f9 alors la tour des mourgues, via notre balade en v\u00e9lo pas ch\u00e8re \u00e0 Arles centre ville, sont des monuments que vous ne sauriez manquer au sein de cette exceptionnelle commune ravissante. Une balade [&hellip;]<\/p>","protected":false},"author":1,"featured_media":0,"comment_status":"open","ping_status":"open","sticky":false,"template":"","format":"standard","meta":{"footnotes":""},"categories":[55],"tags":[],"aioseo_notices":[],"yoast_head":"<!-- This site is optimized with the Yoast SEO plugin v22.3 - https:\/\/yoast.com\/wordpress\/plugins\/seo\/ -->\n<title>Balade en v\u00e9lo pas ch\u00e8re Arles centre ville - Visiter Arles<\/title>\n<meta name=\"robots\" content=\"index, follow, max-snippet:-1, max-image-preview:large, max-video-preview:-1\" \/>\n<link rel=\"canonical\" href=\"https:\/\/www.visiterarles.com\/en\/blog\/2014\/08\/04\/balade-en-velo-pas-chere-arles-centre-ville-1098\/\" \/>\n<meta name=\"twitter:label1\" content=\"Written by\" \/>\n\t<meta name=\"twitter:data1\" content=\"Linkadm\" \/>\n\t<meta name=\"twitter:label2\" content=\"Estimated reading time\" \/>\n\t<meta name=\"twitter:data2\" content=\"1 minute\" \/>\n<script type=\"application\/ld+json\" class=\"yoast-schema-graph\">{\"@context\":\"https:\/\/schema.org\",\"@graph\":[{\"@type\":\"Article\",\"@id\":\"https:\/\/www.visiterarles.com\/en\/blog\/2014\/08\/04\/balade-en-velo-pas-chere-arles-centre-ville-1098\/#article\",\"isPartOf\":{\"@id\":\"https:\/\/www.visiterarles.com\/en\/blog\/2014\/08\/04\/balade-en-velo-pas-chere-arles-centre-ville-1098\/\"},\"author\":{\"name\":\"Linkadm\",\"@id\":\"https:\/\/www.visiterarles.com\/en\/#\/schema\/person\/ba5912e4613018f479a2d86815a53576\"},\"headline\":\"Balade en v\u00e9lo pas ch\u00e8re Arles centre ville\",\"datePublished\":\"2014-08-04T12:22:00+00:00\",\"dateModified\":\"2014-08-04T12:22:00+00:00\",\"mainEntityOfPage\":{\"@id\":\"https:\/\/www.visiterarles.com\/en\/blog\/2014\/08\/04\/balade-en-velo-pas-chere-arles-centre-ville-1098\/\"},\"wordCount\":217,\"commentCount\":0,\"publisher\":{\"@id\":\"https:\/\/www.visiterarles.com\/en\/#organization\"},\"articleSection\":[\"Informations\"],\"inLanguage\":\"en-GB\",\"potentialAction\":[{\"@type\":\"CommentAction\",\"name\":\"Comment\",\"target\":[\"https:\/\/www.visiterarles.com\/en\/blog\/2014\/08\/04\/balade-en-velo-pas-chere-arles-centre-ville-1098\/#respond\"]}]},{\"@type\":\"WebPage\",\"@id\":\"https:\/\/www.visiterarles.com\/en\/blog\/2014\/08\/04\/balade-en-velo-pas-chere-arles-centre-ville-1098\/\",\"url\":\"https:\/\/www.visiterarles.com\/en\/blog\/2014\/08\/04\/balade-en-velo-pas-chere-arles-centre-ville-1098\/\",\"name\":\"Balade en v\u00e9lo pas ch\u00e8re Arles centre ville - Visiter Arles\",\"isPartOf\":{\"@id\":\"https:\/\/www.visiterarles.com\/en\/#website\"},\"datePublished\":\"2014-08-04T12:22:00+00:00\",\"dateModified\":\"2014-08-04T12:22:00+00:00\",\"breadcrumb\":{\"@id\":\"https:\/\/www.visiterarles.com\/en\/blog\/2014\/08\/04\/balade-en-velo-pas-chere-arles-centre-ville-1098\/#breadcrumb\"},\"inLanguage\":\"en-GB\",\"potentialAction\":[{\"@type\":\"ReadAction\",\"target\":[\"https:\/\/www.visiterarles.com\/en\/blog\/2014\/08\/04\/balade-en-velo-pas-chere-arles-centre-ville-1098\/\"]}]},{\"@type\":\"BreadcrumbList\",\"@id\":\"https:\/\/www.visiterarles.com\/en\/blog\/2014\/08\/04\/balade-en-velo-pas-chere-arles-centre-ville-1098\/#breadcrumb\",\"itemListElement\":[{\"@type\":\"ListItem\",\"position\":1,\"name\":\"Home\",\"item\":\"https:\/\/www.visiterarles.com\/\"},{\"@type\":\"ListItem\",\"position\":2,\"name\":\"Balade en v\u00e9lo pas ch\u00e8re Arles centre ville\"}]},{\"@type\":\"WebSite\",\"@id\":\"https:\/\/www.visiterarles.com\/en\/#website\",\"url\":\"https:\/\/www.visiterarles.com\/en\/\",\"name\":\"Visiter Arles\",\"description\":\"Tourisme en Provence \u00e0 Arles\",\"publisher\":{\"@id\":\"https:\/\/www.visiterarles.com\/en\/#organization\"},\"potentialAction\":[{\"@type\":\"SearchAction\",\"target\":{\"@type\":\"EntryPoint\",\"urlTemplate\":\"https:\/\/www.visiterarles.com\/en\/?s={search_term_string}\"},\"query-input\":\"required name=search_term_string\"}],\"inLanguage\":\"en-GB\"},{\"@type\":\"Organization\",\"@id\":\"https:\/\/www.visiterarles.com\/en\/#organization\",\"name\":\"Visiter Arles\",\"url\":\"https:\/\/www.visiterarles.com\/en\/\",\"logo\":{\"@type\":\"ImageObject\",\"inLanguage\":\"en-GB\",\"@id\":\"https:\/\/www.visiterarles.com\/en\/#\/schema\/logo\/image\/\",\"url\":\"https:\/\/www.visiterarles.com\/wp-content\/uploads\/2017\/10\/taco-and-co-1-1.jpg\",\"contentUrl\":\"https:\/\/www.visiterarles.com\/wp-content\/uploads\/2017\/10\/taco-and-co-1-1.jpg\",\"width\":124,\"height\":73,\"caption\":\"Visiter Arles\"},\"image\":{\"@id\":\"https:\/\/www.visiterarles.com\/en\/#\/schema\/logo\/image\/\"}},{\"@type\":\"Person\",\"@id\":\"https:\/\/www.visiterarles.com\/en\/#\/schema\/person\/ba5912e4613018f479a2d86815a53576\",\"name\":\"Linkadm\",\"image\":{\"@type\":\"ImageObject\",\"inLanguage\":\"en-GB\",\"@id\":\"https:\/\/www.visiterarles.com\/en\/#\/schema\/person\/image\/\",\"url\":\"https:\/\/secure.gravatar.com\/avatar\/4709ec209921503e8d8cc96168eddc49?s=96&d=mm&r=g\",\"contentUrl\":\"https:\/\/secure.gravatar.com\/avatar\/4709ec209921503e8d8cc96168eddc49?s=96&d=mm&r=g\",\"caption\":\"Linkadm\"},\"url\":\"https:\/\/www.visiterarles.com\/en\/blog\/author\/admin\/\"}]}<\/script>\n<!-- \/ Yoast SEO plugin. -->","yoast_head_json":{"title":"Balade en v\u00e9lo pas ch\u00e8re Arles centre ville - Visiter Arles","robots":{"index":"index","follow":"follow","max-snippet":"max-snippet:-1","max-image-preview":"max-image-preview:large","max-video-preview":"max-video-preview:-1"},"canonical":"https:\/\/www.visiterarles.com\/en\/blog\/2014\/08\/04\/balade-en-velo-pas-chere-arles-centre-ville-1098\/","twitter_misc":{"Written by":"Linkadm","Estimated reading time":"1 minute"},"schema":{"@context":"https:\/\/schema.org","@graph":[{"@type":"Article","@id":"https:\/\/www.visiterarles.com\/en\/blog\/2014\/08\/04\/balade-en-velo-pas-chere-arles-centre-ville-1098\/#article","isPartOf":{"@id":"https:\/\/www.visiterarles.com\/en\/blog\/2014\/08\/04\/balade-en-velo-pas-chere-arles-centre-ville-1098\/"},"author":{"name":"Linkadm","@id":"https:\/\/www.visiterarles.com\/en\/#\/schema\/person\/ba5912e4613018f479a2d86815a53576"},"headline":"Balade en v\u00e9lo pas ch\u00e8re Arles centre ville","datePublished":"2014-08-04T12:22:00+00:00","dateModified":"2014-08-04T12:22:00+00:00","mainEntityOfPage":{"@id":"https:\/\/www.visiterarles.com\/en\/blog\/2014\/08\/04\/balade-en-velo-pas-chere-arles-centre-ville-1098\/"},"wordCount":217,"commentCount":0,"publisher":{"@id":"https:\/\/www.visiterarles.com\/en\/#organization"},"articleSection":["Informations"],"inLanguage":"en-GB","potentialAction":[{"@type":"CommentAction","name":"Comment","target":["https:\/\/www.visiterarles.com\/en\/blog\/2014\/08\/04\/balade-en-velo-pas-chere-arles-centre-ville-1098\/#respond"]}]},{"@type":"WebPage","@id":"https:\/\/www.visiterarles.com\/en\/blog\/2014\/08\/04\/balade-en-velo-pas-chere-arles-centre-ville-1098\/","url":"https:\/\/www.visiterarles.com\/en\/blog\/2014\/08\/04\/balade-en-velo-pas-chere-arles-centre-ville-1098\/","name":"Balade en v\u00e9lo pas ch\u00e8re Arles centre ville - Visiter Arles","isPartOf":{"@id":"https:\/\/www.visiterarles.com\/en\/#website"},"datePublished":"2014-08-04T12:22:00+00:00","dateModified":"2014-08-04T12:22:00+00:00","breadcrumb":{"@id":"https:\/\/www.visiterarles.com\/en\/blog\/2014\/08\/04\/balade-en-velo-pas-chere-arles-centre-ville-1098\/#breadcrumb"},"inLanguage":"en-GB","potentialAction":[{"@type":"ReadAction","target":["https:\/\/www.visiterarles.com\/en\/blog\/2014\/08\/04\/balade-en-velo-pas-chere-arles-centre-ville-1098\/"]}]},{"@type":"BreadcrumbList","@id":"https:\/\/www.visiterarles.com\/en\/blog\/2014\/08\/04\/balade-en-velo-pas-chere-arles-centre-ville-1098\/#breadcrumb","itemListElement":[{"@type":"ListItem","position":1,"name":"Home","item":"https:\/\/www.visiterarles.com\/"},{"@type":"ListItem","position":2,"name":"Balade en v\u00e9lo pas ch\u00e8re Arles centre ville"}]},{"@type":"WebSite","@id":"https:\/\/www.visiterarles.com\/en\/#website","url":"https:\/\/www.visiterarles.com\/en\/","name":"Visiter Arles","description":"Tourisme en Provence \u00e0 Arles","publisher":{"@id":"https:\/\/www.visiterarles.com\/en\/#organization"},"potentialAction":[{"@type":"SearchAction","target":{"@type":"EntryPoint","urlTemplate":"https:\/\/www.visiterarles.com\/en\/?s={search_term_string}"},"query-input":"required name=search_term_string"}],"inLanguage":"en-GB"},{"@type":"Organization","@id":"https:\/\/www.visiterarles.com\/en\/#organization","name":"Visiter Arles","url":"https:\/\/www.visiterarles.com\/en\/","logo":{"@type":"ImageObject","inLanguage":"en-GB","@id":"https:\/\/www.visiterarles.com\/en\/#\/schema\/logo\/image\/","url":"https:\/\/www.visiterarles.com\/wp-content\/uploads\/2017\/10\/taco-and-co-1-1.jpg","contentUrl":"https:\/\/www.visiterarles.com\/wp-content\/uploads\/2017\/10\/taco-and-co-1-1.jpg","width":124,"height":73,"caption":"Visiter Arles"},"image":{"@id":"https:\/\/www.visiterarles.com\/en\/#\/schema\/logo\/image\/"}},{"@type":"Person","@id":"https:\/\/www.visiterarles.com\/en\/#\/schema\/person\/ba5912e4613018f479a2d86815a53576","name":"Linkadm","image":{"@type":"ImageObject","inLanguage":"en-GB","@id":"https:\/\/www.visiterarles.com\/en\/#\/schema\/person\/image\/","url":"https:\/\/secure.gravatar.com\/avatar\/4709ec209921503e8d8cc96168eddc49?s=96&d=mm&r=g","contentUrl":"https:\/\/secure.gravatar.com\/avatar\/4709ec209921503e8d8cc96168eddc49?s=96&d=mm&r=g","caption":"Linkadm"},"url":"https:\/\/www.visiterarles.com\/en\/blog\/author\/admin\/"}]}},"_links":{"self":[{"href":"https:\/\/www.visiterarles.com\/en\/wp-json\/wp\/v2\/posts\/27691"}],"collection":[{"href":"https:\/\/www.visiterarles.com\/en\/wp-json\/wp\/v2\/posts"}],"about":[{"href":"https:\/\/www.visiterarles.com\/en\/wp-json\/wp\/v2\/types\/post"}],"author":[{"embeddable":true,"href":"https:\/\/www.visiterarles.com\/en\/wp-json\/wp\/v2\/users\/1"}],"replies":[{"embeddable":true,"href":"https:\/\/www.visiterarles.com\/en\/wp-json\/wp\/v2\/comments?post=27691"}],"version-history":[{"count":0,"href":"https:\/\/www.visiterarles.com\/en\/wp-json\/wp\/v2\/posts\/27691\/revisions"}],"wp:attachment":[{"href":"https:\/\/www.visiterarles.com\/en\/wp-json\/wp\/v2\/media?parent=27691"}],"wp:term":[{"taxonomy":"category","embeddable":true,"href":"https:\/\/www.visiterarles.com\/en\/wp-json\/wp\/v2\/categories?post=27691"},{"taxonomy":"post_tag","embeddable":true,"href":"https:\/\/www.visiterarles.com\/en\/wp-json\/wp\/v2\/tags?post=27691"}],"curies":[{"name":"wp","href":"https:\/\/api.w.org\/{rel}","templated":true}]}}