{"id":27693,"date":"2014-08-04T16:53:00","date_gmt":"2014-08-04T16:53:00","guid":{"rendered":"http:\/\/www.visiterarles.com\/pas-chere-arles-la-roquette-balade-en-velo-1636\/"},"modified":"2014-08-04T16:53:00","modified_gmt":"2014-08-04T16:53:00","slug":"pas-chere-arles-la-roquette-balade-en-velo-1636","status":"publish","type":"post","link":"https:\/\/www.visiterarles.com\/en\/blog\/2014\/08\/04\/pas-chere-arles-la-roquette-balade-en-velo-1636\/","title":{"rendered":"Pas ch\u00e8re Arles la roquette : balade en v\u00e9lo"},"content":{"rendered":"<h4>Pas ch\u00e8re dans Arles la roquette : o\u00f9 d\u00e9gotter un contact s\u00e9rieux procurant une balade en v\u00e9lo<\/h4>\n<p>Les lieux prestigieux sont pl\u00e9thoriques, par cons\u00e9quent, une sympathique balade en v\u00e9lo pas ch\u00e8re Arles la roquette vous donnera la possibilit\u00e9 de jouir au maximum des anciens ateliers sncf, de l&rsquo;ecomus\u00e9e du sel o\u00f9 de l&rsquo;\u00e9glise saint blaise. De fa\u00e7on \u00e0 permettre de jouir au maximum des richesses de la ville, avec le sentiment d&rsquo;oeuvrer d&rsquo;une mani\u00e8re \u00e9co responsable, une sympathique balade en v\u00e9lo pas ch\u00e8re Arles la roquette vous aidera \u00e0 profiter de l&rsquo;existence.<\/p>\n<h4>Pourquoi choisir notre balade en v\u00e9lo pas ch\u00e8re au sein d&rsquo;Arles :<\/h4>\n<p>Prendre connaissance du majestueux capital de la commune au moyen de notre balade en v\u00e9lo pas ch\u00e8re \u00e0 Arles peut s&rsquo;av\u00e9rer \u00eatre une solution adapt\u00e9e pour chaque personne qui en a envie. Au cas o\u00f9 vous vous trouviez \u00e0 Arles, vous pourrez profiter au maximum d\u2019une agr\u00e9able balade en v\u00e9lo en toute s\u00e9r\u00e9nit\u00e9. Les consommateurs en tout genre adoreront notre <a href=\"http:\/\/www.visiterarles.com\/en\/votre-balade-en-velo-pas-chere-au-sein-darles-1562\/\">balade en v\u00e9lo sur Arles<\/a>, pas ch\u00e8re qui leur conviendra tr\u00e8s certainement.<\/p>","protected":false},"excerpt":{"rendered":"<p>Pas ch\u00e8re dans Arles la roquette : o\u00f9 d\u00e9gotter un contact s\u00e9rieux procurant une balade en v\u00e9lo Les lieux prestigieux sont pl\u00e9thoriques, par cons\u00e9quent, une sympathique balade en v\u00e9lo pas ch\u00e8re Arles la roquette vous donnera la possibilit\u00e9 de jouir au maximum des anciens ateliers sncf, de l&rsquo;ecomus\u00e9e du sel o\u00f9 de l&rsquo;\u00e9glise saint blaise. [&hellip;]<\/p>","protected":false},"author":1,"featured_media":0,"comment_status":"open","ping_status":"open","sticky":false,"template":"","format":"standard","meta":{"footnotes":""},"categories":[55],"tags":[],"aioseo_notices":[],"yoast_head":"<!-- This site is optimized with the Yoast SEO plugin v22.3 - https:\/\/yoast.com\/wordpress\/plugins\/seo\/ -->\n<title>Pas ch\u00e8re Arles la roquette : balade en v\u00e9lo - Visiter Arles<\/title>\n<meta name=\"robots\" content=\"index, follow, max-snippet:-1, max-image-preview:large, max-video-preview:-1\" \/>\n<link rel=\"canonical\" href=\"https:\/\/www.visiterarles.com\/en\/blog\/2014\/08\/04\/pas-chere-arles-la-roquette-balade-en-velo-1636\/\" \/>\n<meta name=\"twitter:label1\" content=\"Written by\" \/>\n\t<meta name=\"twitter:data1\" content=\"Linkadm\" \/>\n\t<meta name=\"twitter:label2\" content=\"Estimated reading time\" \/>\n\t<meta name=\"twitter:data2\" content=\"1 minute\" \/>\n<script type=\"application\/ld+json\" class=\"yoast-schema-graph\">{\"@context\":\"https:\/\/schema.org\",\"@graph\":[{\"@type\":\"Article\",\"@id\":\"https:\/\/www.visiterarles.com\/blog\/2014\/08\/04\/pas-chere-arles-la-roquette-balade-en-velo-1636\/#article\",\"isPartOf\":{\"@id\":\"https:\/\/www.visiterarles.com\/blog\/2014\/08\/04\/pas-chere-arles-la-roquette-balade-en-velo-1636\/\"},\"author\":{\"name\":\"Linkadm\",\"@id\":\"https:\/\/www.visiterarles.com\/en\/#\/schema\/person\/ba5912e4613018f479a2d86815a53576\"},\"headline\":\"Pas ch\u00e8re Arles la roquette : balade en v\u00e9lo\",\"datePublished\":\"2014-08-04T16:53:00+00:00\",\"dateModified\":\"2014-08-04T16:53:00+00:00\",\"mainEntityOfPage\":{\"@id\":\"https:\/\/www.visiterarles.com\/blog\/2014\/08\/04\/pas-chere-arles-la-roquette-balade-en-velo-1636\/\"},\"wordCount\":214,\"commentCount\":0,\"publisher\":{\"@id\":\"https:\/\/www.visiterarles.com\/en\/#organization\"},\"articleSection\":[\"Informations\"],\"inLanguage\":\"en-GB\",\"potentialAction\":[{\"@type\":\"CommentAction\",\"name\":\"Comment\",\"target\":[\"https:\/\/www.visiterarles.com\/blog\/2014\/08\/04\/pas-chere-arles-la-roquette-balade-en-velo-1636\/#respond\"]}]},{\"@type\":\"WebPage\",\"@id\":\"https:\/\/www.visiterarles.com\/blog\/2014\/08\/04\/pas-chere-arles-la-roquette-balade-en-velo-1636\/\",\"url\":\"https:\/\/www.visiterarles.com\/blog\/2014\/08\/04\/pas-chere-arles-la-roquette-balade-en-velo-1636\/\",\"name\":\"Pas ch\u00e8re Arles la roquette : balade en v\u00e9lo - Visiter Arles\",\"isPartOf\":{\"@id\":\"https:\/\/www.visiterarles.com\/en\/#website\"},\"datePublished\":\"2014-08-04T16:53:00+00:00\",\"dateModified\":\"2014-08-04T16:53:00+00:00\",\"breadcrumb\":{\"@id\":\"https:\/\/www.visiterarles.com\/blog\/2014\/08\/04\/pas-chere-arles-la-roquette-balade-en-velo-1636\/#breadcrumb\"},\"inLanguage\":\"en-GB\",\"potentialAction\":[{\"@type\":\"ReadAction\",\"target\":[\"https:\/\/www.visiterarles.com\/blog\/2014\/08\/04\/pas-chere-arles-la-roquette-balade-en-velo-1636\/\"]}]},{\"@type\":\"BreadcrumbList\",\"@id\":\"https:\/\/www.visiterarles.com\/blog\/2014\/08\/04\/pas-chere-arles-la-roquette-balade-en-velo-1636\/#breadcrumb\",\"itemListElement\":[{\"@type\":\"ListItem\",\"position\":1,\"name\":\"Home\",\"item\":\"https:\/\/www.visiterarles.com\/\"},{\"@type\":\"ListItem\",\"position\":2,\"name\":\"Pas ch\u00e8re Arles la roquette : balade en v\u00e9lo\"}]},{\"@type\":\"WebSite\",\"@id\":\"https:\/\/www.visiterarles.com\/en\/#website\",\"url\":\"https:\/\/www.visiterarles.com\/en\/\",\"name\":\"Visiter Arles\",\"description\":\"Tourisme en Provence \u00e0 Arles\",\"publisher\":{\"@id\":\"https:\/\/www.visiterarles.com\/en\/#organization\"},\"potentialAction\":[{\"@type\":\"SearchAction\",\"target\":{\"@type\":\"EntryPoint\",\"urlTemplate\":\"https:\/\/www.visiterarles.com\/en\/?s={search_term_string}\"},\"query-input\":\"required name=search_term_string\"}],\"inLanguage\":\"en-GB\"},{\"@type\":\"Organization\",\"@id\":\"https:\/\/www.visiterarles.com\/en\/#organization\",\"name\":\"Visiter Arles\",\"url\":\"https:\/\/www.visiterarles.com\/en\/\",\"logo\":{\"@type\":\"ImageObject\",\"inLanguage\":\"en-GB\",\"@id\":\"https:\/\/www.visiterarles.com\/en\/#\/schema\/logo\/image\/\",\"url\":\"https:\/\/www.visiterarles.com\/wp-content\/uploads\/2017\/10\/taco-and-co-1-1.jpg\",\"contentUrl\":\"https:\/\/www.visiterarles.com\/wp-content\/uploads\/2017\/10\/taco-and-co-1-1.jpg\",\"width\":124,\"height\":73,\"caption\":\"Visiter Arles\"},\"image\":{\"@id\":\"https:\/\/www.visiterarles.com\/en\/#\/schema\/logo\/image\/\"}},{\"@type\":\"Person\",\"@id\":\"https:\/\/www.visiterarles.com\/en\/#\/schema\/person\/ba5912e4613018f479a2d86815a53576\",\"name\":\"Linkadm\",\"image\":{\"@type\":\"ImageObject\",\"inLanguage\":\"en-GB\",\"@id\":\"https:\/\/www.visiterarles.com\/en\/#\/schema\/person\/image\/\",\"url\":\"https:\/\/secure.gravatar.com\/avatar\/4709ec209921503e8d8cc96168eddc49?s=96&d=mm&r=g\",\"contentUrl\":\"https:\/\/secure.gravatar.com\/avatar\/4709ec209921503e8d8cc96168eddc49?s=96&d=mm&r=g\",\"caption\":\"Linkadm\"},\"url\":\"https:\/\/www.visiterarles.com\/en\/blog\/author\/admin\/\"}]}<\/script>\n<!-- \/ Yoast SEO plugin. -->","yoast_head_json":{"title":"Pas ch\u00e8re Arles la roquette : balade en v\u00e9lo - Visiter Arles","robots":{"index":"index","follow":"follow","max-snippet":"max-snippet:-1","max-image-preview":"max-image-preview:large","max-video-preview":"max-video-preview:-1"},"canonical":"https:\/\/www.visiterarles.com\/en\/blog\/2014\/08\/04\/pas-chere-arles-la-roquette-balade-en-velo-1636\/","twitter_misc":{"Written by":"Linkadm","Estimated reading time":"1 minute"},"schema":{"@context":"https:\/\/schema.org","@graph":[{"@type":"Article","@id":"https:\/\/www.visiterarles.com\/blog\/2014\/08\/04\/pas-chere-arles-la-roquette-balade-en-velo-1636\/#article","isPartOf":{"@id":"https:\/\/www.visiterarles.com\/blog\/2014\/08\/04\/pas-chere-arles-la-roquette-balade-en-velo-1636\/"},"author":{"name":"Linkadm","@id":"https:\/\/www.visiterarles.com\/en\/#\/schema\/person\/ba5912e4613018f479a2d86815a53576"},"headline":"Pas ch\u00e8re Arles la roquette : balade en v\u00e9lo","datePublished":"2014-08-04T16:53:00+00:00","dateModified":"2014-08-04T16:53:00+00:00","mainEntityOfPage":{"@id":"https:\/\/www.visiterarles.com\/blog\/2014\/08\/04\/pas-chere-arles-la-roquette-balade-en-velo-1636\/"},"wordCount":214,"commentCount":0,"publisher":{"@id":"https:\/\/www.visiterarles.com\/en\/#organization"},"articleSection":["Informations"],"inLanguage":"en-GB","potentialAction":[{"@type":"CommentAction","name":"Comment","target":["https:\/\/www.visiterarles.com\/blog\/2014\/08\/04\/pas-chere-arles-la-roquette-balade-en-velo-1636\/#respond"]}]},{"@type":"WebPage","@id":"https:\/\/www.visiterarles.com\/blog\/2014\/08\/04\/pas-chere-arles-la-roquette-balade-en-velo-1636\/","url":"https:\/\/www.visiterarles.com\/blog\/2014\/08\/04\/pas-chere-arles-la-roquette-balade-en-velo-1636\/","name":"Pas ch\u00e8re Arles la roquette : balade en v\u00e9lo - Visiter Arles","isPartOf":{"@id":"https:\/\/www.visiterarles.com\/en\/#website"},"datePublished":"2014-08-04T16:53:00+00:00","dateModified":"2014-08-04T16:53:00+00:00","breadcrumb":{"@id":"https:\/\/www.visiterarles.com\/blog\/2014\/08\/04\/pas-chere-arles-la-roquette-balade-en-velo-1636\/#breadcrumb"},"inLanguage":"en-GB","potentialAction":[{"@type":"ReadAction","target":["https:\/\/www.visiterarles.com\/blog\/2014\/08\/04\/pas-chere-arles-la-roquette-balade-en-velo-1636\/"]}]},{"@type":"BreadcrumbList","@id":"https:\/\/www.visiterarles.com\/blog\/2014\/08\/04\/pas-chere-arles-la-roquette-balade-en-velo-1636\/#breadcrumb","itemListElement":[{"@type":"ListItem","position":1,"name":"Home","item":"https:\/\/www.visiterarles.com\/"},{"@type":"ListItem","position":2,"name":"Pas ch\u00e8re Arles la roquette : balade en v\u00e9lo"}]},{"@type":"WebSite","@id":"https:\/\/www.visiterarles.com\/en\/#website","url":"https:\/\/www.visiterarles.com\/en\/","name":"Visiter Arles","description":"Tourisme en Provence \u00e0 Arles","publisher":{"@id":"https:\/\/www.visiterarles.com\/en\/#organization"},"potentialAction":[{"@type":"SearchAction","target":{"@type":"EntryPoint","urlTemplate":"https:\/\/www.visiterarles.com\/en\/?s={search_term_string}"},"query-input":"required name=search_term_string"}],"inLanguage":"en-GB"},{"@type":"Organization","@id":"https:\/\/www.visiterarles.com\/en\/#organization","name":"Visiter Arles","url":"https:\/\/www.visiterarles.com\/en\/","logo":{"@type":"ImageObject","inLanguage":"en-GB","@id":"https:\/\/www.visiterarles.com\/en\/#\/schema\/logo\/image\/","url":"https:\/\/www.visiterarles.com\/wp-content\/uploads\/2017\/10\/taco-and-co-1-1.jpg","contentUrl":"https:\/\/www.visiterarles.com\/wp-content\/uploads\/2017\/10\/taco-and-co-1-1.jpg","width":124,"height":73,"caption":"Visiter Arles"},"image":{"@id":"https:\/\/www.visiterarles.com\/en\/#\/schema\/logo\/image\/"}},{"@type":"Person","@id":"https:\/\/www.visiterarles.com\/en\/#\/schema\/person\/ba5912e4613018f479a2d86815a53576","name":"Linkadm","image":{"@type":"ImageObject","inLanguage":"en-GB","@id":"https:\/\/www.visiterarles.com\/en\/#\/schema\/person\/image\/","url":"https:\/\/secure.gravatar.com\/avatar\/4709ec209921503e8d8cc96168eddc49?s=96&d=mm&r=g","contentUrl":"https:\/\/secure.gravatar.com\/avatar\/4709ec209921503e8d8cc96168eddc49?s=96&d=mm&r=g","caption":"Linkadm"},"url":"https:\/\/www.visiterarles.com\/en\/blog\/author\/admin\/"}]}},"_links":{"self":[{"href":"https:\/\/www.visiterarles.com\/en\/wp-json\/wp\/v2\/posts\/27693"}],"collection":[{"href":"https:\/\/www.visiterarles.com\/en\/wp-json\/wp\/v2\/posts"}],"about":[{"href":"https:\/\/www.visiterarles.com\/en\/wp-json\/wp\/v2\/types\/post"}],"author":[{"embeddable":true,"href":"https:\/\/www.visiterarles.com\/en\/wp-json\/wp\/v2\/users\/1"}],"replies":[{"embeddable":true,"href":"https:\/\/www.visiterarles.com\/en\/wp-json\/wp\/v2\/comments?post=27693"}],"version-history":[{"count":0,"href":"https:\/\/www.visiterarles.com\/en\/wp-json\/wp\/v2\/posts\/27693\/revisions"}],"wp:attachment":[{"href":"https:\/\/www.visiterarles.com\/en\/wp-json\/wp\/v2\/media?parent=27693"}],"wp:term":[{"taxonomy":"category","embeddable":true,"href":"https:\/\/www.visiterarles.com\/en\/wp-json\/wp\/v2\/categories?post=27693"},{"taxonomy":"post_tag","embeddable":true,"href":"https:\/\/www.visiterarles.com\/en\/wp-json\/wp\/v2\/tags?post=27693"}],"curies":[{"name":"wp","href":"https:\/\/api.w.org\/{rel}","templated":true}]}}