{"id":27694,"date":"2014-08-04T18:20:00","date_gmt":"2014-08-04T18:20:00","guid":{"rendered":"http:\/\/www.visiterarles.com\/bon-plan-la-balade-en-velo-pas-chere-a-arles-ancien-113\/"},"modified":"2014-08-04T18:20:00","modified_gmt":"2014-08-04T18:20:00","slug":"bon-plan-la-balade-en-velo-pas-chere-a-arles-ancien-113","status":"publish","type":"post","link":"https:\/\/www.visiterarles.com\/en\/blog\/2014\/08\/04\/bon-plan-la-balade-en-velo-pas-chere-a-arles-ancien-113\/","title":{"rendered":"Bon plan : la balade en v\u00e9lo pas ch\u00e8re \u00e0 Arles ancien"},"content":{"rendered":"<h4>V\u00e9lo Taco \u00e0 Arles ancien votre partenaire s\u00e9rieux pas ch\u00e8re<\/h4>\n<p>Arles se trouve \u00eatre une cit\u00e9 splendide, la culture, et les lieux prodigieux, comme les anciens ateliers sncf, le village de salins o\u00f9 bien la tour des mourgues sont pl\u00e9thoriques. Pour aider \u00e0 pleinement profiter du meilleur de la culture, avec le sentiment d&rsquo;oeuvrer de fa\u00e7on \u00e9cologique, une balade en v\u00e9lo pas ch\u00e8re \u00e0 Arles ancien vous aidera \u00e0 b\u00e9n\u00e9ficier du moment pr\u00e9sent.<\/p>\n<h4>Pas ch\u00e8re sur Arles pourquoi s\u00e9lectionner notre balade en v\u00e9lo<\/h4>\n<p>Lorsqu\u2019on a l\u2019intention de d\u00e9couvrir le splendide capital de la commune, la balade en v\u00e9lo pas ch\u00e8re sur Arles, pour ne citer que cela, se trouve \u00eatre id\u00e9ale. O\u00f9 que vous vous trouviez \u00e0 Arles, il vous sera possible de jouir au maximum de notre balade en v\u00e9lo sereinement. Une <a href=\"http:\/\/www.visiterarles.com\/en\/votre-balade-en-velo-pas-chere-au-sein-darles-1562\/\">balade en v\u00e9lo sur Arles<\/a>, pas ch\u00e8re peut \u00eatre une solution qui correspondra \u00e0 tous ainsi qu&rsquo;aux touristes.<\/p>","protected":false},"excerpt":{"rendered":"<p>V\u00e9lo Taco \u00e0 Arles ancien votre partenaire s\u00e9rieux pas ch\u00e8re Arles se trouve \u00eatre une cit\u00e9 splendide, la culture, et les lieux prodigieux, comme les anciens ateliers sncf, le village de salins o\u00f9 bien la tour des mourgues sont pl\u00e9thoriques. Pour aider \u00e0 pleinement profiter du meilleur de la culture, avec le sentiment d&rsquo;oeuvrer de [&hellip;]<\/p>","protected":false},"author":1,"featured_media":0,"comment_status":"open","ping_status":"open","sticky":false,"template":"","format":"standard","meta":{"footnotes":""},"categories":[55],"tags":[],"aioseo_notices":[],"yoast_head":"<!-- This site is optimized with the Yoast SEO plugin v22.3 - https:\/\/yoast.com\/wordpress\/plugins\/seo\/ -->\n<title>Bon plan : la balade en v\u00e9lo pas ch\u00e8re \u00e0 Arles ancien - Visiter Arles<\/title>\n<meta name=\"robots\" content=\"index, follow, max-snippet:-1, max-image-preview:large, max-video-preview:-1\" \/>\n<link rel=\"canonical\" href=\"https:\/\/www.visiterarles.com\/en\/blog\/2014\/08\/04\/bon-plan-la-balade-en-velo-pas-chere-a-arles-ancien-113\/\" \/>\n<meta name=\"twitter:label1\" content=\"Written by\" \/>\n\t<meta name=\"twitter:data1\" content=\"Linkadm\" \/>\n\t<meta name=\"twitter:label2\" content=\"Estimated reading time\" \/>\n\t<meta name=\"twitter:data2\" content=\"1 minute\" \/>\n<script type=\"application\/ld+json\" class=\"yoast-schema-graph\">{\"@context\":\"https:\/\/schema.org\",\"@graph\":[{\"@type\":\"Article\",\"@id\":\"https:\/\/www.visiterarles.com\/en\/blog\/2014\/08\/04\/bon-plan-la-balade-en-velo-pas-chere-a-arles-ancien-113\/#article\",\"isPartOf\":{\"@id\":\"https:\/\/www.visiterarles.com\/en\/blog\/2014\/08\/04\/bon-plan-la-balade-en-velo-pas-chere-a-arles-ancien-113\/\"},\"author\":{\"name\":\"Linkadm\",\"@id\":\"https:\/\/www.visiterarles.com\/en\/#\/schema\/person\/ba5912e4613018f479a2d86815a53576\"},\"headline\":\"Bon plan : la balade en v\u00e9lo pas ch\u00e8re \u00e0 Arles ancien\",\"datePublished\":\"2014-08-04T18:20:00+00:00\",\"dateModified\":\"2014-08-04T18:20:00+00:00\",\"mainEntityOfPage\":{\"@id\":\"https:\/\/www.visiterarles.com\/en\/blog\/2014\/08\/04\/bon-plan-la-balade-en-velo-pas-chere-a-arles-ancien-113\/\"},\"wordCount\":181,\"commentCount\":0,\"publisher\":{\"@id\":\"https:\/\/www.visiterarles.com\/en\/#organization\"},\"articleSection\":[\"Informations\"],\"inLanguage\":\"en-GB\",\"potentialAction\":[{\"@type\":\"CommentAction\",\"name\":\"Comment\",\"target\":[\"https:\/\/www.visiterarles.com\/en\/blog\/2014\/08\/04\/bon-plan-la-balade-en-velo-pas-chere-a-arles-ancien-113\/#respond\"]}]},{\"@type\":\"WebPage\",\"@id\":\"https:\/\/www.visiterarles.com\/en\/blog\/2014\/08\/04\/bon-plan-la-balade-en-velo-pas-chere-a-arles-ancien-113\/\",\"url\":\"https:\/\/www.visiterarles.com\/en\/blog\/2014\/08\/04\/bon-plan-la-balade-en-velo-pas-chere-a-arles-ancien-113\/\",\"name\":\"Bon plan : la balade en v\u00e9lo pas ch\u00e8re \u00e0 Arles ancien - Visiter Arles\",\"isPartOf\":{\"@id\":\"https:\/\/www.visiterarles.com\/en\/#website\"},\"datePublished\":\"2014-08-04T18:20:00+00:00\",\"dateModified\":\"2014-08-04T18:20:00+00:00\",\"breadcrumb\":{\"@id\":\"https:\/\/www.visiterarles.com\/en\/blog\/2014\/08\/04\/bon-plan-la-balade-en-velo-pas-chere-a-arles-ancien-113\/#breadcrumb\"},\"inLanguage\":\"en-GB\",\"potentialAction\":[{\"@type\":\"ReadAction\",\"target\":[\"https:\/\/www.visiterarles.com\/en\/blog\/2014\/08\/04\/bon-plan-la-balade-en-velo-pas-chere-a-arles-ancien-113\/\"]}]},{\"@type\":\"BreadcrumbList\",\"@id\":\"https:\/\/www.visiterarles.com\/en\/blog\/2014\/08\/04\/bon-plan-la-balade-en-velo-pas-chere-a-arles-ancien-113\/#breadcrumb\",\"itemListElement\":[{\"@type\":\"ListItem\",\"position\":1,\"name\":\"Home\",\"item\":\"https:\/\/www.visiterarles.com\/\"},{\"@type\":\"ListItem\",\"position\":2,\"name\":\"Bon plan : la balade en v\u00e9lo pas ch\u00e8re \u00e0 Arles ancien\"}]},{\"@type\":\"WebSite\",\"@id\":\"https:\/\/www.visiterarles.com\/en\/#website\",\"url\":\"https:\/\/www.visiterarles.com\/en\/\",\"name\":\"Visiter Arles\",\"description\":\"Tourisme en Provence \u00e0 Arles\",\"publisher\":{\"@id\":\"https:\/\/www.visiterarles.com\/en\/#organization\"},\"potentialAction\":[{\"@type\":\"SearchAction\",\"target\":{\"@type\":\"EntryPoint\",\"urlTemplate\":\"https:\/\/www.visiterarles.com\/en\/?s={search_term_string}\"},\"query-input\":\"required name=search_term_string\"}],\"inLanguage\":\"en-GB\"},{\"@type\":\"Organization\",\"@id\":\"https:\/\/www.visiterarles.com\/en\/#organization\",\"name\":\"Visiter Arles\",\"url\":\"https:\/\/www.visiterarles.com\/en\/\",\"logo\":{\"@type\":\"ImageObject\",\"inLanguage\":\"en-GB\",\"@id\":\"https:\/\/www.visiterarles.com\/en\/#\/schema\/logo\/image\/\",\"url\":\"https:\/\/www.visiterarles.com\/wp-content\/uploads\/2017\/10\/taco-and-co-1-1.jpg\",\"contentUrl\":\"https:\/\/www.visiterarles.com\/wp-content\/uploads\/2017\/10\/taco-and-co-1-1.jpg\",\"width\":124,\"height\":73,\"caption\":\"Visiter Arles\"},\"image\":{\"@id\":\"https:\/\/www.visiterarles.com\/en\/#\/schema\/logo\/image\/\"}},{\"@type\":\"Person\",\"@id\":\"https:\/\/www.visiterarles.com\/en\/#\/schema\/person\/ba5912e4613018f479a2d86815a53576\",\"name\":\"Linkadm\",\"image\":{\"@type\":\"ImageObject\",\"inLanguage\":\"en-GB\",\"@id\":\"https:\/\/www.visiterarles.com\/en\/#\/schema\/person\/image\/\",\"url\":\"https:\/\/secure.gravatar.com\/avatar\/4709ec209921503e8d8cc96168eddc49?s=96&d=mm&r=g\",\"contentUrl\":\"https:\/\/secure.gravatar.com\/avatar\/4709ec209921503e8d8cc96168eddc49?s=96&d=mm&r=g\",\"caption\":\"Linkadm\"},\"url\":\"https:\/\/www.visiterarles.com\/en\/blog\/author\/admin\/\"}]}<\/script>\n<!-- \/ Yoast SEO plugin. -->","yoast_head_json":{"title":"Bon plan : la balade en v\u00e9lo pas ch\u00e8re \u00e0 Arles ancien - Visiter Arles","robots":{"index":"index","follow":"follow","max-snippet":"max-snippet:-1","max-image-preview":"max-image-preview:large","max-video-preview":"max-video-preview:-1"},"canonical":"https:\/\/www.visiterarles.com\/en\/blog\/2014\/08\/04\/bon-plan-la-balade-en-velo-pas-chere-a-arles-ancien-113\/","twitter_misc":{"Written by":"Linkadm","Estimated reading time":"1 minute"},"schema":{"@context":"https:\/\/schema.org","@graph":[{"@type":"Article","@id":"https:\/\/www.visiterarles.com\/en\/blog\/2014\/08\/04\/bon-plan-la-balade-en-velo-pas-chere-a-arles-ancien-113\/#article","isPartOf":{"@id":"https:\/\/www.visiterarles.com\/en\/blog\/2014\/08\/04\/bon-plan-la-balade-en-velo-pas-chere-a-arles-ancien-113\/"},"author":{"name":"Linkadm","@id":"https:\/\/www.visiterarles.com\/en\/#\/schema\/person\/ba5912e4613018f479a2d86815a53576"},"headline":"Bon plan : la balade en v\u00e9lo pas ch\u00e8re \u00e0 Arles ancien","datePublished":"2014-08-04T18:20:00+00:00","dateModified":"2014-08-04T18:20:00+00:00","mainEntityOfPage":{"@id":"https:\/\/www.visiterarles.com\/en\/blog\/2014\/08\/04\/bon-plan-la-balade-en-velo-pas-chere-a-arles-ancien-113\/"},"wordCount":181,"commentCount":0,"publisher":{"@id":"https:\/\/www.visiterarles.com\/en\/#organization"},"articleSection":["Informations"],"inLanguage":"en-GB","potentialAction":[{"@type":"CommentAction","name":"Comment","target":["https:\/\/www.visiterarles.com\/en\/blog\/2014\/08\/04\/bon-plan-la-balade-en-velo-pas-chere-a-arles-ancien-113\/#respond"]}]},{"@type":"WebPage","@id":"https:\/\/www.visiterarles.com\/en\/blog\/2014\/08\/04\/bon-plan-la-balade-en-velo-pas-chere-a-arles-ancien-113\/","url":"https:\/\/www.visiterarles.com\/en\/blog\/2014\/08\/04\/bon-plan-la-balade-en-velo-pas-chere-a-arles-ancien-113\/","name":"Bon plan : la balade en v\u00e9lo pas ch\u00e8re \u00e0 Arles ancien - Visiter Arles","isPartOf":{"@id":"https:\/\/www.visiterarles.com\/en\/#website"},"datePublished":"2014-08-04T18:20:00+00:00","dateModified":"2014-08-04T18:20:00+00:00","breadcrumb":{"@id":"https:\/\/www.visiterarles.com\/en\/blog\/2014\/08\/04\/bon-plan-la-balade-en-velo-pas-chere-a-arles-ancien-113\/#breadcrumb"},"inLanguage":"en-GB","potentialAction":[{"@type":"ReadAction","target":["https:\/\/www.visiterarles.com\/en\/blog\/2014\/08\/04\/bon-plan-la-balade-en-velo-pas-chere-a-arles-ancien-113\/"]}]},{"@type":"BreadcrumbList","@id":"https:\/\/www.visiterarles.com\/en\/blog\/2014\/08\/04\/bon-plan-la-balade-en-velo-pas-chere-a-arles-ancien-113\/#breadcrumb","itemListElement":[{"@type":"ListItem","position":1,"name":"Home","item":"https:\/\/www.visiterarles.com\/"},{"@type":"ListItem","position":2,"name":"Bon plan : la balade en v\u00e9lo pas ch\u00e8re \u00e0 Arles ancien"}]},{"@type":"WebSite","@id":"https:\/\/www.visiterarles.com\/en\/#website","url":"https:\/\/www.visiterarles.com\/en\/","name":"Visiter Arles","description":"Tourisme en Provence \u00e0 Arles","publisher":{"@id":"https:\/\/www.visiterarles.com\/en\/#organization"},"potentialAction":[{"@type":"SearchAction","target":{"@type":"EntryPoint","urlTemplate":"https:\/\/www.visiterarles.com\/en\/?s={search_term_string}"},"query-input":"required name=search_term_string"}],"inLanguage":"en-GB"},{"@type":"Organization","@id":"https:\/\/www.visiterarles.com\/en\/#organization","name":"Visiter Arles","url":"https:\/\/www.visiterarles.com\/en\/","logo":{"@type":"ImageObject","inLanguage":"en-GB","@id":"https:\/\/www.visiterarles.com\/en\/#\/schema\/logo\/image\/","url":"https:\/\/www.visiterarles.com\/wp-content\/uploads\/2017\/10\/taco-and-co-1-1.jpg","contentUrl":"https:\/\/www.visiterarles.com\/wp-content\/uploads\/2017\/10\/taco-and-co-1-1.jpg","width":124,"height":73,"caption":"Visiter Arles"},"image":{"@id":"https:\/\/www.visiterarles.com\/en\/#\/schema\/logo\/image\/"}},{"@type":"Person","@id":"https:\/\/www.visiterarles.com\/en\/#\/schema\/person\/ba5912e4613018f479a2d86815a53576","name":"Linkadm","image":{"@type":"ImageObject","inLanguage":"en-GB","@id":"https:\/\/www.visiterarles.com\/en\/#\/schema\/person\/image\/","url":"https:\/\/secure.gravatar.com\/avatar\/4709ec209921503e8d8cc96168eddc49?s=96&d=mm&r=g","contentUrl":"https:\/\/secure.gravatar.com\/avatar\/4709ec209921503e8d8cc96168eddc49?s=96&d=mm&r=g","caption":"Linkadm"},"url":"https:\/\/www.visiterarles.com\/en\/blog\/author\/admin\/"}]}},"_links":{"self":[{"href":"https:\/\/www.visiterarles.com\/en\/wp-json\/wp\/v2\/posts\/27694"}],"collection":[{"href":"https:\/\/www.visiterarles.com\/en\/wp-json\/wp\/v2\/posts"}],"about":[{"href":"https:\/\/www.visiterarles.com\/en\/wp-json\/wp\/v2\/types\/post"}],"author":[{"embeddable":true,"href":"https:\/\/www.visiterarles.com\/en\/wp-json\/wp\/v2\/users\/1"}],"replies":[{"embeddable":true,"href":"https:\/\/www.visiterarles.com\/en\/wp-json\/wp\/v2\/comments?post=27694"}],"version-history":[{"count":0,"href":"https:\/\/www.visiterarles.com\/en\/wp-json\/wp\/v2\/posts\/27694\/revisions"}],"wp:attachment":[{"href":"https:\/\/www.visiterarles.com\/en\/wp-json\/wp\/v2\/media?parent=27694"}],"wp:term":[{"taxonomy":"category","embeddable":true,"href":"https:\/\/www.visiterarles.com\/en\/wp-json\/wp\/v2\/categories?post=27694"},{"taxonomy":"post_tag","embeddable":true,"href":"https:\/\/www.visiterarles.com\/en\/wp-json\/wp\/v2\/tags?post=27694"}],"curies":[{"name":"wp","href":"https:\/\/api.w.org\/{rel}","templated":true}]}}