{"id":27712,"date":"2014-08-06T12:56:00","date_gmt":"2014-08-06T12:56:00","guid":{"rendered":"http:\/\/www.visiterarles.com\/degotter-une-balade-en-velo-avec-des-enfants-arles-610\/"},"modified":"2014-08-06T12:56:00","modified_gmt":"2014-08-06T12:56:00","slug":"degotter-une-balade-en-velo-avec-des-enfants-arles-610","status":"publish","type":"post","link":"https:\/\/www.visiterarles.com\/en\/blog\/2014\/08\/06\/degotter-une-balade-en-velo-avec-des-enfants-arles-610\/","title":{"rendered":"D\u00e9gotter une balade en v\u00e9lo avec des enfants Arles"},"content":{"rendered":"<h4>Votre balade en v\u00e9lo \u00e0 Arles, avec des enfants avec V\u00e9lo Taco<\/h4>\n<p>Les thermes de constantin, l&rsquo;ecomus\u00e9e du sel o\u00f9 bien l&rsquo;\u00e9glise saint honorat, par l&rsquo;interm\u00e9diaire de notre balade en v\u00e9lo avec des enfants \u00e0 Arles, sont des monuments que vous ne manquerez pas au sein de cette commune splendide. Une balade en v\u00e9lo avec des enfants \u00e0 Arles, pour ne citer que cela, va vous permettre de jouir pleinement du moment pr\u00e9sent au sein de cette commune splendide, \u00e0 chaque fois avec le sentiment d\u2019agir d&rsquo;une fa\u00e7on \u00e9co-responsable, tout en offrant une culture des plus exemplaires.<\/p>\n<h4>Arles : pour quelle raison choisir notre balade en v\u00e9lo avec des enfants<\/h4>\n<p>Faire la visite du tr\u00e8s beau centre historique via notre balade en v\u00e9lo avec des enfants \u00e0 Arles peut \u00eatre une solution adapt\u00e9e pour chaque entit\u00e9 qui le d\u00e9sire. Dans la station, en arrivant sur Arles, vous pourrez demander notre balade en v\u00e9lo. Les clients de tout poil adoreront notre <a href=\"http:\/\/www.visiterarles.com\/en\/arles-balade-en-velo-avec-des-enfants-31\/\">balade en v\u00e9lo \u00e0 Arles<\/a>, avec des enfants leur convenant sans aucun doute.<\/p>","protected":false},"excerpt":{"rendered":"<p>Votre balade en v\u00e9lo \u00e0 Arles, avec des enfants avec V\u00e9lo Taco Les thermes de constantin, l&rsquo;ecomus\u00e9e du sel o\u00f9 bien l&rsquo;\u00e9glise saint honorat, par l&rsquo;interm\u00e9diaire de notre balade en v\u00e9lo avec des enfants \u00e0 Arles, sont des monuments que vous ne manquerez pas au sein de cette commune splendide. Une balade en v\u00e9lo avec [&hellip;]<\/p>","protected":false},"author":1,"featured_media":0,"comment_status":"open","ping_status":"open","sticky":false,"template":"","format":"standard","meta":{"footnotes":""},"categories":[55],"tags":[],"aioseo_notices":[],"yoast_head":"<!-- This site is optimized with the Yoast SEO plugin v22.3 - https:\/\/yoast.com\/wordpress\/plugins\/seo\/ -->\n<title>D\u00e9gotter une balade en v\u00e9lo avec des enfants Arles - Visiter Arles<\/title>\n<meta name=\"robots\" content=\"index, follow, max-snippet:-1, max-image-preview:large, max-video-preview:-1\" \/>\n<link rel=\"canonical\" href=\"https:\/\/www.visiterarles.com\/en\/blog\/2014\/08\/06\/degotter-une-balade-en-velo-avec-des-enfants-arles-610\/\" \/>\n<meta name=\"twitter:label1\" content=\"Written by\" \/>\n\t<meta name=\"twitter:data1\" content=\"Linkadm\" \/>\n\t<meta name=\"twitter:label2\" content=\"Estimated reading time\" \/>\n\t<meta name=\"twitter:data2\" content=\"1 minute\" \/>\n<script type=\"application\/ld+json\" class=\"yoast-schema-graph\">{\"@context\":\"https:\/\/schema.org\",\"@graph\":[{\"@type\":\"Article\",\"@id\":\"https:\/\/www.visiterarles.com\/en\/blog\/2014\/08\/06\/degotter-une-balade-en-velo-avec-des-enfants-arles-610\/#article\",\"isPartOf\":{\"@id\":\"https:\/\/www.visiterarles.com\/en\/blog\/2014\/08\/06\/degotter-une-balade-en-velo-avec-des-enfants-arles-610\/\"},\"author\":{\"name\":\"Linkadm\",\"@id\":\"https:\/\/www.visiterarles.com\/en\/#\/schema\/person\/ba5912e4613018f479a2d86815a53576\"},\"headline\":\"D\u00e9gotter une balade en v\u00e9lo avec des enfants Arles\",\"datePublished\":\"2014-08-06T12:56:00+00:00\",\"dateModified\":\"2014-08-06T12:56:00+00:00\",\"mainEntityOfPage\":{\"@id\":\"https:\/\/www.visiterarles.com\/en\/blog\/2014\/08\/06\/degotter-une-balade-en-velo-avec-des-enfants-arles-610\/\"},\"wordCount\":197,\"commentCount\":0,\"publisher\":{\"@id\":\"https:\/\/www.visiterarles.com\/en\/#organization\"},\"articleSection\":[\"Informations\"],\"inLanguage\":\"en-GB\",\"potentialAction\":[{\"@type\":\"CommentAction\",\"name\":\"Comment\",\"target\":[\"https:\/\/www.visiterarles.com\/en\/blog\/2014\/08\/06\/degotter-une-balade-en-velo-avec-des-enfants-arles-610\/#respond\"]}]},{\"@type\":\"WebPage\",\"@id\":\"https:\/\/www.visiterarles.com\/en\/blog\/2014\/08\/06\/degotter-une-balade-en-velo-avec-des-enfants-arles-610\/\",\"url\":\"https:\/\/www.visiterarles.com\/en\/blog\/2014\/08\/06\/degotter-une-balade-en-velo-avec-des-enfants-arles-610\/\",\"name\":\"D\u00e9gotter une balade en v\u00e9lo avec des enfants Arles - Visiter Arles\",\"isPartOf\":{\"@id\":\"https:\/\/www.visiterarles.com\/en\/#website\"},\"datePublished\":\"2014-08-06T12:56:00+00:00\",\"dateModified\":\"2014-08-06T12:56:00+00:00\",\"breadcrumb\":{\"@id\":\"https:\/\/www.visiterarles.com\/en\/blog\/2014\/08\/06\/degotter-une-balade-en-velo-avec-des-enfants-arles-610\/#breadcrumb\"},\"inLanguage\":\"en-GB\",\"potentialAction\":[{\"@type\":\"ReadAction\",\"target\":[\"https:\/\/www.visiterarles.com\/en\/blog\/2014\/08\/06\/degotter-une-balade-en-velo-avec-des-enfants-arles-610\/\"]}]},{\"@type\":\"BreadcrumbList\",\"@id\":\"https:\/\/www.visiterarles.com\/en\/blog\/2014\/08\/06\/degotter-une-balade-en-velo-avec-des-enfants-arles-610\/#breadcrumb\",\"itemListElement\":[{\"@type\":\"ListItem\",\"position\":1,\"name\":\"Home\",\"item\":\"https:\/\/www.visiterarles.com\/\"},{\"@type\":\"ListItem\",\"position\":2,\"name\":\"D\u00e9gotter une balade en v\u00e9lo avec des enfants Arles\"}]},{\"@type\":\"WebSite\",\"@id\":\"https:\/\/www.visiterarles.com\/en\/#website\",\"url\":\"https:\/\/www.visiterarles.com\/en\/\",\"name\":\"Visiter Arles\",\"description\":\"Tourisme en Provence \u00e0 Arles\",\"publisher\":{\"@id\":\"https:\/\/www.visiterarles.com\/en\/#organization\"},\"potentialAction\":[{\"@type\":\"SearchAction\",\"target\":{\"@type\":\"EntryPoint\",\"urlTemplate\":\"https:\/\/www.visiterarles.com\/en\/?s={search_term_string}\"},\"query-input\":\"required name=search_term_string\"}],\"inLanguage\":\"en-GB\"},{\"@type\":\"Organization\",\"@id\":\"https:\/\/www.visiterarles.com\/en\/#organization\",\"name\":\"Visiter Arles\",\"url\":\"https:\/\/www.visiterarles.com\/en\/\",\"logo\":{\"@type\":\"ImageObject\",\"inLanguage\":\"en-GB\",\"@id\":\"https:\/\/www.visiterarles.com\/en\/#\/schema\/logo\/image\/\",\"url\":\"https:\/\/www.visiterarles.com\/wp-content\/uploads\/2017\/10\/taco-and-co-1-1.jpg\",\"contentUrl\":\"https:\/\/www.visiterarles.com\/wp-content\/uploads\/2017\/10\/taco-and-co-1-1.jpg\",\"width\":124,\"height\":73,\"caption\":\"Visiter Arles\"},\"image\":{\"@id\":\"https:\/\/www.visiterarles.com\/en\/#\/schema\/logo\/image\/\"}},{\"@type\":\"Person\",\"@id\":\"https:\/\/www.visiterarles.com\/en\/#\/schema\/person\/ba5912e4613018f479a2d86815a53576\",\"name\":\"Linkadm\",\"image\":{\"@type\":\"ImageObject\",\"inLanguage\":\"en-GB\",\"@id\":\"https:\/\/www.visiterarles.com\/en\/#\/schema\/person\/image\/\",\"url\":\"https:\/\/secure.gravatar.com\/avatar\/4709ec209921503e8d8cc96168eddc49?s=96&d=mm&r=g\",\"contentUrl\":\"https:\/\/secure.gravatar.com\/avatar\/4709ec209921503e8d8cc96168eddc49?s=96&d=mm&r=g\",\"caption\":\"Linkadm\"},\"url\":\"https:\/\/www.visiterarles.com\/en\/blog\/author\/admin\/\"}]}<\/script>\n<!-- \/ Yoast SEO plugin. -->","yoast_head_json":{"title":"D\u00e9gotter une balade en v\u00e9lo avec des enfants Arles - Visiter Arles","robots":{"index":"index","follow":"follow","max-snippet":"max-snippet:-1","max-image-preview":"max-image-preview:large","max-video-preview":"max-video-preview:-1"},"canonical":"https:\/\/www.visiterarles.com\/en\/blog\/2014\/08\/06\/degotter-une-balade-en-velo-avec-des-enfants-arles-610\/","twitter_misc":{"Written by":"Linkadm","Estimated reading time":"1 minute"},"schema":{"@context":"https:\/\/schema.org","@graph":[{"@type":"Article","@id":"https:\/\/www.visiterarles.com\/en\/blog\/2014\/08\/06\/degotter-une-balade-en-velo-avec-des-enfants-arles-610\/#article","isPartOf":{"@id":"https:\/\/www.visiterarles.com\/en\/blog\/2014\/08\/06\/degotter-une-balade-en-velo-avec-des-enfants-arles-610\/"},"author":{"name":"Linkadm","@id":"https:\/\/www.visiterarles.com\/en\/#\/schema\/person\/ba5912e4613018f479a2d86815a53576"},"headline":"D\u00e9gotter une balade en v\u00e9lo avec des enfants Arles","datePublished":"2014-08-06T12:56:00+00:00","dateModified":"2014-08-06T12:56:00+00:00","mainEntityOfPage":{"@id":"https:\/\/www.visiterarles.com\/en\/blog\/2014\/08\/06\/degotter-une-balade-en-velo-avec-des-enfants-arles-610\/"},"wordCount":197,"commentCount":0,"publisher":{"@id":"https:\/\/www.visiterarles.com\/en\/#organization"},"articleSection":["Informations"],"inLanguage":"en-GB","potentialAction":[{"@type":"CommentAction","name":"Comment","target":["https:\/\/www.visiterarles.com\/en\/blog\/2014\/08\/06\/degotter-une-balade-en-velo-avec-des-enfants-arles-610\/#respond"]}]},{"@type":"WebPage","@id":"https:\/\/www.visiterarles.com\/en\/blog\/2014\/08\/06\/degotter-une-balade-en-velo-avec-des-enfants-arles-610\/","url":"https:\/\/www.visiterarles.com\/en\/blog\/2014\/08\/06\/degotter-une-balade-en-velo-avec-des-enfants-arles-610\/","name":"D\u00e9gotter une balade en v\u00e9lo avec des enfants Arles - Visiter Arles","isPartOf":{"@id":"https:\/\/www.visiterarles.com\/en\/#website"},"datePublished":"2014-08-06T12:56:00+00:00","dateModified":"2014-08-06T12:56:00+00:00","breadcrumb":{"@id":"https:\/\/www.visiterarles.com\/en\/blog\/2014\/08\/06\/degotter-une-balade-en-velo-avec-des-enfants-arles-610\/#breadcrumb"},"inLanguage":"en-GB","potentialAction":[{"@type":"ReadAction","target":["https:\/\/www.visiterarles.com\/en\/blog\/2014\/08\/06\/degotter-une-balade-en-velo-avec-des-enfants-arles-610\/"]}]},{"@type":"BreadcrumbList","@id":"https:\/\/www.visiterarles.com\/en\/blog\/2014\/08\/06\/degotter-une-balade-en-velo-avec-des-enfants-arles-610\/#breadcrumb","itemListElement":[{"@type":"ListItem","position":1,"name":"Home","item":"https:\/\/www.visiterarles.com\/"},{"@type":"ListItem","position":2,"name":"D\u00e9gotter une balade en v\u00e9lo avec des enfants Arles"}]},{"@type":"WebSite","@id":"https:\/\/www.visiterarles.com\/en\/#website","url":"https:\/\/www.visiterarles.com\/en\/","name":"Visiter Arles","description":"Tourisme en Provence \u00e0 Arles","publisher":{"@id":"https:\/\/www.visiterarles.com\/en\/#organization"},"potentialAction":[{"@type":"SearchAction","target":{"@type":"EntryPoint","urlTemplate":"https:\/\/www.visiterarles.com\/en\/?s={search_term_string}"},"query-input":"required name=search_term_string"}],"inLanguage":"en-GB"},{"@type":"Organization","@id":"https:\/\/www.visiterarles.com\/en\/#organization","name":"Visiter Arles","url":"https:\/\/www.visiterarles.com\/en\/","logo":{"@type":"ImageObject","inLanguage":"en-GB","@id":"https:\/\/www.visiterarles.com\/en\/#\/schema\/logo\/image\/","url":"https:\/\/www.visiterarles.com\/wp-content\/uploads\/2017\/10\/taco-and-co-1-1.jpg","contentUrl":"https:\/\/www.visiterarles.com\/wp-content\/uploads\/2017\/10\/taco-and-co-1-1.jpg","width":124,"height":73,"caption":"Visiter Arles"},"image":{"@id":"https:\/\/www.visiterarles.com\/en\/#\/schema\/logo\/image\/"}},{"@type":"Person","@id":"https:\/\/www.visiterarles.com\/en\/#\/schema\/person\/ba5912e4613018f479a2d86815a53576","name":"Linkadm","image":{"@type":"ImageObject","inLanguage":"en-GB","@id":"https:\/\/www.visiterarles.com\/en\/#\/schema\/person\/image\/","url":"https:\/\/secure.gravatar.com\/avatar\/4709ec209921503e8d8cc96168eddc49?s=96&d=mm&r=g","contentUrl":"https:\/\/secure.gravatar.com\/avatar\/4709ec209921503e8d8cc96168eddc49?s=96&d=mm&r=g","caption":"Linkadm"},"url":"https:\/\/www.visiterarles.com\/en\/blog\/author\/admin\/"}]}},"_links":{"self":[{"href":"https:\/\/www.visiterarles.com\/en\/wp-json\/wp\/v2\/posts\/27712"}],"collection":[{"href":"https:\/\/www.visiterarles.com\/en\/wp-json\/wp\/v2\/posts"}],"about":[{"href":"https:\/\/www.visiterarles.com\/en\/wp-json\/wp\/v2\/types\/post"}],"author":[{"embeddable":true,"href":"https:\/\/www.visiterarles.com\/en\/wp-json\/wp\/v2\/users\/1"}],"replies":[{"embeddable":true,"href":"https:\/\/www.visiterarles.com\/en\/wp-json\/wp\/v2\/comments?post=27712"}],"version-history":[{"count":0,"href":"https:\/\/www.visiterarles.com\/en\/wp-json\/wp\/v2\/posts\/27712\/revisions"}],"wp:attachment":[{"href":"https:\/\/www.visiterarles.com\/en\/wp-json\/wp\/v2\/media?parent=27712"}],"wp:term":[{"taxonomy":"category","embeddable":true,"href":"https:\/\/www.visiterarles.com\/en\/wp-json\/wp\/v2\/categories?post=27712"},{"taxonomy":"post_tag","embeddable":true,"href":"https:\/\/www.visiterarles.com\/en\/wp-json\/wp\/v2\/tags?post=27712"}],"curies":[{"name":"wp","href":"https:\/\/api.w.org\/{rel}","templated":true}]}}