{"id":27716,"date":"2014-08-06T17:07:00","date_gmt":"2014-08-06T17:07:00","guid":{"rendered":"http:\/\/www.visiterarles.com\/arles-quartier-des-arenes-choisir-votre-balade-en-velo-avec-des-enfants-1496\/"},"modified":"2014-08-06T17:07:00","modified_gmt":"2014-08-06T17:07:00","slug":"arles-quartier-des-arenes-choisir-votre-balade-en-velo-avec-des-enfants-1496","status":"publish","type":"post","link":"https:\/\/www.visiterarles.com\/en\/blog\/2014\/08\/06\/arles-quartier-des-arenes-choisir-votre-balade-en-velo-avec-des-enfants-1496\/","title":{"rendered":"Arles quartier des ar\u00e8nes : choisir votre balade en v\u00e9lo avec des enfants"},"content":{"rendered":"<h4>Votre balade en v\u00e9lo sur Arles quartier des ar\u00e8nes, avec des enfants avec V\u00e9lo-Taco<\/h4>\n<p>Les anciens ateliers sncf, le mus\u00e9e du riz o\u00f9 alors l&rsquo;\u00e9glise saint blaise, par l&rsquo;interm\u00e9diaire de notre balade en v\u00e9lo avec des enfants \u00e0 Arles quartier des ar\u00e8nes, sont des plus beaux endroits que vous ne manquerez pas dans cette commune splendide. Une <a href=\"http:\/\/www.visiterarles.com\/en\/arles-balade-en-velo-avec-des-enfants-31\/\">balade en v\u00e9lo avec des enfants \u00e0 Arles<\/a> quartier des ar\u00e8nes, pour ne prendre que cet exemple, vous aidera \u00e0 profiter pleinement de l&rsquo;existence dans cette commune splendide, \u00e0 chaque fois avec l&rsquo;impression d&rsquo;oeuvrer d&rsquo;une fa\u00e7on respectueuse de l\u2019environnement, en pr\u00e9sentant une d\u00e9couverte culturelle des plus riches.<\/p>\n<h4>Arles : pour quelles raisons choisir notre balade en v\u00e9lo avec des enfants<\/h4>\n<p>Faire la visite du majestueux patrimoine de la ville par l&rsquo;interm\u00e9diaire de la balade en v\u00e9lo avec des enfants sur Arles peut s&rsquo;av\u00e9rer \u00eatre une alternative cl\u00e9s en main adapt\u00e9e pour qui en a envie. Dans cette structure, en arrivant \u00e0 Arles, vous pourrez demander notre balade en v\u00e9lo. Concernant les passionn\u00e9s, notre balade en v\u00e9lo sur Arles, avec des enfants plaira aux aspirations de tous le monde, c\u2019est s\u00fbr.<\/p>","protected":false},"excerpt":{"rendered":"<p>Votre balade en v\u00e9lo sur Arles quartier des ar\u00e8nes, avec des enfants avec V\u00e9lo-Taco Les anciens ateliers sncf, le mus\u00e9e du riz o\u00f9 alors l&rsquo;\u00e9glise saint blaise, par l&rsquo;interm\u00e9diaire de notre balade en v\u00e9lo avec des enfants \u00e0 Arles quartier des ar\u00e8nes, sont des plus beaux endroits que vous ne manquerez pas dans cette commune [&hellip;]<\/p>","protected":false},"author":1,"featured_media":0,"comment_status":"open","ping_status":"open","sticky":false,"template":"","format":"standard","meta":{"footnotes":""},"categories":[55],"tags":[],"aioseo_notices":[],"yoast_head":"<!-- This site is optimized with the Yoast SEO plugin v22.3 - https:\/\/yoast.com\/wordpress\/plugins\/seo\/ -->\n<title>Arles quartier des ar\u00e8nes : choisir votre balade en v\u00e9lo avec des enfants - Visiter Arles<\/title>\n<meta name=\"robots\" content=\"index, follow, max-snippet:-1, max-image-preview:large, max-video-preview:-1\" \/>\n<link rel=\"canonical\" href=\"https:\/\/www.visiterarles.com\/en\/blog\/2014\/08\/06\/arles-quartier-des-arenes-choisir-votre-balade-en-velo-avec-des-enfants-1496\/\" \/>\n<meta name=\"twitter:label1\" content=\"Written by\" \/>\n\t<meta name=\"twitter:data1\" content=\"Linkadm\" \/>\n\t<meta name=\"twitter:label2\" content=\"Estimated reading time\" \/>\n\t<meta name=\"twitter:data2\" content=\"1 minute\" \/>\n<script type=\"application\/ld+json\" class=\"yoast-schema-graph\">{\"@context\":\"https:\/\/schema.org\",\"@graph\":[{\"@type\":\"Article\",\"@id\":\"https:\/\/www.visiterarles.com\/blog\/2014\/08\/06\/arles-quartier-des-arenes-choisir-votre-balade-en-velo-avec-des-enfants-1496\/#article\",\"isPartOf\":{\"@id\":\"https:\/\/www.visiterarles.com\/blog\/2014\/08\/06\/arles-quartier-des-arenes-choisir-votre-balade-en-velo-avec-des-enfants-1496\/\"},\"author\":{\"name\":\"Linkadm\",\"@id\":\"https:\/\/www.visiterarles.com\/en\/#\/schema\/person\/ba5912e4613018f479a2d86815a53576\"},\"headline\":\"Arles quartier des ar\u00e8nes : choisir votre balade en v\u00e9lo avec des enfants\",\"datePublished\":\"2014-08-06T17:07:00+00:00\",\"dateModified\":\"2014-08-06T17:07:00+00:00\",\"mainEntityOfPage\":{\"@id\":\"https:\/\/www.visiterarles.com\/blog\/2014\/08\/06\/arles-quartier-des-arenes-choisir-votre-balade-en-velo-avec-des-enfants-1496\/\"},\"wordCount\":227,\"commentCount\":0,\"publisher\":{\"@id\":\"https:\/\/www.visiterarles.com\/en\/#organization\"},\"articleSection\":[\"Informations\"],\"inLanguage\":\"en-GB\",\"potentialAction\":[{\"@type\":\"CommentAction\",\"name\":\"Comment\",\"target\":[\"https:\/\/www.visiterarles.com\/blog\/2014\/08\/06\/arles-quartier-des-arenes-choisir-votre-balade-en-velo-avec-des-enfants-1496\/#respond\"]}]},{\"@type\":\"WebPage\",\"@id\":\"https:\/\/www.visiterarles.com\/blog\/2014\/08\/06\/arles-quartier-des-arenes-choisir-votre-balade-en-velo-avec-des-enfants-1496\/\",\"url\":\"https:\/\/www.visiterarles.com\/blog\/2014\/08\/06\/arles-quartier-des-arenes-choisir-votre-balade-en-velo-avec-des-enfants-1496\/\",\"name\":\"Arles quartier des ar\u00e8nes : choisir votre balade en v\u00e9lo avec des enfants - Visiter Arles\",\"isPartOf\":{\"@id\":\"https:\/\/www.visiterarles.com\/en\/#website\"},\"datePublished\":\"2014-08-06T17:07:00+00:00\",\"dateModified\":\"2014-08-06T17:07:00+00:00\",\"breadcrumb\":{\"@id\":\"https:\/\/www.visiterarles.com\/blog\/2014\/08\/06\/arles-quartier-des-arenes-choisir-votre-balade-en-velo-avec-des-enfants-1496\/#breadcrumb\"},\"inLanguage\":\"en-GB\",\"potentialAction\":[{\"@type\":\"ReadAction\",\"target\":[\"https:\/\/www.visiterarles.com\/blog\/2014\/08\/06\/arles-quartier-des-arenes-choisir-votre-balade-en-velo-avec-des-enfants-1496\/\"]}]},{\"@type\":\"BreadcrumbList\",\"@id\":\"https:\/\/www.visiterarles.com\/blog\/2014\/08\/06\/arles-quartier-des-arenes-choisir-votre-balade-en-velo-avec-des-enfants-1496\/#breadcrumb\",\"itemListElement\":[{\"@type\":\"ListItem\",\"position\":1,\"name\":\"Home\",\"item\":\"https:\/\/www.visiterarles.com\/\"},{\"@type\":\"ListItem\",\"position\":2,\"name\":\"Arles quartier des ar\u00e8nes : choisir votre balade en v\u00e9lo avec des enfants\"}]},{\"@type\":\"WebSite\",\"@id\":\"https:\/\/www.visiterarles.com\/en\/#website\",\"url\":\"https:\/\/www.visiterarles.com\/en\/\",\"name\":\"Visiter Arles\",\"description\":\"Tourisme en Provence \u00e0 Arles\",\"publisher\":{\"@id\":\"https:\/\/www.visiterarles.com\/en\/#organization\"},\"potentialAction\":[{\"@type\":\"SearchAction\",\"target\":{\"@type\":\"EntryPoint\",\"urlTemplate\":\"https:\/\/www.visiterarles.com\/en\/?s={search_term_string}\"},\"query-input\":\"required name=search_term_string\"}],\"inLanguage\":\"en-GB\"},{\"@type\":\"Organization\",\"@id\":\"https:\/\/www.visiterarles.com\/en\/#organization\",\"name\":\"Visiter Arles\",\"url\":\"https:\/\/www.visiterarles.com\/en\/\",\"logo\":{\"@type\":\"ImageObject\",\"inLanguage\":\"en-GB\",\"@id\":\"https:\/\/www.visiterarles.com\/en\/#\/schema\/logo\/image\/\",\"url\":\"https:\/\/www.visiterarles.com\/wp-content\/uploads\/2017\/10\/taco-and-co-1-1.jpg\",\"contentUrl\":\"https:\/\/www.visiterarles.com\/wp-content\/uploads\/2017\/10\/taco-and-co-1-1.jpg\",\"width\":124,\"height\":73,\"caption\":\"Visiter Arles\"},\"image\":{\"@id\":\"https:\/\/www.visiterarles.com\/en\/#\/schema\/logo\/image\/\"}},{\"@type\":\"Person\",\"@id\":\"https:\/\/www.visiterarles.com\/en\/#\/schema\/person\/ba5912e4613018f479a2d86815a53576\",\"name\":\"Linkadm\",\"image\":{\"@type\":\"ImageObject\",\"inLanguage\":\"en-GB\",\"@id\":\"https:\/\/www.visiterarles.com\/en\/#\/schema\/person\/image\/\",\"url\":\"https:\/\/secure.gravatar.com\/avatar\/4709ec209921503e8d8cc96168eddc49?s=96&d=mm&r=g\",\"contentUrl\":\"https:\/\/secure.gravatar.com\/avatar\/4709ec209921503e8d8cc96168eddc49?s=96&d=mm&r=g\",\"caption\":\"Linkadm\"},\"url\":\"https:\/\/www.visiterarles.com\/en\/blog\/author\/admin\/\"}]}<\/script>\n<!-- \/ Yoast SEO plugin. -->","yoast_head_json":{"title":"Arles quartier des ar\u00e8nes : choisir votre balade en v\u00e9lo avec des enfants - Visiter Arles","robots":{"index":"index","follow":"follow","max-snippet":"max-snippet:-1","max-image-preview":"max-image-preview:large","max-video-preview":"max-video-preview:-1"},"canonical":"https:\/\/www.visiterarles.com\/en\/blog\/2014\/08\/06\/arles-quartier-des-arenes-choisir-votre-balade-en-velo-avec-des-enfants-1496\/","twitter_misc":{"Written by":"Linkadm","Estimated reading time":"1 minute"},"schema":{"@context":"https:\/\/schema.org","@graph":[{"@type":"Article","@id":"https:\/\/www.visiterarles.com\/blog\/2014\/08\/06\/arles-quartier-des-arenes-choisir-votre-balade-en-velo-avec-des-enfants-1496\/#article","isPartOf":{"@id":"https:\/\/www.visiterarles.com\/blog\/2014\/08\/06\/arles-quartier-des-arenes-choisir-votre-balade-en-velo-avec-des-enfants-1496\/"},"author":{"name":"Linkadm","@id":"https:\/\/www.visiterarles.com\/en\/#\/schema\/person\/ba5912e4613018f479a2d86815a53576"},"headline":"Arles quartier des ar\u00e8nes : choisir votre balade en v\u00e9lo avec des enfants","datePublished":"2014-08-06T17:07:00+00:00","dateModified":"2014-08-06T17:07:00+00:00","mainEntityOfPage":{"@id":"https:\/\/www.visiterarles.com\/blog\/2014\/08\/06\/arles-quartier-des-arenes-choisir-votre-balade-en-velo-avec-des-enfants-1496\/"},"wordCount":227,"commentCount":0,"publisher":{"@id":"https:\/\/www.visiterarles.com\/en\/#organization"},"articleSection":["Informations"],"inLanguage":"en-GB","potentialAction":[{"@type":"CommentAction","name":"Comment","target":["https:\/\/www.visiterarles.com\/blog\/2014\/08\/06\/arles-quartier-des-arenes-choisir-votre-balade-en-velo-avec-des-enfants-1496\/#respond"]}]},{"@type":"WebPage","@id":"https:\/\/www.visiterarles.com\/blog\/2014\/08\/06\/arles-quartier-des-arenes-choisir-votre-balade-en-velo-avec-des-enfants-1496\/","url":"https:\/\/www.visiterarles.com\/blog\/2014\/08\/06\/arles-quartier-des-arenes-choisir-votre-balade-en-velo-avec-des-enfants-1496\/","name":"Arles quartier des ar\u00e8nes : choisir votre balade en v\u00e9lo avec des enfants - Visiter Arles","isPartOf":{"@id":"https:\/\/www.visiterarles.com\/en\/#website"},"datePublished":"2014-08-06T17:07:00+00:00","dateModified":"2014-08-06T17:07:00+00:00","breadcrumb":{"@id":"https:\/\/www.visiterarles.com\/blog\/2014\/08\/06\/arles-quartier-des-arenes-choisir-votre-balade-en-velo-avec-des-enfants-1496\/#breadcrumb"},"inLanguage":"en-GB","potentialAction":[{"@type":"ReadAction","target":["https:\/\/www.visiterarles.com\/blog\/2014\/08\/06\/arles-quartier-des-arenes-choisir-votre-balade-en-velo-avec-des-enfants-1496\/"]}]},{"@type":"BreadcrumbList","@id":"https:\/\/www.visiterarles.com\/blog\/2014\/08\/06\/arles-quartier-des-arenes-choisir-votre-balade-en-velo-avec-des-enfants-1496\/#breadcrumb","itemListElement":[{"@type":"ListItem","position":1,"name":"Home","item":"https:\/\/www.visiterarles.com\/"},{"@type":"ListItem","position":2,"name":"Arles quartier des ar\u00e8nes : choisir votre balade en v\u00e9lo avec des enfants"}]},{"@type":"WebSite","@id":"https:\/\/www.visiterarles.com\/en\/#website","url":"https:\/\/www.visiterarles.com\/en\/","name":"Visiter Arles","description":"Tourisme en Provence \u00e0 Arles","publisher":{"@id":"https:\/\/www.visiterarles.com\/en\/#organization"},"potentialAction":[{"@type":"SearchAction","target":{"@type":"EntryPoint","urlTemplate":"https:\/\/www.visiterarles.com\/en\/?s={search_term_string}"},"query-input":"required name=search_term_string"}],"inLanguage":"en-GB"},{"@type":"Organization","@id":"https:\/\/www.visiterarles.com\/en\/#organization","name":"Visiter Arles","url":"https:\/\/www.visiterarles.com\/en\/","logo":{"@type":"ImageObject","inLanguage":"en-GB","@id":"https:\/\/www.visiterarles.com\/en\/#\/schema\/logo\/image\/","url":"https:\/\/www.visiterarles.com\/wp-content\/uploads\/2017\/10\/taco-and-co-1-1.jpg","contentUrl":"https:\/\/www.visiterarles.com\/wp-content\/uploads\/2017\/10\/taco-and-co-1-1.jpg","width":124,"height":73,"caption":"Visiter Arles"},"image":{"@id":"https:\/\/www.visiterarles.com\/en\/#\/schema\/logo\/image\/"}},{"@type":"Person","@id":"https:\/\/www.visiterarles.com\/en\/#\/schema\/person\/ba5912e4613018f479a2d86815a53576","name":"Linkadm","image":{"@type":"ImageObject","inLanguage":"en-GB","@id":"https:\/\/www.visiterarles.com\/en\/#\/schema\/person\/image\/","url":"https:\/\/secure.gravatar.com\/avatar\/4709ec209921503e8d8cc96168eddc49?s=96&d=mm&r=g","contentUrl":"https:\/\/secure.gravatar.com\/avatar\/4709ec209921503e8d8cc96168eddc49?s=96&d=mm&r=g","caption":"Linkadm"},"url":"https:\/\/www.visiterarles.com\/en\/blog\/author\/admin\/"}]}},"_links":{"self":[{"href":"https:\/\/www.visiterarles.com\/en\/wp-json\/wp\/v2\/posts\/27716"}],"collection":[{"href":"https:\/\/www.visiterarles.com\/en\/wp-json\/wp\/v2\/posts"}],"about":[{"href":"https:\/\/www.visiterarles.com\/en\/wp-json\/wp\/v2\/types\/post"}],"author":[{"embeddable":true,"href":"https:\/\/www.visiterarles.com\/en\/wp-json\/wp\/v2\/users\/1"}],"replies":[{"embeddable":true,"href":"https:\/\/www.visiterarles.com\/en\/wp-json\/wp\/v2\/comments?post=27716"}],"version-history":[{"count":0,"href":"https:\/\/www.visiterarles.com\/en\/wp-json\/wp\/v2\/posts\/27716\/revisions"}],"wp:attachment":[{"href":"https:\/\/www.visiterarles.com\/en\/wp-json\/wp\/v2\/media?parent=27716"}],"wp:term":[{"taxonomy":"category","embeddable":true,"href":"https:\/\/www.visiterarles.com\/en\/wp-json\/wp\/v2\/categories?post=27716"},{"taxonomy":"post_tag","embeddable":true,"href":"https:\/\/www.visiterarles.com\/en\/wp-json\/wp\/v2\/tags?post=27716"}],"curies":[{"name":"wp","href":"https:\/\/api.w.org\/{rel}","templated":true}]}}