{"id":27729,"date":"2014-08-09T15:52:00","date_gmt":"2014-08-09T15:52:00","guid":{"rendered":"http:\/\/www.visiterarles.com\/bon-plan-avec-un-bebe-arles-historique-la-balade-en-velo-827\/"},"modified":"2014-08-09T15:52:00","modified_gmt":"2014-08-09T15:52:00","slug":"bon-plan-avec-un-bebe-arles-historique-la-balade-en-velo-827","status":"publish","type":"post","link":"https:\/\/www.visiterarles.com\/en\/blog\/2014\/08\/09\/bon-plan-avec-un-bebe-arles-historique-la-balade-en-velo-827\/","title":{"rendered":"Bon plan avec un b\u00e9b\u00e9 Arles historique : la balade en v\u00e9lo"},"content":{"rendered":"<h4>O\u00f9 trouver une balade en v\u00e9lo avec un b\u00e9b\u00e9 dans Arles historique<\/h4>\n<p>Les beaux endroits ne manquent pas, ainsi, une balade en v\u00e9lo avec un b\u00e9b\u00e9 Arles historique vous permettra de jouir au maximum des tours de la cavalerie, du mus\u00e9e du riz o\u00f9 de la tour des mourgues. De mani\u00e8re \u00e0 donner la facult\u00e9 de jouir au maximum des richesses de la ville, avec la sensation d&rsquo;\u0153uvrer de fa\u00e7on eco-responsable, une balade en v\u00e9lo avec un b\u00e9b\u00e9 Arles historique va vous permettre de jouir de l&rsquo;existence.<\/p>\n<h4>Arles : comment s\u2019y prendre pour d\u00e9gotter votre balade en v\u00e9lo avec un b\u00e9b\u00e9<\/h4>\n<p>D\u00e9couvrir le tr\u00e8s beau centre historique au moyen de notre balade en v\u00e9lo avec un b\u00e9b\u00e9 \u00e0 Arles peut para\u00eetre une alternative cl\u00e9s en main adapt\u00e9e pour chaque personne qui le d\u00e9sire. Au cas o\u00f9 vous vous av\u00e9riez \u00eatre \u00e0 Arles, vous pourrez jouir au maximum d\u2019une agr\u00e9able balade en v\u00e9lo en toute s\u00e9r\u00e9nit\u00e9. Les clients de tous horizons aimeront notre <a href=\"http:\/\/www.visiterarles.com\/en\/taco-co-sur-arles-balade-en-velo-avec-un-bebe-1867\/\">balade en v\u00e9lo sur Arles<\/a>, avec un b\u00e9b\u00e9 qui leur conviendra sans aucun doute.<\/p>","protected":false},"excerpt":{"rendered":"<p>O\u00f9 trouver une balade en v\u00e9lo avec un b\u00e9b\u00e9 dans Arles historique Les beaux endroits ne manquent pas, ainsi, une balade en v\u00e9lo avec un b\u00e9b\u00e9 Arles historique vous permettra de jouir au maximum des tours de la cavalerie, du mus\u00e9e du riz o\u00f9 de la tour des mourgues. De mani\u00e8re \u00e0 donner la facult\u00e9 [&hellip;]<\/p>","protected":false},"author":1,"featured_media":0,"comment_status":"open","ping_status":"open","sticky":false,"template":"","format":"standard","meta":{"footnotes":""},"categories":[55],"tags":[],"aioseo_notices":[],"yoast_head":"<!-- This site is optimized with the Yoast SEO plugin v22.3 - https:\/\/yoast.com\/wordpress\/plugins\/seo\/ -->\n<title>Bon plan avec un b\u00e9b\u00e9 Arles historique : la balade en v\u00e9lo - Visiter Arles<\/title>\n<meta name=\"robots\" content=\"index, follow, max-snippet:-1, max-image-preview:large, max-video-preview:-1\" \/>\n<link rel=\"canonical\" href=\"https:\/\/www.visiterarles.com\/en\/blog\/2014\/08\/09\/bon-plan-avec-un-bebe-arles-historique-la-balade-en-velo-827\/\" \/>\n<meta name=\"twitter:label1\" content=\"Written by\" \/>\n\t<meta name=\"twitter:data1\" content=\"Linkadm\" \/>\n\t<meta name=\"twitter:label2\" content=\"Estimated reading time\" \/>\n\t<meta name=\"twitter:data2\" content=\"1 minute\" \/>\n<script type=\"application\/ld+json\" class=\"yoast-schema-graph\">{\"@context\":\"https:\/\/schema.org\",\"@graph\":[{\"@type\":\"Article\",\"@id\":\"https:\/\/www.visiterarles.com\/blog\/2014\/08\/09\/bon-plan-avec-un-bebe-arles-historique-la-balade-en-velo-827\/#article\",\"isPartOf\":{\"@id\":\"https:\/\/www.visiterarles.com\/blog\/2014\/08\/09\/bon-plan-avec-un-bebe-arles-historique-la-balade-en-velo-827\/\"},\"author\":{\"name\":\"Linkadm\",\"@id\":\"https:\/\/www.visiterarles.com\/en\/#\/schema\/person\/ba5912e4613018f479a2d86815a53576\"},\"headline\":\"Bon plan avec un b\u00e9b\u00e9 Arles historique : la balade en v\u00e9lo\",\"datePublished\":\"2014-08-09T15:52:00+00:00\",\"dateModified\":\"2014-08-09T15:52:00+00:00\",\"mainEntityOfPage\":{\"@id\":\"https:\/\/www.visiterarles.com\/blog\/2014\/08\/09\/bon-plan-avec-un-bebe-arles-historique-la-balade-en-velo-827\/\"},\"wordCount\":216,\"commentCount\":0,\"publisher\":{\"@id\":\"https:\/\/www.visiterarles.com\/en\/#organization\"},\"articleSection\":[\"Informations\"],\"inLanguage\":\"en-GB\",\"potentialAction\":[{\"@type\":\"CommentAction\",\"name\":\"Comment\",\"target\":[\"https:\/\/www.visiterarles.com\/blog\/2014\/08\/09\/bon-plan-avec-un-bebe-arles-historique-la-balade-en-velo-827\/#respond\"]}]},{\"@type\":\"WebPage\",\"@id\":\"https:\/\/www.visiterarles.com\/blog\/2014\/08\/09\/bon-plan-avec-un-bebe-arles-historique-la-balade-en-velo-827\/\",\"url\":\"https:\/\/www.visiterarles.com\/blog\/2014\/08\/09\/bon-plan-avec-un-bebe-arles-historique-la-balade-en-velo-827\/\",\"name\":\"Bon plan avec un b\u00e9b\u00e9 Arles historique : la balade en v\u00e9lo - Visiter Arles\",\"isPartOf\":{\"@id\":\"https:\/\/www.visiterarles.com\/en\/#website\"},\"datePublished\":\"2014-08-09T15:52:00+00:00\",\"dateModified\":\"2014-08-09T15:52:00+00:00\",\"breadcrumb\":{\"@id\":\"https:\/\/www.visiterarles.com\/blog\/2014\/08\/09\/bon-plan-avec-un-bebe-arles-historique-la-balade-en-velo-827\/#breadcrumb\"},\"inLanguage\":\"en-GB\",\"potentialAction\":[{\"@type\":\"ReadAction\",\"target\":[\"https:\/\/www.visiterarles.com\/blog\/2014\/08\/09\/bon-plan-avec-un-bebe-arles-historique-la-balade-en-velo-827\/\"]}]},{\"@type\":\"BreadcrumbList\",\"@id\":\"https:\/\/www.visiterarles.com\/blog\/2014\/08\/09\/bon-plan-avec-un-bebe-arles-historique-la-balade-en-velo-827\/#breadcrumb\",\"itemListElement\":[{\"@type\":\"ListItem\",\"position\":1,\"name\":\"Home\",\"item\":\"https:\/\/www.visiterarles.com\/\"},{\"@type\":\"ListItem\",\"position\":2,\"name\":\"Bon plan avec un b\u00e9b\u00e9 Arles historique : la balade en v\u00e9lo\"}]},{\"@type\":\"WebSite\",\"@id\":\"https:\/\/www.visiterarles.com\/en\/#website\",\"url\":\"https:\/\/www.visiterarles.com\/en\/\",\"name\":\"Visiter Arles\",\"description\":\"Tourisme en Provence \u00e0 Arles\",\"publisher\":{\"@id\":\"https:\/\/www.visiterarles.com\/en\/#organization\"},\"potentialAction\":[{\"@type\":\"SearchAction\",\"target\":{\"@type\":\"EntryPoint\",\"urlTemplate\":\"https:\/\/www.visiterarles.com\/en\/?s={search_term_string}\"},\"query-input\":\"required name=search_term_string\"}],\"inLanguage\":\"en-GB\"},{\"@type\":\"Organization\",\"@id\":\"https:\/\/www.visiterarles.com\/en\/#organization\",\"name\":\"Visiter Arles\",\"url\":\"https:\/\/www.visiterarles.com\/en\/\",\"logo\":{\"@type\":\"ImageObject\",\"inLanguage\":\"en-GB\",\"@id\":\"https:\/\/www.visiterarles.com\/en\/#\/schema\/logo\/image\/\",\"url\":\"https:\/\/www.visiterarles.com\/wp-content\/uploads\/2017\/10\/taco-and-co-1-1.jpg\",\"contentUrl\":\"https:\/\/www.visiterarles.com\/wp-content\/uploads\/2017\/10\/taco-and-co-1-1.jpg\",\"width\":124,\"height\":73,\"caption\":\"Visiter Arles\"},\"image\":{\"@id\":\"https:\/\/www.visiterarles.com\/en\/#\/schema\/logo\/image\/\"}},{\"@type\":\"Person\",\"@id\":\"https:\/\/www.visiterarles.com\/en\/#\/schema\/person\/ba5912e4613018f479a2d86815a53576\",\"name\":\"Linkadm\",\"image\":{\"@type\":\"ImageObject\",\"inLanguage\":\"en-GB\",\"@id\":\"https:\/\/www.visiterarles.com\/en\/#\/schema\/person\/image\/\",\"url\":\"https:\/\/secure.gravatar.com\/avatar\/4709ec209921503e8d8cc96168eddc49?s=96&d=mm&r=g\",\"contentUrl\":\"https:\/\/secure.gravatar.com\/avatar\/4709ec209921503e8d8cc96168eddc49?s=96&d=mm&r=g\",\"caption\":\"Linkadm\"},\"url\":\"https:\/\/www.visiterarles.com\/en\/blog\/author\/admin\/\"}]}<\/script>\n<!-- \/ Yoast SEO plugin. -->","yoast_head_json":{"title":"Bon plan avec un b\u00e9b\u00e9 Arles historique : la balade en v\u00e9lo - Visiter Arles","robots":{"index":"index","follow":"follow","max-snippet":"max-snippet:-1","max-image-preview":"max-image-preview:large","max-video-preview":"max-video-preview:-1"},"canonical":"https:\/\/www.visiterarles.com\/en\/blog\/2014\/08\/09\/bon-plan-avec-un-bebe-arles-historique-la-balade-en-velo-827\/","twitter_misc":{"Written by":"Linkadm","Estimated reading time":"1 minute"},"schema":{"@context":"https:\/\/schema.org","@graph":[{"@type":"Article","@id":"https:\/\/www.visiterarles.com\/blog\/2014\/08\/09\/bon-plan-avec-un-bebe-arles-historique-la-balade-en-velo-827\/#article","isPartOf":{"@id":"https:\/\/www.visiterarles.com\/blog\/2014\/08\/09\/bon-plan-avec-un-bebe-arles-historique-la-balade-en-velo-827\/"},"author":{"name":"Linkadm","@id":"https:\/\/www.visiterarles.com\/en\/#\/schema\/person\/ba5912e4613018f479a2d86815a53576"},"headline":"Bon plan avec un b\u00e9b\u00e9 Arles historique : la balade en v\u00e9lo","datePublished":"2014-08-09T15:52:00+00:00","dateModified":"2014-08-09T15:52:00+00:00","mainEntityOfPage":{"@id":"https:\/\/www.visiterarles.com\/blog\/2014\/08\/09\/bon-plan-avec-un-bebe-arles-historique-la-balade-en-velo-827\/"},"wordCount":216,"commentCount":0,"publisher":{"@id":"https:\/\/www.visiterarles.com\/en\/#organization"},"articleSection":["Informations"],"inLanguage":"en-GB","potentialAction":[{"@type":"CommentAction","name":"Comment","target":["https:\/\/www.visiterarles.com\/blog\/2014\/08\/09\/bon-plan-avec-un-bebe-arles-historique-la-balade-en-velo-827\/#respond"]}]},{"@type":"WebPage","@id":"https:\/\/www.visiterarles.com\/blog\/2014\/08\/09\/bon-plan-avec-un-bebe-arles-historique-la-balade-en-velo-827\/","url":"https:\/\/www.visiterarles.com\/blog\/2014\/08\/09\/bon-plan-avec-un-bebe-arles-historique-la-balade-en-velo-827\/","name":"Bon plan avec un b\u00e9b\u00e9 Arles historique : la balade en v\u00e9lo - Visiter Arles","isPartOf":{"@id":"https:\/\/www.visiterarles.com\/en\/#website"},"datePublished":"2014-08-09T15:52:00+00:00","dateModified":"2014-08-09T15:52:00+00:00","breadcrumb":{"@id":"https:\/\/www.visiterarles.com\/blog\/2014\/08\/09\/bon-plan-avec-un-bebe-arles-historique-la-balade-en-velo-827\/#breadcrumb"},"inLanguage":"en-GB","potentialAction":[{"@type":"ReadAction","target":["https:\/\/www.visiterarles.com\/blog\/2014\/08\/09\/bon-plan-avec-un-bebe-arles-historique-la-balade-en-velo-827\/"]}]},{"@type":"BreadcrumbList","@id":"https:\/\/www.visiterarles.com\/blog\/2014\/08\/09\/bon-plan-avec-un-bebe-arles-historique-la-balade-en-velo-827\/#breadcrumb","itemListElement":[{"@type":"ListItem","position":1,"name":"Home","item":"https:\/\/www.visiterarles.com\/"},{"@type":"ListItem","position":2,"name":"Bon plan avec un b\u00e9b\u00e9 Arles historique : la balade en v\u00e9lo"}]},{"@type":"WebSite","@id":"https:\/\/www.visiterarles.com\/en\/#website","url":"https:\/\/www.visiterarles.com\/en\/","name":"Visiter Arles","description":"Tourisme en Provence \u00e0 Arles","publisher":{"@id":"https:\/\/www.visiterarles.com\/en\/#organization"},"potentialAction":[{"@type":"SearchAction","target":{"@type":"EntryPoint","urlTemplate":"https:\/\/www.visiterarles.com\/en\/?s={search_term_string}"},"query-input":"required name=search_term_string"}],"inLanguage":"en-GB"},{"@type":"Organization","@id":"https:\/\/www.visiterarles.com\/en\/#organization","name":"Visiter Arles","url":"https:\/\/www.visiterarles.com\/en\/","logo":{"@type":"ImageObject","inLanguage":"en-GB","@id":"https:\/\/www.visiterarles.com\/en\/#\/schema\/logo\/image\/","url":"https:\/\/www.visiterarles.com\/wp-content\/uploads\/2017\/10\/taco-and-co-1-1.jpg","contentUrl":"https:\/\/www.visiterarles.com\/wp-content\/uploads\/2017\/10\/taco-and-co-1-1.jpg","width":124,"height":73,"caption":"Visiter Arles"},"image":{"@id":"https:\/\/www.visiterarles.com\/en\/#\/schema\/logo\/image\/"}},{"@type":"Person","@id":"https:\/\/www.visiterarles.com\/en\/#\/schema\/person\/ba5912e4613018f479a2d86815a53576","name":"Linkadm","image":{"@type":"ImageObject","inLanguage":"en-GB","@id":"https:\/\/www.visiterarles.com\/en\/#\/schema\/person\/image\/","url":"https:\/\/secure.gravatar.com\/avatar\/4709ec209921503e8d8cc96168eddc49?s=96&d=mm&r=g","contentUrl":"https:\/\/secure.gravatar.com\/avatar\/4709ec209921503e8d8cc96168eddc49?s=96&d=mm&r=g","caption":"Linkadm"},"url":"https:\/\/www.visiterarles.com\/en\/blog\/author\/admin\/"}]}},"_links":{"self":[{"href":"https:\/\/www.visiterarles.com\/en\/wp-json\/wp\/v2\/posts\/27729"}],"collection":[{"href":"https:\/\/www.visiterarles.com\/en\/wp-json\/wp\/v2\/posts"}],"about":[{"href":"https:\/\/www.visiterarles.com\/en\/wp-json\/wp\/v2\/types\/post"}],"author":[{"embeddable":true,"href":"https:\/\/www.visiterarles.com\/en\/wp-json\/wp\/v2\/users\/1"}],"replies":[{"embeddable":true,"href":"https:\/\/www.visiterarles.com\/en\/wp-json\/wp\/v2\/comments?post=27729"}],"version-history":[{"count":0,"href":"https:\/\/www.visiterarles.com\/en\/wp-json\/wp\/v2\/posts\/27729\/revisions"}],"wp:attachment":[{"href":"https:\/\/www.visiterarles.com\/en\/wp-json\/wp\/v2\/media?parent=27729"}],"wp:term":[{"taxonomy":"category","embeddable":true,"href":"https:\/\/www.visiterarles.com\/en\/wp-json\/wp\/v2\/categories?post=27729"},{"taxonomy":"post_tag","embeddable":true,"href":"https:\/\/www.visiterarles.com\/en\/wp-json\/wp\/v2\/tags?post=27729"}],"curies":[{"name":"wp","href":"https:\/\/api.w.org\/{rel}","templated":true}]}}