{"id":27731,"date":"2014-08-09T12:34:00","date_gmt":"2014-08-09T12:34:00","guid":{"rendered":"http:\/\/www.visiterarles.com\/arles-quartier-des-musees-selectionner-votre-balade-en-velo-avec-un-bebe-455\/"},"modified":"2014-08-09T12:34:00","modified_gmt":"2014-08-09T12:34:00","slug":"arles-quartier-des-musees-selectionner-votre-balade-en-velo-avec-un-bebe-455","status":"publish","type":"post","link":"https:\/\/www.visiterarles.com\/en\/blog\/2014\/08\/09\/arles-quartier-des-musees-selectionner-votre-balade-en-velo-avec-un-bebe-455\/","title":{"rendered":"Arles quartier des mus\u00e9es : s\u00e9lectionner votre balade en v\u00e9lo avec un b\u00e9b\u00e9"},"content":{"rendered":"<h4>Avec un b\u00e9b\u00e9 \u00e0 Arles quartier des mus\u00e9es : o\u00f9 d\u00e9nicher un organisme de confiance avec balade en v\u00e9lo<\/h4>\n<p>Les hauts lieux sont pl\u00e9thoriques, ainsi, une balade en v\u00e9lo avec un b\u00e9b\u00e9 Arles quartier des mus\u00e9es vous donnera la possibilit\u00e9 de jouir pleinement des anciens ateliers sncf, de l&rsquo;ecomus\u00e9e du sel o\u00f9 du clo\u00eetre saint trophime. Taco and co, pour aider \u00e0 jouir pleinement de l&rsquo;existence, va tout faire pour vous pr\u00e9senter, avec le sentiment d\u2019agir d&rsquo;une mani\u00e8re \u00e9cologique, la d\u00e9couverte culturelle riche de cette ville extraordinaire, via une balade en v\u00e9lo avec un b\u00e9b\u00e9 Arles quartier des mus\u00e9es.<\/p>\n<h4>Par quel moyen s\u2019y prendre pour d\u00e9goter une balade en v\u00e9lo avec un b\u00e9b\u00e9 \u00e0 Arles<\/h4>\n<p>D\u00e9couvrir le ravissant patrimoine de la ville par le biais de la balade en v\u00e9lo avec un b\u00e9b\u00e9 sur Arles peut \u00eatre une alternative cl\u00e9s en main appropri\u00e9e pour toute personne qui le souhaite. Une fois arriv\u00e9 en gare d\u2019Arles, vous pourrez demander une balade en v\u00e9lo entre autre dans la gare sncf. Au niveau des passionn\u00e9s, une <a href=\"http:\/\/www.visiterarles.com\/en\/taco-co-sur-arles-balade-en-velo-avec-un-bebe-1867\/\">balade en v\u00e9lo sur Arles<\/a>, avec un b\u00e9b\u00e9 r\u00e9pondra aux aspirations de tous, en toute logique.<\/p>","protected":false},"excerpt":{"rendered":"<p>Avec un b\u00e9b\u00e9 \u00e0 Arles quartier des mus\u00e9es : o\u00f9 d\u00e9nicher un organisme de confiance avec balade en v\u00e9lo Les hauts lieux sont pl\u00e9thoriques, ainsi, une balade en v\u00e9lo avec un b\u00e9b\u00e9 Arles quartier des mus\u00e9es vous donnera la possibilit\u00e9 de jouir pleinement des anciens ateliers sncf, de l&rsquo;ecomus\u00e9e du sel o\u00f9 du clo\u00eetre saint [&hellip;]<\/p>","protected":false},"author":1,"featured_media":0,"comment_status":"open","ping_status":"open","sticky":false,"template":"","format":"standard","meta":{"footnotes":""},"categories":[55],"tags":[],"aioseo_notices":[],"yoast_head":"<!-- This site is optimized with the Yoast SEO plugin v22.3 - https:\/\/yoast.com\/wordpress\/plugins\/seo\/ -->\n<title>Arles quartier des mus\u00e9es : s\u00e9lectionner votre balade en v\u00e9lo avec un b\u00e9b\u00e9 - Visiter Arles<\/title>\n<meta name=\"robots\" content=\"index, follow, max-snippet:-1, max-image-preview:large, max-video-preview:-1\" \/>\n<link rel=\"canonical\" href=\"https:\/\/www.visiterarles.com\/en\/blog\/2014\/08\/09\/arles-quartier-des-musees-selectionner-votre-balade-en-velo-avec-un-bebe-455\/\" \/>\n<meta name=\"twitter:label1\" content=\"Written by\" \/>\n\t<meta name=\"twitter:data1\" content=\"Linkadm\" \/>\n\t<meta name=\"twitter:label2\" content=\"Estimated reading time\" \/>\n\t<meta name=\"twitter:data2\" content=\"1 minute\" \/>\n<script type=\"application\/ld+json\" class=\"yoast-schema-graph\">{\"@context\":\"https:\/\/schema.org\",\"@graph\":[{\"@type\":\"Article\",\"@id\":\"https:\/\/www.visiterarles.com\/en\/blog\/2014\/08\/09\/arles-quartier-des-musees-selectionner-votre-balade-en-velo-avec-un-bebe-455\/#article\",\"isPartOf\":{\"@id\":\"https:\/\/www.visiterarles.com\/en\/blog\/2014\/08\/09\/arles-quartier-des-musees-selectionner-votre-balade-en-velo-avec-un-bebe-455\/\"},\"author\":{\"name\":\"Linkadm\",\"@id\":\"https:\/\/www.visiterarles.com\/en\/#\/schema\/person\/ba5912e4613018f479a2d86815a53576\"},\"headline\":\"Arles quartier des mus\u00e9es : s\u00e9lectionner votre balade en v\u00e9lo avec un b\u00e9b\u00e9\",\"datePublished\":\"2014-08-09T12:34:00+00:00\",\"dateModified\":\"2014-08-09T12:34:00+00:00\",\"mainEntityOfPage\":{\"@id\":\"https:\/\/www.visiterarles.com\/en\/blog\/2014\/08\/09\/arles-quartier-des-musees-selectionner-votre-balade-en-velo-avec-un-bebe-455\/\"},\"wordCount\":236,\"commentCount\":0,\"publisher\":{\"@id\":\"https:\/\/www.visiterarles.com\/en\/#organization\"},\"articleSection\":[\"Informations\"],\"inLanguage\":\"en-GB\",\"potentialAction\":[{\"@type\":\"CommentAction\",\"name\":\"Comment\",\"target\":[\"https:\/\/www.visiterarles.com\/en\/blog\/2014\/08\/09\/arles-quartier-des-musees-selectionner-votre-balade-en-velo-avec-un-bebe-455\/#respond\"]}]},{\"@type\":\"WebPage\",\"@id\":\"https:\/\/www.visiterarles.com\/en\/blog\/2014\/08\/09\/arles-quartier-des-musees-selectionner-votre-balade-en-velo-avec-un-bebe-455\/\",\"url\":\"https:\/\/www.visiterarles.com\/en\/blog\/2014\/08\/09\/arles-quartier-des-musees-selectionner-votre-balade-en-velo-avec-un-bebe-455\/\",\"name\":\"Arles quartier des mus\u00e9es : s\u00e9lectionner votre balade en v\u00e9lo avec un b\u00e9b\u00e9 - Visiter Arles\",\"isPartOf\":{\"@id\":\"https:\/\/www.visiterarles.com\/en\/#website\"},\"datePublished\":\"2014-08-09T12:34:00+00:00\",\"dateModified\":\"2014-08-09T12:34:00+00:00\",\"breadcrumb\":{\"@id\":\"https:\/\/www.visiterarles.com\/en\/blog\/2014\/08\/09\/arles-quartier-des-musees-selectionner-votre-balade-en-velo-avec-un-bebe-455\/#breadcrumb\"},\"inLanguage\":\"en-GB\",\"potentialAction\":[{\"@type\":\"ReadAction\",\"target\":[\"https:\/\/www.visiterarles.com\/en\/blog\/2014\/08\/09\/arles-quartier-des-musees-selectionner-votre-balade-en-velo-avec-un-bebe-455\/\"]}]},{\"@type\":\"BreadcrumbList\",\"@id\":\"https:\/\/www.visiterarles.com\/en\/blog\/2014\/08\/09\/arles-quartier-des-musees-selectionner-votre-balade-en-velo-avec-un-bebe-455\/#breadcrumb\",\"itemListElement\":[{\"@type\":\"ListItem\",\"position\":1,\"name\":\"Home\",\"item\":\"https:\/\/www.visiterarles.com\/\"},{\"@type\":\"ListItem\",\"position\":2,\"name\":\"Arles quartier des mus\u00e9es : s\u00e9lectionner votre balade en v\u00e9lo avec un b\u00e9b\u00e9\"}]},{\"@type\":\"WebSite\",\"@id\":\"https:\/\/www.visiterarles.com\/en\/#website\",\"url\":\"https:\/\/www.visiterarles.com\/en\/\",\"name\":\"Visiter Arles\",\"description\":\"Tourisme en Provence \u00e0 Arles\",\"publisher\":{\"@id\":\"https:\/\/www.visiterarles.com\/en\/#organization\"},\"potentialAction\":[{\"@type\":\"SearchAction\",\"target\":{\"@type\":\"EntryPoint\",\"urlTemplate\":\"https:\/\/www.visiterarles.com\/en\/?s={search_term_string}\"},\"query-input\":\"required name=search_term_string\"}],\"inLanguage\":\"en-GB\"},{\"@type\":\"Organization\",\"@id\":\"https:\/\/www.visiterarles.com\/en\/#organization\",\"name\":\"Visiter Arles\",\"url\":\"https:\/\/www.visiterarles.com\/en\/\",\"logo\":{\"@type\":\"ImageObject\",\"inLanguage\":\"en-GB\",\"@id\":\"https:\/\/www.visiterarles.com\/en\/#\/schema\/logo\/image\/\",\"url\":\"https:\/\/www.visiterarles.com\/wp-content\/uploads\/2017\/10\/taco-and-co-1-1.jpg\",\"contentUrl\":\"https:\/\/www.visiterarles.com\/wp-content\/uploads\/2017\/10\/taco-and-co-1-1.jpg\",\"width\":124,\"height\":73,\"caption\":\"Visiter Arles\"},\"image\":{\"@id\":\"https:\/\/www.visiterarles.com\/en\/#\/schema\/logo\/image\/\"}},{\"@type\":\"Person\",\"@id\":\"https:\/\/www.visiterarles.com\/en\/#\/schema\/person\/ba5912e4613018f479a2d86815a53576\",\"name\":\"Linkadm\",\"image\":{\"@type\":\"ImageObject\",\"inLanguage\":\"en-GB\",\"@id\":\"https:\/\/www.visiterarles.com\/en\/#\/schema\/person\/image\/\",\"url\":\"https:\/\/secure.gravatar.com\/avatar\/4709ec209921503e8d8cc96168eddc49?s=96&d=mm&r=g\",\"contentUrl\":\"https:\/\/secure.gravatar.com\/avatar\/4709ec209921503e8d8cc96168eddc49?s=96&d=mm&r=g\",\"caption\":\"Linkadm\"},\"url\":\"https:\/\/www.visiterarles.com\/en\/blog\/author\/admin\/\"}]}<\/script>\n<!-- \/ Yoast SEO plugin. -->","yoast_head_json":{"title":"Arles quartier des mus\u00e9es : s\u00e9lectionner votre balade en v\u00e9lo avec un b\u00e9b\u00e9 - Visiter Arles","robots":{"index":"index","follow":"follow","max-snippet":"max-snippet:-1","max-image-preview":"max-image-preview:large","max-video-preview":"max-video-preview:-1"},"canonical":"https:\/\/www.visiterarles.com\/en\/blog\/2014\/08\/09\/arles-quartier-des-musees-selectionner-votre-balade-en-velo-avec-un-bebe-455\/","twitter_misc":{"Written by":"Linkadm","Estimated reading time":"1 minute"},"schema":{"@context":"https:\/\/schema.org","@graph":[{"@type":"Article","@id":"https:\/\/www.visiterarles.com\/en\/blog\/2014\/08\/09\/arles-quartier-des-musees-selectionner-votre-balade-en-velo-avec-un-bebe-455\/#article","isPartOf":{"@id":"https:\/\/www.visiterarles.com\/en\/blog\/2014\/08\/09\/arles-quartier-des-musees-selectionner-votre-balade-en-velo-avec-un-bebe-455\/"},"author":{"name":"Linkadm","@id":"https:\/\/www.visiterarles.com\/en\/#\/schema\/person\/ba5912e4613018f479a2d86815a53576"},"headline":"Arles quartier des mus\u00e9es : s\u00e9lectionner votre balade en v\u00e9lo avec un b\u00e9b\u00e9","datePublished":"2014-08-09T12:34:00+00:00","dateModified":"2014-08-09T12:34:00+00:00","mainEntityOfPage":{"@id":"https:\/\/www.visiterarles.com\/en\/blog\/2014\/08\/09\/arles-quartier-des-musees-selectionner-votre-balade-en-velo-avec-un-bebe-455\/"},"wordCount":236,"commentCount":0,"publisher":{"@id":"https:\/\/www.visiterarles.com\/en\/#organization"},"articleSection":["Informations"],"inLanguage":"en-GB","potentialAction":[{"@type":"CommentAction","name":"Comment","target":["https:\/\/www.visiterarles.com\/en\/blog\/2014\/08\/09\/arles-quartier-des-musees-selectionner-votre-balade-en-velo-avec-un-bebe-455\/#respond"]}]},{"@type":"WebPage","@id":"https:\/\/www.visiterarles.com\/en\/blog\/2014\/08\/09\/arles-quartier-des-musees-selectionner-votre-balade-en-velo-avec-un-bebe-455\/","url":"https:\/\/www.visiterarles.com\/en\/blog\/2014\/08\/09\/arles-quartier-des-musees-selectionner-votre-balade-en-velo-avec-un-bebe-455\/","name":"Arles quartier des mus\u00e9es : s\u00e9lectionner votre balade en v\u00e9lo avec un b\u00e9b\u00e9 - Visiter Arles","isPartOf":{"@id":"https:\/\/www.visiterarles.com\/en\/#website"},"datePublished":"2014-08-09T12:34:00+00:00","dateModified":"2014-08-09T12:34:00+00:00","breadcrumb":{"@id":"https:\/\/www.visiterarles.com\/en\/blog\/2014\/08\/09\/arles-quartier-des-musees-selectionner-votre-balade-en-velo-avec-un-bebe-455\/#breadcrumb"},"inLanguage":"en-GB","potentialAction":[{"@type":"ReadAction","target":["https:\/\/www.visiterarles.com\/en\/blog\/2014\/08\/09\/arles-quartier-des-musees-selectionner-votre-balade-en-velo-avec-un-bebe-455\/"]}]},{"@type":"BreadcrumbList","@id":"https:\/\/www.visiterarles.com\/en\/blog\/2014\/08\/09\/arles-quartier-des-musees-selectionner-votre-balade-en-velo-avec-un-bebe-455\/#breadcrumb","itemListElement":[{"@type":"ListItem","position":1,"name":"Home","item":"https:\/\/www.visiterarles.com\/"},{"@type":"ListItem","position":2,"name":"Arles quartier des mus\u00e9es : s\u00e9lectionner votre balade en v\u00e9lo avec un b\u00e9b\u00e9"}]},{"@type":"WebSite","@id":"https:\/\/www.visiterarles.com\/en\/#website","url":"https:\/\/www.visiterarles.com\/en\/","name":"Visiter Arles","description":"Tourisme en Provence \u00e0 Arles","publisher":{"@id":"https:\/\/www.visiterarles.com\/en\/#organization"},"potentialAction":[{"@type":"SearchAction","target":{"@type":"EntryPoint","urlTemplate":"https:\/\/www.visiterarles.com\/en\/?s={search_term_string}"},"query-input":"required name=search_term_string"}],"inLanguage":"en-GB"},{"@type":"Organization","@id":"https:\/\/www.visiterarles.com\/en\/#organization","name":"Visiter Arles","url":"https:\/\/www.visiterarles.com\/en\/","logo":{"@type":"ImageObject","inLanguage":"en-GB","@id":"https:\/\/www.visiterarles.com\/en\/#\/schema\/logo\/image\/","url":"https:\/\/www.visiterarles.com\/wp-content\/uploads\/2017\/10\/taco-and-co-1-1.jpg","contentUrl":"https:\/\/www.visiterarles.com\/wp-content\/uploads\/2017\/10\/taco-and-co-1-1.jpg","width":124,"height":73,"caption":"Visiter Arles"},"image":{"@id":"https:\/\/www.visiterarles.com\/en\/#\/schema\/logo\/image\/"}},{"@type":"Person","@id":"https:\/\/www.visiterarles.com\/en\/#\/schema\/person\/ba5912e4613018f479a2d86815a53576","name":"Linkadm","image":{"@type":"ImageObject","inLanguage":"en-GB","@id":"https:\/\/www.visiterarles.com\/en\/#\/schema\/person\/image\/","url":"https:\/\/secure.gravatar.com\/avatar\/4709ec209921503e8d8cc96168eddc49?s=96&d=mm&r=g","contentUrl":"https:\/\/secure.gravatar.com\/avatar\/4709ec209921503e8d8cc96168eddc49?s=96&d=mm&r=g","caption":"Linkadm"},"url":"https:\/\/www.visiterarles.com\/en\/blog\/author\/admin\/"}]}},"_links":{"self":[{"href":"https:\/\/www.visiterarles.com\/en\/wp-json\/wp\/v2\/posts\/27731"}],"collection":[{"href":"https:\/\/www.visiterarles.com\/en\/wp-json\/wp\/v2\/posts"}],"about":[{"href":"https:\/\/www.visiterarles.com\/en\/wp-json\/wp\/v2\/types\/post"}],"author":[{"embeddable":true,"href":"https:\/\/www.visiterarles.com\/en\/wp-json\/wp\/v2\/users\/1"}],"replies":[{"embeddable":true,"href":"https:\/\/www.visiterarles.com\/en\/wp-json\/wp\/v2\/comments?post=27731"}],"version-history":[{"count":0,"href":"https:\/\/www.visiterarles.com\/en\/wp-json\/wp\/v2\/posts\/27731\/revisions"}],"wp:attachment":[{"href":"https:\/\/www.visiterarles.com\/en\/wp-json\/wp\/v2\/media?parent=27731"}],"wp:term":[{"taxonomy":"category","embeddable":true,"href":"https:\/\/www.visiterarles.com\/en\/wp-json\/wp\/v2\/categories?post=27731"},{"taxonomy":"post_tag","embeddable":true,"href":"https:\/\/www.visiterarles.com\/en\/wp-json\/wp\/v2\/tags?post=27731"}],"curies":[{"name":"wp","href":"https:\/\/api.w.org\/{rel}","templated":true}]}}