{"id":27735,"date":"2014-08-09T18:15:00","date_gmt":"2014-08-09T18:15:00","guid":{"rendered":"http:\/\/www.visiterarles.com\/avec-un-bebe-arles-la-roquette-balade-en-velo-446\/"},"modified":"2014-08-09T18:15:00","modified_gmt":"2014-08-09T18:15:00","slug":"avec-un-bebe-arles-la-roquette-balade-en-velo-446","status":"publish","type":"post","link":"https:\/\/www.visiterarles.com\/en\/blog\/2014\/08\/09\/avec-un-bebe-arles-la-roquette-balade-en-velo-446\/","title":{"rendered":"Avec un b\u00e9b\u00e9 Arles la roquette : balade en v\u00e9lo"},"content":{"rendered":"<h4>Balade en v\u00e9lo avec un b\u00e9b\u00e9 : o\u00f9 trouver un contact fiable sur Arles la roquette<\/h4>\n<p>Les anciens ateliers sncf, l&rsquo;ecomus\u00e9e du sel o\u00f9 bien l&rsquo;\u00e9glise saint blaise, par le biais de notre balade en v\u00e9lo avec un b\u00e9b\u00e9 Arles la roquette, sont des hauts lieux qui ne vous \u00e9chapperont pas au sein de cette commune splendide. Pour offrir l&rsquo;opportunit\u00e9 de jouir pleinement du meilleur de la culture, avec le sentiment d\u2019agir d\u2019une mani\u00e8re respectueuse de l\u2019environnement, une balade en v\u00e9lo avec un b\u00e9b\u00e9 Arles la roquette vous aidera \u00e0 jouir totalement de la vie.<\/p>\n<h4>Arles : une option \u00e9co-citoyenne : la balade en v\u00e9lo avec un b\u00e9b\u00e9<\/h4>\n<p>Prendre connaissance du ravissant centre historique par le biais de la balade en v\u00e9lo avec un b\u00e9b\u00e9 sur Arles peut \u00eatre une alternative cl\u00e9s en main appropri\u00e9e pour qui en a envie. Dans cette structure, en arrivant \u00e0 Arles, vous aurez la possibilit\u00e9 de solliciter notre balade en v\u00e9lo. Au niveau des passionn\u00e9s, notre <a href=\"http:\/\/www.visiterarles.com\/en\/taco-co-sur-arles-balade-en-velo-avec-un-bebe-1867\/\">balade en v\u00e9lo sur Arles<\/a>, avec un b\u00e9b\u00e9 conviendra aux exigences de tous, c\u2019est s\u00fbr.<\/p>","protected":false},"excerpt":{"rendered":"<p>Balade en v\u00e9lo avec un b\u00e9b\u00e9 : o\u00f9 trouver un contact fiable sur Arles la roquette Les anciens ateliers sncf, l&rsquo;ecomus\u00e9e du sel o\u00f9 bien l&rsquo;\u00e9glise saint blaise, par le biais de notre balade en v\u00e9lo avec un b\u00e9b\u00e9 Arles la roquette, sont des hauts lieux qui ne vous \u00e9chapperont pas au sein de cette [&hellip;]<\/p>","protected":false},"author":1,"featured_media":0,"comment_status":"open","ping_status":"open","sticky":false,"template":"","format":"standard","meta":{"footnotes":""},"categories":[55],"tags":[],"aioseo_notices":[],"yoast_head":"<!-- This site is optimized with the Yoast SEO plugin v22.3 - https:\/\/yoast.com\/wordpress\/plugins\/seo\/ -->\n<title>Avec un b\u00e9b\u00e9 Arles la roquette : balade en v\u00e9lo - Visiter Arles<\/title>\n<meta name=\"robots\" content=\"index, follow, max-snippet:-1, max-image-preview:large, max-video-preview:-1\" \/>\n<link rel=\"canonical\" href=\"https:\/\/www.visiterarles.com\/en\/blog\/2014\/08\/09\/avec-un-bebe-arles-la-roquette-balade-en-velo-446\/\" \/>\n<meta name=\"twitter:label1\" content=\"Written by\" \/>\n\t<meta name=\"twitter:data1\" content=\"Linkadm\" \/>\n\t<meta name=\"twitter:label2\" content=\"Estimated reading time\" \/>\n\t<meta name=\"twitter:data2\" content=\"1 minute\" \/>\n<script type=\"application\/ld+json\" class=\"yoast-schema-graph\">{\"@context\":\"https:\/\/schema.org\",\"@graph\":[{\"@type\":\"Article\",\"@id\":\"https:\/\/www.visiterarles.com\/blog\/2014\/08\/09\/avec-un-bebe-arles-la-roquette-balade-en-velo-446\/#article\",\"isPartOf\":{\"@id\":\"https:\/\/www.visiterarles.com\/blog\/2014\/08\/09\/avec-un-bebe-arles-la-roquette-balade-en-velo-446\/\"},\"author\":{\"name\":\"Linkadm\",\"@id\":\"https:\/\/www.visiterarles.com\/en\/#\/schema\/person\/ba5912e4613018f479a2d86815a53576\"},\"headline\":\"Avec un b\u00e9b\u00e9 Arles la roquette : balade en v\u00e9lo\",\"datePublished\":\"2014-08-09T18:15:00+00:00\",\"dateModified\":\"2014-08-09T18:15:00+00:00\",\"mainEntityOfPage\":{\"@id\":\"https:\/\/www.visiterarles.com\/blog\/2014\/08\/09\/avec-un-bebe-arles-la-roquette-balade-en-velo-446\/\"},\"wordCount\":209,\"commentCount\":0,\"publisher\":{\"@id\":\"https:\/\/www.visiterarles.com\/en\/#organization\"},\"articleSection\":[\"Informations\"],\"inLanguage\":\"en-GB\",\"potentialAction\":[{\"@type\":\"CommentAction\",\"name\":\"Comment\",\"target\":[\"https:\/\/www.visiterarles.com\/blog\/2014\/08\/09\/avec-un-bebe-arles-la-roquette-balade-en-velo-446\/#respond\"]}]},{\"@type\":\"WebPage\",\"@id\":\"https:\/\/www.visiterarles.com\/blog\/2014\/08\/09\/avec-un-bebe-arles-la-roquette-balade-en-velo-446\/\",\"url\":\"https:\/\/www.visiterarles.com\/blog\/2014\/08\/09\/avec-un-bebe-arles-la-roquette-balade-en-velo-446\/\",\"name\":\"Avec un b\u00e9b\u00e9 Arles la roquette : balade en v\u00e9lo - Visiter Arles\",\"isPartOf\":{\"@id\":\"https:\/\/www.visiterarles.com\/en\/#website\"},\"datePublished\":\"2014-08-09T18:15:00+00:00\",\"dateModified\":\"2014-08-09T18:15:00+00:00\",\"breadcrumb\":{\"@id\":\"https:\/\/www.visiterarles.com\/blog\/2014\/08\/09\/avec-un-bebe-arles-la-roquette-balade-en-velo-446\/#breadcrumb\"},\"inLanguage\":\"en-GB\",\"potentialAction\":[{\"@type\":\"ReadAction\",\"target\":[\"https:\/\/www.visiterarles.com\/blog\/2014\/08\/09\/avec-un-bebe-arles-la-roquette-balade-en-velo-446\/\"]}]},{\"@type\":\"BreadcrumbList\",\"@id\":\"https:\/\/www.visiterarles.com\/blog\/2014\/08\/09\/avec-un-bebe-arles-la-roquette-balade-en-velo-446\/#breadcrumb\",\"itemListElement\":[{\"@type\":\"ListItem\",\"position\":1,\"name\":\"Home\",\"item\":\"https:\/\/www.visiterarles.com\/\"},{\"@type\":\"ListItem\",\"position\":2,\"name\":\"Avec un b\u00e9b\u00e9 Arles la roquette : balade en v\u00e9lo\"}]},{\"@type\":\"WebSite\",\"@id\":\"https:\/\/www.visiterarles.com\/en\/#website\",\"url\":\"https:\/\/www.visiterarles.com\/en\/\",\"name\":\"Visiter Arles\",\"description\":\"Tourisme en Provence \u00e0 Arles\",\"publisher\":{\"@id\":\"https:\/\/www.visiterarles.com\/en\/#organization\"},\"potentialAction\":[{\"@type\":\"SearchAction\",\"target\":{\"@type\":\"EntryPoint\",\"urlTemplate\":\"https:\/\/www.visiterarles.com\/en\/?s={search_term_string}\"},\"query-input\":\"required name=search_term_string\"}],\"inLanguage\":\"en-GB\"},{\"@type\":\"Organization\",\"@id\":\"https:\/\/www.visiterarles.com\/en\/#organization\",\"name\":\"Visiter Arles\",\"url\":\"https:\/\/www.visiterarles.com\/en\/\",\"logo\":{\"@type\":\"ImageObject\",\"inLanguage\":\"en-GB\",\"@id\":\"https:\/\/www.visiterarles.com\/en\/#\/schema\/logo\/image\/\",\"url\":\"https:\/\/www.visiterarles.com\/wp-content\/uploads\/2017\/10\/taco-and-co-1-1.jpg\",\"contentUrl\":\"https:\/\/www.visiterarles.com\/wp-content\/uploads\/2017\/10\/taco-and-co-1-1.jpg\",\"width\":124,\"height\":73,\"caption\":\"Visiter Arles\"},\"image\":{\"@id\":\"https:\/\/www.visiterarles.com\/en\/#\/schema\/logo\/image\/\"}},{\"@type\":\"Person\",\"@id\":\"https:\/\/www.visiterarles.com\/en\/#\/schema\/person\/ba5912e4613018f479a2d86815a53576\",\"name\":\"Linkadm\",\"image\":{\"@type\":\"ImageObject\",\"inLanguage\":\"en-GB\",\"@id\":\"https:\/\/www.visiterarles.com\/en\/#\/schema\/person\/image\/\",\"url\":\"https:\/\/secure.gravatar.com\/avatar\/4709ec209921503e8d8cc96168eddc49?s=96&d=mm&r=g\",\"contentUrl\":\"https:\/\/secure.gravatar.com\/avatar\/4709ec209921503e8d8cc96168eddc49?s=96&d=mm&r=g\",\"caption\":\"Linkadm\"},\"url\":\"https:\/\/www.visiterarles.com\/en\/blog\/author\/admin\/\"}]}<\/script>\n<!-- \/ Yoast SEO plugin. -->","yoast_head_json":{"title":"Avec un b\u00e9b\u00e9 Arles la roquette : balade en v\u00e9lo - Visiter Arles","robots":{"index":"index","follow":"follow","max-snippet":"max-snippet:-1","max-image-preview":"max-image-preview:large","max-video-preview":"max-video-preview:-1"},"canonical":"https:\/\/www.visiterarles.com\/en\/blog\/2014\/08\/09\/avec-un-bebe-arles-la-roquette-balade-en-velo-446\/","twitter_misc":{"Written by":"Linkadm","Estimated reading time":"1 minute"},"schema":{"@context":"https:\/\/schema.org","@graph":[{"@type":"Article","@id":"https:\/\/www.visiterarles.com\/blog\/2014\/08\/09\/avec-un-bebe-arles-la-roquette-balade-en-velo-446\/#article","isPartOf":{"@id":"https:\/\/www.visiterarles.com\/blog\/2014\/08\/09\/avec-un-bebe-arles-la-roquette-balade-en-velo-446\/"},"author":{"name":"Linkadm","@id":"https:\/\/www.visiterarles.com\/en\/#\/schema\/person\/ba5912e4613018f479a2d86815a53576"},"headline":"Avec un b\u00e9b\u00e9 Arles la roquette : balade en v\u00e9lo","datePublished":"2014-08-09T18:15:00+00:00","dateModified":"2014-08-09T18:15:00+00:00","mainEntityOfPage":{"@id":"https:\/\/www.visiterarles.com\/blog\/2014\/08\/09\/avec-un-bebe-arles-la-roquette-balade-en-velo-446\/"},"wordCount":209,"commentCount":0,"publisher":{"@id":"https:\/\/www.visiterarles.com\/en\/#organization"},"articleSection":["Informations"],"inLanguage":"en-GB","potentialAction":[{"@type":"CommentAction","name":"Comment","target":["https:\/\/www.visiterarles.com\/blog\/2014\/08\/09\/avec-un-bebe-arles-la-roquette-balade-en-velo-446\/#respond"]}]},{"@type":"WebPage","@id":"https:\/\/www.visiterarles.com\/blog\/2014\/08\/09\/avec-un-bebe-arles-la-roquette-balade-en-velo-446\/","url":"https:\/\/www.visiterarles.com\/blog\/2014\/08\/09\/avec-un-bebe-arles-la-roquette-balade-en-velo-446\/","name":"Avec un b\u00e9b\u00e9 Arles la roquette : balade en v\u00e9lo - Visiter Arles","isPartOf":{"@id":"https:\/\/www.visiterarles.com\/en\/#website"},"datePublished":"2014-08-09T18:15:00+00:00","dateModified":"2014-08-09T18:15:00+00:00","breadcrumb":{"@id":"https:\/\/www.visiterarles.com\/blog\/2014\/08\/09\/avec-un-bebe-arles-la-roquette-balade-en-velo-446\/#breadcrumb"},"inLanguage":"en-GB","potentialAction":[{"@type":"ReadAction","target":["https:\/\/www.visiterarles.com\/blog\/2014\/08\/09\/avec-un-bebe-arles-la-roquette-balade-en-velo-446\/"]}]},{"@type":"BreadcrumbList","@id":"https:\/\/www.visiterarles.com\/blog\/2014\/08\/09\/avec-un-bebe-arles-la-roquette-balade-en-velo-446\/#breadcrumb","itemListElement":[{"@type":"ListItem","position":1,"name":"Home","item":"https:\/\/www.visiterarles.com\/"},{"@type":"ListItem","position":2,"name":"Avec un b\u00e9b\u00e9 Arles la roquette : balade en v\u00e9lo"}]},{"@type":"WebSite","@id":"https:\/\/www.visiterarles.com\/en\/#website","url":"https:\/\/www.visiterarles.com\/en\/","name":"Visiter Arles","description":"Tourisme en Provence \u00e0 Arles","publisher":{"@id":"https:\/\/www.visiterarles.com\/en\/#organization"},"potentialAction":[{"@type":"SearchAction","target":{"@type":"EntryPoint","urlTemplate":"https:\/\/www.visiterarles.com\/en\/?s={search_term_string}"},"query-input":"required name=search_term_string"}],"inLanguage":"en-GB"},{"@type":"Organization","@id":"https:\/\/www.visiterarles.com\/en\/#organization","name":"Visiter Arles","url":"https:\/\/www.visiterarles.com\/en\/","logo":{"@type":"ImageObject","inLanguage":"en-GB","@id":"https:\/\/www.visiterarles.com\/en\/#\/schema\/logo\/image\/","url":"https:\/\/www.visiterarles.com\/wp-content\/uploads\/2017\/10\/taco-and-co-1-1.jpg","contentUrl":"https:\/\/www.visiterarles.com\/wp-content\/uploads\/2017\/10\/taco-and-co-1-1.jpg","width":124,"height":73,"caption":"Visiter Arles"},"image":{"@id":"https:\/\/www.visiterarles.com\/en\/#\/schema\/logo\/image\/"}},{"@type":"Person","@id":"https:\/\/www.visiterarles.com\/en\/#\/schema\/person\/ba5912e4613018f479a2d86815a53576","name":"Linkadm","image":{"@type":"ImageObject","inLanguage":"en-GB","@id":"https:\/\/www.visiterarles.com\/en\/#\/schema\/person\/image\/","url":"https:\/\/secure.gravatar.com\/avatar\/4709ec209921503e8d8cc96168eddc49?s=96&d=mm&r=g","contentUrl":"https:\/\/secure.gravatar.com\/avatar\/4709ec209921503e8d8cc96168eddc49?s=96&d=mm&r=g","caption":"Linkadm"},"url":"https:\/\/www.visiterarles.com\/en\/blog\/author\/admin\/"}]}},"_links":{"self":[{"href":"https:\/\/www.visiterarles.com\/en\/wp-json\/wp\/v2\/posts\/27735"}],"collection":[{"href":"https:\/\/www.visiterarles.com\/en\/wp-json\/wp\/v2\/posts"}],"about":[{"href":"https:\/\/www.visiterarles.com\/en\/wp-json\/wp\/v2\/types\/post"}],"author":[{"embeddable":true,"href":"https:\/\/www.visiterarles.com\/en\/wp-json\/wp\/v2\/users\/1"}],"replies":[{"embeddable":true,"href":"https:\/\/www.visiterarles.com\/en\/wp-json\/wp\/v2\/comments?post=27735"}],"version-history":[{"count":0,"href":"https:\/\/www.visiterarles.com\/en\/wp-json\/wp\/v2\/posts\/27735\/revisions"}],"wp:attachment":[{"href":"https:\/\/www.visiterarles.com\/en\/wp-json\/wp\/v2\/media?parent=27735"}],"wp:term":[{"taxonomy":"category","embeddable":true,"href":"https:\/\/www.visiterarles.com\/en\/wp-json\/wp\/v2\/categories?post=27735"},{"taxonomy":"post_tag","embeddable":true,"href":"https:\/\/www.visiterarles.com\/en\/wp-json\/wp\/v2\/tags?post=27735"}],"curies":[{"name":"wp","href":"https:\/\/api.w.org\/{rel}","templated":true}]}}