{"id":27750,"date":"2014-08-12T12:31:00","date_gmt":"2014-08-12T12:31:00","guid":{"rendered":"http:\/\/www.visiterarles.com\/pour-se-deplacer-facilement-arles-meja-balade-en-velo-1368\/"},"modified":"2014-08-12T12:31:00","modified_gmt":"2014-08-12T12:31:00","slug":"pour-se-deplacer-facilement-arles-meja-balade-en-velo-1368","status":"publish","type":"post","link":"https:\/\/www.visiterarles.com\/en\/blog\/2014\/08\/12\/pour-se-deplacer-facilement-arles-meja-balade-en-velo-1368\/","title":{"rendered":"Pour se d\u00e9placer facilement Arles Meja : balade en v\u00e9lo"},"content":{"rendered":"<h4>O\u00f9 trouver une balade en v\u00e9lo pour se d\u00e9placer facilement \u00e0 Arles Meja<\/h4>\n<p>Les anciens ateliers sncf, le mus\u00e9e du riz o\u00f9 bien l&rsquo;\u00e9glise saint blaise, via notre balade en v\u00e9lo pour se d\u00e9placer facilement \u00e0 Arles Meja, sont des hauts lieux que vous ne manquerez pas au sein de cette exceptionnelle commune sublime. Notre <a href=\"http:\/\/www.visiterarles.com\/en\/arles-balade-en-velo-pour-se-deplacer-facilement-1958\/\">balade en v\u00e9lo pour se d\u00e9placer facilement \u00e0 Arles<\/a> Meja, pour ne prendre que cet exemple, va vous permettre de pleinement profiter de l\u2019existence au sein de cette exceptionnelle commune sublime, ordinairement avec l\u2019impression d&rsquo;\u0153uvrer de mani\u00e8re respectueuse de l\u2019environnement, en pr\u00e9sentant le meilleur de la culture.<\/p>\n<h4>Arles : comment s\u2019y prendre pour trouver votre balade en v\u00e9lo pour se d\u00e9placer facilement<\/h4>\n<p>D\u00e8s lors qu\u2019on a la volont\u00e9 de faire la d\u00e9couverte du magnifique capital de la commune, une balade en v\u00e9lo pour se d\u00e9placer facilement entre autre dans Arles, entre autres, est parfaite. En arrivant sur Arles, vous pourrez demander notre balade en v\u00e9lo entre autre dans la gare ferroviaire. Les visiteurs en tout genre adoreront notre balade en v\u00e9lo sur Arles, pour se d\u00e9placer facilement leur convenant tr\u00e8s certainement.<\/p>","protected":false},"excerpt":{"rendered":"<p>O\u00f9 trouver une balade en v\u00e9lo pour se d\u00e9placer facilement \u00e0 Arles Meja Les anciens ateliers sncf, le mus\u00e9e du riz o\u00f9 bien l&rsquo;\u00e9glise saint blaise, via notre balade en v\u00e9lo pour se d\u00e9placer facilement \u00e0 Arles Meja, sont des hauts lieux que vous ne manquerez pas au sein de cette exceptionnelle commune sublime. Notre [&hellip;]<\/p>","protected":false},"author":1,"featured_media":0,"comment_status":"open","ping_status":"open","sticky":false,"template":"","format":"standard","meta":{"footnotes":""},"categories":[55],"tags":[],"aioseo_notices":[],"yoast_head":"<!-- This site is optimized with the Yoast SEO plugin v22.3 - https:\/\/yoast.com\/wordpress\/plugins\/seo\/ -->\n<title>Pour se d\u00e9placer facilement Arles Meja : balade en v\u00e9lo - Visiter Arles<\/title>\n<meta name=\"robots\" content=\"index, follow, max-snippet:-1, max-image-preview:large, max-video-preview:-1\" \/>\n<link rel=\"canonical\" href=\"https:\/\/www.visiterarles.com\/en\/blog\/2014\/08\/12\/pour-se-deplacer-facilement-arles-meja-balade-en-velo-1368\/\" \/>\n<meta name=\"twitter:label1\" content=\"Written by\" \/>\n\t<meta name=\"twitter:data1\" content=\"Linkadm\" \/>\n\t<meta name=\"twitter:label2\" content=\"Estimated reading time\" \/>\n\t<meta name=\"twitter:data2\" content=\"1 minute\" \/>\n<script type=\"application\/ld+json\" class=\"yoast-schema-graph\">{\"@context\":\"https:\/\/schema.org\",\"@graph\":[{\"@type\":\"Article\",\"@id\":\"https:\/\/www.visiterarles.com\/blog\/2014\/08\/12\/pour-se-deplacer-facilement-arles-meja-balade-en-velo-1368\/#article\",\"isPartOf\":{\"@id\":\"https:\/\/www.visiterarles.com\/blog\/2014\/08\/12\/pour-se-deplacer-facilement-arles-meja-balade-en-velo-1368\/\"},\"author\":{\"name\":\"Linkadm\",\"@id\":\"https:\/\/www.visiterarles.com\/en\/#\/schema\/person\/ba5912e4613018f479a2d86815a53576\"},\"headline\":\"Pour se d\u00e9placer facilement Arles Meja : balade en v\u00e9lo\",\"datePublished\":\"2014-08-12T12:31:00+00:00\",\"dateModified\":\"2014-08-12T12:31:00+00:00\",\"mainEntityOfPage\":{\"@id\":\"https:\/\/www.visiterarles.com\/blog\/2014\/08\/12\/pour-se-deplacer-facilement-arles-meja-balade-en-velo-1368\/\"},\"wordCount\":219,\"commentCount\":0,\"publisher\":{\"@id\":\"https:\/\/www.visiterarles.com\/en\/#organization\"},\"articleSection\":[\"Informations\"],\"inLanguage\":\"en-GB\",\"potentialAction\":[{\"@type\":\"CommentAction\",\"name\":\"Comment\",\"target\":[\"https:\/\/www.visiterarles.com\/blog\/2014\/08\/12\/pour-se-deplacer-facilement-arles-meja-balade-en-velo-1368\/#respond\"]}]},{\"@type\":\"WebPage\",\"@id\":\"https:\/\/www.visiterarles.com\/blog\/2014\/08\/12\/pour-se-deplacer-facilement-arles-meja-balade-en-velo-1368\/\",\"url\":\"https:\/\/www.visiterarles.com\/blog\/2014\/08\/12\/pour-se-deplacer-facilement-arles-meja-balade-en-velo-1368\/\",\"name\":\"Pour se d\u00e9placer facilement Arles Meja : balade en v\u00e9lo - Visiter Arles\",\"isPartOf\":{\"@id\":\"https:\/\/www.visiterarles.com\/en\/#website\"},\"datePublished\":\"2014-08-12T12:31:00+00:00\",\"dateModified\":\"2014-08-12T12:31:00+00:00\",\"breadcrumb\":{\"@id\":\"https:\/\/www.visiterarles.com\/blog\/2014\/08\/12\/pour-se-deplacer-facilement-arles-meja-balade-en-velo-1368\/#breadcrumb\"},\"inLanguage\":\"en-GB\",\"potentialAction\":[{\"@type\":\"ReadAction\",\"target\":[\"https:\/\/www.visiterarles.com\/blog\/2014\/08\/12\/pour-se-deplacer-facilement-arles-meja-balade-en-velo-1368\/\"]}]},{\"@type\":\"BreadcrumbList\",\"@id\":\"https:\/\/www.visiterarles.com\/blog\/2014\/08\/12\/pour-se-deplacer-facilement-arles-meja-balade-en-velo-1368\/#breadcrumb\",\"itemListElement\":[{\"@type\":\"ListItem\",\"position\":1,\"name\":\"Home\",\"item\":\"https:\/\/www.visiterarles.com\/\"},{\"@type\":\"ListItem\",\"position\":2,\"name\":\"Pour se d\u00e9placer facilement Arles Meja : balade en v\u00e9lo\"}]},{\"@type\":\"WebSite\",\"@id\":\"https:\/\/www.visiterarles.com\/en\/#website\",\"url\":\"https:\/\/www.visiterarles.com\/en\/\",\"name\":\"Visiter Arles\",\"description\":\"Tourisme en Provence \u00e0 Arles\",\"publisher\":{\"@id\":\"https:\/\/www.visiterarles.com\/en\/#organization\"},\"potentialAction\":[{\"@type\":\"SearchAction\",\"target\":{\"@type\":\"EntryPoint\",\"urlTemplate\":\"https:\/\/www.visiterarles.com\/en\/?s={search_term_string}\"},\"query-input\":\"required name=search_term_string\"}],\"inLanguage\":\"en-GB\"},{\"@type\":\"Organization\",\"@id\":\"https:\/\/www.visiterarles.com\/en\/#organization\",\"name\":\"Visiter Arles\",\"url\":\"https:\/\/www.visiterarles.com\/en\/\",\"logo\":{\"@type\":\"ImageObject\",\"inLanguage\":\"en-GB\",\"@id\":\"https:\/\/www.visiterarles.com\/en\/#\/schema\/logo\/image\/\",\"url\":\"https:\/\/www.visiterarles.com\/wp-content\/uploads\/2017\/10\/taco-and-co-1-1.jpg\",\"contentUrl\":\"https:\/\/www.visiterarles.com\/wp-content\/uploads\/2017\/10\/taco-and-co-1-1.jpg\",\"width\":124,\"height\":73,\"caption\":\"Visiter Arles\"},\"image\":{\"@id\":\"https:\/\/www.visiterarles.com\/en\/#\/schema\/logo\/image\/\"}},{\"@type\":\"Person\",\"@id\":\"https:\/\/www.visiterarles.com\/en\/#\/schema\/person\/ba5912e4613018f479a2d86815a53576\",\"name\":\"Linkadm\",\"image\":{\"@type\":\"ImageObject\",\"inLanguage\":\"en-GB\",\"@id\":\"https:\/\/www.visiterarles.com\/en\/#\/schema\/person\/image\/\",\"url\":\"https:\/\/secure.gravatar.com\/avatar\/4709ec209921503e8d8cc96168eddc49?s=96&d=mm&r=g\",\"contentUrl\":\"https:\/\/secure.gravatar.com\/avatar\/4709ec209921503e8d8cc96168eddc49?s=96&d=mm&r=g\",\"caption\":\"Linkadm\"},\"url\":\"https:\/\/www.visiterarles.com\/en\/blog\/author\/admin\/\"}]}<\/script>\n<!-- \/ Yoast SEO plugin. -->","yoast_head_json":{"title":"Pour se d\u00e9placer facilement Arles Meja : balade en v\u00e9lo - Visiter Arles","robots":{"index":"index","follow":"follow","max-snippet":"max-snippet:-1","max-image-preview":"max-image-preview:large","max-video-preview":"max-video-preview:-1"},"canonical":"https:\/\/www.visiterarles.com\/en\/blog\/2014\/08\/12\/pour-se-deplacer-facilement-arles-meja-balade-en-velo-1368\/","twitter_misc":{"Written by":"Linkadm","Estimated reading time":"1 minute"},"schema":{"@context":"https:\/\/schema.org","@graph":[{"@type":"Article","@id":"https:\/\/www.visiterarles.com\/blog\/2014\/08\/12\/pour-se-deplacer-facilement-arles-meja-balade-en-velo-1368\/#article","isPartOf":{"@id":"https:\/\/www.visiterarles.com\/blog\/2014\/08\/12\/pour-se-deplacer-facilement-arles-meja-balade-en-velo-1368\/"},"author":{"name":"Linkadm","@id":"https:\/\/www.visiterarles.com\/en\/#\/schema\/person\/ba5912e4613018f479a2d86815a53576"},"headline":"Pour se d\u00e9placer facilement Arles Meja : balade en v\u00e9lo","datePublished":"2014-08-12T12:31:00+00:00","dateModified":"2014-08-12T12:31:00+00:00","mainEntityOfPage":{"@id":"https:\/\/www.visiterarles.com\/blog\/2014\/08\/12\/pour-se-deplacer-facilement-arles-meja-balade-en-velo-1368\/"},"wordCount":219,"commentCount":0,"publisher":{"@id":"https:\/\/www.visiterarles.com\/en\/#organization"},"articleSection":["Informations"],"inLanguage":"en-GB","potentialAction":[{"@type":"CommentAction","name":"Comment","target":["https:\/\/www.visiterarles.com\/blog\/2014\/08\/12\/pour-se-deplacer-facilement-arles-meja-balade-en-velo-1368\/#respond"]}]},{"@type":"WebPage","@id":"https:\/\/www.visiterarles.com\/blog\/2014\/08\/12\/pour-se-deplacer-facilement-arles-meja-balade-en-velo-1368\/","url":"https:\/\/www.visiterarles.com\/blog\/2014\/08\/12\/pour-se-deplacer-facilement-arles-meja-balade-en-velo-1368\/","name":"Pour se d\u00e9placer facilement Arles Meja : balade en v\u00e9lo - Visiter Arles","isPartOf":{"@id":"https:\/\/www.visiterarles.com\/en\/#website"},"datePublished":"2014-08-12T12:31:00+00:00","dateModified":"2014-08-12T12:31:00+00:00","breadcrumb":{"@id":"https:\/\/www.visiterarles.com\/blog\/2014\/08\/12\/pour-se-deplacer-facilement-arles-meja-balade-en-velo-1368\/#breadcrumb"},"inLanguage":"en-GB","potentialAction":[{"@type":"ReadAction","target":["https:\/\/www.visiterarles.com\/blog\/2014\/08\/12\/pour-se-deplacer-facilement-arles-meja-balade-en-velo-1368\/"]}]},{"@type":"BreadcrumbList","@id":"https:\/\/www.visiterarles.com\/blog\/2014\/08\/12\/pour-se-deplacer-facilement-arles-meja-balade-en-velo-1368\/#breadcrumb","itemListElement":[{"@type":"ListItem","position":1,"name":"Home","item":"https:\/\/www.visiterarles.com\/"},{"@type":"ListItem","position":2,"name":"Pour se d\u00e9placer facilement Arles Meja : balade en v\u00e9lo"}]},{"@type":"WebSite","@id":"https:\/\/www.visiterarles.com\/en\/#website","url":"https:\/\/www.visiterarles.com\/en\/","name":"Visiter Arles","description":"Tourisme en Provence \u00e0 Arles","publisher":{"@id":"https:\/\/www.visiterarles.com\/en\/#organization"},"potentialAction":[{"@type":"SearchAction","target":{"@type":"EntryPoint","urlTemplate":"https:\/\/www.visiterarles.com\/en\/?s={search_term_string}"},"query-input":"required name=search_term_string"}],"inLanguage":"en-GB"},{"@type":"Organization","@id":"https:\/\/www.visiterarles.com\/en\/#organization","name":"Visiter Arles","url":"https:\/\/www.visiterarles.com\/en\/","logo":{"@type":"ImageObject","inLanguage":"en-GB","@id":"https:\/\/www.visiterarles.com\/en\/#\/schema\/logo\/image\/","url":"https:\/\/www.visiterarles.com\/wp-content\/uploads\/2017\/10\/taco-and-co-1-1.jpg","contentUrl":"https:\/\/www.visiterarles.com\/wp-content\/uploads\/2017\/10\/taco-and-co-1-1.jpg","width":124,"height":73,"caption":"Visiter Arles"},"image":{"@id":"https:\/\/www.visiterarles.com\/en\/#\/schema\/logo\/image\/"}},{"@type":"Person","@id":"https:\/\/www.visiterarles.com\/en\/#\/schema\/person\/ba5912e4613018f479a2d86815a53576","name":"Linkadm","image":{"@type":"ImageObject","inLanguage":"en-GB","@id":"https:\/\/www.visiterarles.com\/en\/#\/schema\/person\/image\/","url":"https:\/\/secure.gravatar.com\/avatar\/4709ec209921503e8d8cc96168eddc49?s=96&d=mm&r=g","contentUrl":"https:\/\/secure.gravatar.com\/avatar\/4709ec209921503e8d8cc96168eddc49?s=96&d=mm&r=g","caption":"Linkadm"},"url":"https:\/\/www.visiterarles.com\/en\/blog\/author\/admin\/"}]}},"_links":{"self":[{"href":"https:\/\/www.visiterarles.com\/en\/wp-json\/wp\/v2\/posts\/27750"}],"collection":[{"href":"https:\/\/www.visiterarles.com\/en\/wp-json\/wp\/v2\/posts"}],"about":[{"href":"https:\/\/www.visiterarles.com\/en\/wp-json\/wp\/v2\/types\/post"}],"author":[{"embeddable":true,"href":"https:\/\/www.visiterarles.com\/en\/wp-json\/wp\/v2\/users\/1"}],"replies":[{"embeddable":true,"href":"https:\/\/www.visiterarles.com\/en\/wp-json\/wp\/v2\/comments?post=27750"}],"version-history":[{"count":0,"href":"https:\/\/www.visiterarles.com\/en\/wp-json\/wp\/v2\/posts\/27750\/revisions"}],"wp:attachment":[{"href":"https:\/\/www.visiterarles.com\/en\/wp-json\/wp\/v2\/media?parent=27750"}],"wp:term":[{"taxonomy":"category","embeddable":true,"href":"https:\/\/www.visiterarles.com\/en\/wp-json\/wp\/v2\/categories?post=27750"},{"taxonomy":"post_tag","embeddable":true,"href":"https:\/\/www.visiterarles.com\/en\/wp-json\/wp\/v2\/tags?post=27750"}],"curies":[{"name":"wp","href":"https:\/\/api.w.org\/{rel}","templated":true}]}}