{"id":27751,"date":"2014-08-12T14:06:00","date_gmt":"2014-08-12T14:06:00","guid":{"rendered":"http:\/\/www.visiterarles.com\/pour-se-deplacer-facilement-arles-les-alyscs-la-balade-en-velo-1030\/"},"modified":"2014-08-12T14:06:00","modified_gmt":"2014-08-12T14:06:00","slug":"pour-se-deplacer-facilement-arles-les-alyscs-la-balade-en-velo-1030","status":"publish","type":"post","link":"https:\/\/www.visiterarles.com\/en\/blog\/2014\/08\/12\/pour-se-deplacer-facilement-arles-les-alyscs-la-balade-en-velo-1030\/","title":{"rendered":"Pour se d\u00e9placer facilement Arles les Alyscamps : la balade en v\u00e9lo"},"content":{"rendered":"<h4>Pour se d\u00e9placer facilement dans Arles les Alyscamps : o\u00f9 d\u00e9gotter un organisme fiable pr\u00e9sentant une balade en v\u00e9lo<\/h4>\n<p>Arles se trouve \u00eatre une ville splendide, les \u00e9v\u00e8nements culturels, de m\u00eame que les lieux merveilleux, comme les cryptoportiques, l&rsquo;ecomus\u00e9e du sel o\u00f9 bien le march\u00e9 de provence poussent \u00e0 tous les coins de rue. V\u00e9lo-Taco, pour vous aider \u00e0 jouir pleinement de l\u2019existence, fera le maximum pour vous r\u00e9v\u00e9ler, avec l&rsquo;impression d&rsquo;\u0153uvrer d\u2019une mani\u00e8re eco responsable, le plus pertinent des richesses de la ville dans cette ville magnifique, via une <a href=\"http:\/\/www.visiterarles.com\/en\/arles-balade-en-velo-pour-se-deplacer-facilement-1958\/\">balade en v\u00e9lo pour se d\u00e9placer facilement Arles<\/a> les Alyscamps.<\/p>\n<h4>Pour se d\u00e9placer facilement \u00e0 Arles pourquoi choisir notre balade en v\u00e9lo<\/h4>\n<p>Prendre connaissance du tr\u00e8s beau capital de la commune via la balade en v\u00e9lo pour se d\u00e9placer facilement sur Arles peut para\u00eetre une solution adapt\u00e9e pour toute entit\u00e9 qui le d\u00e9sire. Une fois arriv\u00e9 en gare d\u2019Arles, vous pourrez solliciter une balade en v\u00e9lo au sein m\u00eame de cette structure. Pour les passionn\u00e9s, une balade en v\u00e9lo sur Arles, pour se d\u00e9placer facilement r\u00e9pondra aux aspirations de tous, en toute logique.<\/p>","protected":false},"excerpt":{"rendered":"<p>Pour se d\u00e9placer facilement dans Arles les Alyscamps : o\u00f9 d\u00e9gotter un organisme fiable pr\u00e9sentant une balade en v\u00e9lo Arles se trouve \u00eatre une ville splendide, les \u00e9v\u00e8nements culturels, de m\u00eame que les lieux merveilleux, comme les cryptoportiques, l&rsquo;ecomus\u00e9e du sel o\u00f9 bien le march\u00e9 de provence poussent \u00e0 tous les coins de rue. V\u00e9lo-Taco, [&hellip;]<\/p>","protected":false},"author":1,"featured_media":0,"comment_status":"open","ping_status":"open","sticky":false,"template":"","format":"standard","meta":{"footnotes":""},"categories":[55],"tags":[],"aioseo_notices":[],"yoast_head":"<!-- This site is optimized with the Yoast SEO plugin v22.3 - https:\/\/yoast.com\/wordpress\/plugins\/seo\/ -->\n<title>Pour se d\u00e9placer facilement Arles les Alyscamps : la balade en v\u00e9lo - Visiter Arles<\/title>\n<meta name=\"robots\" content=\"index, follow, max-snippet:-1, max-image-preview:large, max-video-preview:-1\" \/>\n<link rel=\"canonical\" href=\"https:\/\/www.visiterarles.com\/en\/blog\/2014\/08\/12\/pour-se-deplacer-facilement-arles-les-alyscs-la-balade-en-velo-1030\/\" \/>\n<meta name=\"twitter:label1\" content=\"Written by\" \/>\n\t<meta name=\"twitter:data1\" content=\"Linkadm\" \/>\n\t<meta name=\"twitter:label2\" content=\"Estimated reading time\" \/>\n\t<meta name=\"twitter:data2\" content=\"1 minute\" \/>\n<script type=\"application\/ld+json\" class=\"yoast-schema-graph\">{\"@context\":\"https:\/\/schema.org\",\"@graph\":[{\"@type\":\"Article\",\"@id\":\"https:\/\/www.visiterarles.com\/blog\/2014\/08\/12\/pour-se-deplacer-facilement-arles-les-alyscs-la-balade-en-velo-1030\/#article\",\"isPartOf\":{\"@id\":\"https:\/\/www.visiterarles.com\/blog\/2014\/08\/12\/pour-se-deplacer-facilement-arles-les-alyscs-la-balade-en-velo-1030\/\"},\"author\":{\"name\":\"Linkadm\",\"@id\":\"https:\/\/www.visiterarles.com\/en\/#\/schema\/person\/ba5912e4613018f479a2d86815a53576\"},\"headline\":\"Pour se d\u00e9placer facilement Arles les Alyscamps : la balade en v\u00e9lo\",\"datePublished\":\"2014-08-12T14:06:00+00:00\",\"dateModified\":\"2014-08-12T14:06:00+00:00\",\"mainEntityOfPage\":{\"@id\":\"https:\/\/www.visiterarles.com\/blog\/2014\/08\/12\/pour-se-deplacer-facilement-arles-les-alyscs-la-balade-en-velo-1030\/\"},\"wordCount\":225,\"commentCount\":0,\"publisher\":{\"@id\":\"https:\/\/www.visiterarles.com\/en\/#organization\"},\"articleSection\":[\"Informations\"],\"inLanguage\":\"en-GB\",\"potentialAction\":[{\"@type\":\"CommentAction\",\"name\":\"Comment\",\"target\":[\"https:\/\/www.visiterarles.com\/blog\/2014\/08\/12\/pour-se-deplacer-facilement-arles-les-alyscs-la-balade-en-velo-1030\/#respond\"]}]},{\"@type\":\"WebPage\",\"@id\":\"https:\/\/www.visiterarles.com\/blog\/2014\/08\/12\/pour-se-deplacer-facilement-arles-les-alyscs-la-balade-en-velo-1030\/\",\"url\":\"https:\/\/www.visiterarles.com\/blog\/2014\/08\/12\/pour-se-deplacer-facilement-arles-les-alyscs-la-balade-en-velo-1030\/\",\"name\":\"Pour se d\u00e9placer facilement Arles les Alyscamps : la balade en v\u00e9lo - Visiter Arles\",\"isPartOf\":{\"@id\":\"https:\/\/www.visiterarles.com\/en\/#website\"},\"datePublished\":\"2014-08-12T14:06:00+00:00\",\"dateModified\":\"2014-08-12T14:06:00+00:00\",\"breadcrumb\":{\"@id\":\"https:\/\/www.visiterarles.com\/blog\/2014\/08\/12\/pour-se-deplacer-facilement-arles-les-alyscs-la-balade-en-velo-1030\/#breadcrumb\"},\"inLanguage\":\"en-GB\",\"potentialAction\":[{\"@type\":\"ReadAction\",\"target\":[\"https:\/\/www.visiterarles.com\/blog\/2014\/08\/12\/pour-se-deplacer-facilement-arles-les-alyscs-la-balade-en-velo-1030\/\"]}]},{\"@type\":\"BreadcrumbList\",\"@id\":\"https:\/\/www.visiterarles.com\/blog\/2014\/08\/12\/pour-se-deplacer-facilement-arles-les-alyscs-la-balade-en-velo-1030\/#breadcrumb\",\"itemListElement\":[{\"@type\":\"ListItem\",\"position\":1,\"name\":\"Home\",\"item\":\"https:\/\/www.visiterarles.com\/\"},{\"@type\":\"ListItem\",\"position\":2,\"name\":\"Pour se d\u00e9placer facilement Arles les Alyscamps : la balade en v\u00e9lo\"}]},{\"@type\":\"WebSite\",\"@id\":\"https:\/\/www.visiterarles.com\/en\/#website\",\"url\":\"https:\/\/www.visiterarles.com\/en\/\",\"name\":\"Visiter Arles\",\"description\":\"Tourisme en Provence \u00e0 Arles\",\"publisher\":{\"@id\":\"https:\/\/www.visiterarles.com\/en\/#organization\"},\"potentialAction\":[{\"@type\":\"SearchAction\",\"target\":{\"@type\":\"EntryPoint\",\"urlTemplate\":\"https:\/\/www.visiterarles.com\/en\/?s={search_term_string}\"},\"query-input\":\"required name=search_term_string\"}],\"inLanguage\":\"en-GB\"},{\"@type\":\"Organization\",\"@id\":\"https:\/\/www.visiterarles.com\/en\/#organization\",\"name\":\"Visiter Arles\",\"url\":\"https:\/\/www.visiterarles.com\/en\/\",\"logo\":{\"@type\":\"ImageObject\",\"inLanguage\":\"en-GB\",\"@id\":\"https:\/\/www.visiterarles.com\/en\/#\/schema\/logo\/image\/\",\"url\":\"https:\/\/www.visiterarles.com\/wp-content\/uploads\/2017\/10\/taco-and-co-1-1.jpg\",\"contentUrl\":\"https:\/\/www.visiterarles.com\/wp-content\/uploads\/2017\/10\/taco-and-co-1-1.jpg\",\"width\":124,\"height\":73,\"caption\":\"Visiter Arles\"},\"image\":{\"@id\":\"https:\/\/www.visiterarles.com\/en\/#\/schema\/logo\/image\/\"}},{\"@type\":\"Person\",\"@id\":\"https:\/\/www.visiterarles.com\/en\/#\/schema\/person\/ba5912e4613018f479a2d86815a53576\",\"name\":\"Linkadm\",\"image\":{\"@type\":\"ImageObject\",\"inLanguage\":\"en-GB\",\"@id\":\"https:\/\/www.visiterarles.com\/en\/#\/schema\/person\/image\/\",\"url\":\"https:\/\/secure.gravatar.com\/avatar\/4709ec209921503e8d8cc96168eddc49?s=96&d=mm&r=g\",\"contentUrl\":\"https:\/\/secure.gravatar.com\/avatar\/4709ec209921503e8d8cc96168eddc49?s=96&d=mm&r=g\",\"caption\":\"Linkadm\"},\"url\":\"https:\/\/www.visiterarles.com\/en\/blog\/author\/admin\/\"}]}<\/script>\n<!-- \/ Yoast SEO plugin. -->","yoast_head_json":{"title":"Pour se d\u00e9placer facilement Arles les Alyscamps : la balade en v\u00e9lo - Visiter Arles","robots":{"index":"index","follow":"follow","max-snippet":"max-snippet:-1","max-image-preview":"max-image-preview:large","max-video-preview":"max-video-preview:-1"},"canonical":"https:\/\/www.visiterarles.com\/en\/blog\/2014\/08\/12\/pour-se-deplacer-facilement-arles-les-alyscs-la-balade-en-velo-1030\/","twitter_misc":{"Written by":"Linkadm","Estimated reading time":"1 minute"},"schema":{"@context":"https:\/\/schema.org","@graph":[{"@type":"Article","@id":"https:\/\/www.visiterarles.com\/blog\/2014\/08\/12\/pour-se-deplacer-facilement-arles-les-alyscs-la-balade-en-velo-1030\/#article","isPartOf":{"@id":"https:\/\/www.visiterarles.com\/blog\/2014\/08\/12\/pour-se-deplacer-facilement-arles-les-alyscs-la-balade-en-velo-1030\/"},"author":{"name":"Linkadm","@id":"https:\/\/www.visiterarles.com\/en\/#\/schema\/person\/ba5912e4613018f479a2d86815a53576"},"headline":"Pour se d\u00e9placer facilement Arles les Alyscamps : la balade en v\u00e9lo","datePublished":"2014-08-12T14:06:00+00:00","dateModified":"2014-08-12T14:06:00+00:00","mainEntityOfPage":{"@id":"https:\/\/www.visiterarles.com\/blog\/2014\/08\/12\/pour-se-deplacer-facilement-arles-les-alyscs-la-balade-en-velo-1030\/"},"wordCount":225,"commentCount":0,"publisher":{"@id":"https:\/\/www.visiterarles.com\/en\/#organization"},"articleSection":["Informations"],"inLanguage":"en-GB","potentialAction":[{"@type":"CommentAction","name":"Comment","target":["https:\/\/www.visiterarles.com\/blog\/2014\/08\/12\/pour-se-deplacer-facilement-arles-les-alyscs-la-balade-en-velo-1030\/#respond"]}]},{"@type":"WebPage","@id":"https:\/\/www.visiterarles.com\/blog\/2014\/08\/12\/pour-se-deplacer-facilement-arles-les-alyscs-la-balade-en-velo-1030\/","url":"https:\/\/www.visiterarles.com\/blog\/2014\/08\/12\/pour-se-deplacer-facilement-arles-les-alyscs-la-balade-en-velo-1030\/","name":"Pour se d\u00e9placer facilement Arles les Alyscamps : la balade en v\u00e9lo - Visiter Arles","isPartOf":{"@id":"https:\/\/www.visiterarles.com\/en\/#website"},"datePublished":"2014-08-12T14:06:00+00:00","dateModified":"2014-08-12T14:06:00+00:00","breadcrumb":{"@id":"https:\/\/www.visiterarles.com\/blog\/2014\/08\/12\/pour-se-deplacer-facilement-arles-les-alyscs-la-balade-en-velo-1030\/#breadcrumb"},"inLanguage":"en-GB","potentialAction":[{"@type":"ReadAction","target":["https:\/\/www.visiterarles.com\/blog\/2014\/08\/12\/pour-se-deplacer-facilement-arles-les-alyscs-la-balade-en-velo-1030\/"]}]},{"@type":"BreadcrumbList","@id":"https:\/\/www.visiterarles.com\/blog\/2014\/08\/12\/pour-se-deplacer-facilement-arles-les-alyscs-la-balade-en-velo-1030\/#breadcrumb","itemListElement":[{"@type":"ListItem","position":1,"name":"Home","item":"https:\/\/www.visiterarles.com\/"},{"@type":"ListItem","position":2,"name":"Pour se d\u00e9placer facilement Arles les Alyscamps : la balade en v\u00e9lo"}]},{"@type":"WebSite","@id":"https:\/\/www.visiterarles.com\/en\/#website","url":"https:\/\/www.visiterarles.com\/en\/","name":"Visiter Arles","description":"Tourisme en Provence \u00e0 Arles","publisher":{"@id":"https:\/\/www.visiterarles.com\/en\/#organization"},"potentialAction":[{"@type":"SearchAction","target":{"@type":"EntryPoint","urlTemplate":"https:\/\/www.visiterarles.com\/en\/?s={search_term_string}"},"query-input":"required name=search_term_string"}],"inLanguage":"en-GB"},{"@type":"Organization","@id":"https:\/\/www.visiterarles.com\/en\/#organization","name":"Visiter Arles","url":"https:\/\/www.visiterarles.com\/en\/","logo":{"@type":"ImageObject","inLanguage":"en-GB","@id":"https:\/\/www.visiterarles.com\/en\/#\/schema\/logo\/image\/","url":"https:\/\/www.visiterarles.com\/wp-content\/uploads\/2017\/10\/taco-and-co-1-1.jpg","contentUrl":"https:\/\/www.visiterarles.com\/wp-content\/uploads\/2017\/10\/taco-and-co-1-1.jpg","width":124,"height":73,"caption":"Visiter Arles"},"image":{"@id":"https:\/\/www.visiterarles.com\/en\/#\/schema\/logo\/image\/"}},{"@type":"Person","@id":"https:\/\/www.visiterarles.com\/en\/#\/schema\/person\/ba5912e4613018f479a2d86815a53576","name":"Linkadm","image":{"@type":"ImageObject","inLanguage":"en-GB","@id":"https:\/\/www.visiterarles.com\/en\/#\/schema\/person\/image\/","url":"https:\/\/secure.gravatar.com\/avatar\/4709ec209921503e8d8cc96168eddc49?s=96&d=mm&r=g","contentUrl":"https:\/\/secure.gravatar.com\/avatar\/4709ec209921503e8d8cc96168eddc49?s=96&d=mm&r=g","caption":"Linkadm"},"url":"https:\/\/www.visiterarles.com\/en\/blog\/author\/admin\/"}]}},"_links":{"self":[{"href":"https:\/\/www.visiterarles.com\/en\/wp-json\/wp\/v2\/posts\/27751"}],"collection":[{"href":"https:\/\/www.visiterarles.com\/en\/wp-json\/wp\/v2\/posts"}],"about":[{"href":"https:\/\/www.visiterarles.com\/en\/wp-json\/wp\/v2\/types\/post"}],"author":[{"embeddable":true,"href":"https:\/\/www.visiterarles.com\/en\/wp-json\/wp\/v2\/users\/1"}],"replies":[{"embeddable":true,"href":"https:\/\/www.visiterarles.com\/en\/wp-json\/wp\/v2\/comments?post=27751"}],"version-history":[{"count":0,"href":"https:\/\/www.visiterarles.com\/en\/wp-json\/wp\/v2\/posts\/27751\/revisions"}],"wp:attachment":[{"href":"https:\/\/www.visiterarles.com\/en\/wp-json\/wp\/v2\/media?parent=27751"}],"wp:term":[{"taxonomy":"category","embeddable":true,"href":"https:\/\/www.visiterarles.com\/en\/wp-json\/wp\/v2\/categories?post=27751"},{"taxonomy":"post_tag","embeddable":true,"href":"https:\/\/www.visiterarles.com\/en\/wp-json\/wp\/v2\/tags?post=27751"}],"curies":[{"name":"wp","href":"https:\/\/api.w.org\/{rel}","templated":true}]}}