{"id":27956,"date":"2014-09-20T08:51:00","date_gmt":"2014-09-20T08:51:00","guid":{"rendered":"http:\/\/www.visiterarles.com\/bon-plan-la-location-de-velo-sympa-dans-arles-les-alyscs-1635\/"},"modified":"2014-09-20T08:51:00","modified_gmt":"2014-09-20T08:51:00","slug":"bon-plan-la-location-de-velo-sympa-dans-arles-les-alyscs-1635","status":"publish","type":"post","link":"https:\/\/www.visiterarles.com\/en\/blog\/2014\/09\/20\/bon-plan-la-location-de-velo-sympa-dans-arles-les-alyscs-1635\/","title":{"rendered":"Bon plan : la location de v\u00e9lo sympa dans Arles les Alyscamps"},"content":{"rendered":"<h4>Votre location de v\u00e9lo, sympa dans Arles les Alyscamps avec V\u00e9lo Taco<\/h4>\n<p>Des anciens ateliers sncf, de l&rsquo;ecomus\u00e9e du sel o\u00f9 du clo\u00eetre saint trophimeles anciens ateliers sncf, le marais du vigueirat o\u00f9 l&rsquo;\u00e9glise saint blaise, par le biais de notre location de v\u00e9lo sympa Arles les Alyscamps, sont des hauts lieux qui ne vous \u00e9chapperont pas dans cette commune splendide. Une location de v\u00e9lo sympa Arles les Alyscamps, entre autres, vous aidera \u00e0 jouir au maximum de l\u2019existence dans cette commune splendide, ordinairement avec l&rsquo;impression d&rsquo;oeuvrer de mani\u00e8re respectueuse de l\u2019environnement, tout en offrant toute la richesse de la culture.<\/p>\n<h4>Arles : de quelle fa\u00e7on s\u2019y prendre pour d\u00e9nicher une location de v\u00e9lo sympa<\/h4>\n<p>D\u00e8s lors qu\u2019on a la volont\u00e9 de faire la d\u00e9couverte du magnifique patrimoine de la ville, une location de v\u00e9lo sympa au sein m\u00eame de Arles, entre autres, est id\u00e9ale. En arrivant sur Arles, vous pourrez demander notre location de v\u00e9lo au sein m\u00eame de la gare sncf. Les consommateurs de tous horizons appr\u00e9cieront notre <a href=\"http:\/\/www.visiterarles.com\/en\/arles-location-de-velo-sympa-1877\/\">location de v\u00e9lo sur Arles<\/a>, sympa qui leur plaira tr\u00e8s certainement.<\/p>","protected":false},"excerpt":{"rendered":"<p>Votre location de v\u00e9lo, sympa dans Arles les Alyscamps avec V\u00e9lo Taco Des anciens ateliers sncf, de l&rsquo;ecomus\u00e9e du sel o\u00f9 du clo\u00eetre saint trophimeles anciens ateliers sncf, le marais du vigueirat o\u00f9 l&rsquo;\u00e9glise saint blaise, par le biais de notre location de v\u00e9lo sympa Arles les Alyscamps, sont des hauts lieux qui ne vous [&hellip;]<\/p>","protected":false},"author":1,"featured_media":0,"comment_status":"open","ping_status":"open","sticky":false,"template":"","format":"standard","meta":{"footnotes":""},"categories":[55],"tags":[],"aioseo_notices":[],"yoast_head":"<!-- This site is optimized with the Yoast SEO plugin v22.3 - https:\/\/yoast.com\/wordpress\/plugins\/seo\/ -->\n<title>Bon plan : la location de v\u00e9lo sympa dans Arles les Alyscamps - Visiter Arles<\/title>\n<meta name=\"robots\" content=\"index, follow, max-snippet:-1, max-image-preview:large, max-video-preview:-1\" \/>\n<link rel=\"canonical\" href=\"https:\/\/www.visiterarles.com\/en\/blog\/2014\/09\/20\/bon-plan-la-location-de-velo-sympa-dans-arles-les-alyscs-1635\/\" \/>\n<meta name=\"twitter:label1\" content=\"Written by\" \/>\n\t<meta name=\"twitter:data1\" content=\"Linkadm\" \/>\n\t<meta name=\"twitter:label2\" content=\"Estimated reading time\" \/>\n\t<meta name=\"twitter:data2\" content=\"1 minute\" \/>\n<script type=\"application\/ld+json\" class=\"yoast-schema-graph\">{\"@context\":\"https:\/\/schema.org\",\"@graph\":[{\"@type\":\"Article\",\"@id\":\"https:\/\/www.visiterarles.com\/blog\/2014\/09\/20\/bon-plan-la-location-de-velo-sympa-dans-arles-les-alyscs-1635\/#article\",\"isPartOf\":{\"@id\":\"https:\/\/www.visiterarles.com\/blog\/2014\/09\/20\/bon-plan-la-location-de-velo-sympa-dans-arles-les-alyscs-1635\/\"},\"author\":{\"name\":\"Linkadm\",\"@id\":\"https:\/\/www.visiterarles.com\/en\/#\/schema\/person\/ba5912e4613018f479a2d86815a53576\"},\"headline\":\"Bon plan : la location de v\u00e9lo sympa dans Arles les Alyscamps\",\"datePublished\":\"2014-09-20T08:51:00+00:00\",\"dateModified\":\"2014-09-20T08:51:00+00:00\",\"mainEntityOfPage\":{\"@id\":\"https:\/\/www.visiterarles.com\/blog\/2014\/09\/20\/bon-plan-la-location-de-velo-sympa-dans-arles-les-alyscs-1635\/\"},\"wordCount\":219,\"commentCount\":0,\"publisher\":{\"@id\":\"https:\/\/www.visiterarles.com\/en\/#organization\"},\"articleSection\":[\"Informations\"],\"inLanguage\":\"en-GB\",\"potentialAction\":[{\"@type\":\"CommentAction\",\"name\":\"Comment\",\"target\":[\"https:\/\/www.visiterarles.com\/blog\/2014\/09\/20\/bon-plan-la-location-de-velo-sympa-dans-arles-les-alyscs-1635\/#respond\"]}]},{\"@type\":\"WebPage\",\"@id\":\"https:\/\/www.visiterarles.com\/blog\/2014\/09\/20\/bon-plan-la-location-de-velo-sympa-dans-arles-les-alyscs-1635\/\",\"url\":\"https:\/\/www.visiterarles.com\/blog\/2014\/09\/20\/bon-plan-la-location-de-velo-sympa-dans-arles-les-alyscs-1635\/\",\"name\":\"Bon plan : la location de v\u00e9lo sympa dans Arles les Alyscamps - Visiter Arles\",\"isPartOf\":{\"@id\":\"https:\/\/www.visiterarles.com\/en\/#website\"},\"datePublished\":\"2014-09-20T08:51:00+00:00\",\"dateModified\":\"2014-09-20T08:51:00+00:00\",\"breadcrumb\":{\"@id\":\"https:\/\/www.visiterarles.com\/blog\/2014\/09\/20\/bon-plan-la-location-de-velo-sympa-dans-arles-les-alyscs-1635\/#breadcrumb\"},\"inLanguage\":\"en-GB\",\"potentialAction\":[{\"@type\":\"ReadAction\",\"target\":[\"https:\/\/www.visiterarles.com\/blog\/2014\/09\/20\/bon-plan-la-location-de-velo-sympa-dans-arles-les-alyscs-1635\/\"]}]},{\"@type\":\"BreadcrumbList\",\"@id\":\"https:\/\/www.visiterarles.com\/blog\/2014\/09\/20\/bon-plan-la-location-de-velo-sympa-dans-arles-les-alyscs-1635\/#breadcrumb\",\"itemListElement\":[{\"@type\":\"ListItem\",\"position\":1,\"name\":\"Home\",\"item\":\"https:\/\/www.visiterarles.com\/\"},{\"@type\":\"ListItem\",\"position\":2,\"name\":\"Bon plan : la location de v\u00e9lo sympa dans Arles les Alyscamps\"}]},{\"@type\":\"WebSite\",\"@id\":\"https:\/\/www.visiterarles.com\/en\/#website\",\"url\":\"https:\/\/www.visiterarles.com\/en\/\",\"name\":\"Visiter Arles\",\"description\":\"Tourisme en Provence \u00e0 Arles\",\"publisher\":{\"@id\":\"https:\/\/www.visiterarles.com\/en\/#organization\"},\"potentialAction\":[{\"@type\":\"SearchAction\",\"target\":{\"@type\":\"EntryPoint\",\"urlTemplate\":\"https:\/\/www.visiterarles.com\/en\/?s={search_term_string}\"},\"query-input\":\"required name=search_term_string\"}],\"inLanguage\":\"en-GB\"},{\"@type\":\"Organization\",\"@id\":\"https:\/\/www.visiterarles.com\/en\/#organization\",\"name\":\"Visiter Arles\",\"url\":\"https:\/\/www.visiterarles.com\/en\/\",\"logo\":{\"@type\":\"ImageObject\",\"inLanguage\":\"en-GB\",\"@id\":\"https:\/\/www.visiterarles.com\/en\/#\/schema\/logo\/image\/\",\"url\":\"https:\/\/www.visiterarles.com\/wp-content\/uploads\/2017\/10\/taco-and-co-1-1.jpg\",\"contentUrl\":\"https:\/\/www.visiterarles.com\/wp-content\/uploads\/2017\/10\/taco-and-co-1-1.jpg\",\"width\":124,\"height\":73,\"caption\":\"Visiter Arles\"},\"image\":{\"@id\":\"https:\/\/www.visiterarles.com\/en\/#\/schema\/logo\/image\/\"}},{\"@type\":\"Person\",\"@id\":\"https:\/\/www.visiterarles.com\/en\/#\/schema\/person\/ba5912e4613018f479a2d86815a53576\",\"name\":\"Linkadm\",\"image\":{\"@type\":\"ImageObject\",\"inLanguage\":\"en-GB\",\"@id\":\"https:\/\/www.visiterarles.com\/en\/#\/schema\/person\/image\/\",\"url\":\"https:\/\/secure.gravatar.com\/avatar\/4709ec209921503e8d8cc96168eddc49?s=96&d=mm&r=g\",\"contentUrl\":\"https:\/\/secure.gravatar.com\/avatar\/4709ec209921503e8d8cc96168eddc49?s=96&d=mm&r=g\",\"caption\":\"Linkadm\"},\"url\":\"https:\/\/www.visiterarles.com\/en\/blog\/author\/admin\/\"}]}<\/script>\n<!-- \/ Yoast SEO plugin. -->","yoast_head_json":{"title":"Bon plan : la location de v\u00e9lo sympa dans Arles les Alyscamps - Visiter Arles","robots":{"index":"index","follow":"follow","max-snippet":"max-snippet:-1","max-image-preview":"max-image-preview:large","max-video-preview":"max-video-preview:-1"},"canonical":"https:\/\/www.visiterarles.com\/en\/blog\/2014\/09\/20\/bon-plan-la-location-de-velo-sympa-dans-arles-les-alyscs-1635\/","twitter_misc":{"Written by":"Linkadm","Estimated reading time":"1 minute"},"schema":{"@context":"https:\/\/schema.org","@graph":[{"@type":"Article","@id":"https:\/\/www.visiterarles.com\/blog\/2014\/09\/20\/bon-plan-la-location-de-velo-sympa-dans-arles-les-alyscs-1635\/#article","isPartOf":{"@id":"https:\/\/www.visiterarles.com\/blog\/2014\/09\/20\/bon-plan-la-location-de-velo-sympa-dans-arles-les-alyscs-1635\/"},"author":{"name":"Linkadm","@id":"https:\/\/www.visiterarles.com\/en\/#\/schema\/person\/ba5912e4613018f479a2d86815a53576"},"headline":"Bon plan : la location de v\u00e9lo sympa dans Arles les Alyscamps","datePublished":"2014-09-20T08:51:00+00:00","dateModified":"2014-09-20T08:51:00+00:00","mainEntityOfPage":{"@id":"https:\/\/www.visiterarles.com\/blog\/2014\/09\/20\/bon-plan-la-location-de-velo-sympa-dans-arles-les-alyscs-1635\/"},"wordCount":219,"commentCount":0,"publisher":{"@id":"https:\/\/www.visiterarles.com\/en\/#organization"},"articleSection":["Informations"],"inLanguage":"en-GB","potentialAction":[{"@type":"CommentAction","name":"Comment","target":["https:\/\/www.visiterarles.com\/blog\/2014\/09\/20\/bon-plan-la-location-de-velo-sympa-dans-arles-les-alyscs-1635\/#respond"]}]},{"@type":"WebPage","@id":"https:\/\/www.visiterarles.com\/blog\/2014\/09\/20\/bon-plan-la-location-de-velo-sympa-dans-arles-les-alyscs-1635\/","url":"https:\/\/www.visiterarles.com\/blog\/2014\/09\/20\/bon-plan-la-location-de-velo-sympa-dans-arles-les-alyscs-1635\/","name":"Bon plan : la location de v\u00e9lo sympa dans Arles les Alyscamps - Visiter Arles","isPartOf":{"@id":"https:\/\/www.visiterarles.com\/en\/#website"},"datePublished":"2014-09-20T08:51:00+00:00","dateModified":"2014-09-20T08:51:00+00:00","breadcrumb":{"@id":"https:\/\/www.visiterarles.com\/blog\/2014\/09\/20\/bon-plan-la-location-de-velo-sympa-dans-arles-les-alyscs-1635\/#breadcrumb"},"inLanguage":"en-GB","potentialAction":[{"@type":"ReadAction","target":["https:\/\/www.visiterarles.com\/blog\/2014\/09\/20\/bon-plan-la-location-de-velo-sympa-dans-arles-les-alyscs-1635\/"]}]},{"@type":"BreadcrumbList","@id":"https:\/\/www.visiterarles.com\/blog\/2014\/09\/20\/bon-plan-la-location-de-velo-sympa-dans-arles-les-alyscs-1635\/#breadcrumb","itemListElement":[{"@type":"ListItem","position":1,"name":"Home","item":"https:\/\/www.visiterarles.com\/"},{"@type":"ListItem","position":2,"name":"Bon plan : la location de v\u00e9lo sympa dans Arles les Alyscamps"}]},{"@type":"WebSite","@id":"https:\/\/www.visiterarles.com\/en\/#website","url":"https:\/\/www.visiterarles.com\/en\/","name":"Visiter Arles","description":"Tourisme en Provence \u00e0 Arles","publisher":{"@id":"https:\/\/www.visiterarles.com\/en\/#organization"},"potentialAction":[{"@type":"SearchAction","target":{"@type":"EntryPoint","urlTemplate":"https:\/\/www.visiterarles.com\/en\/?s={search_term_string}"},"query-input":"required name=search_term_string"}],"inLanguage":"en-GB"},{"@type":"Organization","@id":"https:\/\/www.visiterarles.com\/en\/#organization","name":"Visiter Arles","url":"https:\/\/www.visiterarles.com\/en\/","logo":{"@type":"ImageObject","inLanguage":"en-GB","@id":"https:\/\/www.visiterarles.com\/en\/#\/schema\/logo\/image\/","url":"https:\/\/www.visiterarles.com\/wp-content\/uploads\/2017\/10\/taco-and-co-1-1.jpg","contentUrl":"https:\/\/www.visiterarles.com\/wp-content\/uploads\/2017\/10\/taco-and-co-1-1.jpg","width":124,"height":73,"caption":"Visiter Arles"},"image":{"@id":"https:\/\/www.visiterarles.com\/en\/#\/schema\/logo\/image\/"}},{"@type":"Person","@id":"https:\/\/www.visiterarles.com\/en\/#\/schema\/person\/ba5912e4613018f479a2d86815a53576","name":"Linkadm","image":{"@type":"ImageObject","inLanguage":"en-GB","@id":"https:\/\/www.visiterarles.com\/en\/#\/schema\/person\/image\/","url":"https:\/\/secure.gravatar.com\/avatar\/4709ec209921503e8d8cc96168eddc49?s=96&d=mm&r=g","contentUrl":"https:\/\/secure.gravatar.com\/avatar\/4709ec209921503e8d8cc96168eddc49?s=96&d=mm&r=g","caption":"Linkadm"},"url":"https:\/\/www.visiterarles.com\/en\/blog\/author\/admin\/"}]}},"_links":{"self":[{"href":"https:\/\/www.visiterarles.com\/en\/wp-json\/wp\/v2\/posts\/27956"}],"collection":[{"href":"https:\/\/www.visiterarles.com\/en\/wp-json\/wp\/v2\/posts"}],"about":[{"href":"https:\/\/www.visiterarles.com\/en\/wp-json\/wp\/v2\/types\/post"}],"author":[{"embeddable":true,"href":"https:\/\/www.visiterarles.com\/en\/wp-json\/wp\/v2\/users\/1"}],"replies":[{"embeddable":true,"href":"https:\/\/www.visiterarles.com\/en\/wp-json\/wp\/v2\/comments?post=27956"}],"version-history":[{"count":0,"href":"https:\/\/www.visiterarles.com\/en\/wp-json\/wp\/v2\/posts\/27956\/revisions"}],"wp:attachment":[{"href":"https:\/\/www.visiterarles.com\/en\/wp-json\/wp\/v2\/media?parent=27956"}],"wp:term":[{"taxonomy":"category","embeddable":true,"href":"https:\/\/www.visiterarles.com\/en\/wp-json\/wp\/v2\/categories?post=27956"},{"taxonomy":"post_tag","embeddable":true,"href":"https:\/\/www.visiterarles.com\/en\/wp-json\/wp\/v2\/tags?post=27956"}],"curies":[{"name":"wp","href":"https:\/\/api.w.org\/{rel}","templated":true}]}}