{"id":27959,"date":"2014-09-20T16:38:00","date_gmt":"2014-09-20T16:38:00","guid":{"rendered":"http:\/\/www.visiterarles.com\/en-un-jour-arles-quartier-des-arenes-la-location-de-velo-1094\/"},"modified":"2014-09-20T16:38:00","modified_gmt":"2014-09-20T16:38:00","slug":"en-un-jour-arles-quartier-des-arenes-la-location-de-velo-1094","status":"publish","type":"post","link":"https:\/\/www.visiterarles.com\/en\/blog\/2014\/09\/20\/en-un-jour-arles-quartier-des-arenes-la-location-de-velo-1094\/","title":{"rendered":"En un jour Arles quartier des ar\u00e8nes : la location de v\u00e9lo"},"content":{"rendered":"<h4>O\u00f9 d\u00e9goter une location de v\u00e9lo en un jour \u00e0 Arles quartier des ar\u00e8nes<\/h4>\n<p>Des thermes de constantin, de l&rsquo;ecomus\u00e9e du sel o\u00f9 alors du march\u00e9 de provenceles cryptoportiques, le village de salins o\u00f9 alors la tour des mourgues, via notre location de v\u00e9lo en un jour Arles quartier des ar\u00e8nes, sont des hauts lieux qui ne vous \u00e9chapperont pas au sein de cette commune splendide. Une sympathique <a href=\"http:\/\/www.visiterarles.com\/en\/votre-location-de-velo-en-un-jour-au-sein-darles-643\/\">location de v\u00e9lo en un jour Arles<\/a> quartier des ar\u00e8nes, pour ne citer que cela, vous fera profiter pleinement de la vie au sein de cette commune splendide, ordinairement avec la sensation d&rsquo;\u0153uvrer de fa\u00e7on \u00e9cologique, tout en proposant toute la richesse de la culture.<\/p>\n<h4>Une option respectueuse de l&rsquo;environnement : location de v\u00e9lo en un jour \u00e0 Arles<\/h4>\n<p>Prendre connaissance du majestueux capital de la commune via notre location de v\u00e9lo en un jour \u00e0 Arles peut s&rsquo;av\u00e9rer \u00eatre une solution appropri\u00e9e pour qui le d\u00e9sire. En arrivant \u00e0 Arles, vous pourrez r\u00e9clamer notre location de v\u00e9lo dans la station. Les visiteurs en tout genre aimeront notre location de v\u00e9lo sur Arles, en un jour qui leur plaira incontestablement.<\/p>","protected":false},"excerpt":{"rendered":"<p>O\u00f9 d\u00e9goter une location de v\u00e9lo en un jour \u00e0 Arles quartier des ar\u00e8nes Des thermes de constantin, de l&rsquo;ecomus\u00e9e du sel o\u00f9 alors du march\u00e9 de provenceles cryptoportiques, le village de salins o\u00f9 alors la tour des mourgues, via notre location de v\u00e9lo en un jour Arles quartier des ar\u00e8nes, sont des hauts lieux [&hellip;]<\/p>","protected":false},"author":1,"featured_media":0,"comment_status":"open","ping_status":"open","sticky":false,"template":"","format":"standard","meta":{"footnotes":""},"categories":[55],"tags":[],"aioseo_notices":[],"yoast_head":"<!-- This site is optimized with the Yoast SEO plugin v22.3 - https:\/\/yoast.com\/wordpress\/plugins\/seo\/ -->\n<title>En un jour Arles quartier des ar\u00e8nes : la location de v\u00e9lo - Visiter Arles<\/title>\n<meta name=\"robots\" content=\"index, follow, max-snippet:-1, max-image-preview:large, max-video-preview:-1\" \/>\n<link rel=\"canonical\" href=\"https:\/\/www.visiterarles.com\/en\/blog\/2014\/09\/20\/en-un-jour-arles-quartier-des-arenes-la-location-de-velo-1094\/\" \/>\n<meta name=\"twitter:label1\" content=\"Written by\" \/>\n\t<meta name=\"twitter:data1\" content=\"Linkadm\" \/>\n\t<meta name=\"twitter:label2\" content=\"Estimated reading time\" \/>\n\t<meta name=\"twitter:data2\" content=\"1 minute\" \/>\n<script type=\"application\/ld+json\" class=\"yoast-schema-graph\">{\"@context\":\"https:\/\/schema.org\",\"@graph\":[{\"@type\":\"Article\",\"@id\":\"https:\/\/www.visiterarles.com\/en\/blog\/2014\/09\/20\/en-un-jour-arles-quartier-des-arenes-la-location-de-velo-1094\/#article\",\"isPartOf\":{\"@id\":\"https:\/\/www.visiterarles.com\/en\/blog\/2014\/09\/20\/en-un-jour-arles-quartier-des-arenes-la-location-de-velo-1094\/\"},\"author\":{\"name\":\"Linkadm\",\"@id\":\"https:\/\/www.visiterarles.com\/en\/#\/schema\/person\/ba5912e4613018f479a2d86815a53576\"},\"headline\":\"En un jour Arles quartier des ar\u00e8nes : la location de v\u00e9lo\",\"datePublished\":\"2014-09-20T16:38:00+00:00\",\"dateModified\":\"2014-09-20T16:38:00+00:00\",\"mainEntityOfPage\":{\"@id\":\"https:\/\/www.visiterarles.com\/en\/blog\/2014\/09\/20\/en-un-jour-arles-quartier-des-arenes-la-location-de-velo-1094\/\"},\"wordCount\":217,\"commentCount\":0,\"publisher\":{\"@id\":\"https:\/\/www.visiterarles.com\/en\/#organization\"},\"articleSection\":[\"Informations\"],\"inLanguage\":\"en-GB\",\"potentialAction\":[{\"@type\":\"CommentAction\",\"name\":\"Comment\",\"target\":[\"https:\/\/www.visiterarles.com\/en\/blog\/2014\/09\/20\/en-un-jour-arles-quartier-des-arenes-la-location-de-velo-1094\/#respond\"]}]},{\"@type\":\"WebPage\",\"@id\":\"https:\/\/www.visiterarles.com\/en\/blog\/2014\/09\/20\/en-un-jour-arles-quartier-des-arenes-la-location-de-velo-1094\/\",\"url\":\"https:\/\/www.visiterarles.com\/en\/blog\/2014\/09\/20\/en-un-jour-arles-quartier-des-arenes-la-location-de-velo-1094\/\",\"name\":\"En un jour Arles quartier des ar\u00e8nes : la location de v\u00e9lo - Visiter Arles\",\"isPartOf\":{\"@id\":\"https:\/\/www.visiterarles.com\/en\/#website\"},\"datePublished\":\"2014-09-20T16:38:00+00:00\",\"dateModified\":\"2014-09-20T16:38:00+00:00\",\"breadcrumb\":{\"@id\":\"https:\/\/www.visiterarles.com\/en\/blog\/2014\/09\/20\/en-un-jour-arles-quartier-des-arenes-la-location-de-velo-1094\/#breadcrumb\"},\"inLanguage\":\"en-GB\",\"potentialAction\":[{\"@type\":\"ReadAction\",\"target\":[\"https:\/\/www.visiterarles.com\/en\/blog\/2014\/09\/20\/en-un-jour-arles-quartier-des-arenes-la-location-de-velo-1094\/\"]}]},{\"@type\":\"BreadcrumbList\",\"@id\":\"https:\/\/www.visiterarles.com\/en\/blog\/2014\/09\/20\/en-un-jour-arles-quartier-des-arenes-la-location-de-velo-1094\/#breadcrumb\",\"itemListElement\":[{\"@type\":\"ListItem\",\"position\":1,\"name\":\"Home\",\"item\":\"https:\/\/www.visiterarles.com\/\"},{\"@type\":\"ListItem\",\"position\":2,\"name\":\"En un jour Arles quartier des ar\u00e8nes : la location de v\u00e9lo\"}]},{\"@type\":\"WebSite\",\"@id\":\"https:\/\/www.visiterarles.com\/en\/#website\",\"url\":\"https:\/\/www.visiterarles.com\/en\/\",\"name\":\"Visiter Arles\",\"description\":\"Tourisme en Provence \u00e0 Arles\",\"publisher\":{\"@id\":\"https:\/\/www.visiterarles.com\/en\/#organization\"},\"potentialAction\":[{\"@type\":\"SearchAction\",\"target\":{\"@type\":\"EntryPoint\",\"urlTemplate\":\"https:\/\/www.visiterarles.com\/en\/?s={search_term_string}\"},\"query-input\":\"required name=search_term_string\"}],\"inLanguage\":\"en-GB\"},{\"@type\":\"Organization\",\"@id\":\"https:\/\/www.visiterarles.com\/en\/#organization\",\"name\":\"Visiter Arles\",\"url\":\"https:\/\/www.visiterarles.com\/en\/\",\"logo\":{\"@type\":\"ImageObject\",\"inLanguage\":\"en-GB\",\"@id\":\"https:\/\/www.visiterarles.com\/en\/#\/schema\/logo\/image\/\",\"url\":\"https:\/\/www.visiterarles.com\/wp-content\/uploads\/2017\/10\/taco-and-co-1-1.jpg\",\"contentUrl\":\"https:\/\/www.visiterarles.com\/wp-content\/uploads\/2017\/10\/taco-and-co-1-1.jpg\",\"width\":124,\"height\":73,\"caption\":\"Visiter Arles\"},\"image\":{\"@id\":\"https:\/\/www.visiterarles.com\/en\/#\/schema\/logo\/image\/\"}},{\"@type\":\"Person\",\"@id\":\"https:\/\/www.visiterarles.com\/en\/#\/schema\/person\/ba5912e4613018f479a2d86815a53576\",\"name\":\"Linkadm\",\"image\":{\"@type\":\"ImageObject\",\"inLanguage\":\"en-GB\",\"@id\":\"https:\/\/www.visiterarles.com\/en\/#\/schema\/person\/image\/\",\"url\":\"https:\/\/secure.gravatar.com\/avatar\/4709ec209921503e8d8cc96168eddc49?s=96&d=mm&r=g\",\"contentUrl\":\"https:\/\/secure.gravatar.com\/avatar\/4709ec209921503e8d8cc96168eddc49?s=96&d=mm&r=g\",\"caption\":\"Linkadm\"},\"url\":\"https:\/\/www.visiterarles.com\/en\/blog\/author\/admin\/\"}]}<\/script>\n<!-- \/ Yoast SEO plugin. -->","yoast_head_json":{"title":"En un jour Arles quartier des ar\u00e8nes : la location de v\u00e9lo - Visiter Arles","robots":{"index":"index","follow":"follow","max-snippet":"max-snippet:-1","max-image-preview":"max-image-preview:large","max-video-preview":"max-video-preview:-1"},"canonical":"https:\/\/www.visiterarles.com\/en\/blog\/2014\/09\/20\/en-un-jour-arles-quartier-des-arenes-la-location-de-velo-1094\/","twitter_misc":{"Written by":"Linkadm","Estimated reading time":"1 minute"},"schema":{"@context":"https:\/\/schema.org","@graph":[{"@type":"Article","@id":"https:\/\/www.visiterarles.com\/en\/blog\/2014\/09\/20\/en-un-jour-arles-quartier-des-arenes-la-location-de-velo-1094\/#article","isPartOf":{"@id":"https:\/\/www.visiterarles.com\/en\/blog\/2014\/09\/20\/en-un-jour-arles-quartier-des-arenes-la-location-de-velo-1094\/"},"author":{"name":"Linkadm","@id":"https:\/\/www.visiterarles.com\/en\/#\/schema\/person\/ba5912e4613018f479a2d86815a53576"},"headline":"En un jour Arles quartier des ar\u00e8nes : la location de v\u00e9lo","datePublished":"2014-09-20T16:38:00+00:00","dateModified":"2014-09-20T16:38:00+00:00","mainEntityOfPage":{"@id":"https:\/\/www.visiterarles.com\/en\/blog\/2014\/09\/20\/en-un-jour-arles-quartier-des-arenes-la-location-de-velo-1094\/"},"wordCount":217,"commentCount":0,"publisher":{"@id":"https:\/\/www.visiterarles.com\/en\/#organization"},"articleSection":["Informations"],"inLanguage":"en-GB","potentialAction":[{"@type":"CommentAction","name":"Comment","target":["https:\/\/www.visiterarles.com\/en\/blog\/2014\/09\/20\/en-un-jour-arles-quartier-des-arenes-la-location-de-velo-1094\/#respond"]}]},{"@type":"WebPage","@id":"https:\/\/www.visiterarles.com\/en\/blog\/2014\/09\/20\/en-un-jour-arles-quartier-des-arenes-la-location-de-velo-1094\/","url":"https:\/\/www.visiterarles.com\/en\/blog\/2014\/09\/20\/en-un-jour-arles-quartier-des-arenes-la-location-de-velo-1094\/","name":"En un jour Arles quartier des ar\u00e8nes : la location de v\u00e9lo - Visiter Arles","isPartOf":{"@id":"https:\/\/www.visiterarles.com\/en\/#website"},"datePublished":"2014-09-20T16:38:00+00:00","dateModified":"2014-09-20T16:38:00+00:00","breadcrumb":{"@id":"https:\/\/www.visiterarles.com\/en\/blog\/2014\/09\/20\/en-un-jour-arles-quartier-des-arenes-la-location-de-velo-1094\/#breadcrumb"},"inLanguage":"en-GB","potentialAction":[{"@type":"ReadAction","target":["https:\/\/www.visiterarles.com\/en\/blog\/2014\/09\/20\/en-un-jour-arles-quartier-des-arenes-la-location-de-velo-1094\/"]}]},{"@type":"BreadcrumbList","@id":"https:\/\/www.visiterarles.com\/en\/blog\/2014\/09\/20\/en-un-jour-arles-quartier-des-arenes-la-location-de-velo-1094\/#breadcrumb","itemListElement":[{"@type":"ListItem","position":1,"name":"Home","item":"https:\/\/www.visiterarles.com\/"},{"@type":"ListItem","position":2,"name":"En un jour Arles quartier des ar\u00e8nes : la location de v\u00e9lo"}]},{"@type":"WebSite","@id":"https:\/\/www.visiterarles.com\/en\/#website","url":"https:\/\/www.visiterarles.com\/en\/","name":"Visiter Arles","description":"Tourisme en Provence \u00e0 Arles","publisher":{"@id":"https:\/\/www.visiterarles.com\/en\/#organization"},"potentialAction":[{"@type":"SearchAction","target":{"@type":"EntryPoint","urlTemplate":"https:\/\/www.visiterarles.com\/en\/?s={search_term_string}"},"query-input":"required name=search_term_string"}],"inLanguage":"en-GB"},{"@type":"Organization","@id":"https:\/\/www.visiterarles.com\/en\/#organization","name":"Visiter Arles","url":"https:\/\/www.visiterarles.com\/en\/","logo":{"@type":"ImageObject","inLanguage":"en-GB","@id":"https:\/\/www.visiterarles.com\/en\/#\/schema\/logo\/image\/","url":"https:\/\/www.visiterarles.com\/wp-content\/uploads\/2017\/10\/taco-and-co-1-1.jpg","contentUrl":"https:\/\/www.visiterarles.com\/wp-content\/uploads\/2017\/10\/taco-and-co-1-1.jpg","width":124,"height":73,"caption":"Visiter Arles"},"image":{"@id":"https:\/\/www.visiterarles.com\/en\/#\/schema\/logo\/image\/"}},{"@type":"Person","@id":"https:\/\/www.visiterarles.com\/en\/#\/schema\/person\/ba5912e4613018f479a2d86815a53576","name":"Linkadm","image":{"@type":"ImageObject","inLanguage":"en-GB","@id":"https:\/\/www.visiterarles.com\/en\/#\/schema\/person\/image\/","url":"https:\/\/secure.gravatar.com\/avatar\/4709ec209921503e8d8cc96168eddc49?s=96&d=mm&r=g","contentUrl":"https:\/\/secure.gravatar.com\/avatar\/4709ec209921503e8d8cc96168eddc49?s=96&d=mm&r=g","caption":"Linkadm"},"url":"https:\/\/www.visiterarles.com\/en\/blog\/author\/admin\/"}]}},"_links":{"self":[{"href":"https:\/\/www.visiterarles.com\/en\/wp-json\/wp\/v2\/posts\/27959"}],"collection":[{"href":"https:\/\/www.visiterarles.com\/en\/wp-json\/wp\/v2\/posts"}],"about":[{"href":"https:\/\/www.visiterarles.com\/en\/wp-json\/wp\/v2\/types\/post"}],"author":[{"embeddable":true,"href":"https:\/\/www.visiterarles.com\/en\/wp-json\/wp\/v2\/users\/1"}],"replies":[{"embeddable":true,"href":"https:\/\/www.visiterarles.com\/en\/wp-json\/wp\/v2\/comments?post=27959"}],"version-history":[{"count":0,"href":"https:\/\/www.visiterarles.com\/en\/wp-json\/wp\/v2\/posts\/27959\/revisions"}],"wp:attachment":[{"href":"https:\/\/www.visiterarles.com\/en\/wp-json\/wp\/v2\/media?parent=27959"}],"wp:term":[{"taxonomy":"category","embeddable":true,"href":"https:\/\/www.visiterarles.com\/en\/wp-json\/wp\/v2\/categories?post=27959"},{"taxonomy":"post_tag","embeddable":true,"href":"https:\/\/www.visiterarles.com\/en\/wp-json\/wp\/v2\/tags?post=27959"}],"curies":[{"name":"wp","href":"https:\/\/api.w.org\/{rel}","templated":true}]}}