{"id":27995,"date":"2014-09-26T17:49:00","date_gmt":"2014-09-26T17:49:00","guid":{"rendered":"http:\/\/www.visiterarles.com\/bon-plan-la-location-de-velo-pour-visiter-les-musees-sur-arles-les-alyscs-1734\/"},"modified":"2014-09-26T17:49:00","modified_gmt":"2014-09-26T17:49:00","slug":"bon-plan-la-location-de-velo-pour-visiter-les-musees-sur-arles-les-alyscs-1734","status":"publish","type":"post","link":"https:\/\/www.visiterarles.com\/en\/blog\/2014\/09\/26\/bon-plan-la-location-de-velo-pour-visiter-les-musees-sur-arles-les-alyscs-1734\/","title":{"rendered":"Bon plan : la location de v\u00e9lo pour visiter les mus\u00e9es sur Arles les Alyscamps"},"content":{"rendered":"<h4>O\u00f9 rep\u00e9rer une location de v\u00e9lo pour visiter les mus\u00e9es sur Arles les Alyscamps<\/h4>\n<p>Arles se trouve \u00eatre une sympathique ville magnifique, la vie culturelle, ainsi que les beaux lieux, comme les thermes de constantin, le marais du vigueirat o\u00f9 alors le march\u00e9 de provence ne manquent pas. Une sympathique <a href=\"http:\/\/www.visiterarles.com\/en\/arles-location-de-velo-pour-visiter-les-musees-avec-taco-co-1925\/\">location de v\u00e9lo pour visiter les mus\u00e9es \u00e0 Arles<\/a> les Alyscamps, entre autres, vous fera profiter pleinement de l\u2019existence dans cette ville magnifique, en tout cas avec l&rsquo;impression d&rsquo;\u0153uvrer d\u2019une mani\u00e8re \u00e9co-responsable, tout en proposant une vie culturelle des plus riches.<\/p>\n<h4>Pour quelle raison s\u00e9lectionner notre location de v\u00e9lo pour visiter les mus\u00e9es sur Arles :<\/h4>\n<p>Lorsqu\u2019on a l\u2019intention de prendre connaissance du sublime centre historique, la location de v\u00e9lo pour visiter les mus\u00e9es sur Arles, pour ne prendre que cet exemple, s\u2019av\u00e8re \u00eatre parfaite. O\u00f9 que vous soyez \u00e0 Arles, il vous sera possible de profiter pleinement de notre location de v\u00e9lo en toute s\u00e9r\u00e9nit\u00e9. Une location de v\u00e9lo sur Arles, pour visiter les mus\u00e9es peut para\u00eetre une offre qui ira \u00e0 tous de m\u00eame qu\u2019aux touristes.<\/p>","protected":false},"excerpt":{"rendered":"<p>O\u00f9 rep\u00e9rer une location de v\u00e9lo pour visiter les mus\u00e9es sur Arles les Alyscamps Arles se trouve \u00eatre une sympathique ville magnifique, la vie culturelle, ainsi que les beaux lieux, comme les thermes de constantin, le marais du vigueirat o\u00f9 alors le march\u00e9 de provence ne manquent pas. Une sympathique location de v\u00e9lo pour visiter [&hellip;]<\/p>","protected":false},"author":1,"featured_media":0,"comment_status":"open","ping_status":"open","sticky":false,"template":"","format":"standard","meta":{"footnotes":""},"categories":[55],"tags":[],"aioseo_notices":[],"yoast_head":"<!-- This site is optimized with the Yoast SEO plugin v22.3 - https:\/\/yoast.com\/wordpress\/plugins\/seo\/ -->\n<title>Bon plan : la location de v\u00e9lo pour visiter les mus\u00e9es sur Arles les Alyscamps - Visiter Arles<\/title>\n<meta name=\"robots\" content=\"index, follow, max-snippet:-1, max-image-preview:large, max-video-preview:-1\" \/>\n<link rel=\"canonical\" href=\"https:\/\/www.visiterarles.com\/en\/blog\/2014\/09\/26\/bon-plan-la-location-de-velo-pour-visiter-les-musees-sur-arles-les-alyscs-1734\/\" \/>\n<meta name=\"twitter:label1\" content=\"Written by\" \/>\n\t<meta name=\"twitter:data1\" content=\"Linkadm\" \/>\n\t<meta name=\"twitter:label2\" content=\"Estimated reading time\" \/>\n\t<meta name=\"twitter:data2\" content=\"1 minute\" \/>\n<script type=\"application\/ld+json\" class=\"yoast-schema-graph\">{\"@context\":\"https:\/\/schema.org\",\"@graph\":[{\"@type\":\"Article\",\"@id\":\"https:\/\/www.visiterarles.com\/en\/blog\/2014\/09\/26\/bon-plan-la-location-de-velo-pour-visiter-les-musees-sur-arles-les-alyscs-1734\/#article\",\"isPartOf\":{\"@id\":\"https:\/\/www.visiterarles.com\/en\/blog\/2014\/09\/26\/bon-plan-la-location-de-velo-pour-visiter-les-musees-sur-arles-les-alyscs-1734\/\"},\"author\":{\"name\":\"Linkadm\",\"@id\":\"https:\/\/www.visiterarles.com\/en\/#\/schema\/person\/ba5912e4613018f479a2d86815a53576\"},\"headline\":\"Bon plan : la location de v\u00e9lo pour visiter les mus\u00e9es sur Arles les Alyscamps\",\"datePublished\":\"2014-09-26T17:49:00+00:00\",\"dateModified\":\"2014-09-26T17:49:00+00:00\",\"mainEntityOfPage\":{\"@id\":\"https:\/\/www.visiterarles.com\/en\/blog\/2014\/09\/26\/bon-plan-la-location-de-velo-pour-visiter-les-musees-sur-arles-les-alyscs-1734\/\"},\"wordCount\":217,\"commentCount\":0,\"publisher\":{\"@id\":\"https:\/\/www.visiterarles.com\/en\/#organization\"},\"articleSection\":[\"Informations\"],\"inLanguage\":\"en-GB\",\"potentialAction\":[{\"@type\":\"CommentAction\",\"name\":\"Comment\",\"target\":[\"https:\/\/www.visiterarles.com\/en\/blog\/2014\/09\/26\/bon-plan-la-location-de-velo-pour-visiter-les-musees-sur-arles-les-alyscs-1734\/#respond\"]}]},{\"@type\":\"WebPage\",\"@id\":\"https:\/\/www.visiterarles.com\/en\/blog\/2014\/09\/26\/bon-plan-la-location-de-velo-pour-visiter-les-musees-sur-arles-les-alyscs-1734\/\",\"url\":\"https:\/\/www.visiterarles.com\/en\/blog\/2014\/09\/26\/bon-plan-la-location-de-velo-pour-visiter-les-musees-sur-arles-les-alyscs-1734\/\",\"name\":\"Bon plan : la location de v\u00e9lo pour visiter les mus\u00e9es sur Arles les Alyscamps - Visiter Arles\",\"isPartOf\":{\"@id\":\"https:\/\/www.visiterarles.com\/en\/#website\"},\"datePublished\":\"2014-09-26T17:49:00+00:00\",\"dateModified\":\"2014-09-26T17:49:00+00:00\",\"breadcrumb\":{\"@id\":\"https:\/\/www.visiterarles.com\/en\/blog\/2014\/09\/26\/bon-plan-la-location-de-velo-pour-visiter-les-musees-sur-arles-les-alyscs-1734\/#breadcrumb\"},\"inLanguage\":\"en-GB\",\"potentialAction\":[{\"@type\":\"ReadAction\",\"target\":[\"https:\/\/www.visiterarles.com\/en\/blog\/2014\/09\/26\/bon-plan-la-location-de-velo-pour-visiter-les-musees-sur-arles-les-alyscs-1734\/\"]}]},{\"@type\":\"BreadcrumbList\",\"@id\":\"https:\/\/www.visiterarles.com\/en\/blog\/2014\/09\/26\/bon-plan-la-location-de-velo-pour-visiter-les-musees-sur-arles-les-alyscs-1734\/#breadcrumb\",\"itemListElement\":[{\"@type\":\"ListItem\",\"position\":1,\"name\":\"Home\",\"item\":\"https:\/\/www.visiterarles.com\/\"},{\"@type\":\"ListItem\",\"position\":2,\"name\":\"Bon plan : la location de v\u00e9lo pour visiter les mus\u00e9es sur Arles les Alyscamps\"}]},{\"@type\":\"WebSite\",\"@id\":\"https:\/\/www.visiterarles.com\/en\/#website\",\"url\":\"https:\/\/www.visiterarles.com\/en\/\",\"name\":\"Visiter Arles\",\"description\":\"Tourisme en Provence \u00e0 Arles\",\"publisher\":{\"@id\":\"https:\/\/www.visiterarles.com\/en\/#organization\"},\"potentialAction\":[{\"@type\":\"SearchAction\",\"target\":{\"@type\":\"EntryPoint\",\"urlTemplate\":\"https:\/\/www.visiterarles.com\/en\/?s={search_term_string}\"},\"query-input\":\"required name=search_term_string\"}],\"inLanguage\":\"en-GB\"},{\"@type\":\"Organization\",\"@id\":\"https:\/\/www.visiterarles.com\/en\/#organization\",\"name\":\"Visiter Arles\",\"url\":\"https:\/\/www.visiterarles.com\/en\/\",\"logo\":{\"@type\":\"ImageObject\",\"inLanguage\":\"en-GB\",\"@id\":\"https:\/\/www.visiterarles.com\/en\/#\/schema\/logo\/image\/\",\"url\":\"https:\/\/www.visiterarles.com\/wp-content\/uploads\/2017\/10\/taco-and-co-1-1.jpg\",\"contentUrl\":\"https:\/\/www.visiterarles.com\/wp-content\/uploads\/2017\/10\/taco-and-co-1-1.jpg\",\"width\":124,\"height\":73,\"caption\":\"Visiter Arles\"},\"image\":{\"@id\":\"https:\/\/www.visiterarles.com\/en\/#\/schema\/logo\/image\/\"}},{\"@type\":\"Person\",\"@id\":\"https:\/\/www.visiterarles.com\/en\/#\/schema\/person\/ba5912e4613018f479a2d86815a53576\",\"name\":\"Linkadm\",\"image\":{\"@type\":\"ImageObject\",\"inLanguage\":\"en-GB\",\"@id\":\"https:\/\/www.visiterarles.com\/en\/#\/schema\/person\/image\/\",\"url\":\"https:\/\/secure.gravatar.com\/avatar\/4709ec209921503e8d8cc96168eddc49?s=96&d=mm&r=g\",\"contentUrl\":\"https:\/\/secure.gravatar.com\/avatar\/4709ec209921503e8d8cc96168eddc49?s=96&d=mm&r=g\",\"caption\":\"Linkadm\"},\"url\":\"https:\/\/www.visiterarles.com\/en\/blog\/author\/admin\/\"}]}<\/script>\n<!-- \/ Yoast SEO plugin. -->","yoast_head_json":{"title":"Bon plan : la location de v\u00e9lo pour visiter les mus\u00e9es sur Arles les Alyscamps - Visiter Arles","robots":{"index":"index","follow":"follow","max-snippet":"max-snippet:-1","max-image-preview":"max-image-preview:large","max-video-preview":"max-video-preview:-1"},"canonical":"https:\/\/www.visiterarles.com\/en\/blog\/2014\/09\/26\/bon-plan-la-location-de-velo-pour-visiter-les-musees-sur-arles-les-alyscs-1734\/","twitter_misc":{"Written by":"Linkadm","Estimated reading time":"1 minute"},"schema":{"@context":"https:\/\/schema.org","@graph":[{"@type":"Article","@id":"https:\/\/www.visiterarles.com\/en\/blog\/2014\/09\/26\/bon-plan-la-location-de-velo-pour-visiter-les-musees-sur-arles-les-alyscs-1734\/#article","isPartOf":{"@id":"https:\/\/www.visiterarles.com\/en\/blog\/2014\/09\/26\/bon-plan-la-location-de-velo-pour-visiter-les-musees-sur-arles-les-alyscs-1734\/"},"author":{"name":"Linkadm","@id":"https:\/\/www.visiterarles.com\/en\/#\/schema\/person\/ba5912e4613018f479a2d86815a53576"},"headline":"Bon plan : la location de v\u00e9lo pour visiter les mus\u00e9es sur Arles les Alyscamps","datePublished":"2014-09-26T17:49:00+00:00","dateModified":"2014-09-26T17:49:00+00:00","mainEntityOfPage":{"@id":"https:\/\/www.visiterarles.com\/en\/blog\/2014\/09\/26\/bon-plan-la-location-de-velo-pour-visiter-les-musees-sur-arles-les-alyscs-1734\/"},"wordCount":217,"commentCount":0,"publisher":{"@id":"https:\/\/www.visiterarles.com\/en\/#organization"},"articleSection":["Informations"],"inLanguage":"en-GB","potentialAction":[{"@type":"CommentAction","name":"Comment","target":["https:\/\/www.visiterarles.com\/en\/blog\/2014\/09\/26\/bon-plan-la-location-de-velo-pour-visiter-les-musees-sur-arles-les-alyscs-1734\/#respond"]}]},{"@type":"WebPage","@id":"https:\/\/www.visiterarles.com\/en\/blog\/2014\/09\/26\/bon-plan-la-location-de-velo-pour-visiter-les-musees-sur-arles-les-alyscs-1734\/","url":"https:\/\/www.visiterarles.com\/en\/blog\/2014\/09\/26\/bon-plan-la-location-de-velo-pour-visiter-les-musees-sur-arles-les-alyscs-1734\/","name":"Bon plan : la location de v\u00e9lo pour visiter les mus\u00e9es sur Arles les Alyscamps - Visiter Arles","isPartOf":{"@id":"https:\/\/www.visiterarles.com\/en\/#website"},"datePublished":"2014-09-26T17:49:00+00:00","dateModified":"2014-09-26T17:49:00+00:00","breadcrumb":{"@id":"https:\/\/www.visiterarles.com\/en\/blog\/2014\/09\/26\/bon-plan-la-location-de-velo-pour-visiter-les-musees-sur-arles-les-alyscs-1734\/#breadcrumb"},"inLanguage":"en-GB","potentialAction":[{"@type":"ReadAction","target":["https:\/\/www.visiterarles.com\/en\/blog\/2014\/09\/26\/bon-plan-la-location-de-velo-pour-visiter-les-musees-sur-arles-les-alyscs-1734\/"]}]},{"@type":"BreadcrumbList","@id":"https:\/\/www.visiterarles.com\/en\/blog\/2014\/09\/26\/bon-plan-la-location-de-velo-pour-visiter-les-musees-sur-arles-les-alyscs-1734\/#breadcrumb","itemListElement":[{"@type":"ListItem","position":1,"name":"Home","item":"https:\/\/www.visiterarles.com\/"},{"@type":"ListItem","position":2,"name":"Bon plan : la location de v\u00e9lo pour visiter les mus\u00e9es sur Arles les Alyscamps"}]},{"@type":"WebSite","@id":"https:\/\/www.visiterarles.com\/en\/#website","url":"https:\/\/www.visiterarles.com\/en\/","name":"Visiter Arles","description":"Tourisme en Provence \u00e0 Arles","publisher":{"@id":"https:\/\/www.visiterarles.com\/en\/#organization"},"potentialAction":[{"@type":"SearchAction","target":{"@type":"EntryPoint","urlTemplate":"https:\/\/www.visiterarles.com\/en\/?s={search_term_string}"},"query-input":"required name=search_term_string"}],"inLanguage":"en-GB"},{"@type":"Organization","@id":"https:\/\/www.visiterarles.com\/en\/#organization","name":"Visiter Arles","url":"https:\/\/www.visiterarles.com\/en\/","logo":{"@type":"ImageObject","inLanguage":"en-GB","@id":"https:\/\/www.visiterarles.com\/en\/#\/schema\/logo\/image\/","url":"https:\/\/www.visiterarles.com\/wp-content\/uploads\/2017\/10\/taco-and-co-1-1.jpg","contentUrl":"https:\/\/www.visiterarles.com\/wp-content\/uploads\/2017\/10\/taco-and-co-1-1.jpg","width":124,"height":73,"caption":"Visiter Arles"},"image":{"@id":"https:\/\/www.visiterarles.com\/en\/#\/schema\/logo\/image\/"}},{"@type":"Person","@id":"https:\/\/www.visiterarles.com\/en\/#\/schema\/person\/ba5912e4613018f479a2d86815a53576","name":"Linkadm","image":{"@type":"ImageObject","inLanguage":"en-GB","@id":"https:\/\/www.visiterarles.com\/en\/#\/schema\/person\/image\/","url":"https:\/\/secure.gravatar.com\/avatar\/4709ec209921503e8d8cc96168eddc49?s=96&d=mm&r=g","contentUrl":"https:\/\/secure.gravatar.com\/avatar\/4709ec209921503e8d8cc96168eddc49?s=96&d=mm&r=g","caption":"Linkadm"},"url":"https:\/\/www.visiterarles.com\/en\/blog\/author\/admin\/"}]}},"_links":{"self":[{"href":"https:\/\/www.visiterarles.com\/en\/wp-json\/wp\/v2\/posts\/27995"}],"collection":[{"href":"https:\/\/www.visiterarles.com\/en\/wp-json\/wp\/v2\/posts"}],"about":[{"href":"https:\/\/www.visiterarles.com\/en\/wp-json\/wp\/v2\/types\/post"}],"author":[{"embeddable":true,"href":"https:\/\/www.visiterarles.com\/en\/wp-json\/wp\/v2\/users\/1"}],"replies":[{"embeddable":true,"href":"https:\/\/www.visiterarles.com\/en\/wp-json\/wp\/v2\/comments?post=27995"}],"version-history":[{"count":0,"href":"https:\/\/www.visiterarles.com\/en\/wp-json\/wp\/v2\/posts\/27995\/revisions"}],"wp:attachment":[{"href":"https:\/\/www.visiterarles.com\/en\/wp-json\/wp\/v2\/media?parent=27995"}],"wp:term":[{"taxonomy":"category","embeddable":true,"href":"https:\/\/www.visiterarles.com\/en\/wp-json\/wp\/v2\/categories?post=27995"},{"taxonomy":"post_tag","embeddable":true,"href":"https:\/\/www.visiterarles.com\/en\/wp-json\/wp\/v2\/tags?post=27995"}],"curies":[{"name":"wp","href":"https:\/\/api.w.org\/{rel}","templated":true}]}}