{"id":28008,"date":"2014-09-28T08:36:00","date_gmt":"2014-09-28T08:36:00","guid":{"rendered":"http:\/\/www.visiterarles.com\/pour-decouvrir-les-monuments-historiques-arles-les-alyscs-location-de-velo-1901\/"},"modified":"2014-09-28T08:36:00","modified_gmt":"2014-09-28T08:36:00","slug":"pour-decouvrir-les-monuments-historiques-arles-les-alyscs-location-de-velo-1901","status":"publish","type":"post","link":"https:\/\/www.visiterarles.com\/en\/blog\/2014\/09\/28\/pour-decouvrir-les-monuments-historiques-arles-les-alyscs-location-de-velo-1901\/","title":{"rendered":"Pour d\u00e9couvrir les monuments historiques Arles les Alyscamps : location de v\u00e9lo"},"content":{"rendered":"<h4>Arles les Alyscamps : opter pour une location de v\u00e9lo, fiable pour d\u00e9couvrir les monuments historiques<\/h4>\n<p>Les thermes de constantin, le marais du vigueirat o\u00f9 bien le march\u00e9 de provence, par l&rsquo;interm\u00e9diaire de notre location de v\u00e9lo pour d\u00e9couvrir les monuments historiques \u00e0 Arles les Alyscamps, sont des hauts lieux que vous ne manquerez pas au sein de cette commune splendide. Notre location de v\u00e9lo pour d\u00e9couvrir les monuments historiques \u00e0 Arles les Alyscamps, pour ne prendre que cet exemple, vous fera profiter pleinement de l\u2019existence au sein de cette commune splendide, toujours avec l\u2019impression d\u2019agir de mani\u00e8re respectueuse de l\u2019environnement, en pr\u00e9sentant le meilleur de la culture.<\/p>\n<h4>Pourquoi s\u00e9lectionner une location de v\u00e9lo pour d\u00e9couvrir les monuments historiques \u00e0 Arles<\/h4>\n<p>Prendre connaissance du tr\u00e8s beau patrimoine de la ville par le biais de la location de v\u00e9lo pour d\u00e9couvrir les monuments historiques sur Arles peut \u00eatre une offre efficace pour toute personne qui le d\u00e9sire. O\u00f9 que vous soyez dans Arles, vous pourrez profiter pleinement d\u2019une agr\u00e9able location de v\u00e9lo en toute s\u00e9r\u00e9nit\u00e9. Au niveau des f\u00e9rus de tourisme, une <a href=\"http:\/\/www.visiterarles.com\/en\/votre-location-de-velo-pour-decouvrir-les-monuments-historiques-a-arles-217\/\">location de v\u00e9lo sur Arles<\/a>, pour d\u00e9couvrir les monuments historiques conviendra aux attentes de tous, c\u2019est s\u00fbr.<\/p>","protected":false},"excerpt":{"rendered":"<p>Arles les Alyscamps : opter pour une location de v\u00e9lo, fiable pour d\u00e9couvrir les monuments historiques Les thermes de constantin, le marais du vigueirat o\u00f9 bien le march\u00e9 de provence, par l&rsquo;interm\u00e9diaire de notre location de v\u00e9lo pour d\u00e9couvrir les monuments historiques \u00e0 Arles les Alyscamps, sont des hauts lieux que vous ne manquerez pas [&hellip;]<\/p>","protected":false},"author":1,"featured_media":0,"comment_status":"open","ping_status":"open","sticky":false,"template":"","format":"standard","meta":{"footnotes":""},"categories":[55],"tags":[],"aioseo_notices":[],"yoast_head":"<!-- This site is optimized with the Yoast SEO plugin v22.3 - https:\/\/yoast.com\/wordpress\/plugins\/seo\/ -->\n<title>Pour d\u00e9couvrir les monuments historiques Arles les Alyscamps : location de v\u00e9lo - Visiter Arles<\/title>\n<meta name=\"robots\" content=\"index, follow, max-snippet:-1, max-image-preview:large, max-video-preview:-1\" \/>\n<link rel=\"canonical\" href=\"https:\/\/www.visiterarles.com\/en\/blog\/2014\/09\/28\/pour-decouvrir-les-monuments-historiques-arles-les-alyscs-location-de-velo-1901\/\" \/>\n<meta name=\"twitter:label1\" content=\"Written by\" \/>\n\t<meta name=\"twitter:data1\" content=\"Linkadm\" \/>\n\t<meta name=\"twitter:label2\" content=\"Estimated reading time\" \/>\n\t<meta name=\"twitter:data2\" content=\"1 minute\" \/>\n<script type=\"application\/ld+json\" class=\"yoast-schema-graph\">{\"@context\":\"https:\/\/schema.org\",\"@graph\":[{\"@type\":\"Article\",\"@id\":\"https:\/\/www.visiterarles.com\/en\/blog\/2014\/09\/28\/pour-decouvrir-les-monuments-historiques-arles-les-alyscs-location-de-velo-1901\/#article\",\"isPartOf\":{\"@id\":\"https:\/\/www.visiterarles.com\/en\/blog\/2014\/09\/28\/pour-decouvrir-les-monuments-historiques-arles-les-alyscs-location-de-velo-1901\/\"},\"author\":{\"name\":\"Linkadm\",\"@id\":\"https:\/\/www.visiterarles.com\/en\/#\/schema\/person\/ba5912e4613018f479a2d86815a53576\"},\"headline\":\"Pour d\u00e9couvrir les monuments historiques Arles les Alyscamps : location de v\u00e9lo\",\"datePublished\":\"2014-09-28T08:36:00+00:00\",\"dateModified\":\"2014-09-28T08:36:00+00:00\",\"mainEntityOfPage\":{\"@id\":\"https:\/\/www.visiterarles.com\/en\/blog\/2014\/09\/28\/pour-decouvrir-les-monuments-historiques-arles-les-alyscs-location-de-velo-1901\/\"},\"wordCount\":238,\"commentCount\":0,\"publisher\":{\"@id\":\"https:\/\/www.visiterarles.com\/en\/#organization\"},\"articleSection\":[\"Informations\"],\"inLanguage\":\"en-GB\",\"potentialAction\":[{\"@type\":\"CommentAction\",\"name\":\"Comment\",\"target\":[\"https:\/\/www.visiterarles.com\/en\/blog\/2014\/09\/28\/pour-decouvrir-les-monuments-historiques-arles-les-alyscs-location-de-velo-1901\/#respond\"]}]},{\"@type\":\"WebPage\",\"@id\":\"https:\/\/www.visiterarles.com\/en\/blog\/2014\/09\/28\/pour-decouvrir-les-monuments-historiques-arles-les-alyscs-location-de-velo-1901\/\",\"url\":\"https:\/\/www.visiterarles.com\/en\/blog\/2014\/09\/28\/pour-decouvrir-les-monuments-historiques-arles-les-alyscs-location-de-velo-1901\/\",\"name\":\"Pour d\u00e9couvrir les monuments historiques Arles les Alyscamps : location de v\u00e9lo - Visiter Arles\",\"isPartOf\":{\"@id\":\"https:\/\/www.visiterarles.com\/en\/#website\"},\"datePublished\":\"2014-09-28T08:36:00+00:00\",\"dateModified\":\"2014-09-28T08:36:00+00:00\",\"breadcrumb\":{\"@id\":\"https:\/\/www.visiterarles.com\/en\/blog\/2014\/09\/28\/pour-decouvrir-les-monuments-historiques-arles-les-alyscs-location-de-velo-1901\/#breadcrumb\"},\"inLanguage\":\"en-GB\",\"potentialAction\":[{\"@type\":\"ReadAction\",\"target\":[\"https:\/\/www.visiterarles.com\/en\/blog\/2014\/09\/28\/pour-decouvrir-les-monuments-historiques-arles-les-alyscs-location-de-velo-1901\/\"]}]},{\"@type\":\"BreadcrumbList\",\"@id\":\"https:\/\/www.visiterarles.com\/en\/blog\/2014\/09\/28\/pour-decouvrir-les-monuments-historiques-arles-les-alyscs-location-de-velo-1901\/#breadcrumb\",\"itemListElement\":[{\"@type\":\"ListItem\",\"position\":1,\"name\":\"Home\",\"item\":\"https:\/\/www.visiterarles.com\/\"},{\"@type\":\"ListItem\",\"position\":2,\"name\":\"Pour d\u00e9couvrir les monuments historiques Arles les Alyscamps : location de v\u00e9lo\"}]},{\"@type\":\"WebSite\",\"@id\":\"https:\/\/www.visiterarles.com\/en\/#website\",\"url\":\"https:\/\/www.visiterarles.com\/en\/\",\"name\":\"Visiter Arles\",\"description\":\"Tourisme en Provence \u00e0 Arles\",\"publisher\":{\"@id\":\"https:\/\/www.visiterarles.com\/en\/#organization\"},\"potentialAction\":[{\"@type\":\"SearchAction\",\"target\":{\"@type\":\"EntryPoint\",\"urlTemplate\":\"https:\/\/www.visiterarles.com\/en\/?s={search_term_string}\"},\"query-input\":\"required name=search_term_string\"}],\"inLanguage\":\"en-GB\"},{\"@type\":\"Organization\",\"@id\":\"https:\/\/www.visiterarles.com\/en\/#organization\",\"name\":\"Visiter Arles\",\"url\":\"https:\/\/www.visiterarles.com\/en\/\",\"logo\":{\"@type\":\"ImageObject\",\"inLanguage\":\"en-GB\",\"@id\":\"https:\/\/www.visiterarles.com\/en\/#\/schema\/logo\/image\/\",\"url\":\"https:\/\/www.visiterarles.com\/wp-content\/uploads\/2017\/10\/taco-and-co-1-1.jpg\",\"contentUrl\":\"https:\/\/www.visiterarles.com\/wp-content\/uploads\/2017\/10\/taco-and-co-1-1.jpg\",\"width\":124,\"height\":73,\"caption\":\"Visiter Arles\"},\"image\":{\"@id\":\"https:\/\/www.visiterarles.com\/en\/#\/schema\/logo\/image\/\"}},{\"@type\":\"Person\",\"@id\":\"https:\/\/www.visiterarles.com\/en\/#\/schema\/person\/ba5912e4613018f479a2d86815a53576\",\"name\":\"Linkadm\",\"image\":{\"@type\":\"ImageObject\",\"inLanguage\":\"en-GB\",\"@id\":\"https:\/\/www.visiterarles.com\/en\/#\/schema\/person\/image\/\",\"url\":\"https:\/\/secure.gravatar.com\/avatar\/4709ec209921503e8d8cc96168eddc49?s=96&d=mm&r=g\",\"contentUrl\":\"https:\/\/secure.gravatar.com\/avatar\/4709ec209921503e8d8cc96168eddc49?s=96&d=mm&r=g\",\"caption\":\"Linkadm\"},\"url\":\"https:\/\/www.visiterarles.com\/en\/blog\/author\/admin\/\"}]}<\/script>\n<!-- \/ Yoast SEO plugin. -->","yoast_head_json":{"title":"Pour d\u00e9couvrir les monuments historiques Arles les Alyscamps : location de v\u00e9lo - Visiter Arles","robots":{"index":"index","follow":"follow","max-snippet":"max-snippet:-1","max-image-preview":"max-image-preview:large","max-video-preview":"max-video-preview:-1"},"canonical":"https:\/\/www.visiterarles.com\/en\/blog\/2014\/09\/28\/pour-decouvrir-les-monuments-historiques-arles-les-alyscs-location-de-velo-1901\/","twitter_misc":{"Written by":"Linkadm","Estimated reading time":"1 minute"},"schema":{"@context":"https:\/\/schema.org","@graph":[{"@type":"Article","@id":"https:\/\/www.visiterarles.com\/en\/blog\/2014\/09\/28\/pour-decouvrir-les-monuments-historiques-arles-les-alyscs-location-de-velo-1901\/#article","isPartOf":{"@id":"https:\/\/www.visiterarles.com\/en\/blog\/2014\/09\/28\/pour-decouvrir-les-monuments-historiques-arles-les-alyscs-location-de-velo-1901\/"},"author":{"name":"Linkadm","@id":"https:\/\/www.visiterarles.com\/en\/#\/schema\/person\/ba5912e4613018f479a2d86815a53576"},"headline":"Pour d\u00e9couvrir les monuments historiques Arles les Alyscamps : location de v\u00e9lo","datePublished":"2014-09-28T08:36:00+00:00","dateModified":"2014-09-28T08:36:00+00:00","mainEntityOfPage":{"@id":"https:\/\/www.visiterarles.com\/en\/blog\/2014\/09\/28\/pour-decouvrir-les-monuments-historiques-arles-les-alyscs-location-de-velo-1901\/"},"wordCount":238,"commentCount":0,"publisher":{"@id":"https:\/\/www.visiterarles.com\/en\/#organization"},"articleSection":["Informations"],"inLanguage":"en-GB","potentialAction":[{"@type":"CommentAction","name":"Comment","target":["https:\/\/www.visiterarles.com\/en\/blog\/2014\/09\/28\/pour-decouvrir-les-monuments-historiques-arles-les-alyscs-location-de-velo-1901\/#respond"]}]},{"@type":"WebPage","@id":"https:\/\/www.visiterarles.com\/en\/blog\/2014\/09\/28\/pour-decouvrir-les-monuments-historiques-arles-les-alyscs-location-de-velo-1901\/","url":"https:\/\/www.visiterarles.com\/en\/blog\/2014\/09\/28\/pour-decouvrir-les-monuments-historiques-arles-les-alyscs-location-de-velo-1901\/","name":"Pour d\u00e9couvrir les monuments historiques Arles les Alyscamps : location de v\u00e9lo - Visiter Arles","isPartOf":{"@id":"https:\/\/www.visiterarles.com\/en\/#website"},"datePublished":"2014-09-28T08:36:00+00:00","dateModified":"2014-09-28T08:36:00+00:00","breadcrumb":{"@id":"https:\/\/www.visiterarles.com\/en\/blog\/2014\/09\/28\/pour-decouvrir-les-monuments-historiques-arles-les-alyscs-location-de-velo-1901\/#breadcrumb"},"inLanguage":"en-GB","potentialAction":[{"@type":"ReadAction","target":["https:\/\/www.visiterarles.com\/en\/blog\/2014\/09\/28\/pour-decouvrir-les-monuments-historiques-arles-les-alyscs-location-de-velo-1901\/"]}]},{"@type":"BreadcrumbList","@id":"https:\/\/www.visiterarles.com\/en\/blog\/2014\/09\/28\/pour-decouvrir-les-monuments-historiques-arles-les-alyscs-location-de-velo-1901\/#breadcrumb","itemListElement":[{"@type":"ListItem","position":1,"name":"Home","item":"https:\/\/www.visiterarles.com\/"},{"@type":"ListItem","position":2,"name":"Pour d\u00e9couvrir les monuments historiques Arles les Alyscamps : location de v\u00e9lo"}]},{"@type":"WebSite","@id":"https:\/\/www.visiterarles.com\/en\/#website","url":"https:\/\/www.visiterarles.com\/en\/","name":"Visiter Arles","description":"Tourisme en Provence \u00e0 Arles","publisher":{"@id":"https:\/\/www.visiterarles.com\/en\/#organization"},"potentialAction":[{"@type":"SearchAction","target":{"@type":"EntryPoint","urlTemplate":"https:\/\/www.visiterarles.com\/en\/?s={search_term_string}"},"query-input":"required name=search_term_string"}],"inLanguage":"en-GB"},{"@type":"Organization","@id":"https:\/\/www.visiterarles.com\/en\/#organization","name":"Visiter Arles","url":"https:\/\/www.visiterarles.com\/en\/","logo":{"@type":"ImageObject","inLanguage":"en-GB","@id":"https:\/\/www.visiterarles.com\/en\/#\/schema\/logo\/image\/","url":"https:\/\/www.visiterarles.com\/wp-content\/uploads\/2017\/10\/taco-and-co-1-1.jpg","contentUrl":"https:\/\/www.visiterarles.com\/wp-content\/uploads\/2017\/10\/taco-and-co-1-1.jpg","width":124,"height":73,"caption":"Visiter Arles"},"image":{"@id":"https:\/\/www.visiterarles.com\/en\/#\/schema\/logo\/image\/"}},{"@type":"Person","@id":"https:\/\/www.visiterarles.com\/en\/#\/schema\/person\/ba5912e4613018f479a2d86815a53576","name":"Linkadm","image":{"@type":"ImageObject","inLanguage":"en-GB","@id":"https:\/\/www.visiterarles.com\/en\/#\/schema\/person\/image\/","url":"https:\/\/secure.gravatar.com\/avatar\/4709ec209921503e8d8cc96168eddc49?s=96&d=mm&r=g","contentUrl":"https:\/\/secure.gravatar.com\/avatar\/4709ec209921503e8d8cc96168eddc49?s=96&d=mm&r=g","caption":"Linkadm"},"url":"https:\/\/www.visiterarles.com\/en\/blog\/author\/admin\/"}]}},"_links":{"self":[{"href":"https:\/\/www.visiterarles.com\/en\/wp-json\/wp\/v2\/posts\/28008"}],"collection":[{"href":"https:\/\/www.visiterarles.com\/en\/wp-json\/wp\/v2\/posts"}],"about":[{"href":"https:\/\/www.visiterarles.com\/en\/wp-json\/wp\/v2\/types\/post"}],"author":[{"embeddable":true,"href":"https:\/\/www.visiterarles.com\/en\/wp-json\/wp\/v2\/users\/1"}],"replies":[{"embeddable":true,"href":"https:\/\/www.visiterarles.com\/en\/wp-json\/wp\/v2\/comments?post=28008"}],"version-history":[{"count":0,"href":"https:\/\/www.visiterarles.com\/en\/wp-json\/wp\/v2\/posts\/28008\/revisions"}],"wp:attachment":[{"href":"https:\/\/www.visiterarles.com\/en\/wp-json\/wp\/v2\/media?parent=28008"}],"wp:term":[{"taxonomy":"category","embeddable":true,"href":"https:\/\/www.visiterarles.com\/en\/wp-json\/wp\/v2\/categories?post=28008"},{"taxonomy":"post_tag","embeddable":true,"href":"https:\/\/www.visiterarles.com\/en\/wp-json\/wp\/v2\/tags?post=28008"}],"curies":[{"name":"wp","href":"https:\/\/api.w.org\/{rel}","templated":true}]}}