{"id":28011,"date":"2014-09-29T15:04:00","date_gmt":"2014-09-29T15:04:00","guid":{"rendered":"http:\/\/www.visiterarles.com\/bon-plan-la-location-de-velo-pour-voir-les-lieux-a-visiter-sur-arles-quartier-des-arenes-975\/"},"modified":"2014-09-29T15:04:00","modified_gmt":"2014-09-29T15:04:00","slug":"bon-plan-la-location-de-velo-pour-voir-les-lieux-a-visiter-sur-arles-quartier-des-arenes-975","status":"publish","type":"post","link":"https:\/\/www.visiterarles.com\/en\/blog\/2014\/09\/29\/bon-plan-la-location-de-velo-pour-voir-les-lieux-a-visiter-sur-arles-quartier-des-arenes-975\/","title":{"rendered":"Bon plan : la location de v\u00e9lo pour voir les lieux \u00e0 visiter sur Arles quartier des ar\u00e8nes"},"content":{"rendered":"<h4>Arles quartier des ar\u00e8nes : opter pour une location de v\u00e9lo, de confiance pour voir les lieux \u00e0 visiter<\/h4>\n<p>Les cryptoportiques, le mus\u00e9e du riz o\u00f9 bien l&rsquo;\u00e9glise saint honorat, par l&rsquo;interm\u00e9diaire de notre location de v\u00e9lo pour voir les lieux \u00e0 visiter \u00e0 Arles quartier des ar\u00e8nes, sont des plus beaux endroits que vous ne sauriez manquer dans cette commune magnifique. Une location de v\u00e9lo pour voir les lieux \u00e0 visiter \u00e0 Arles quartier des ar\u00e8nes, pour ne prendre que cet exemple, vous fera profiter pleinement de la vie dans cette commune magnifique, toujours avec l&rsquo;impression d&rsquo;\u0153uvrer d\u2019une mani\u00e8re \u00e9cologique, tout en offrant une d\u00e9couverte culturelle des plus riches.<\/p>\n<h4>Une solution \u00e9cologique : location de v\u00e9lo pour voir les lieux \u00e0 visiter sur Arles<\/h4>\n<p>Faire la visite du ravissant capital de la commune par le biais de la location de v\u00e9lo pour voir les lieux \u00e0 visiter sur Arles peut s&rsquo;av\u00e9rer \u00eatre une offre appropri\u00e9e pour toute personne qui en a envie. Dans la gare sncf, en arrivant \u00e0 Arles, il vous sera possible de r\u00e9clamer notre location de v\u00e9lo. Au niveau des passionn\u00e9s, notre <a href=\"http:\/\/www.visiterarles.com\/en\/votre-location-de-velo-pour-voir-les-lieux-a-visiter-au-sein-darles-789\/\">location de v\u00e9lo sur Arles<\/a>, pour voir les lieux \u00e0 visiter conviendra aux exigences de tous, c\u2019est s\u00fbr.<\/p>","protected":false},"excerpt":{"rendered":"<p>Arles quartier des ar\u00e8nes : opter pour une location de v\u00e9lo, de confiance pour voir les lieux \u00e0 visiter Les cryptoportiques, le mus\u00e9e du riz o\u00f9 bien l&rsquo;\u00e9glise saint honorat, par l&rsquo;interm\u00e9diaire de notre location de v\u00e9lo pour voir les lieux \u00e0 visiter \u00e0 Arles quartier des ar\u00e8nes, sont des plus beaux endroits que vous [&hellip;]<\/p>","protected":false},"author":1,"featured_media":0,"comment_status":"open","ping_status":"open","sticky":false,"template":"","format":"standard","meta":{"footnotes":""},"categories":[55],"tags":[],"aioseo_notices":[],"yoast_head":"<!-- This site is optimized with the Yoast SEO plugin v22.3 - https:\/\/yoast.com\/wordpress\/plugins\/seo\/ -->\n<title>Bon plan : la location de v\u00e9lo pour voir les lieux \u00e0 visiter sur Arles quartier des ar\u00e8nes - Visiter Arles<\/title>\n<meta name=\"robots\" content=\"index, follow, max-snippet:-1, max-image-preview:large, max-video-preview:-1\" \/>\n<link rel=\"canonical\" href=\"https:\/\/www.visiterarles.com\/en\/blog\/2014\/09\/29\/bon-plan-la-location-de-velo-pour-voir-les-lieux-a-visiter-sur-arles-quartier-des-arenes-975\/\" \/>\n<meta name=\"twitter:label1\" content=\"Written by\" \/>\n\t<meta name=\"twitter:data1\" content=\"Linkadm\" \/>\n\t<meta name=\"twitter:label2\" content=\"Estimated reading time\" \/>\n\t<meta name=\"twitter:data2\" content=\"1 minute\" \/>\n<script type=\"application\/ld+json\" class=\"yoast-schema-graph\">{\"@context\":\"https:\/\/schema.org\",\"@graph\":[{\"@type\":\"Article\",\"@id\":\"https:\/\/www.visiterarles.com\/en\/blog\/2014\/09\/29\/bon-plan-la-location-de-velo-pour-voir-les-lieux-a-visiter-sur-arles-quartier-des-arenes-975\/#article\",\"isPartOf\":{\"@id\":\"https:\/\/www.visiterarles.com\/en\/blog\/2014\/09\/29\/bon-plan-la-location-de-velo-pour-voir-les-lieux-a-visiter-sur-arles-quartier-des-arenes-975\/\"},\"author\":{\"name\":\"Linkadm\",\"@id\":\"https:\/\/www.visiterarles.com\/en\/#\/schema\/person\/ba5912e4613018f479a2d86815a53576\"},\"headline\":\"Bon plan : la location de v\u00e9lo pour voir les lieux \u00e0 visiter sur Arles quartier des ar\u00e8nes\",\"datePublished\":\"2014-09-29T15:04:00+00:00\",\"dateModified\":\"2014-09-29T15:04:00+00:00\",\"mainEntityOfPage\":{\"@id\":\"https:\/\/www.visiterarles.com\/en\/blog\/2014\/09\/29\/bon-plan-la-location-de-velo-pour-voir-les-lieux-a-visiter-sur-arles-quartier-des-arenes-975\/\"},\"wordCount\":237,\"commentCount\":0,\"publisher\":{\"@id\":\"https:\/\/www.visiterarles.com\/en\/#organization\"},\"articleSection\":[\"Informations\"],\"inLanguage\":\"en-GB\",\"potentialAction\":[{\"@type\":\"CommentAction\",\"name\":\"Comment\",\"target\":[\"https:\/\/www.visiterarles.com\/en\/blog\/2014\/09\/29\/bon-plan-la-location-de-velo-pour-voir-les-lieux-a-visiter-sur-arles-quartier-des-arenes-975\/#respond\"]}]},{\"@type\":\"WebPage\",\"@id\":\"https:\/\/www.visiterarles.com\/en\/blog\/2014\/09\/29\/bon-plan-la-location-de-velo-pour-voir-les-lieux-a-visiter-sur-arles-quartier-des-arenes-975\/\",\"url\":\"https:\/\/www.visiterarles.com\/en\/blog\/2014\/09\/29\/bon-plan-la-location-de-velo-pour-voir-les-lieux-a-visiter-sur-arles-quartier-des-arenes-975\/\",\"name\":\"Bon plan : la location de v\u00e9lo pour voir les lieux \u00e0 visiter sur Arles quartier des ar\u00e8nes - Visiter Arles\",\"isPartOf\":{\"@id\":\"https:\/\/www.visiterarles.com\/en\/#website\"},\"datePublished\":\"2014-09-29T15:04:00+00:00\",\"dateModified\":\"2014-09-29T15:04:00+00:00\",\"breadcrumb\":{\"@id\":\"https:\/\/www.visiterarles.com\/en\/blog\/2014\/09\/29\/bon-plan-la-location-de-velo-pour-voir-les-lieux-a-visiter-sur-arles-quartier-des-arenes-975\/#breadcrumb\"},\"inLanguage\":\"en-GB\",\"potentialAction\":[{\"@type\":\"ReadAction\",\"target\":[\"https:\/\/www.visiterarles.com\/en\/blog\/2014\/09\/29\/bon-plan-la-location-de-velo-pour-voir-les-lieux-a-visiter-sur-arles-quartier-des-arenes-975\/\"]}]},{\"@type\":\"BreadcrumbList\",\"@id\":\"https:\/\/www.visiterarles.com\/en\/blog\/2014\/09\/29\/bon-plan-la-location-de-velo-pour-voir-les-lieux-a-visiter-sur-arles-quartier-des-arenes-975\/#breadcrumb\",\"itemListElement\":[{\"@type\":\"ListItem\",\"position\":1,\"name\":\"Home\",\"item\":\"https:\/\/www.visiterarles.com\/\"},{\"@type\":\"ListItem\",\"position\":2,\"name\":\"Bon plan : la location de v\u00e9lo pour voir les lieux \u00e0 visiter sur Arles quartier des ar\u00e8nes\"}]},{\"@type\":\"WebSite\",\"@id\":\"https:\/\/www.visiterarles.com\/en\/#website\",\"url\":\"https:\/\/www.visiterarles.com\/en\/\",\"name\":\"Visiter Arles\",\"description\":\"Tourisme en Provence \u00e0 Arles\",\"publisher\":{\"@id\":\"https:\/\/www.visiterarles.com\/en\/#organization\"},\"potentialAction\":[{\"@type\":\"SearchAction\",\"target\":{\"@type\":\"EntryPoint\",\"urlTemplate\":\"https:\/\/www.visiterarles.com\/en\/?s={search_term_string}\"},\"query-input\":\"required name=search_term_string\"}],\"inLanguage\":\"en-GB\"},{\"@type\":\"Organization\",\"@id\":\"https:\/\/www.visiterarles.com\/en\/#organization\",\"name\":\"Visiter Arles\",\"url\":\"https:\/\/www.visiterarles.com\/en\/\",\"logo\":{\"@type\":\"ImageObject\",\"inLanguage\":\"en-GB\",\"@id\":\"https:\/\/www.visiterarles.com\/en\/#\/schema\/logo\/image\/\",\"url\":\"https:\/\/www.visiterarles.com\/wp-content\/uploads\/2017\/10\/taco-and-co-1-1.jpg\",\"contentUrl\":\"https:\/\/www.visiterarles.com\/wp-content\/uploads\/2017\/10\/taco-and-co-1-1.jpg\",\"width\":124,\"height\":73,\"caption\":\"Visiter Arles\"},\"image\":{\"@id\":\"https:\/\/www.visiterarles.com\/en\/#\/schema\/logo\/image\/\"}},{\"@type\":\"Person\",\"@id\":\"https:\/\/www.visiterarles.com\/en\/#\/schema\/person\/ba5912e4613018f479a2d86815a53576\",\"name\":\"Linkadm\",\"image\":{\"@type\":\"ImageObject\",\"inLanguage\":\"en-GB\",\"@id\":\"https:\/\/www.visiterarles.com\/en\/#\/schema\/person\/image\/\",\"url\":\"https:\/\/secure.gravatar.com\/avatar\/4709ec209921503e8d8cc96168eddc49?s=96&d=mm&r=g\",\"contentUrl\":\"https:\/\/secure.gravatar.com\/avatar\/4709ec209921503e8d8cc96168eddc49?s=96&d=mm&r=g\",\"caption\":\"Linkadm\"},\"url\":\"https:\/\/www.visiterarles.com\/en\/blog\/author\/admin\/\"}]}<\/script>\n<!-- \/ Yoast SEO plugin. -->","yoast_head_json":{"title":"Bon plan : la location de v\u00e9lo pour voir les lieux \u00e0 visiter sur Arles quartier des ar\u00e8nes - Visiter Arles","robots":{"index":"index","follow":"follow","max-snippet":"max-snippet:-1","max-image-preview":"max-image-preview:large","max-video-preview":"max-video-preview:-1"},"canonical":"https:\/\/www.visiterarles.com\/en\/blog\/2014\/09\/29\/bon-plan-la-location-de-velo-pour-voir-les-lieux-a-visiter-sur-arles-quartier-des-arenes-975\/","twitter_misc":{"Written by":"Linkadm","Estimated reading time":"1 minute"},"schema":{"@context":"https:\/\/schema.org","@graph":[{"@type":"Article","@id":"https:\/\/www.visiterarles.com\/en\/blog\/2014\/09\/29\/bon-plan-la-location-de-velo-pour-voir-les-lieux-a-visiter-sur-arles-quartier-des-arenes-975\/#article","isPartOf":{"@id":"https:\/\/www.visiterarles.com\/en\/blog\/2014\/09\/29\/bon-plan-la-location-de-velo-pour-voir-les-lieux-a-visiter-sur-arles-quartier-des-arenes-975\/"},"author":{"name":"Linkadm","@id":"https:\/\/www.visiterarles.com\/en\/#\/schema\/person\/ba5912e4613018f479a2d86815a53576"},"headline":"Bon plan : la location de v\u00e9lo pour voir les lieux \u00e0 visiter sur Arles quartier des ar\u00e8nes","datePublished":"2014-09-29T15:04:00+00:00","dateModified":"2014-09-29T15:04:00+00:00","mainEntityOfPage":{"@id":"https:\/\/www.visiterarles.com\/en\/blog\/2014\/09\/29\/bon-plan-la-location-de-velo-pour-voir-les-lieux-a-visiter-sur-arles-quartier-des-arenes-975\/"},"wordCount":237,"commentCount":0,"publisher":{"@id":"https:\/\/www.visiterarles.com\/en\/#organization"},"articleSection":["Informations"],"inLanguage":"en-GB","potentialAction":[{"@type":"CommentAction","name":"Comment","target":["https:\/\/www.visiterarles.com\/en\/blog\/2014\/09\/29\/bon-plan-la-location-de-velo-pour-voir-les-lieux-a-visiter-sur-arles-quartier-des-arenes-975\/#respond"]}]},{"@type":"WebPage","@id":"https:\/\/www.visiterarles.com\/en\/blog\/2014\/09\/29\/bon-plan-la-location-de-velo-pour-voir-les-lieux-a-visiter-sur-arles-quartier-des-arenes-975\/","url":"https:\/\/www.visiterarles.com\/en\/blog\/2014\/09\/29\/bon-plan-la-location-de-velo-pour-voir-les-lieux-a-visiter-sur-arles-quartier-des-arenes-975\/","name":"Bon plan : la location de v\u00e9lo pour voir les lieux \u00e0 visiter sur Arles quartier des ar\u00e8nes - Visiter Arles","isPartOf":{"@id":"https:\/\/www.visiterarles.com\/en\/#website"},"datePublished":"2014-09-29T15:04:00+00:00","dateModified":"2014-09-29T15:04:00+00:00","breadcrumb":{"@id":"https:\/\/www.visiterarles.com\/en\/blog\/2014\/09\/29\/bon-plan-la-location-de-velo-pour-voir-les-lieux-a-visiter-sur-arles-quartier-des-arenes-975\/#breadcrumb"},"inLanguage":"en-GB","potentialAction":[{"@type":"ReadAction","target":["https:\/\/www.visiterarles.com\/en\/blog\/2014\/09\/29\/bon-plan-la-location-de-velo-pour-voir-les-lieux-a-visiter-sur-arles-quartier-des-arenes-975\/"]}]},{"@type":"BreadcrumbList","@id":"https:\/\/www.visiterarles.com\/en\/blog\/2014\/09\/29\/bon-plan-la-location-de-velo-pour-voir-les-lieux-a-visiter-sur-arles-quartier-des-arenes-975\/#breadcrumb","itemListElement":[{"@type":"ListItem","position":1,"name":"Home","item":"https:\/\/www.visiterarles.com\/"},{"@type":"ListItem","position":2,"name":"Bon plan : la location de v\u00e9lo pour voir les lieux \u00e0 visiter sur Arles quartier des ar\u00e8nes"}]},{"@type":"WebSite","@id":"https:\/\/www.visiterarles.com\/en\/#website","url":"https:\/\/www.visiterarles.com\/en\/","name":"Visiter Arles","description":"Tourisme en Provence \u00e0 Arles","publisher":{"@id":"https:\/\/www.visiterarles.com\/en\/#organization"},"potentialAction":[{"@type":"SearchAction","target":{"@type":"EntryPoint","urlTemplate":"https:\/\/www.visiterarles.com\/en\/?s={search_term_string}"},"query-input":"required name=search_term_string"}],"inLanguage":"en-GB"},{"@type":"Organization","@id":"https:\/\/www.visiterarles.com\/en\/#organization","name":"Visiter Arles","url":"https:\/\/www.visiterarles.com\/en\/","logo":{"@type":"ImageObject","inLanguage":"en-GB","@id":"https:\/\/www.visiterarles.com\/en\/#\/schema\/logo\/image\/","url":"https:\/\/www.visiterarles.com\/wp-content\/uploads\/2017\/10\/taco-and-co-1-1.jpg","contentUrl":"https:\/\/www.visiterarles.com\/wp-content\/uploads\/2017\/10\/taco-and-co-1-1.jpg","width":124,"height":73,"caption":"Visiter Arles"},"image":{"@id":"https:\/\/www.visiterarles.com\/en\/#\/schema\/logo\/image\/"}},{"@type":"Person","@id":"https:\/\/www.visiterarles.com\/en\/#\/schema\/person\/ba5912e4613018f479a2d86815a53576","name":"Linkadm","image":{"@type":"ImageObject","inLanguage":"en-GB","@id":"https:\/\/www.visiterarles.com\/en\/#\/schema\/person\/image\/","url":"https:\/\/secure.gravatar.com\/avatar\/4709ec209921503e8d8cc96168eddc49?s=96&d=mm&r=g","contentUrl":"https:\/\/secure.gravatar.com\/avatar\/4709ec209921503e8d8cc96168eddc49?s=96&d=mm&r=g","caption":"Linkadm"},"url":"https:\/\/www.visiterarles.com\/en\/blog\/author\/admin\/"}]}},"_links":{"self":[{"href":"https:\/\/www.visiterarles.com\/en\/wp-json\/wp\/v2\/posts\/28011"}],"collection":[{"href":"https:\/\/www.visiterarles.com\/en\/wp-json\/wp\/v2\/posts"}],"about":[{"href":"https:\/\/www.visiterarles.com\/en\/wp-json\/wp\/v2\/types\/post"}],"author":[{"embeddable":true,"href":"https:\/\/www.visiterarles.com\/en\/wp-json\/wp\/v2\/users\/1"}],"replies":[{"embeddable":true,"href":"https:\/\/www.visiterarles.com\/en\/wp-json\/wp\/v2\/comments?post=28011"}],"version-history":[{"count":0,"href":"https:\/\/www.visiterarles.com\/en\/wp-json\/wp\/v2\/posts\/28011\/revisions"}],"wp:attachment":[{"href":"https:\/\/www.visiterarles.com\/en\/wp-json\/wp\/v2\/media?parent=28011"}],"wp:term":[{"taxonomy":"category","embeddable":true,"href":"https:\/\/www.visiterarles.com\/en\/wp-json\/wp\/v2\/categories?post=28011"},{"taxonomy":"post_tag","embeddable":true,"href":"https:\/\/www.visiterarles.com\/en\/wp-json\/wp\/v2\/tags?post=28011"}],"curies":[{"name":"wp","href":"https:\/\/api.w.org\/{rel}","templated":true}]}}