{"id":28020,"date":"2014-10-04T10:28:00","date_gmt":"2014-10-04T10:28:00","guid":{"rendered":"http:\/\/www.visiterarles.com\/arles-les-alyscs-selectionner-votre-location-de-velo-pour-voir-les-lieux-a-visiter-385\/"},"modified":"2014-10-04T10:28:00","modified_gmt":"2014-10-04T10:28:00","slug":"arles-les-alyscs-selectionner-votre-location-de-velo-pour-voir-les-lieux-a-visiter-385","status":"publish","type":"post","link":"https:\/\/www.visiterarles.com\/en\/blog\/2014\/10\/04\/arles-les-alyscs-selectionner-votre-location-de-velo-pour-voir-les-lieux-a-visiter-385\/","title":{"rendered":"Arles les Alyscamps : s\u00e9lectionner votre location de v\u00e9lo pour voir les lieux \u00e0 visiter"},"content":{"rendered":"<h4>Pour voir les lieux \u00e0 visiter \u00e0 Arles les Alyscamps : o\u00f9 d\u00e9nicher un organisme fiable pr\u00e9sentant une location de v\u00e9lo<\/h4>\n<p>Les lieux prestigieux sont pl\u00e9thoriques, ainsi, une location de v\u00e9lo pour voir les lieux \u00e0 visiter Arles les Alyscamps vous donnera la possibilit\u00e9 de jouir pleinement des anciens ateliers sncf, du mus\u00e9e du riz o\u00f9 de l&rsquo;\u00e9glise saint honorat. Taco  and  co, pour aider \u00e0 jouir pleinement de la vie, va tout faire pour vous montrer, avec l&rsquo;impression d\u2019agir de fa\u00e7on \u00e9cologique, la d\u00e9couverte culturelle riche de cette cit\u00e9 extraordinaire, via une location de v\u00e9lo pour voir les lieux \u00e0 visiter Arles les Alyscamps.<\/p>\n<h4>Arles : pour quelles raisons s\u00e9lectionner notre location de v\u00e9lo pour voir les lieux \u00e0 visiter<\/h4>\n<p>D\u00e9couvrir le ravissant capital de la commune par l&rsquo;interm\u00e9diaire de notre location de v\u00e9lo pour voir les lieux \u00e0 visiter \u00e0 Arles peut s&rsquo;av\u00e9rer \u00eatre une solution appropri\u00e9e pour toute personne qui le souhaite. En arrivant sur Arles, vous pourrez solliciter notre location de v\u00e9lo entre autre dans la gare sncf. Les consommateurs de tous horizons appr\u00e9cieront notre <a href=\"http:\/\/www.visiterarles.com\/en\/votre-location-de-velo-pour-voir-les-lieux-a-visiter-au-sein-darles-789\/\">location de v\u00e9lo sur Arles<\/a>, pour voir les lieux \u00e0 visiter qui leur conviendra sans aucun doute.<\/p>","protected":false},"excerpt":{"rendered":"<p>Pour voir les lieux \u00e0 visiter \u00e0 Arles les Alyscamps : o\u00f9 d\u00e9nicher un organisme fiable pr\u00e9sentant une location de v\u00e9lo Les lieux prestigieux sont pl\u00e9thoriques, ainsi, une location de v\u00e9lo pour voir les lieux \u00e0 visiter Arles les Alyscamps vous donnera la possibilit\u00e9 de jouir pleinement des anciens ateliers sncf, du mus\u00e9e du riz [&hellip;]<\/p>","protected":false},"author":1,"featured_media":0,"comment_status":"open","ping_status":"open","sticky":false,"template":"","format":"standard","meta":{"footnotes":""},"categories":[55],"tags":[],"aioseo_notices":[],"yoast_head":"<!-- This site is optimized with the Yoast SEO plugin v22.3 - https:\/\/yoast.com\/wordpress\/plugins\/seo\/ -->\n<title>Arles les Alyscamps : s\u00e9lectionner votre location de v\u00e9lo pour voir les lieux \u00e0 visiter - Visiter Arles<\/title>\n<meta name=\"robots\" content=\"index, follow, max-snippet:-1, max-image-preview:large, max-video-preview:-1\" \/>\n<link rel=\"canonical\" href=\"https:\/\/www.visiterarles.com\/en\/blog\/2014\/10\/04\/arles-les-alyscs-selectionner-votre-location-de-velo-pour-voir-les-lieux-a-visiter-385\/\" \/>\n<meta name=\"twitter:label1\" content=\"Written by\" \/>\n\t<meta name=\"twitter:data1\" content=\"Linkadm\" \/>\n\t<meta name=\"twitter:label2\" content=\"Estimated reading time\" \/>\n\t<meta name=\"twitter:data2\" content=\"1 minute\" \/>\n<script type=\"application\/ld+json\" class=\"yoast-schema-graph\">{\"@context\":\"https:\/\/schema.org\",\"@graph\":[{\"@type\":\"Article\",\"@id\":\"https:\/\/www.visiterarles.com\/en\/blog\/2014\/10\/04\/arles-les-alyscs-selectionner-votre-location-de-velo-pour-voir-les-lieux-a-visiter-385\/#article\",\"isPartOf\":{\"@id\":\"https:\/\/www.visiterarles.com\/en\/blog\/2014\/10\/04\/arles-les-alyscs-selectionner-votre-location-de-velo-pour-voir-les-lieux-a-visiter-385\/\"},\"author\":{\"name\":\"Linkadm\",\"@id\":\"https:\/\/www.visiterarles.com\/en\/#\/schema\/person\/ba5912e4613018f479a2d86815a53576\"},\"headline\":\"Arles les Alyscamps : s\u00e9lectionner votre location de v\u00e9lo pour voir les lieux \u00e0 visiter\",\"datePublished\":\"2014-10-04T10:28:00+00:00\",\"dateModified\":\"2014-10-04T10:28:00+00:00\",\"mainEntityOfPage\":{\"@id\":\"https:\/\/www.visiterarles.com\/en\/blog\/2014\/10\/04\/arles-les-alyscs-selectionner-votre-location-de-velo-pour-voir-les-lieux-a-visiter-385\/\"},\"wordCount\":224,\"commentCount\":0,\"publisher\":{\"@id\":\"https:\/\/www.visiterarles.com\/en\/#organization\"},\"articleSection\":[\"Informations\"],\"inLanguage\":\"en-GB\",\"potentialAction\":[{\"@type\":\"CommentAction\",\"name\":\"Comment\",\"target\":[\"https:\/\/www.visiterarles.com\/en\/blog\/2014\/10\/04\/arles-les-alyscs-selectionner-votre-location-de-velo-pour-voir-les-lieux-a-visiter-385\/#respond\"]}]},{\"@type\":\"WebPage\",\"@id\":\"https:\/\/www.visiterarles.com\/en\/blog\/2014\/10\/04\/arles-les-alyscs-selectionner-votre-location-de-velo-pour-voir-les-lieux-a-visiter-385\/\",\"url\":\"https:\/\/www.visiterarles.com\/en\/blog\/2014\/10\/04\/arles-les-alyscs-selectionner-votre-location-de-velo-pour-voir-les-lieux-a-visiter-385\/\",\"name\":\"Arles les Alyscamps : s\u00e9lectionner votre location de v\u00e9lo pour voir les lieux \u00e0 visiter - Visiter Arles\",\"isPartOf\":{\"@id\":\"https:\/\/www.visiterarles.com\/en\/#website\"},\"datePublished\":\"2014-10-04T10:28:00+00:00\",\"dateModified\":\"2014-10-04T10:28:00+00:00\",\"breadcrumb\":{\"@id\":\"https:\/\/www.visiterarles.com\/en\/blog\/2014\/10\/04\/arles-les-alyscs-selectionner-votre-location-de-velo-pour-voir-les-lieux-a-visiter-385\/#breadcrumb\"},\"inLanguage\":\"en-GB\",\"potentialAction\":[{\"@type\":\"ReadAction\",\"target\":[\"https:\/\/www.visiterarles.com\/en\/blog\/2014\/10\/04\/arles-les-alyscs-selectionner-votre-location-de-velo-pour-voir-les-lieux-a-visiter-385\/\"]}]},{\"@type\":\"BreadcrumbList\",\"@id\":\"https:\/\/www.visiterarles.com\/en\/blog\/2014\/10\/04\/arles-les-alyscs-selectionner-votre-location-de-velo-pour-voir-les-lieux-a-visiter-385\/#breadcrumb\",\"itemListElement\":[{\"@type\":\"ListItem\",\"position\":1,\"name\":\"Home\",\"item\":\"https:\/\/www.visiterarles.com\/\"},{\"@type\":\"ListItem\",\"position\":2,\"name\":\"Arles les Alyscamps : s\u00e9lectionner votre location de v\u00e9lo pour voir les lieux \u00e0 visiter\"}]},{\"@type\":\"WebSite\",\"@id\":\"https:\/\/www.visiterarles.com\/en\/#website\",\"url\":\"https:\/\/www.visiterarles.com\/en\/\",\"name\":\"Visiter Arles\",\"description\":\"Tourisme en Provence \u00e0 Arles\",\"publisher\":{\"@id\":\"https:\/\/www.visiterarles.com\/en\/#organization\"},\"potentialAction\":[{\"@type\":\"SearchAction\",\"target\":{\"@type\":\"EntryPoint\",\"urlTemplate\":\"https:\/\/www.visiterarles.com\/en\/?s={search_term_string}\"},\"query-input\":\"required name=search_term_string\"}],\"inLanguage\":\"en-GB\"},{\"@type\":\"Organization\",\"@id\":\"https:\/\/www.visiterarles.com\/en\/#organization\",\"name\":\"Visiter Arles\",\"url\":\"https:\/\/www.visiterarles.com\/en\/\",\"logo\":{\"@type\":\"ImageObject\",\"inLanguage\":\"en-GB\",\"@id\":\"https:\/\/www.visiterarles.com\/en\/#\/schema\/logo\/image\/\",\"url\":\"https:\/\/www.visiterarles.com\/wp-content\/uploads\/2017\/10\/taco-and-co-1-1.jpg\",\"contentUrl\":\"https:\/\/www.visiterarles.com\/wp-content\/uploads\/2017\/10\/taco-and-co-1-1.jpg\",\"width\":124,\"height\":73,\"caption\":\"Visiter Arles\"},\"image\":{\"@id\":\"https:\/\/www.visiterarles.com\/en\/#\/schema\/logo\/image\/\"}},{\"@type\":\"Person\",\"@id\":\"https:\/\/www.visiterarles.com\/en\/#\/schema\/person\/ba5912e4613018f479a2d86815a53576\",\"name\":\"Linkadm\",\"image\":{\"@type\":\"ImageObject\",\"inLanguage\":\"en-GB\",\"@id\":\"https:\/\/www.visiterarles.com\/en\/#\/schema\/person\/image\/\",\"url\":\"https:\/\/secure.gravatar.com\/avatar\/4709ec209921503e8d8cc96168eddc49?s=96&d=mm&r=g\",\"contentUrl\":\"https:\/\/secure.gravatar.com\/avatar\/4709ec209921503e8d8cc96168eddc49?s=96&d=mm&r=g\",\"caption\":\"Linkadm\"},\"url\":\"https:\/\/www.visiterarles.com\/en\/blog\/author\/admin\/\"}]}<\/script>\n<!-- \/ Yoast SEO plugin. -->","yoast_head_json":{"title":"Arles les Alyscamps : s\u00e9lectionner votre location de v\u00e9lo pour voir les lieux \u00e0 visiter - Visiter Arles","robots":{"index":"index","follow":"follow","max-snippet":"max-snippet:-1","max-image-preview":"max-image-preview:large","max-video-preview":"max-video-preview:-1"},"canonical":"https:\/\/www.visiterarles.com\/en\/blog\/2014\/10\/04\/arles-les-alyscs-selectionner-votre-location-de-velo-pour-voir-les-lieux-a-visiter-385\/","twitter_misc":{"Written by":"Linkadm","Estimated reading time":"1 minute"},"schema":{"@context":"https:\/\/schema.org","@graph":[{"@type":"Article","@id":"https:\/\/www.visiterarles.com\/en\/blog\/2014\/10\/04\/arles-les-alyscs-selectionner-votre-location-de-velo-pour-voir-les-lieux-a-visiter-385\/#article","isPartOf":{"@id":"https:\/\/www.visiterarles.com\/en\/blog\/2014\/10\/04\/arles-les-alyscs-selectionner-votre-location-de-velo-pour-voir-les-lieux-a-visiter-385\/"},"author":{"name":"Linkadm","@id":"https:\/\/www.visiterarles.com\/en\/#\/schema\/person\/ba5912e4613018f479a2d86815a53576"},"headline":"Arles les Alyscamps : s\u00e9lectionner votre location de v\u00e9lo pour voir les lieux \u00e0 visiter","datePublished":"2014-10-04T10:28:00+00:00","dateModified":"2014-10-04T10:28:00+00:00","mainEntityOfPage":{"@id":"https:\/\/www.visiterarles.com\/en\/blog\/2014\/10\/04\/arles-les-alyscs-selectionner-votre-location-de-velo-pour-voir-les-lieux-a-visiter-385\/"},"wordCount":224,"commentCount":0,"publisher":{"@id":"https:\/\/www.visiterarles.com\/en\/#organization"},"articleSection":["Informations"],"inLanguage":"en-GB","potentialAction":[{"@type":"CommentAction","name":"Comment","target":["https:\/\/www.visiterarles.com\/en\/blog\/2014\/10\/04\/arles-les-alyscs-selectionner-votre-location-de-velo-pour-voir-les-lieux-a-visiter-385\/#respond"]}]},{"@type":"WebPage","@id":"https:\/\/www.visiterarles.com\/en\/blog\/2014\/10\/04\/arles-les-alyscs-selectionner-votre-location-de-velo-pour-voir-les-lieux-a-visiter-385\/","url":"https:\/\/www.visiterarles.com\/en\/blog\/2014\/10\/04\/arles-les-alyscs-selectionner-votre-location-de-velo-pour-voir-les-lieux-a-visiter-385\/","name":"Arles les Alyscamps : s\u00e9lectionner votre location de v\u00e9lo pour voir les lieux \u00e0 visiter - Visiter Arles","isPartOf":{"@id":"https:\/\/www.visiterarles.com\/en\/#website"},"datePublished":"2014-10-04T10:28:00+00:00","dateModified":"2014-10-04T10:28:00+00:00","breadcrumb":{"@id":"https:\/\/www.visiterarles.com\/en\/blog\/2014\/10\/04\/arles-les-alyscs-selectionner-votre-location-de-velo-pour-voir-les-lieux-a-visiter-385\/#breadcrumb"},"inLanguage":"en-GB","potentialAction":[{"@type":"ReadAction","target":["https:\/\/www.visiterarles.com\/en\/blog\/2014\/10\/04\/arles-les-alyscs-selectionner-votre-location-de-velo-pour-voir-les-lieux-a-visiter-385\/"]}]},{"@type":"BreadcrumbList","@id":"https:\/\/www.visiterarles.com\/en\/blog\/2014\/10\/04\/arles-les-alyscs-selectionner-votre-location-de-velo-pour-voir-les-lieux-a-visiter-385\/#breadcrumb","itemListElement":[{"@type":"ListItem","position":1,"name":"Home","item":"https:\/\/www.visiterarles.com\/"},{"@type":"ListItem","position":2,"name":"Arles les Alyscamps : s\u00e9lectionner votre location de v\u00e9lo pour voir les lieux \u00e0 visiter"}]},{"@type":"WebSite","@id":"https:\/\/www.visiterarles.com\/en\/#website","url":"https:\/\/www.visiterarles.com\/en\/","name":"Visiter Arles","description":"Tourisme en Provence \u00e0 Arles","publisher":{"@id":"https:\/\/www.visiterarles.com\/en\/#organization"},"potentialAction":[{"@type":"SearchAction","target":{"@type":"EntryPoint","urlTemplate":"https:\/\/www.visiterarles.com\/en\/?s={search_term_string}"},"query-input":"required name=search_term_string"}],"inLanguage":"en-GB"},{"@type":"Organization","@id":"https:\/\/www.visiterarles.com\/en\/#organization","name":"Visiter Arles","url":"https:\/\/www.visiterarles.com\/en\/","logo":{"@type":"ImageObject","inLanguage":"en-GB","@id":"https:\/\/www.visiterarles.com\/en\/#\/schema\/logo\/image\/","url":"https:\/\/www.visiterarles.com\/wp-content\/uploads\/2017\/10\/taco-and-co-1-1.jpg","contentUrl":"https:\/\/www.visiterarles.com\/wp-content\/uploads\/2017\/10\/taco-and-co-1-1.jpg","width":124,"height":73,"caption":"Visiter Arles"},"image":{"@id":"https:\/\/www.visiterarles.com\/en\/#\/schema\/logo\/image\/"}},{"@type":"Person","@id":"https:\/\/www.visiterarles.com\/en\/#\/schema\/person\/ba5912e4613018f479a2d86815a53576","name":"Linkadm","image":{"@type":"ImageObject","inLanguage":"en-GB","@id":"https:\/\/www.visiterarles.com\/en\/#\/schema\/person\/image\/","url":"https:\/\/secure.gravatar.com\/avatar\/4709ec209921503e8d8cc96168eddc49?s=96&d=mm&r=g","contentUrl":"https:\/\/secure.gravatar.com\/avatar\/4709ec209921503e8d8cc96168eddc49?s=96&d=mm&r=g","caption":"Linkadm"},"url":"https:\/\/www.visiterarles.com\/en\/blog\/author\/admin\/"}]}},"_links":{"self":[{"href":"https:\/\/www.visiterarles.com\/en\/wp-json\/wp\/v2\/posts\/28020"}],"collection":[{"href":"https:\/\/www.visiterarles.com\/en\/wp-json\/wp\/v2\/posts"}],"about":[{"href":"https:\/\/www.visiterarles.com\/en\/wp-json\/wp\/v2\/types\/post"}],"author":[{"embeddable":true,"href":"https:\/\/www.visiterarles.com\/en\/wp-json\/wp\/v2\/users\/1"}],"replies":[{"embeddable":true,"href":"https:\/\/www.visiterarles.com\/en\/wp-json\/wp\/v2\/comments?post=28020"}],"version-history":[{"count":0,"href":"https:\/\/www.visiterarles.com\/en\/wp-json\/wp\/v2\/posts\/28020\/revisions"}],"wp:attachment":[{"href":"https:\/\/www.visiterarles.com\/en\/wp-json\/wp\/v2\/media?parent=28020"}],"wp:term":[{"taxonomy":"category","embeddable":true,"href":"https:\/\/www.visiterarles.com\/en\/wp-json\/wp\/v2\/categories?post=28020"},{"taxonomy":"post_tag","embeddable":true,"href":"https:\/\/www.visiterarles.com\/en\/wp-json\/wp\/v2\/tags?post=28020"}],"curies":[{"name":"wp","href":"https:\/\/api.w.org\/{rel}","templated":true}]}}