{"id":28024,"date":"2014-10-06T15:25:00","date_gmt":"2014-10-06T15:25:00","guid":{"rendered":"http:\/\/www.visiterarles.com\/bon-plan-pour-sortir-arles-historique-la-location-de-velo-1867\/"},"modified":"2014-10-06T15:25:00","modified_gmt":"2014-10-06T15:25:00","slug":"bon-plan-pour-sortir-arles-historique-la-location-de-velo-1867","status":"publish","type":"post","link":"https:\/\/www.visiterarles.com\/en\/blog\/2014\/10\/06\/bon-plan-pour-sortir-arles-historique-la-location-de-velo-1867\/","title":{"rendered":"Bon plan pour sortir Arles historique : la location de v\u00e9lo"},"content":{"rendered":"<h4>Pour sortir \u00e0 Arles historique : o\u00f9 trouver un contact fiable pr\u00e9sentant une location de v\u00e9lo<\/h4>\n<p>Les lieux prestigieux poussent \u00e0 tous les coins de rue, ainsi, notre location de v\u00e9lo pour sortir sur Arles historique vous donnera la possibilit\u00e9 de profiter pleinement des thermes de constantin, du mus\u00e9e du riz o\u00f9 de l&rsquo;\u00e9glise saint blaise. De fa\u00e7on \u00e0 vous aider pour profiter pleinement du meilleur de la culture, avec le sentiment d\u2019agir de fa\u00e7on \u00e9cologique, notre location de v\u00e9lo pour sortir sur Arles historique vous fera jouir du moment pr\u00e9sent.<\/p>\n<h4>Pour sortir au sein d&rsquo;Arles : pour quelles raisons choisir notre location de v\u00e9lo<\/h4>\n<p>Pour qui a l&rsquo;intention de prendre connaissance du magnifique capital de la commune, une location de v\u00e9lo pour sortir dans Arles, entre autres, est tr\u00e8s adapt\u00e9e. O\u00f9 que vous vous av\u00e9riez \u00eatre dans Arles, vous pourrez pleinement profiter d\u2019une agr\u00e9able location de v\u00e9lo en toute qui\u00e9tude. Une <a href=\"http:\/\/www.visiterarles.com\/en\/votre-location-de-velo-pour-sortir-sur-arles-1293\/\">location de v\u00e9lo sur Arles<\/a>, pour sortir peut para\u00eetre une alternative cl\u00e9s en main qui conviendra \u00e0 tous ainsi qu\u2019aux plus passionn\u00e9s.<\/p>","protected":false},"excerpt":{"rendered":"<p>Pour sortir \u00e0 Arles historique : o\u00f9 trouver un contact fiable pr\u00e9sentant une location de v\u00e9lo Les lieux prestigieux poussent \u00e0 tous les coins de rue, ainsi, notre location de v\u00e9lo pour sortir sur Arles historique vous donnera la possibilit\u00e9 de profiter pleinement des thermes de constantin, du mus\u00e9e du riz o\u00f9 de l&rsquo;\u00e9glise saint [&hellip;]<\/p>","protected":false},"author":1,"featured_media":0,"comment_status":"open","ping_status":"open","sticky":false,"template":"","format":"standard","meta":{"footnotes":""},"categories":[55],"tags":[],"aioseo_notices":[],"yoast_head":"<!-- This site is optimized with the Yoast SEO plugin v22.3 - https:\/\/yoast.com\/wordpress\/plugins\/seo\/ -->\n<title>Bon plan pour sortir Arles historique : la location de v\u00e9lo - Visiter Arles<\/title>\n<meta name=\"robots\" content=\"index, follow, max-snippet:-1, max-image-preview:large, max-video-preview:-1\" \/>\n<link rel=\"canonical\" href=\"https:\/\/www.visiterarles.com\/en\/blog\/2014\/10\/06\/bon-plan-pour-sortir-arles-historique-la-location-de-velo-1867\/\" \/>\n<meta name=\"twitter:label1\" content=\"Written by\" \/>\n\t<meta name=\"twitter:data1\" content=\"Linkadm\" \/>\n\t<meta name=\"twitter:label2\" content=\"Estimated reading time\" \/>\n\t<meta name=\"twitter:data2\" content=\"1 minute\" \/>\n<script type=\"application\/ld+json\" class=\"yoast-schema-graph\">{\"@context\":\"https:\/\/schema.org\",\"@graph\":[{\"@type\":\"Article\",\"@id\":\"https:\/\/www.visiterarles.com\/en\/blog\/2014\/10\/06\/bon-plan-pour-sortir-arles-historique-la-location-de-velo-1867\/#article\",\"isPartOf\":{\"@id\":\"https:\/\/www.visiterarles.com\/en\/blog\/2014\/10\/06\/bon-plan-pour-sortir-arles-historique-la-location-de-velo-1867\/\"},\"author\":{\"name\":\"Linkadm\",\"@id\":\"https:\/\/www.visiterarles.com\/en\/#\/schema\/person\/ba5912e4613018f479a2d86815a53576\"},\"headline\":\"Bon plan pour sortir Arles historique : la location de v\u00e9lo\",\"datePublished\":\"2014-10-06T15:25:00+00:00\",\"dateModified\":\"2014-10-06T15:25:00+00:00\",\"mainEntityOfPage\":{\"@id\":\"https:\/\/www.visiterarles.com\/en\/blog\/2014\/10\/06\/bon-plan-pour-sortir-arles-historique-la-location-de-velo-1867\/\"},\"wordCount\":205,\"commentCount\":0,\"publisher\":{\"@id\":\"https:\/\/www.visiterarles.com\/en\/#organization\"},\"articleSection\":[\"Informations\"],\"inLanguage\":\"en-GB\",\"potentialAction\":[{\"@type\":\"CommentAction\",\"name\":\"Comment\",\"target\":[\"https:\/\/www.visiterarles.com\/en\/blog\/2014\/10\/06\/bon-plan-pour-sortir-arles-historique-la-location-de-velo-1867\/#respond\"]}]},{\"@type\":\"WebPage\",\"@id\":\"https:\/\/www.visiterarles.com\/en\/blog\/2014\/10\/06\/bon-plan-pour-sortir-arles-historique-la-location-de-velo-1867\/\",\"url\":\"https:\/\/www.visiterarles.com\/en\/blog\/2014\/10\/06\/bon-plan-pour-sortir-arles-historique-la-location-de-velo-1867\/\",\"name\":\"Bon plan pour sortir Arles historique : la location de v\u00e9lo - Visiter Arles\",\"isPartOf\":{\"@id\":\"https:\/\/www.visiterarles.com\/en\/#website\"},\"datePublished\":\"2014-10-06T15:25:00+00:00\",\"dateModified\":\"2014-10-06T15:25:00+00:00\",\"breadcrumb\":{\"@id\":\"https:\/\/www.visiterarles.com\/en\/blog\/2014\/10\/06\/bon-plan-pour-sortir-arles-historique-la-location-de-velo-1867\/#breadcrumb\"},\"inLanguage\":\"en-GB\",\"potentialAction\":[{\"@type\":\"ReadAction\",\"target\":[\"https:\/\/www.visiterarles.com\/en\/blog\/2014\/10\/06\/bon-plan-pour-sortir-arles-historique-la-location-de-velo-1867\/\"]}]},{\"@type\":\"BreadcrumbList\",\"@id\":\"https:\/\/www.visiterarles.com\/en\/blog\/2014\/10\/06\/bon-plan-pour-sortir-arles-historique-la-location-de-velo-1867\/#breadcrumb\",\"itemListElement\":[{\"@type\":\"ListItem\",\"position\":1,\"name\":\"Home\",\"item\":\"https:\/\/www.visiterarles.com\/\"},{\"@type\":\"ListItem\",\"position\":2,\"name\":\"Bon plan pour sortir Arles historique : la location de v\u00e9lo\"}]},{\"@type\":\"WebSite\",\"@id\":\"https:\/\/www.visiterarles.com\/en\/#website\",\"url\":\"https:\/\/www.visiterarles.com\/en\/\",\"name\":\"Visiter Arles\",\"description\":\"Tourisme en Provence \u00e0 Arles\",\"publisher\":{\"@id\":\"https:\/\/www.visiterarles.com\/en\/#organization\"},\"potentialAction\":[{\"@type\":\"SearchAction\",\"target\":{\"@type\":\"EntryPoint\",\"urlTemplate\":\"https:\/\/www.visiterarles.com\/en\/?s={search_term_string}\"},\"query-input\":\"required name=search_term_string\"}],\"inLanguage\":\"en-GB\"},{\"@type\":\"Organization\",\"@id\":\"https:\/\/www.visiterarles.com\/en\/#organization\",\"name\":\"Visiter Arles\",\"url\":\"https:\/\/www.visiterarles.com\/en\/\",\"logo\":{\"@type\":\"ImageObject\",\"inLanguage\":\"en-GB\",\"@id\":\"https:\/\/www.visiterarles.com\/en\/#\/schema\/logo\/image\/\",\"url\":\"https:\/\/www.visiterarles.com\/wp-content\/uploads\/2017\/10\/taco-and-co-1-1.jpg\",\"contentUrl\":\"https:\/\/www.visiterarles.com\/wp-content\/uploads\/2017\/10\/taco-and-co-1-1.jpg\",\"width\":124,\"height\":73,\"caption\":\"Visiter Arles\"},\"image\":{\"@id\":\"https:\/\/www.visiterarles.com\/en\/#\/schema\/logo\/image\/\"}},{\"@type\":\"Person\",\"@id\":\"https:\/\/www.visiterarles.com\/en\/#\/schema\/person\/ba5912e4613018f479a2d86815a53576\",\"name\":\"Linkadm\",\"image\":{\"@type\":\"ImageObject\",\"inLanguage\":\"en-GB\",\"@id\":\"https:\/\/www.visiterarles.com\/en\/#\/schema\/person\/image\/\",\"url\":\"https:\/\/secure.gravatar.com\/avatar\/4709ec209921503e8d8cc96168eddc49?s=96&d=mm&r=g\",\"contentUrl\":\"https:\/\/secure.gravatar.com\/avatar\/4709ec209921503e8d8cc96168eddc49?s=96&d=mm&r=g\",\"caption\":\"Linkadm\"},\"url\":\"https:\/\/www.visiterarles.com\/en\/blog\/author\/admin\/\"}]}<\/script>\n<!-- \/ Yoast SEO plugin. -->","yoast_head_json":{"title":"Bon plan pour sortir Arles historique : la location de v\u00e9lo - Visiter Arles","robots":{"index":"index","follow":"follow","max-snippet":"max-snippet:-1","max-image-preview":"max-image-preview:large","max-video-preview":"max-video-preview:-1"},"canonical":"https:\/\/www.visiterarles.com\/en\/blog\/2014\/10\/06\/bon-plan-pour-sortir-arles-historique-la-location-de-velo-1867\/","twitter_misc":{"Written by":"Linkadm","Estimated reading time":"1 minute"},"schema":{"@context":"https:\/\/schema.org","@graph":[{"@type":"Article","@id":"https:\/\/www.visiterarles.com\/en\/blog\/2014\/10\/06\/bon-plan-pour-sortir-arles-historique-la-location-de-velo-1867\/#article","isPartOf":{"@id":"https:\/\/www.visiterarles.com\/en\/blog\/2014\/10\/06\/bon-plan-pour-sortir-arles-historique-la-location-de-velo-1867\/"},"author":{"name":"Linkadm","@id":"https:\/\/www.visiterarles.com\/en\/#\/schema\/person\/ba5912e4613018f479a2d86815a53576"},"headline":"Bon plan pour sortir Arles historique : la location de v\u00e9lo","datePublished":"2014-10-06T15:25:00+00:00","dateModified":"2014-10-06T15:25:00+00:00","mainEntityOfPage":{"@id":"https:\/\/www.visiterarles.com\/en\/blog\/2014\/10\/06\/bon-plan-pour-sortir-arles-historique-la-location-de-velo-1867\/"},"wordCount":205,"commentCount":0,"publisher":{"@id":"https:\/\/www.visiterarles.com\/en\/#organization"},"articleSection":["Informations"],"inLanguage":"en-GB","potentialAction":[{"@type":"CommentAction","name":"Comment","target":["https:\/\/www.visiterarles.com\/en\/blog\/2014\/10\/06\/bon-plan-pour-sortir-arles-historique-la-location-de-velo-1867\/#respond"]}]},{"@type":"WebPage","@id":"https:\/\/www.visiterarles.com\/en\/blog\/2014\/10\/06\/bon-plan-pour-sortir-arles-historique-la-location-de-velo-1867\/","url":"https:\/\/www.visiterarles.com\/en\/blog\/2014\/10\/06\/bon-plan-pour-sortir-arles-historique-la-location-de-velo-1867\/","name":"Bon plan pour sortir Arles historique : la location de v\u00e9lo - Visiter Arles","isPartOf":{"@id":"https:\/\/www.visiterarles.com\/en\/#website"},"datePublished":"2014-10-06T15:25:00+00:00","dateModified":"2014-10-06T15:25:00+00:00","breadcrumb":{"@id":"https:\/\/www.visiterarles.com\/en\/blog\/2014\/10\/06\/bon-plan-pour-sortir-arles-historique-la-location-de-velo-1867\/#breadcrumb"},"inLanguage":"en-GB","potentialAction":[{"@type":"ReadAction","target":["https:\/\/www.visiterarles.com\/en\/blog\/2014\/10\/06\/bon-plan-pour-sortir-arles-historique-la-location-de-velo-1867\/"]}]},{"@type":"BreadcrumbList","@id":"https:\/\/www.visiterarles.com\/en\/blog\/2014\/10\/06\/bon-plan-pour-sortir-arles-historique-la-location-de-velo-1867\/#breadcrumb","itemListElement":[{"@type":"ListItem","position":1,"name":"Home","item":"https:\/\/www.visiterarles.com\/"},{"@type":"ListItem","position":2,"name":"Bon plan pour sortir Arles historique : la location de v\u00e9lo"}]},{"@type":"WebSite","@id":"https:\/\/www.visiterarles.com\/en\/#website","url":"https:\/\/www.visiterarles.com\/en\/","name":"Visiter Arles","description":"Tourisme en Provence \u00e0 Arles","publisher":{"@id":"https:\/\/www.visiterarles.com\/en\/#organization"},"potentialAction":[{"@type":"SearchAction","target":{"@type":"EntryPoint","urlTemplate":"https:\/\/www.visiterarles.com\/en\/?s={search_term_string}"},"query-input":"required name=search_term_string"}],"inLanguage":"en-GB"},{"@type":"Organization","@id":"https:\/\/www.visiterarles.com\/en\/#organization","name":"Visiter Arles","url":"https:\/\/www.visiterarles.com\/en\/","logo":{"@type":"ImageObject","inLanguage":"en-GB","@id":"https:\/\/www.visiterarles.com\/en\/#\/schema\/logo\/image\/","url":"https:\/\/www.visiterarles.com\/wp-content\/uploads\/2017\/10\/taco-and-co-1-1.jpg","contentUrl":"https:\/\/www.visiterarles.com\/wp-content\/uploads\/2017\/10\/taco-and-co-1-1.jpg","width":124,"height":73,"caption":"Visiter Arles"},"image":{"@id":"https:\/\/www.visiterarles.com\/en\/#\/schema\/logo\/image\/"}},{"@type":"Person","@id":"https:\/\/www.visiterarles.com\/en\/#\/schema\/person\/ba5912e4613018f479a2d86815a53576","name":"Linkadm","image":{"@type":"ImageObject","inLanguage":"en-GB","@id":"https:\/\/www.visiterarles.com\/en\/#\/schema\/person\/image\/","url":"https:\/\/secure.gravatar.com\/avatar\/4709ec209921503e8d8cc96168eddc49?s=96&d=mm&r=g","contentUrl":"https:\/\/secure.gravatar.com\/avatar\/4709ec209921503e8d8cc96168eddc49?s=96&d=mm&r=g","caption":"Linkadm"},"url":"https:\/\/www.visiterarles.com\/en\/blog\/author\/admin\/"}]}},"_links":{"self":[{"href":"https:\/\/www.visiterarles.com\/en\/wp-json\/wp\/v2\/posts\/28024"}],"collection":[{"href":"https:\/\/www.visiterarles.com\/en\/wp-json\/wp\/v2\/posts"}],"about":[{"href":"https:\/\/www.visiterarles.com\/en\/wp-json\/wp\/v2\/types\/post"}],"author":[{"embeddable":true,"href":"https:\/\/www.visiterarles.com\/en\/wp-json\/wp\/v2\/users\/1"}],"replies":[{"embeddable":true,"href":"https:\/\/www.visiterarles.com\/en\/wp-json\/wp\/v2\/comments?post=28024"}],"version-history":[{"count":0,"href":"https:\/\/www.visiterarles.com\/en\/wp-json\/wp\/v2\/posts\/28024\/revisions"}],"wp:attachment":[{"href":"https:\/\/www.visiterarles.com\/en\/wp-json\/wp\/v2\/media?parent=28024"}],"wp:term":[{"taxonomy":"category","embeddable":true,"href":"https:\/\/www.visiterarles.com\/en\/wp-json\/wp\/v2\/categories?post=28024"},{"taxonomy":"post_tag","embeddable":true,"href":"https:\/\/www.visiterarles.com\/en\/wp-json\/wp\/v2\/tags?post=28024"}],"curies":[{"name":"wp","href":"https:\/\/api.w.org\/{rel}","templated":true}]}}