{"id":28025,"date":"2014-10-06T11:32:00","date_gmt":"2014-10-06T11:32:00","guid":{"rendered":"http:\/\/www.visiterarles.com\/degoter-une-location-de-velo-pour-sortir-arles-centre-ville-179\/"},"modified":"2014-10-06T11:32:00","modified_gmt":"2014-10-06T11:32:00","slug":"degoter-une-location-de-velo-pour-sortir-arles-centre-ville-179","status":"publish","type":"post","link":"https:\/\/www.visiterarles.com\/en\/blog\/2014\/10\/06\/degoter-une-location-de-velo-pour-sortir-arles-centre-ville-179\/","title":{"rendered":"D\u00e9goter une location de v\u00e9lo pour sortir Arles centre ville"},"content":{"rendered":"<h4>Pour sortir sur Arles centre ville : o\u00f9 rep\u00e9rer un contact fiable proposant une location de v\u00e9lo<\/h4>\n<p>Les cryptoportiques, le mus\u00e9e du riz o\u00f9 alors la tour des mourgues, par le biais de notre location de v\u00e9lo pour sortir \u00e0 Arles centre ville, sont des hauts lieux qui ne vous \u00e9chapperont pas au sein de cette exceptionnelle commune ravissante. Une <a href=\"http:\/\/www.visiterarles.com\/en\/votre-location-de-velo-pour-sortir-sur-arles-1293\/\">location de v\u00e9lo pour sortir \u00e0 Arles<\/a> centre ville, entre autres, vous aidera \u00e0 jouir pleinement de l&rsquo;existence au sein de cette exceptionnelle commune ravissante, de plus en plus avec le sentiment d&rsquo;\u0153uvrer d\u2019une mani\u00e8re \u00e9cologique, en pr\u00e9sentant une d\u00e9couverte culturelle des plus riches.<\/p>\n<h4>Arles : pour quelles raisons s\u00e9lectionner notre location de v\u00e9lo pour sortir<\/h4>\n<p>Faire la d\u00e9couverte du tr\u00e8s beau capital de la commune via notre location de v\u00e9lo pour sortir \u00e0 Arles peut s&rsquo;av\u00e9rer \u00eatre une alternative cl\u00e9s en main appropri\u00e9e pour qui le souhaite. En arrivant sur Arles, vous pourrez solliciter notre location de v\u00e9lo entre autre dans la gare sncf. Les consommateurs de tout poil adoreront notre location de v\u00e9lo sur Arles, pour sortir leur convenant sans aucun doute.<\/p>","protected":false},"excerpt":{"rendered":"<p>Pour sortir sur Arles centre ville : o\u00f9 rep\u00e9rer un contact fiable proposant une location de v\u00e9lo Les cryptoportiques, le mus\u00e9e du riz o\u00f9 alors la tour des mourgues, par le biais de notre location de v\u00e9lo pour sortir \u00e0 Arles centre ville, sont des hauts lieux qui ne vous \u00e9chapperont pas au sein de [&hellip;]<\/p>","protected":false},"author":1,"featured_media":0,"comment_status":"open","ping_status":"open","sticky":false,"template":"","format":"standard","meta":{"footnotes":""},"categories":[55],"tags":[],"aioseo_notices":[],"yoast_head":"<!-- This site is optimized with the Yoast SEO plugin v22.3 - https:\/\/yoast.com\/wordpress\/plugins\/seo\/ -->\n<title>D\u00e9goter une location de v\u00e9lo pour sortir Arles centre ville - Visiter Arles<\/title>\n<meta name=\"robots\" content=\"index, follow, max-snippet:-1, max-image-preview:large, max-video-preview:-1\" \/>\n<link rel=\"canonical\" href=\"https:\/\/www.visiterarles.com\/en\/blog\/2014\/10\/06\/degoter-une-location-de-velo-pour-sortir-arles-centre-ville-179\/\" \/>\n<meta name=\"twitter:label1\" content=\"Written by\" \/>\n\t<meta name=\"twitter:data1\" content=\"Linkadm\" \/>\n\t<meta name=\"twitter:label2\" content=\"Estimated reading time\" \/>\n\t<meta name=\"twitter:data2\" content=\"1 minute\" \/>\n<script type=\"application\/ld+json\" class=\"yoast-schema-graph\">{\"@context\":\"https:\/\/schema.org\",\"@graph\":[{\"@type\":\"Article\",\"@id\":\"https:\/\/www.visiterarles.com\/en\/blog\/2014\/10\/06\/degoter-une-location-de-velo-pour-sortir-arles-centre-ville-179\/#article\",\"isPartOf\":{\"@id\":\"https:\/\/www.visiterarles.com\/en\/blog\/2014\/10\/06\/degoter-une-location-de-velo-pour-sortir-arles-centre-ville-179\/\"},\"author\":{\"name\":\"Linkadm\",\"@id\":\"https:\/\/www.visiterarles.com\/en\/#\/schema\/person\/ba5912e4613018f479a2d86815a53576\"},\"headline\":\"D\u00e9goter une location de v\u00e9lo pour sortir Arles centre ville\",\"datePublished\":\"2014-10-06T11:32:00+00:00\",\"dateModified\":\"2014-10-06T11:32:00+00:00\",\"mainEntityOfPage\":{\"@id\":\"https:\/\/www.visiterarles.com\/en\/blog\/2014\/10\/06\/degoter-une-location-de-velo-pour-sortir-arles-centre-ville-179\/\"},\"wordCount\":212,\"commentCount\":0,\"publisher\":{\"@id\":\"https:\/\/www.visiterarles.com\/en\/#organization\"},\"articleSection\":[\"Informations\"],\"inLanguage\":\"en-GB\",\"potentialAction\":[{\"@type\":\"CommentAction\",\"name\":\"Comment\",\"target\":[\"https:\/\/www.visiterarles.com\/en\/blog\/2014\/10\/06\/degoter-une-location-de-velo-pour-sortir-arles-centre-ville-179\/#respond\"]}]},{\"@type\":\"WebPage\",\"@id\":\"https:\/\/www.visiterarles.com\/en\/blog\/2014\/10\/06\/degoter-une-location-de-velo-pour-sortir-arles-centre-ville-179\/\",\"url\":\"https:\/\/www.visiterarles.com\/en\/blog\/2014\/10\/06\/degoter-une-location-de-velo-pour-sortir-arles-centre-ville-179\/\",\"name\":\"D\u00e9goter une location de v\u00e9lo pour sortir Arles centre ville - Visiter Arles\",\"isPartOf\":{\"@id\":\"https:\/\/www.visiterarles.com\/en\/#website\"},\"datePublished\":\"2014-10-06T11:32:00+00:00\",\"dateModified\":\"2014-10-06T11:32:00+00:00\",\"breadcrumb\":{\"@id\":\"https:\/\/www.visiterarles.com\/en\/blog\/2014\/10\/06\/degoter-une-location-de-velo-pour-sortir-arles-centre-ville-179\/#breadcrumb\"},\"inLanguage\":\"en-GB\",\"potentialAction\":[{\"@type\":\"ReadAction\",\"target\":[\"https:\/\/www.visiterarles.com\/en\/blog\/2014\/10\/06\/degoter-une-location-de-velo-pour-sortir-arles-centre-ville-179\/\"]}]},{\"@type\":\"BreadcrumbList\",\"@id\":\"https:\/\/www.visiterarles.com\/en\/blog\/2014\/10\/06\/degoter-une-location-de-velo-pour-sortir-arles-centre-ville-179\/#breadcrumb\",\"itemListElement\":[{\"@type\":\"ListItem\",\"position\":1,\"name\":\"Home\",\"item\":\"https:\/\/www.visiterarles.com\/\"},{\"@type\":\"ListItem\",\"position\":2,\"name\":\"D\u00e9goter une location de v\u00e9lo pour sortir Arles centre ville\"}]},{\"@type\":\"WebSite\",\"@id\":\"https:\/\/www.visiterarles.com\/en\/#website\",\"url\":\"https:\/\/www.visiterarles.com\/en\/\",\"name\":\"Visiter Arles\",\"description\":\"Tourisme en Provence \u00e0 Arles\",\"publisher\":{\"@id\":\"https:\/\/www.visiterarles.com\/en\/#organization\"},\"potentialAction\":[{\"@type\":\"SearchAction\",\"target\":{\"@type\":\"EntryPoint\",\"urlTemplate\":\"https:\/\/www.visiterarles.com\/en\/?s={search_term_string}\"},\"query-input\":\"required name=search_term_string\"}],\"inLanguage\":\"en-GB\"},{\"@type\":\"Organization\",\"@id\":\"https:\/\/www.visiterarles.com\/en\/#organization\",\"name\":\"Visiter Arles\",\"url\":\"https:\/\/www.visiterarles.com\/en\/\",\"logo\":{\"@type\":\"ImageObject\",\"inLanguage\":\"en-GB\",\"@id\":\"https:\/\/www.visiterarles.com\/en\/#\/schema\/logo\/image\/\",\"url\":\"https:\/\/www.visiterarles.com\/wp-content\/uploads\/2017\/10\/taco-and-co-1-1.jpg\",\"contentUrl\":\"https:\/\/www.visiterarles.com\/wp-content\/uploads\/2017\/10\/taco-and-co-1-1.jpg\",\"width\":124,\"height\":73,\"caption\":\"Visiter Arles\"},\"image\":{\"@id\":\"https:\/\/www.visiterarles.com\/en\/#\/schema\/logo\/image\/\"}},{\"@type\":\"Person\",\"@id\":\"https:\/\/www.visiterarles.com\/en\/#\/schema\/person\/ba5912e4613018f479a2d86815a53576\",\"name\":\"Linkadm\",\"image\":{\"@type\":\"ImageObject\",\"inLanguage\":\"en-GB\",\"@id\":\"https:\/\/www.visiterarles.com\/en\/#\/schema\/person\/image\/\",\"url\":\"https:\/\/secure.gravatar.com\/avatar\/4709ec209921503e8d8cc96168eddc49?s=96&d=mm&r=g\",\"contentUrl\":\"https:\/\/secure.gravatar.com\/avatar\/4709ec209921503e8d8cc96168eddc49?s=96&d=mm&r=g\",\"caption\":\"Linkadm\"},\"url\":\"https:\/\/www.visiterarles.com\/en\/blog\/author\/admin\/\"}]}<\/script>\n<!-- \/ Yoast SEO plugin. -->","yoast_head_json":{"title":"D\u00e9goter une location de v\u00e9lo pour sortir Arles centre ville - Visiter Arles","robots":{"index":"index","follow":"follow","max-snippet":"max-snippet:-1","max-image-preview":"max-image-preview:large","max-video-preview":"max-video-preview:-1"},"canonical":"https:\/\/www.visiterarles.com\/en\/blog\/2014\/10\/06\/degoter-une-location-de-velo-pour-sortir-arles-centre-ville-179\/","twitter_misc":{"Written by":"Linkadm","Estimated reading time":"1 minute"},"schema":{"@context":"https:\/\/schema.org","@graph":[{"@type":"Article","@id":"https:\/\/www.visiterarles.com\/en\/blog\/2014\/10\/06\/degoter-une-location-de-velo-pour-sortir-arles-centre-ville-179\/#article","isPartOf":{"@id":"https:\/\/www.visiterarles.com\/en\/blog\/2014\/10\/06\/degoter-une-location-de-velo-pour-sortir-arles-centre-ville-179\/"},"author":{"name":"Linkadm","@id":"https:\/\/www.visiterarles.com\/en\/#\/schema\/person\/ba5912e4613018f479a2d86815a53576"},"headline":"D\u00e9goter une location de v\u00e9lo pour sortir Arles centre ville","datePublished":"2014-10-06T11:32:00+00:00","dateModified":"2014-10-06T11:32:00+00:00","mainEntityOfPage":{"@id":"https:\/\/www.visiterarles.com\/en\/blog\/2014\/10\/06\/degoter-une-location-de-velo-pour-sortir-arles-centre-ville-179\/"},"wordCount":212,"commentCount":0,"publisher":{"@id":"https:\/\/www.visiterarles.com\/en\/#organization"},"articleSection":["Informations"],"inLanguage":"en-GB","potentialAction":[{"@type":"CommentAction","name":"Comment","target":["https:\/\/www.visiterarles.com\/en\/blog\/2014\/10\/06\/degoter-une-location-de-velo-pour-sortir-arles-centre-ville-179\/#respond"]}]},{"@type":"WebPage","@id":"https:\/\/www.visiterarles.com\/en\/blog\/2014\/10\/06\/degoter-une-location-de-velo-pour-sortir-arles-centre-ville-179\/","url":"https:\/\/www.visiterarles.com\/en\/blog\/2014\/10\/06\/degoter-une-location-de-velo-pour-sortir-arles-centre-ville-179\/","name":"D\u00e9goter une location de v\u00e9lo pour sortir Arles centre ville - Visiter Arles","isPartOf":{"@id":"https:\/\/www.visiterarles.com\/en\/#website"},"datePublished":"2014-10-06T11:32:00+00:00","dateModified":"2014-10-06T11:32:00+00:00","breadcrumb":{"@id":"https:\/\/www.visiterarles.com\/en\/blog\/2014\/10\/06\/degoter-une-location-de-velo-pour-sortir-arles-centre-ville-179\/#breadcrumb"},"inLanguage":"en-GB","potentialAction":[{"@type":"ReadAction","target":["https:\/\/www.visiterarles.com\/en\/blog\/2014\/10\/06\/degoter-une-location-de-velo-pour-sortir-arles-centre-ville-179\/"]}]},{"@type":"BreadcrumbList","@id":"https:\/\/www.visiterarles.com\/en\/blog\/2014\/10\/06\/degoter-une-location-de-velo-pour-sortir-arles-centre-ville-179\/#breadcrumb","itemListElement":[{"@type":"ListItem","position":1,"name":"Home","item":"https:\/\/www.visiterarles.com\/"},{"@type":"ListItem","position":2,"name":"D\u00e9goter une location de v\u00e9lo pour sortir Arles centre ville"}]},{"@type":"WebSite","@id":"https:\/\/www.visiterarles.com\/en\/#website","url":"https:\/\/www.visiterarles.com\/en\/","name":"Visiter Arles","description":"Tourisme en Provence \u00e0 Arles","publisher":{"@id":"https:\/\/www.visiterarles.com\/en\/#organization"},"potentialAction":[{"@type":"SearchAction","target":{"@type":"EntryPoint","urlTemplate":"https:\/\/www.visiterarles.com\/en\/?s={search_term_string}"},"query-input":"required name=search_term_string"}],"inLanguage":"en-GB"},{"@type":"Organization","@id":"https:\/\/www.visiterarles.com\/en\/#organization","name":"Visiter Arles","url":"https:\/\/www.visiterarles.com\/en\/","logo":{"@type":"ImageObject","inLanguage":"en-GB","@id":"https:\/\/www.visiterarles.com\/en\/#\/schema\/logo\/image\/","url":"https:\/\/www.visiterarles.com\/wp-content\/uploads\/2017\/10\/taco-and-co-1-1.jpg","contentUrl":"https:\/\/www.visiterarles.com\/wp-content\/uploads\/2017\/10\/taco-and-co-1-1.jpg","width":124,"height":73,"caption":"Visiter Arles"},"image":{"@id":"https:\/\/www.visiterarles.com\/en\/#\/schema\/logo\/image\/"}},{"@type":"Person","@id":"https:\/\/www.visiterarles.com\/en\/#\/schema\/person\/ba5912e4613018f479a2d86815a53576","name":"Linkadm","image":{"@type":"ImageObject","inLanguage":"en-GB","@id":"https:\/\/www.visiterarles.com\/en\/#\/schema\/person\/image\/","url":"https:\/\/secure.gravatar.com\/avatar\/4709ec209921503e8d8cc96168eddc49?s=96&d=mm&r=g","contentUrl":"https:\/\/secure.gravatar.com\/avatar\/4709ec209921503e8d8cc96168eddc49?s=96&d=mm&r=g","caption":"Linkadm"},"url":"https:\/\/www.visiterarles.com\/en\/blog\/author\/admin\/"}]}},"_links":{"self":[{"href":"https:\/\/www.visiterarles.com\/en\/wp-json\/wp\/v2\/posts\/28025"}],"collection":[{"href":"https:\/\/www.visiterarles.com\/en\/wp-json\/wp\/v2\/posts"}],"about":[{"href":"https:\/\/www.visiterarles.com\/en\/wp-json\/wp\/v2\/types\/post"}],"author":[{"embeddable":true,"href":"https:\/\/www.visiterarles.com\/en\/wp-json\/wp\/v2\/users\/1"}],"replies":[{"embeddable":true,"href":"https:\/\/www.visiterarles.com\/en\/wp-json\/wp\/v2\/comments?post=28025"}],"version-history":[{"count":0,"href":"https:\/\/www.visiterarles.com\/en\/wp-json\/wp\/v2\/posts\/28025\/revisions"}],"wp:attachment":[{"href":"https:\/\/www.visiterarles.com\/en\/wp-json\/wp\/v2\/media?parent=28025"}],"wp:term":[{"taxonomy":"category","embeddable":true,"href":"https:\/\/www.visiterarles.com\/en\/wp-json\/wp\/v2\/categories?post=28025"},{"taxonomy":"post_tag","embeddable":true,"href":"https:\/\/www.visiterarles.com\/en\/wp-json\/wp\/v2\/tags?post=28025"}],"curies":[{"name":"wp","href":"https:\/\/api.w.org\/{rel}","templated":true}]}}