{"id":28026,"date":"2014-10-06T17:01:00","date_gmt":"2014-10-06T17:01:00","guid":{"rendered":"http:\/\/www.visiterarles.com\/location-de-velo-pour-sortir-arles-quartier-des-musees-1623\/"},"modified":"2014-10-06T17:01:00","modified_gmt":"2014-10-06T17:01:00","slug":"location-de-velo-pour-sortir-arles-quartier-des-musees-1623","status":"publish","type":"post","link":"https:\/\/www.visiterarles.com\/en\/blog\/2014\/10\/06\/location-de-velo-pour-sortir-arles-quartier-des-musees-1623\/","title":{"rendered":"Location de v\u00e9lo pour sortir Arles quartier des mus\u00e9es"},"content":{"rendered":"<h4>Opter pour une location de v\u00e9lo, s\u00e9rieuse, pour sortir dans Arles quartier des mus\u00e9es<\/h4>\n<p>Des tours de la cavalerie, du village de salins o\u00f9 bien de l&rsquo;\u00e9glise saint blaiseles thermes de constantin, le marais du vigueirat o\u00f9 bien le march\u00e9 de provence, via notre location de v\u00e9lo pour sortir Arles quartier des mus\u00e9es, sont des monuments que vous ne manquerez pas au sein de cette exceptionnelle commune sublime. Une sympathique <a href=\"http:\/\/www.visiterarles.com\/en\/votre-location-de-velo-pour-sortir-sur-arles-1293\/\">location de v\u00e9lo pour sortir Arles<\/a> quartier des mus\u00e9es, pour ne citer que cela, vous aidera \u00e0 profiter au maximum de l\u2019existence au sein de cette exceptionnelle commune sublime, en tout cas avec la sensation d&rsquo;\u0153uvrer de mani\u00e8re \u00e9co-responsable, tout en proposant une culture des plus riches.<\/p>\n<h4>Pour sortir sur Arles : pour quelles raisons choisir notre location de v\u00e9lo<\/h4>\n<p>Prendre connaissance du majestueux centre historique par l&rsquo;interm\u00e9diaire de la location de v\u00e9lo pour sortir sur Arles peut para\u00eetre une offre efficace pour qui le d\u00e9sire. Peu importe o\u00f9 vous vous av\u00e9riez \u00eatre dans Arles, vous aurez la possibilit\u00e9 de jouir pleinement d\u2019une appr\u00e9ciable location de v\u00e9lo en toute qui\u00e9tude. Pour les amateurs de d\u00e9couvertes, une location de v\u00e9lo sur Arles, pour sortir conviendra aux exigences de tous, c\u2019est s\u00fbr.<\/p>","protected":false},"excerpt":{"rendered":"<p>Opter pour une location de v\u00e9lo, s\u00e9rieuse, pour sortir dans Arles quartier des mus\u00e9es Des tours de la cavalerie, du village de salins o\u00f9 bien de l&rsquo;\u00e9glise saint blaiseles thermes de constantin, le marais du vigueirat o\u00f9 bien le march\u00e9 de provence, via notre location de v\u00e9lo pour sortir Arles quartier des mus\u00e9es, sont des [&hellip;]<\/p>","protected":false},"author":1,"featured_media":0,"comment_status":"open","ping_status":"open","sticky":false,"template":"","format":"standard","meta":{"footnotes":""},"categories":[55],"tags":[],"aioseo_notices":[],"yoast_head":"<!-- This site is optimized with the Yoast SEO plugin v22.3 - https:\/\/yoast.com\/wordpress\/plugins\/seo\/ -->\n<title>Location de v\u00e9lo pour sortir Arles quartier des mus\u00e9es - Visiter Arles<\/title>\n<meta name=\"robots\" content=\"index, follow, max-snippet:-1, max-image-preview:large, max-video-preview:-1\" \/>\n<link rel=\"canonical\" href=\"https:\/\/www.visiterarles.com\/en\/blog\/2014\/10\/06\/location-de-velo-pour-sortir-arles-quartier-des-musees-1623\/\" \/>\n<meta name=\"twitter:label1\" content=\"Written by\" \/>\n\t<meta name=\"twitter:data1\" content=\"Linkadm\" \/>\n\t<meta name=\"twitter:label2\" content=\"Estimated reading time\" \/>\n\t<meta name=\"twitter:data2\" content=\"1 minute\" \/>\n<script type=\"application\/ld+json\" class=\"yoast-schema-graph\">{\"@context\":\"https:\/\/schema.org\",\"@graph\":[{\"@type\":\"Article\",\"@id\":\"https:\/\/www.visiterarles.com\/blog\/2014\/10\/06\/location-de-velo-pour-sortir-arles-quartier-des-musees-1623\/#article\",\"isPartOf\":{\"@id\":\"https:\/\/www.visiterarles.com\/blog\/2014\/10\/06\/location-de-velo-pour-sortir-arles-quartier-des-musees-1623\/\"},\"author\":{\"name\":\"Linkadm\",\"@id\":\"https:\/\/www.visiterarles.com\/en\/#\/schema\/person\/ba5912e4613018f479a2d86815a53576\"},\"headline\":\"Location de v\u00e9lo pour sortir Arles quartier des mus\u00e9es\",\"datePublished\":\"2014-10-06T17:01:00+00:00\",\"dateModified\":\"2014-10-06T17:01:00+00:00\",\"mainEntityOfPage\":{\"@id\":\"https:\/\/www.visiterarles.com\/blog\/2014\/10\/06\/location-de-velo-pour-sortir-arles-quartier-des-musees-1623\/\"},\"wordCount\":235,\"commentCount\":0,\"publisher\":{\"@id\":\"https:\/\/www.visiterarles.com\/en\/#organization\"},\"articleSection\":[\"Informations\"],\"inLanguage\":\"en-GB\",\"potentialAction\":[{\"@type\":\"CommentAction\",\"name\":\"Comment\",\"target\":[\"https:\/\/www.visiterarles.com\/blog\/2014\/10\/06\/location-de-velo-pour-sortir-arles-quartier-des-musees-1623\/#respond\"]}]},{\"@type\":\"WebPage\",\"@id\":\"https:\/\/www.visiterarles.com\/blog\/2014\/10\/06\/location-de-velo-pour-sortir-arles-quartier-des-musees-1623\/\",\"url\":\"https:\/\/www.visiterarles.com\/blog\/2014\/10\/06\/location-de-velo-pour-sortir-arles-quartier-des-musees-1623\/\",\"name\":\"Location de v\u00e9lo pour sortir Arles quartier des mus\u00e9es - Visiter Arles\",\"isPartOf\":{\"@id\":\"https:\/\/www.visiterarles.com\/en\/#website\"},\"datePublished\":\"2014-10-06T17:01:00+00:00\",\"dateModified\":\"2014-10-06T17:01:00+00:00\",\"breadcrumb\":{\"@id\":\"https:\/\/www.visiterarles.com\/blog\/2014\/10\/06\/location-de-velo-pour-sortir-arles-quartier-des-musees-1623\/#breadcrumb\"},\"inLanguage\":\"en-GB\",\"potentialAction\":[{\"@type\":\"ReadAction\",\"target\":[\"https:\/\/www.visiterarles.com\/blog\/2014\/10\/06\/location-de-velo-pour-sortir-arles-quartier-des-musees-1623\/\"]}]},{\"@type\":\"BreadcrumbList\",\"@id\":\"https:\/\/www.visiterarles.com\/blog\/2014\/10\/06\/location-de-velo-pour-sortir-arles-quartier-des-musees-1623\/#breadcrumb\",\"itemListElement\":[{\"@type\":\"ListItem\",\"position\":1,\"name\":\"Home\",\"item\":\"https:\/\/www.visiterarles.com\/\"},{\"@type\":\"ListItem\",\"position\":2,\"name\":\"Location de v\u00e9lo pour sortir Arles quartier des mus\u00e9es\"}]},{\"@type\":\"WebSite\",\"@id\":\"https:\/\/www.visiterarles.com\/en\/#website\",\"url\":\"https:\/\/www.visiterarles.com\/en\/\",\"name\":\"Visiter Arles\",\"description\":\"Tourisme en Provence \u00e0 Arles\",\"publisher\":{\"@id\":\"https:\/\/www.visiterarles.com\/en\/#organization\"},\"potentialAction\":[{\"@type\":\"SearchAction\",\"target\":{\"@type\":\"EntryPoint\",\"urlTemplate\":\"https:\/\/www.visiterarles.com\/en\/?s={search_term_string}\"},\"query-input\":\"required name=search_term_string\"}],\"inLanguage\":\"en-GB\"},{\"@type\":\"Organization\",\"@id\":\"https:\/\/www.visiterarles.com\/en\/#organization\",\"name\":\"Visiter Arles\",\"url\":\"https:\/\/www.visiterarles.com\/en\/\",\"logo\":{\"@type\":\"ImageObject\",\"inLanguage\":\"en-GB\",\"@id\":\"https:\/\/www.visiterarles.com\/en\/#\/schema\/logo\/image\/\",\"url\":\"https:\/\/www.visiterarles.com\/wp-content\/uploads\/2017\/10\/taco-and-co-1-1.jpg\",\"contentUrl\":\"https:\/\/www.visiterarles.com\/wp-content\/uploads\/2017\/10\/taco-and-co-1-1.jpg\",\"width\":124,\"height\":73,\"caption\":\"Visiter Arles\"},\"image\":{\"@id\":\"https:\/\/www.visiterarles.com\/en\/#\/schema\/logo\/image\/\"}},{\"@type\":\"Person\",\"@id\":\"https:\/\/www.visiterarles.com\/en\/#\/schema\/person\/ba5912e4613018f479a2d86815a53576\",\"name\":\"Linkadm\",\"image\":{\"@type\":\"ImageObject\",\"inLanguage\":\"en-GB\",\"@id\":\"https:\/\/www.visiterarles.com\/en\/#\/schema\/person\/image\/\",\"url\":\"https:\/\/secure.gravatar.com\/avatar\/4709ec209921503e8d8cc96168eddc49?s=96&d=mm&r=g\",\"contentUrl\":\"https:\/\/secure.gravatar.com\/avatar\/4709ec209921503e8d8cc96168eddc49?s=96&d=mm&r=g\",\"caption\":\"Linkadm\"},\"url\":\"https:\/\/www.visiterarles.com\/en\/blog\/author\/admin\/\"}]}<\/script>\n<!-- \/ Yoast SEO plugin. -->","yoast_head_json":{"title":"Location de v\u00e9lo pour sortir Arles quartier des mus\u00e9es - Visiter Arles","robots":{"index":"index","follow":"follow","max-snippet":"max-snippet:-1","max-image-preview":"max-image-preview:large","max-video-preview":"max-video-preview:-1"},"canonical":"https:\/\/www.visiterarles.com\/en\/blog\/2014\/10\/06\/location-de-velo-pour-sortir-arles-quartier-des-musees-1623\/","twitter_misc":{"Written by":"Linkadm","Estimated reading time":"1 minute"},"schema":{"@context":"https:\/\/schema.org","@graph":[{"@type":"Article","@id":"https:\/\/www.visiterarles.com\/blog\/2014\/10\/06\/location-de-velo-pour-sortir-arles-quartier-des-musees-1623\/#article","isPartOf":{"@id":"https:\/\/www.visiterarles.com\/blog\/2014\/10\/06\/location-de-velo-pour-sortir-arles-quartier-des-musees-1623\/"},"author":{"name":"Linkadm","@id":"https:\/\/www.visiterarles.com\/en\/#\/schema\/person\/ba5912e4613018f479a2d86815a53576"},"headline":"Location de v\u00e9lo pour sortir Arles quartier des mus\u00e9es","datePublished":"2014-10-06T17:01:00+00:00","dateModified":"2014-10-06T17:01:00+00:00","mainEntityOfPage":{"@id":"https:\/\/www.visiterarles.com\/blog\/2014\/10\/06\/location-de-velo-pour-sortir-arles-quartier-des-musees-1623\/"},"wordCount":235,"commentCount":0,"publisher":{"@id":"https:\/\/www.visiterarles.com\/en\/#organization"},"articleSection":["Informations"],"inLanguage":"en-GB","potentialAction":[{"@type":"CommentAction","name":"Comment","target":["https:\/\/www.visiterarles.com\/blog\/2014\/10\/06\/location-de-velo-pour-sortir-arles-quartier-des-musees-1623\/#respond"]}]},{"@type":"WebPage","@id":"https:\/\/www.visiterarles.com\/blog\/2014\/10\/06\/location-de-velo-pour-sortir-arles-quartier-des-musees-1623\/","url":"https:\/\/www.visiterarles.com\/blog\/2014\/10\/06\/location-de-velo-pour-sortir-arles-quartier-des-musees-1623\/","name":"Location de v\u00e9lo pour sortir Arles quartier des mus\u00e9es - Visiter Arles","isPartOf":{"@id":"https:\/\/www.visiterarles.com\/en\/#website"},"datePublished":"2014-10-06T17:01:00+00:00","dateModified":"2014-10-06T17:01:00+00:00","breadcrumb":{"@id":"https:\/\/www.visiterarles.com\/blog\/2014\/10\/06\/location-de-velo-pour-sortir-arles-quartier-des-musees-1623\/#breadcrumb"},"inLanguage":"en-GB","potentialAction":[{"@type":"ReadAction","target":["https:\/\/www.visiterarles.com\/blog\/2014\/10\/06\/location-de-velo-pour-sortir-arles-quartier-des-musees-1623\/"]}]},{"@type":"BreadcrumbList","@id":"https:\/\/www.visiterarles.com\/blog\/2014\/10\/06\/location-de-velo-pour-sortir-arles-quartier-des-musees-1623\/#breadcrumb","itemListElement":[{"@type":"ListItem","position":1,"name":"Home","item":"https:\/\/www.visiterarles.com\/"},{"@type":"ListItem","position":2,"name":"Location de v\u00e9lo pour sortir Arles quartier des mus\u00e9es"}]},{"@type":"WebSite","@id":"https:\/\/www.visiterarles.com\/en\/#website","url":"https:\/\/www.visiterarles.com\/en\/","name":"Visiter Arles","description":"Tourisme en Provence \u00e0 Arles","publisher":{"@id":"https:\/\/www.visiterarles.com\/en\/#organization"},"potentialAction":[{"@type":"SearchAction","target":{"@type":"EntryPoint","urlTemplate":"https:\/\/www.visiterarles.com\/en\/?s={search_term_string}"},"query-input":"required name=search_term_string"}],"inLanguage":"en-GB"},{"@type":"Organization","@id":"https:\/\/www.visiterarles.com\/en\/#organization","name":"Visiter Arles","url":"https:\/\/www.visiterarles.com\/en\/","logo":{"@type":"ImageObject","inLanguage":"en-GB","@id":"https:\/\/www.visiterarles.com\/en\/#\/schema\/logo\/image\/","url":"https:\/\/www.visiterarles.com\/wp-content\/uploads\/2017\/10\/taco-and-co-1-1.jpg","contentUrl":"https:\/\/www.visiterarles.com\/wp-content\/uploads\/2017\/10\/taco-and-co-1-1.jpg","width":124,"height":73,"caption":"Visiter Arles"},"image":{"@id":"https:\/\/www.visiterarles.com\/en\/#\/schema\/logo\/image\/"}},{"@type":"Person","@id":"https:\/\/www.visiterarles.com\/en\/#\/schema\/person\/ba5912e4613018f479a2d86815a53576","name":"Linkadm","image":{"@type":"ImageObject","inLanguage":"en-GB","@id":"https:\/\/www.visiterarles.com\/en\/#\/schema\/person\/image\/","url":"https:\/\/secure.gravatar.com\/avatar\/4709ec209921503e8d8cc96168eddc49?s=96&d=mm&r=g","contentUrl":"https:\/\/secure.gravatar.com\/avatar\/4709ec209921503e8d8cc96168eddc49?s=96&d=mm&r=g","caption":"Linkadm"},"url":"https:\/\/www.visiterarles.com\/en\/blog\/author\/admin\/"}]}},"_links":{"self":[{"href":"https:\/\/www.visiterarles.com\/en\/wp-json\/wp\/v2\/posts\/28026"}],"collection":[{"href":"https:\/\/www.visiterarles.com\/en\/wp-json\/wp\/v2\/posts"}],"about":[{"href":"https:\/\/www.visiterarles.com\/en\/wp-json\/wp\/v2\/types\/post"}],"author":[{"embeddable":true,"href":"https:\/\/www.visiterarles.com\/en\/wp-json\/wp\/v2\/users\/1"}],"replies":[{"embeddable":true,"href":"https:\/\/www.visiterarles.com\/en\/wp-json\/wp\/v2\/comments?post=28026"}],"version-history":[{"count":0,"href":"https:\/\/www.visiterarles.com\/en\/wp-json\/wp\/v2\/posts\/28026\/revisions"}],"wp:attachment":[{"href":"https:\/\/www.visiterarles.com\/en\/wp-json\/wp\/v2\/media?parent=28026"}],"wp:term":[{"taxonomy":"category","embeddable":true,"href":"https:\/\/www.visiterarles.com\/en\/wp-json\/wp\/v2\/categories?post=28026"},{"taxonomy":"post_tag","embeddable":true,"href":"https:\/\/www.visiterarles.com\/en\/wp-json\/wp\/v2\/tags?post=28026"}],"curies":[{"name":"wp","href":"https:\/\/api.w.org\/{rel}","templated":true}]}}