{"id":28031,"date":"2014-10-09T11:09:00","date_gmt":"2014-10-09T11:09:00","guid":{"rendered":"http:\/\/www.visiterarles.com\/reperer-une-location-de-velo-pour-sortir-arles-hotel-de-ville-1458\/"},"modified":"2014-10-09T11:09:00","modified_gmt":"2014-10-09T11:09:00","slug":"reperer-une-location-de-velo-pour-sortir-arles-hotel-de-ville-1458","status":"publish","type":"post","link":"https:\/\/www.visiterarles.com\/en\/blog\/2014\/10\/09\/reperer-une-location-de-velo-pour-sortir-arles-hotel-de-ville-1458\/","title":{"rendered":"Rep\u00e9rer une location de v\u00e9lo pour sortir Arles hotel de ville"},"content":{"rendered":"<h4>Votre location de v\u00e9lo, pour sortir dans Arles hotel de ville avec Taco  and  co<\/h4>\n<p>Les anciens ateliers sncf, le marais du vigueirat o\u00f9 alors la tour des mourgues, par l&rsquo;interm\u00e9diaire de notre location de v\u00e9lo pour sortir Arles hotel de ville, sont des plus beaux endroits que vous ne manquerez pas au sein de cette commune magnifique. Pour permettre de pleinement profiter des richesses de la ville, avec le sentiment d\u2019agir d&rsquo;une fa\u00e7on \u00e9co-responsable, une <a href=\"http:\/\/www.visiterarles.com\/en\/votre-location-de-velo-pour-sortir-sur-arles-1293\/\">location de v\u00e9lo pour sortir Arles<\/a> hotel de ville vous aidera \u00e0 profiter au maximum de la vie.<\/p>\n<h4>Une option respectueuse de la plan\u00e8te : location de v\u00e9lo pour sortir sur Arles<\/h4>\n<p>Prendre connaissance du majestueux centre historique par l&rsquo;interm\u00e9diaire de la location de v\u00e9lo pour sortir sur Arles peut para\u00eetre une solution appropri\u00e9e pour qui le souhaite. Dans la station, d\u00e8s votre sortie du train, vous pourrez demander notre location de v\u00e9lo. Concernant les f\u00e9rus de tourisme, notre location de v\u00e9lo sur Arles, pour sortir conviendra aux exigences des visiteurs de tout poil, en toute logique.<\/p>","protected":false},"excerpt":{"rendered":"<p>Votre location de v\u00e9lo, pour sortir dans Arles hotel de ville avec Taco and co Les anciens ateliers sncf, le marais du vigueirat o\u00f9 alors la tour des mourgues, par l&rsquo;interm\u00e9diaire de notre location de v\u00e9lo pour sortir Arles hotel de ville, sont des plus beaux endroits que vous ne manquerez pas au sein de [&hellip;]<\/p>","protected":false},"author":1,"featured_media":0,"comment_status":"open","ping_status":"open","sticky":false,"template":"","format":"standard","meta":{"footnotes":""},"categories":[55],"tags":[],"aioseo_notices":[],"yoast_head":"<!-- This site is optimized with the Yoast SEO plugin v22.3 - https:\/\/yoast.com\/wordpress\/plugins\/seo\/ -->\n<title>Rep\u00e9rer une location de v\u00e9lo pour sortir Arles hotel de ville - Visiter Arles<\/title>\n<meta name=\"robots\" content=\"index, follow, max-snippet:-1, max-image-preview:large, max-video-preview:-1\" \/>\n<link rel=\"canonical\" href=\"https:\/\/www.visiterarles.com\/en\/blog\/2014\/10\/09\/reperer-une-location-de-velo-pour-sortir-arles-hotel-de-ville-1458\/\" \/>\n<meta name=\"twitter:label1\" content=\"Written by\" \/>\n\t<meta name=\"twitter:data1\" content=\"Linkadm\" \/>\n\t<meta name=\"twitter:label2\" content=\"Estimated reading time\" \/>\n\t<meta name=\"twitter:data2\" content=\"1 minute\" \/>\n<script type=\"application\/ld+json\" class=\"yoast-schema-graph\">{\"@context\":\"https:\/\/schema.org\",\"@graph\":[{\"@type\":\"Article\",\"@id\":\"https:\/\/www.visiterarles.com\/blog\/2014\/10\/09\/reperer-une-location-de-velo-pour-sortir-arles-hotel-de-ville-1458\/#article\",\"isPartOf\":{\"@id\":\"https:\/\/www.visiterarles.com\/blog\/2014\/10\/09\/reperer-une-location-de-velo-pour-sortir-arles-hotel-de-ville-1458\/\"},\"author\":{\"name\":\"Linkadm\",\"@id\":\"https:\/\/www.visiterarles.com\/en\/#\/schema\/person\/ba5912e4613018f479a2d86815a53576\"},\"headline\":\"Rep\u00e9rer une location de v\u00e9lo pour sortir Arles hotel de ville\",\"datePublished\":\"2014-10-09T11:09:00+00:00\",\"dateModified\":\"2014-10-09T11:09:00+00:00\",\"mainEntityOfPage\":{\"@id\":\"https:\/\/www.visiterarles.com\/blog\/2014\/10\/09\/reperer-une-location-de-velo-pour-sortir-arles-hotel-de-ville-1458\/\"},\"wordCount\":203,\"commentCount\":0,\"publisher\":{\"@id\":\"https:\/\/www.visiterarles.com\/en\/#organization\"},\"articleSection\":[\"Informations\"],\"inLanguage\":\"en-GB\",\"potentialAction\":[{\"@type\":\"CommentAction\",\"name\":\"Comment\",\"target\":[\"https:\/\/www.visiterarles.com\/blog\/2014\/10\/09\/reperer-une-location-de-velo-pour-sortir-arles-hotel-de-ville-1458\/#respond\"]}]},{\"@type\":\"WebPage\",\"@id\":\"https:\/\/www.visiterarles.com\/blog\/2014\/10\/09\/reperer-une-location-de-velo-pour-sortir-arles-hotel-de-ville-1458\/\",\"url\":\"https:\/\/www.visiterarles.com\/blog\/2014\/10\/09\/reperer-une-location-de-velo-pour-sortir-arles-hotel-de-ville-1458\/\",\"name\":\"Rep\u00e9rer une location de v\u00e9lo pour sortir Arles hotel de ville - Visiter Arles\",\"isPartOf\":{\"@id\":\"https:\/\/www.visiterarles.com\/en\/#website\"},\"datePublished\":\"2014-10-09T11:09:00+00:00\",\"dateModified\":\"2014-10-09T11:09:00+00:00\",\"breadcrumb\":{\"@id\":\"https:\/\/www.visiterarles.com\/blog\/2014\/10\/09\/reperer-une-location-de-velo-pour-sortir-arles-hotel-de-ville-1458\/#breadcrumb\"},\"inLanguage\":\"en-GB\",\"potentialAction\":[{\"@type\":\"ReadAction\",\"target\":[\"https:\/\/www.visiterarles.com\/blog\/2014\/10\/09\/reperer-une-location-de-velo-pour-sortir-arles-hotel-de-ville-1458\/\"]}]},{\"@type\":\"BreadcrumbList\",\"@id\":\"https:\/\/www.visiterarles.com\/blog\/2014\/10\/09\/reperer-une-location-de-velo-pour-sortir-arles-hotel-de-ville-1458\/#breadcrumb\",\"itemListElement\":[{\"@type\":\"ListItem\",\"position\":1,\"name\":\"Home\",\"item\":\"https:\/\/www.visiterarles.com\/\"},{\"@type\":\"ListItem\",\"position\":2,\"name\":\"Rep\u00e9rer une location de v\u00e9lo pour sortir Arles hotel de ville\"}]},{\"@type\":\"WebSite\",\"@id\":\"https:\/\/www.visiterarles.com\/en\/#website\",\"url\":\"https:\/\/www.visiterarles.com\/en\/\",\"name\":\"Visiter Arles\",\"description\":\"Tourisme en Provence \u00e0 Arles\",\"publisher\":{\"@id\":\"https:\/\/www.visiterarles.com\/en\/#organization\"},\"potentialAction\":[{\"@type\":\"SearchAction\",\"target\":{\"@type\":\"EntryPoint\",\"urlTemplate\":\"https:\/\/www.visiterarles.com\/en\/?s={search_term_string}\"},\"query-input\":\"required name=search_term_string\"}],\"inLanguage\":\"en-GB\"},{\"@type\":\"Organization\",\"@id\":\"https:\/\/www.visiterarles.com\/en\/#organization\",\"name\":\"Visiter Arles\",\"url\":\"https:\/\/www.visiterarles.com\/en\/\",\"logo\":{\"@type\":\"ImageObject\",\"inLanguage\":\"en-GB\",\"@id\":\"https:\/\/www.visiterarles.com\/en\/#\/schema\/logo\/image\/\",\"url\":\"https:\/\/www.visiterarles.com\/wp-content\/uploads\/2017\/10\/taco-and-co-1-1.jpg\",\"contentUrl\":\"https:\/\/www.visiterarles.com\/wp-content\/uploads\/2017\/10\/taco-and-co-1-1.jpg\",\"width\":124,\"height\":73,\"caption\":\"Visiter Arles\"},\"image\":{\"@id\":\"https:\/\/www.visiterarles.com\/en\/#\/schema\/logo\/image\/\"}},{\"@type\":\"Person\",\"@id\":\"https:\/\/www.visiterarles.com\/en\/#\/schema\/person\/ba5912e4613018f479a2d86815a53576\",\"name\":\"Linkadm\",\"image\":{\"@type\":\"ImageObject\",\"inLanguage\":\"en-GB\",\"@id\":\"https:\/\/www.visiterarles.com\/en\/#\/schema\/person\/image\/\",\"url\":\"https:\/\/secure.gravatar.com\/avatar\/4709ec209921503e8d8cc96168eddc49?s=96&d=mm&r=g\",\"contentUrl\":\"https:\/\/secure.gravatar.com\/avatar\/4709ec209921503e8d8cc96168eddc49?s=96&d=mm&r=g\",\"caption\":\"Linkadm\"},\"url\":\"https:\/\/www.visiterarles.com\/en\/blog\/author\/admin\/\"}]}<\/script>\n<!-- \/ Yoast SEO plugin. -->","yoast_head_json":{"title":"Rep\u00e9rer une location de v\u00e9lo pour sortir Arles hotel de ville - Visiter Arles","robots":{"index":"index","follow":"follow","max-snippet":"max-snippet:-1","max-image-preview":"max-image-preview:large","max-video-preview":"max-video-preview:-1"},"canonical":"https:\/\/www.visiterarles.com\/en\/blog\/2014\/10\/09\/reperer-une-location-de-velo-pour-sortir-arles-hotel-de-ville-1458\/","twitter_misc":{"Written by":"Linkadm","Estimated reading time":"1 minute"},"schema":{"@context":"https:\/\/schema.org","@graph":[{"@type":"Article","@id":"https:\/\/www.visiterarles.com\/blog\/2014\/10\/09\/reperer-une-location-de-velo-pour-sortir-arles-hotel-de-ville-1458\/#article","isPartOf":{"@id":"https:\/\/www.visiterarles.com\/blog\/2014\/10\/09\/reperer-une-location-de-velo-pour-sortir-arles-hotel-de-ville-1458\/"},"author":{"name":"Linkadm","@id":"https:\/\/www.visiterarles.com\/en\/#\/schema\/person\/ba5912e4613018f479a2d86815a53576"},"headline":"Rep\u00e9rer une location de v\u00e9lo pour sortir Arles hotel de ville","datePublished":"2014-10-09T11:09:00+00:00","dateModified":"2014-10-09T11:09:00+00:00","mainEntityOfPage":{"@id":"https:\/\/www.visiterarles.com\/blog\/2014\/10\/09\/reperer-une-location-de-velo-pour-sortir-arles-hotel-de-ville-1458\/"},"wordCount":203,"commentCount":0,"publisher":{"@id":"https:\/\/www.visiterarles.com\/en\/#organization"},"articleSection":["Informations"],"inLanguage":"en-GB","potentialAction":[{"@type":"CommentAction","name":"Comment","target":["https:\/\/www.visiterarles.com\/blog\/2014\/10\/09\/reperer-une-location-de-velo-pour-sortir-arles-hotel-de-ville-1458\/#respond"]}]},{"@type":"WebPage","@id":"https:\/\/www.visiterarles.com\/blog\/2014\/10\/09\/reperer-une-location-de-velo-pour-sortir-arles-hotel-de-ville-1458\/","url":"https:\/\/www.visiterarles.com\/blog\/2014\/10\/09\/reperer-une-location-de-velo-pour-sortir-arles-hotel-de-ville-1458\/","name":"Rep\u00e9rer une location de v\u00e9lo pour sortir Arles hotel de ville - Visiter Arles","isPartOf":{"@id":"https:\/\/www.visiterarles.com\/en\/#website"},"datePublished":"2014-10-09T11:09:00+00:00","dateModified":"2014-10-09T11:09:00+00:00","breadcrumb":{"@id":"https:\/\/www.visiterarles.com\/blog\/2014\/10\/09\/reperer-une-location-de-velo-pour-sortir-arles-hotel-de-ville-1458\/#breadcrumb"},"inLanguage":"en-GB","potentialAction":[{"@type":"ReadAction","target":["https:\/\/www.visiterarles.com\/blog\/2014\/10\/09\/reperer-une-location-de-velo-pour-sortir-arles-hotel-de-ville-1458\/"]}]},{"@type":"BreadcrumbList","@id":"https:\/\/www.visiterarles.com\/blog\/2014\/10\/09\/reperer-une-location-de-velo-pour-sortir-arles-hotel-de-ville-1458\/#breadcrumb","itemListElement":[{"@type":"ListItem","position":1,"name":"Home","item":"https:\/\/www.visiterarles.com\/"},{"@type":"ListItem","position":2,"name":"Rep\u00e9rer une location de v\u00e9lo pour sortir Arles hotel de ville"}]},{"@type":"WebSite","@id":"https:\/\/www.visiterarles.com\/en\/#website","url":"https:\/\/www.visiterarles.com\/en\/","name":"Visiter Arles","description":"Tourisme en Provence \u00e0 Arles","publisher":{"@id":"https:\/\/www.visiterarles.com\/en\/#organization"},"potentialAction":[{"@type":"SearchAction","target":{"@type":"EntryPoint","urlTemplate":"https:\/\/www.visiterarles.com\/en\/?s={search_term_string}"},"query-input":"required name=search_term_string"}],"inLanguage":"en-GB"},{"@type":"Organization","@id":"https:\/\/www.visiterarles.com\/en\/#organization","name":"Visiter Arles","url":"https:\/\/www.visiterarles.com\/en\/","logo":{"@type":"ImageObject","inLanguage":"en-GB","@id":"https:\/\/www.visiterarles.com\/en\/#\/schema\/logo\/image\/","url":"https:\/\/www.visiterarles.com\/wp-content\/uploads\/2017\/10\/taco-and-co-1-1.jpg","contentUrl":"https:\/\/www.visiterarles.com\/wp-content\/uploads\/2017\/10\/taco-and-co-1-1.jpg","width":124,"height":73,"caption":"Visiter Arles"},"image":{"@id":"https:\/\/www.visiterarles.com\/en\/#\/schema\/logo\/image\/"}},{"@type":"Person","@id":"https:\/\/www.visiterarles.com\/en\/#\/schema\/person\/ba5912e4613018f479a2d86815a53576","name":"Linkadm","image":{"@type":"ImageObject","inLanguage":"en-GB","@id":"https:\/\/www.visiterarles.com\/en\/#\/schema\/person\/image\/","url":"https:\/\/secure.gravatar.com\/avatar\/4709ec209921503e8d8cc96168eddc49?s=96&d=mm&r=g","contentUrl":"https:\/\/secure.gravatar.com\/avatar\/4709ec209921503e8d8cc96168eddc49?s=96&d=mm&r=g","caption":"Linkadm"},"url":"https:\/\/www.visiterarles.com\/en\/blog\/author\/admin\/"}]}},"_links":{"self":[{"href":"https:\/\/www.visiterarles.com\/en\/wp-json\/wp\/v2\/posts\/28031"}],"collection":[{"href":"https:\/\/www.visiterarles.com\/en\/wp-json\/wp\/v2\/posts"}],"about":[{"href":"https:\/\/www.visiterarles.com\/en\/wp-json\/wp\/v2\/types\/post"}],"author":[{"embeddable":true,"href":"https:\/\/www.visiterarles.com\/en\/wp-json\/wp\/v2\/users\/1"}],"replies":[{"embeddable":true,"href":"https:\/\/www.visiterarles.com\/en\/wp-json\/wp\/v2\/comments?post=28031"}],"version-history":[{"count":0,"href":"https:\/\/www.visiterarles.com\/en\/wp-json\/wp\/v2\/posts\/28031\/revisions"}],"wp:attachment":[{"href":"https:\/\/www.visiterarles.com\/en\/wp-json\/wp\/v2\/media?parent=28031"}],"wp:term":[{"taxonomy":"category","embeddable":true,"href":"https:\/\/www.visiterarles.com\/en\/wp-json\/wp\/v2\/categories?post=28031"},{"taxonomy":"post_tag","embeddable":true,"href":"https:\/\/www.visiterarles.com\/en\/wp-json\/wp\/v2\/tags?post=28031"}],"curies":[{"name":"wp","href":"https:\/\/api.w.org\/{rel}","templated":true}]}}