{"id":28032,"date":"2014-10-09T16:46:00","date_gmt":"2014-10-09T16:46:00","guid":{"rendered":"http:\/\/www.visiterarles.com\/pour-sortir-arles-meja-location-de-velo-1484\/"},"modified":"2014-10-09T16:46:00","modified_gmt":"2014-10-09T16:46:00","slug":"pour-sortir-arles-meja-location-de-velo-1484","status":"publish","type":"post","link":"https:\/\/www.visiterarles.com\/en\/blog\/2014\/10\/09\/pour-sortir-arles-meja-location-de-velo-1484\/","title":{"rendered":"Pour sortir Arles Meja : location de v\u00e9lo"},"content":{"rendered":"<h4>Taco  and  co \u00e0 Arles Meja votre interlocuteur de confiance pour sortir<\/h4>\n<p>Les thermes de constantin, le village de salins o\u00f9 l&rsquo;\u00e9glise saint blaise, par l&rsquo;interm\u00e9diaire de notre location de v\u00e9lo pour sortir Arles Meja, sont des monuments que vous ne sauriez manquer dans cette commune splendide. Pour donner l&rsquo;opportunit\u00e9 de profiter pleinement du meilleur de la culture, avec l&rsquo;impression d\u2019agir d\u2019une mani\u00e8re \u00e9co-responsable, une location de v\u00e9lo pour sortir Arles Meja va vous permettre de jouir totalement de l\u2019existence.<\/p>\n<h4>Location de v\u00e9lo pour sortir sur Arles : une option respectueuse de l&rsquo;environnement<\/h4>\n<p>Lorsqu\u2019on a l\u2019intention de d\u00e9couvrir le magnifique patrimoine de la ville, la location de v\u00e9lo pour sortir sur Arles, pour ne prendre que cet exemple, se r\u00e9v\u00e8le \u00eatre tr\u00e8s adapt\u00e9e. Au cas o\u00f9 vous vous av\u00e9riez \u00eatre \u00e0 Arles, vous pourrez jouir totalement de notre location de v\u00e9lo en toute qui\u00e9tude. Une <a href=\"http:\/\/www.visiterarles.com\/en\/votre-location-de-velo-pour-sortir-sur-arles-1293\/\">location de v\u00e9lo sur Arles<\/a>, pour sortir peut s&rsquo;av\u00e9rer \u00eatre une offre qui ira \u00e0 tous de m\u00eame qu\u2019aux touristes.<\/p>","protected":false},"excerpt":{"rendered":"<p>Taco and co \u00e0 Arles Meja votre interlocuteur de confiance pour sortir Les thermes de constantin, le village de salins o\u00f9 l&rsquo;\u00e9glise saint blaise, par l&rsquo;interm\u00e9diaire de notre location de v\u00e9lo pour sortir Arles Meja, sont des monuments que vous ne sauriez manquer dans cette commune splendide. Pour donner l&rsquo;opportunit\u00e9 de profiter pleinement du meilleur [&hellip;]<\/p>","protected":false},"author":1,"featured_media":0,"comment_status":"open","ping_status":"open","sticky":false,"template":"","format":"standard","meta":{"footnotes":""},"categories":[55],"tags":[],"aioseo_notices":[],"yoast_head":"<!-- This site is optimized with the Yoast SEO plugin v22.3 - https:\/\/yoast.com\/wordpress\/plugins\/seo\/ -->\n<title>Pour sortir Arles Meja : location de v\u00e9lo - Visiter Arles<\/title>\n<meta name=\"robots\" content=\"index, follow, max-snippet:-1, max-image-preview:large, max-video-preview:-1\" \/>\n<link rel=\"canonical\" href=\"https:\/\/www.visiterarles.com\/en\/blog\/2014\/10\/09\/pour-sortir-arles-meja-location-de-velo-1484\/\" \/>\n<meta name=\"twitter:label1\" content=\"Written by\" \/>\n\t<meta name=\"twitter:data1\" content=\"Linkadm\" \/>\n\t<meta name=\"twitter:label2\" content=\"Estimated reading time\" \/>\n\t<meta name=\"twitter:data2\" content=\"1 minute\" \/>\n<script type=\"application\/ld+json\" class=\"yoast-schema-graph\">{\"@context\":\"https:\/\/schema.org\",\"@graph\":[{\"@type\":\"Article\",\"@id\":\"https:\/\/www.visiterarles.com\/en\/blog\/2014\/10\/09\/pour-sortir-arles-meja-location-de-velo-1484\/#article\",\"isPartOf\":{\"@id\":\"https:\/\/www.visiterarles.com\/en\/blog\/2014\/10\/09\/pour-sortir-arles-meja-location-de-velo-1484\/\"},\"author\":{\"name\":\"Linkadm\",\"@id\":\"https:\/\/www.visiterarles.com\/en\/#\/schema\/person\/ba5912e4613018f479a2d86815a53576\"},\"headline\":\"Pour sortir Arles Meja : location de v\u00e9lo\",\"datePublished\":\"2014-10-09T16:46:00+00:00\",\"dateModified\":\"2014-10-09T16:46:00+00:00\",\"mainEntityOfPage\":{\"@id\":\"https:\/\/www.visiterarles.com\/en\/blog\/2014\/10\/09\/pour-sortir-arles-meja-location-de-velo-1484\/\"},\"wordCount\":198,\"commentCount\":0,\"publisher\":{\"@id\":\"https:\/\/www.visiterarles.com\/en\/#organization\"},\"articleSection\":[\"Informations\"],\"inLanguage\":\"en-GB\",\"potentialAction\":[{\"@type\":\"CommentAction\",\"name\":\"Comment\",\"target\":[\"https:\/\/www.visiterarles.com\/en\/blog\/2014\/10\/09\/pour-sortir-arles-meja-location-de-velo-1484\/#respond\"]}]},{\"@type\":\"WebPage\",\"@id\":\"https:\/\/www.visiterarles.com\/en\/blog\/2014\/10\/09\/pour-sortir-arles-meja-location-de-velo-1484\/\",\"url\":\"https:\/\/www.visiterarles.com\/en\/blog\/2014\/10\/09\/pour-sortir-arles-meja-location-de-velo-1484\/\",\"name\":\"Pour sortir Arles Meja : location de v\u00e9lo - Visiter Arles\",\"isPartOf\":{\"@id\":\"https:\/\/www.visiterarles.com\/en\/#website\"},\"datePublished\":\"2014-10-09T16:46:00+00:00\",\"dateModified\":\"2014-10-09T16:46:00+00:00\",\"breadcrumb\":{\"@id\":\"https:\/\/www.visiterarles.com\/en\/blog\/2014\/10\/09\/pour-sortir-arles-meja-location-de-velo-1484\/#breadcrumb\"},\"inLanguage\":\"en-GB\",\"potentialAction\":[{\"@type\":\"ReadAction\",\"target\":[\"https:\/\/www.visiterarles.com\/en\/blog\/2014\/10\/09\/pour-sortir-arles-meja-location-de-velo-1484\/\"]}]},{\"@type\":\"BreadcrumbList\",\"@id\":\"https:\/\/www.visiterarles.com\/en\/blog\/2014\/10\/09\/pour-sortir-arles-meja-location-de-velo-1484\/#breadcrumb\",\"itemListElement\":[{\"@type\":\"ListItem\",\"position\":1,\"name\":\"Home\",\"item\":\"https:\/\/www.visiterarles.com\/\"},{\"@type\":\"ListItem\",\"position\":2,\"name\":\"Pour sortir Arles Meja : location de v\u00e9lo\"}]},{\"@type\":\"WebSite\",\"@id\":\"https:\/\/www.visiterarles.com\/en\/#website\",\"url\":\"https:\/\/www.visiterarles.com\/en\/\",\"name\":\"Visiter Arles\",\"description\":\"Tourisme en Provence \u00e0 Arles\",\"publisher\":{\"@id\":\"https:\/\/www.visiterarles.com\/en\/#organization\"},\"potentialAction\":[{\"@type\":\"SearchAction\",\"target\":{\"@type\":\"EntryPoint\",\"urlTemplate\":\"https:\/\/www.visiterarles.com\/en\/?s={search_term_string}\"},\"query-input\":\"required name=search_term_string\"}],\"inLanguage\":\"en-GB\"},{\"@type\":\"Organization\",\"@id\":\"https:\/\/www.visiterarles.com\/en\/#organization\",\"name\":\"Visiter Arles\",\"url\":\"https:\/\/www.visiterarles.com\/en\/\",\"logo\":{\"@type\":\"ImageObject\",\"inLanguage\":\"en-GB\",\"@id\":\"https:\/\/www.visiterarles.com\/en\/#\/schema\/logo\/image\/\",\"url\":\"https:\/\/www.visiterarles.com\/wp-content\/uploads\/2017\/10\/taco-and-co-1-1.jpg\",\"contentUrl\":\"https:\/\/www.visiterarles.com\/wp-content\/uploads\/2017\/10\/taco-and-co-1-1.jpg\",\"width\":124,\"height\":73,\"caption\":\"Visiter Arles\"},\"image\":{\"@id\":\"https:\/\/www.visiterarles.com\/en\/#\/schema\/logo\/image\/\"}},{\"@type\":\"Person\",\"@id\":\"https:\/\/www.visiterarles.com\/en\/#\/schema\/person\/ba5912e4613018f479a2d86815a53576\",\"name\":\"Linkadm\",\"image\":{\"@type\":\"ImageObject\",\"inLanguage\":\"en-GB\",\"@id\":\"https:\/\/www.visiterarles.com\/en\/#\/schema\/person\/image\/\",\"url\":\"https:\/\/secure.gravatar.com\/avatar\/4709ec209921503e8d8cc96168eddc49?s=96&d=mm&r=g\",\"contentUrl\":\"https:\/\/secure.gravatar.com\/avatar\/4709ec209921503e8d8cc96168eddc49?s=96&d=mm&r=g\",\"caption\":\"Linkadm\"},\"url\":\"https:\/\/www.visiterarles.com\/en\/blog\/author\/admin\/\"}]}<\/script>\n<!-- \/ Yoast SEO plugin. -->","yoast_head_json":{"title":"Pour sortir Arles Meja : location de v\u00e9lo - Visiter Arles","robots":{"index":"index","follow":"follow","max-snippet":"max-snippet:-1","max-image-preview":"max-image-preview:large","max-video-preview":"max-video-preview:-1"},"canonical":"https:\/\/www.visiterarles.com\/en\/blog\/2014\/10\/09\/pour-sortir-arles-meja-location-de-velo-1484\/","twitter_misc":{"Written by":"Linkadm","Estimated reading time":"1 minute"},"schema":{"@context":"https:\/\/schema.org","@graph":[{"@type":"Article","@id":"https:\/\/www.visiterarles.com\/en\/blog\/2014\/10\/09\/pour-sortir-arles-meja-location-de-velo-1484\/#article","isPartOf":{"@id":"https:\/\/www.visiterarles.com\/en\/blog\/2014\/10\/09\/pour-sortir-arles-meja-location-de-velo-1484\/"},"author":{"name":"Linkadm","@id":"https:\/\/www.visiterarles.com\/en\/#\/schema\/person\/ba5912e4613018f479a2d86815a53576"},"headline":"Pour sortir Arles Meja : location de v\u00e9lo","datePublished":"2014-10-09T16:46:00+00:00","dateModified":"2014-10-09T16:46:00+00:00","mainEntityOfPage":{"@id":"https:\/\/www.visiterarles.com\/en\/blog\/2014\/10\/09\/pour-sortir-arles-meja-location-de-velo-1484\/"},"wordCount":198,"commentCount":0,"publisher":{"@id":"https:\/\/www.visiterarles.com\/en\/#organization"},"articleSection":["Informations"],"inLanguage":"en-GB","potentialAction":[{"@type":"CommentAction","name":"Comment","target":["https:\/\/www.visiterarles.com\/en\/blog\/2014\/10\/09\/pour-sortir-arles-meja-location-de-velo-1484\/#respond"]}]},{"@type":"WebPage","@id":"https:\/\/www.visiterarles.com\/en\/blog\/2014\/10\/09\/pour-sortir-arles-meja-location-de-velo-1484\/","url":"https:\/\/www.visiterarles.com\/en\/blog\/2014\/10\/09\/pour-sortir-arles-meja-location-de-velo-1484\/","name":"Pour sortir Arles Meja : location de v\u00e9lo - Visiter Arles","isPartOf":{"@id":"https:\/\/www.visiterarles.com\/en\/#website"},"datePublished":"2014-10-09T16:46:00+00:00","dateModified":"2014-10-09T16:46:00+00:00","breadcrumb":{"@id":"https:\/\/www.visiterarles.com\/en\/blog\/2014\/10\/09\/pour-sortir-arles-meja-location-de-velo-1484\/#breadcrumb"},"inLanguage":"en-GB","potentialAction":[{"@type":"ReadAction","target":["https:\/\/www.visiterarles.com\/en\/blog\/2014\/10\/09\/pour-sortir-arles-meja-location-de-velo-1484\/"]}]},{"@type":"BreadcrumbList","@id":"https:\/\/www.visiterarles.com\/en\/blog\/2014\/10\/09\/pour-sortir-arles-meja-location-de-velo-1484\/#breadcrumb","itemListElement":[{"@type":"ListItem","position":1,"name":"Home","item":"https:\/\/www.visiterarles.com\/"},{"@type":"ListItem","position":2,"name":"Pour sortir Arles Meja : location de v\u00e9lo"}]},{"@type":"WebSite","@id":"https:\/\/www.visiterarles.com\/en\/#website","url":"https:\/\/www.visiterarles.com\/en\/","name":"Visiter Arles","description":"Tourisme en Provence \u00e0 Arles","publisher":{"@id":"https:\/\/www.visiterarles.com\/en\/#organization"},"potentialAction":[{"@type":"SearchAction","target":{"@type":"EntryPoint","urlTemplate":"https:\/\/www.visiterarles.com\/en\/?s={search_term_string}"},"query-input":"required name=search_term_string"}],"inLanguage":"en-GB"},{"@type":"Organization","@id":"https:\/\/www.visiterarles.com\/en\/#organization","name":"Visiter Arles","url":"https:\/\/www.visiterarles.com\/en\/","logo":{"@type":"ImageObject","inLanguage":"en-GB","@id":"https:\/\/www.visiterarles.com\/en\/#\/schema\/logo\/image\/","url":"https:\/\/www.visiterarles.com\/wp-content\/uploads\/2017\/10\/taco-and-co-1-1.jpg","contentUrl":"https:\/\/www.visiterarles.com\/wp-content\/uploads\/2017\/10\/taco-and-co-1-1.jpg","width":124,"height":73,"caption":"Visiter Arles"},"image":{"@id":"https:\/\/www.visiterarles.com\/en\/#\/schema\/logo\/image\/"}},{"@type":"Person","@id":"https:\/\/www.visiterarles.com\/en\/#\/schema\/person\/ba5912e4613018f479a2d86815a53576","name":"Linkadm","image":{"@type":"ImageObject","inLanguage":"en-GB","@id":"https:\/\/www.visiterarles.com\/en\/#\/schema\/person\/image\/","url":"https:\/\/secure.gravatar.com\/avatar\/4709ec209921503e8d8cc96168eddc49?s=96&d=mm&r=g","contentUrl":"https:\/\/secure.gravatar.com\/avatar\/4709ec209921503e8d8cc96168eddc49?s=96&d=mm&r=g","caption":"Linkadm"},"url":"https:\/\/www.visiterarles.com\/en\/blog\/author\/admin\/"}]}},"_links":{"self":[{"href":"https:\/\/www.visiterarles.com\/en\/wp-json\/wp\/v2\/posts\/28032"}],"collection":[{"href":"https:\/\/www.visiterarles.com\/en\/wp-json\/wp\/v2\/posts"}],"about":[{"href":"https:\/\/www.visiterarles.com\/en\/wp-json\/wp\/v2\/types\/post"}],"author":[{"embeddable":true,"href":"https:\/\/www.visiterarles.com\/en\/wp-json\/wp\/v2\/users\/1"}],"replies":[{"embeddable":true,"href":"https:\/\/www.visiterarles.com\/en\/wp-json\/wp\/v2\/comments?post=28032"}],"version-history":[{"count":0,"href":"https:\/\/www.visiterarles.com\/en\/wp-json\/wp\/v2\/posts\/28032\/revisions"}],"wp:attachment":[{"href":"https:\/\/www.visiterarles.com\/en\/wp-json\/wp\/v2\/media?parent=28032"}],"wp:term":[{"taxonomy":"category","embeddable":true,"href":"https:\/\/www.visiterarles.com\/en\/wp-json\/wp\/v2\/categories?post=28032"},{"taxonomy":"post_tag","embeddable":true,"href":"https:\/\/www.visiterarles.com\/en\/wp-json\/wp\/v2\/tags?post=28032"}],"curies":[{"name":"wp","href":"https:\/\/api.w.org\/{rel}","templated":true}]}}