{"id":28033,"date":"2014-10-09T12:12:00","date_gmt":"2014-10-09T12:12:00","guid":{"rendered":"http:\/\/www.visiterarles.com\/tacoco-a-arles-les-alyscs-choisir-une-location-de-velo-pour-sortir-1936\/"},"modified":"2014-10-09T12:12:00","modified_gmt":"2014-10-09T12:12:00","slug":"tacoco-a-arles-les-alyscs-choisir-une-location-de-velo-pour-sortir-1936","status":"publish","type":"post","link":"https:\/\/www.visiterarles.com\/en\/blog\/2014\/10\/09\/tacoco-a-arles-les-alyscs-choisir-une-location-de-velo-pour-sortir-1936\/","title":{"rendered":"Taco&#038;co \u00e0 Arles les Alyscamps : choisir une location de v\u00e9lo pour sortir"},"content":{"rendered":"<h4>Tacoandco votre interlocuteur fiable pour sortir dans Arles les Alyscamps<\/h4>\n<p>Arles s\u2019av\u00e8re \u00eatre une commune magnifique, la culture, de m\u00eame que les lieux prodigieux, comme les tours de la cavalerie, le village de salins o\u00f9 le clo\u00eetre saint trophime ne manquent pas. Taco  and  co, pour vous aider pour jouir pleinement de la vie, fera le maximum pour vous r\u00e9v\u00e9ler, avec l&rsquo;impression d&rsquo;oeuvrer d&rsquo;une fa\u00e7on eco-responsable, le plus pertinent de la vie culturelle au sein de cette commune exceptionnelle, par l\u2019interm\u00e9diaire d\u2019une location de v\u00e9lo pour sortir Arles les Alyscamps.<\/p>\n<h4>Pour quelle raison s\u00e9lectionner notre location de v\u00e9lo pour sortir au sein d&rsquo;Arles :<\/h4>\n<p>Lorsqu&rsquo;on a l&rsquo;intention de prendre connaissance du sublime capital de la commune, une location de v\u00e9lo pour sortir dans Arles, pour ne citer que cela, est id\u00e9ale. En arrivant \u00e0 Arles, vous pourrez demander notre location de v\u00e9lo dans la gare. Les visiteurs de tous horizons appr\u00e9cieront notre <a href=\"http:\/\/www.visiterarles.com\/en\/votre-location-de-velo-pour-sortir-sur-arles-1293\/\">location de v\u00e9lo sur Arles<\/a>, pour sortir qui leur plaira tr\u00e8s certainement.<\/p>","protected":false},"excerpt":{"rendered":"<p>Tacoandco votre interlocuteur fiable pour sortir dans Arles les Alyscamps Arles s\u2019av\u00e8re \u00eatre une commune magnifique, la culture, de m\u00eame que les lieux prodigieux, comme les tours de la cavalerie, le village de salins o\u00f9 le clo\u00eetre saint trophime ne manquent pas. Taco and co, pour vous aider pour jouir pleinement de la vie, fera [&hellip;]<\/p>","protected":false},"author":1,"featured_media":0,"comment_status":"open","ping_status":"open","sticky":false,"template":"","format":"standard","meta":{"footnotes":""},"categories":[55],"tags":[],"aioseo_notices":[],"yoast_head":"<!-- This site is optimized with the Yoast SEO plugin v22.3 - https:\/\/yoast.com\/wordpress\/plugins\/seo\/ -->\n<title>Taco&amp;co \u00e0 Arles les Alyscamps : choisir une location de v\u00e9lo pour sortir - Visiter Arles<\/title>\n<meta name=\"robots\" content=\"index, follow, max-snippet:-1, max-image-preview:large, max-video-preview:-1\" \/>\n<link rel=\"canonical\" href=\"https:\/\/www.visiterarles.com\/en\/blog\/2014\/10\/09\/tacoco-a-arles-les-alyscs-choisir-une-location-de-velo-pour-sortir-1936\/\" \/>\n<meta name=\"twitter:label1\" content=\"Written by\" \/>\n\t<meta name=\"twitter:data1\" content=\"Linkadm\" \/>\n\t<meta name=\"twitter:label2\" content=\"Estimated reading time\" \/>\n\t<meta name=\"twitter:data2\" content=\"1 minute\" \/>\n<script type=\"application\/ld+json\" class=\"yoast-schema-graph\">{\"@context\":\"https:\/\/schema.org\",\"@graph\":[{\"@type\":\"Article\",\"@id\":\"https:\/\/www.visiterarles.com\/blog\/2014\/10\/09\/tacoco-a-arles-les-alyscs-choisir-une-location-de-velo-pour-sortir-1936\/#article\",\"isPartOf\":{\"@id\":\"https:\/\/www.visiterarles.com\/blog\/2014\/10\/09\/tacoco-a-arles-les-alyscs-choisir-une-location-de-velo-pour-sortir-1936\/\"},\"author\":{\"name\":\"Linkadm\",\"@id\":\"https:\/\/www.visiterarles.com\/en\/#\/schema\/person\/ba5912e4613018f479a2d86815a53576\"},\"headline\":\"Taco&#038;co \u00e0 Arles les Alyscamps : choisir une location de v\u00e9lo pour sortir\",\"datePublished\":\"2014-10-09T12:12:00+00:00\",\"dateModified\":\"2014-10-09T12:12:00+00:00\",\"mainEntityOfPage\":{\"@id\":\"https:\/\/www.visiterarles.com\/blog\/2014\/10\/09\/tacoco-a-arles-les-alyscs-choisir-une-location-de-velo-pour-sortir-1936\/\"},\"wordCount\":200,\"commentCount\":0,\"publisher\":{\"@id\":\"https:\/\/www.visiterarles.com\/en\/#organization\"},\"articleSection\":[\"Informations\"],\"inLanguage\":\"en-GB\",\"potentialAction\":[{\"@type\":\"CommentAction\",\"name\":\"Comment\",\"target\":[\"https:\/\/www.visiterarles.com\/blog\/2014\/10\/09\/tacoco-a-arles-les-alyscs-choisir-une-location-de-velo-pour-sortir-1936\/#respond\"]}]},{\"@type\":\"WebPage\",\"@id\":\"https:\/\/www.visiterarles.com\/blog\/2014\/10\/09\/tacoco-a-arles-les-alyscs-choisir-une-location-de-velo-pour-sortir-1936\/\",\"url\":\"https:\/\/www.visiterarles.com\/blog\/2014\/10\/09\/tacoco-a-arles-les-alyscs-choisir-une-location-de-velo-pour-sortir-1936\/\",\"name\":\"Taco&co \u00e0 Arles les Alyscamps : choisir une location de v\u00e9lo pour sortir - Visiter Arles\",\"isPartOf\":{\"@id\":\"https:\/\/www.visiterarles.com\/en\/#website\"},\"datePublished\":\"2014-10-09T12:12:00+00:00\",\"dateModified\":\"2014-10-09T12:12:00+00:00\",\"breadcrumb\":{\"@id\":\"https:\/\/www.visiterarles.com\/blog\/2014\/10\/09\/tacoco-a-arles-les-alyscs-choisir-une-location-de-velo-pour-sortir-1936\/#breadcrumb\"},\"inLanguage\":\"en-GB\",\"potentialAction\":[{\"@type\":\"ReadAction\",\"target\":[\"https:\/\/www.visiterarles.com\/blog\/2014\/10\/09\/tacoco-a-arles-les-alyscs-choisir-une-location-de-velo-pour-sortir-1936\/\"]}]},{\"@type\":\"BreadcrumbList\",\"@id\":\"https:\/\/www.visiterarles.com\/blog\/2014\/10\/09\/tacoco-a-arles-les-alyscs-choisir-une-location-de-velo-pour-sortir-1936\/#breadcrumb\",\"itemListElement\":[{\"@type\":\"ListItem\",\"position\":1,\"name\":\"Home\",\"item\":\"https:\/\/www.visiterarles.com\/\"},{\"@type\":\"ListItem\",\"position\":2,\"name\":\"Taco&#038;co \u00e0 Arles les Alyscamps : choisir une location de v\u00e9lo pour sortir\"}]},{\"@type\":\"WebSite\",\"@id\":\"https:\/\/www.visiterarles.com\/en\/#website\",\"url\":\"https:\/\/www.visiterarles.com\/en\/\",\"name\":\"Visiter Arles\",\"description\":\"Tourisme en Provence \u00e0 Arles\",\"publisher\":{\"@id\":\"https:\/\/www.visiterarles.com\/en\/#organization\"},\"potentialAction\":[{\"@type\":\"SearchAction\",\"target\":{\"@type\":\"EntryPoint\",\"urlTemplate\":\"https:\/\/www.visiterarles.com\/en\/?s={search_term_string}\"},\"query-input\":\"required name=search_term_string\"}],\"inLanguage\":\"en-GB\"},{\"@type\":\"Organization\",\"@id\":\"https:\/\/www.visiterarles.com\/en\/#organization\",\"name\":\"Visiter Arles\",\"url\":\"https:\/\/www.visiterarles.com\/en\/\",\"logo\":{\"@type\":\"ImageObject\",\"inLanguage\":\"en-GB\",\"@id\":\"https:\/\/www.visiterarles.com\/en\/#\/schema\/logo\/image\/\",\"url\":\"https:\/\/www.visiterarles.com\/wp-content\/uploads\/2017\/10\/taco-and-co-1-1.jpg\",\"contentUrl\":\"https:\/\/www.visiterarles.com\/wp-content\/uploads\/2017\/10\/taco-and-co-1-1.jpg\",\"width\":124,\"height\":73,\"caption\":\"Visiter Arles\"},\"image\":{\"@id\":\"https:\/\/www.visiterarles.com\/en\/#\/schema\/logo\/image\/\"}},{\"@type\":\"Person\",\"@id\":\"https:\/\/www.visiterarles.com\/en\/#\/schema\/person\/ba5912e4613018f479a2d86815a53576\",\"name\":\"Linkadm\",\"image\":{\"@type\":\"ImageObject\",\"inLanguage\":\"en-GB\",\"@id\":\"https:\/\/www.visiterarles.com\/en\/#\/schema\/person\/image\/\",\"url\":\"https:\/\/secure.gravatar.com\/avatar\/4709ec209921503e8d8cc96168eddc49?s=96&d=mm&r=g\",\"contentUrl\":\"https:\/\/secure.gravatar.com\/avatar\/4709ec209921503e8d8cc96168eddc49?s=96&d=mm&r=g\",\"caption\":\"Linkadm\"},\"url\":\"https:\/\/www.visiterarles.com\/en\/blog\/author\/admin\/\"}]}<\/script>\n<!-- \/ Yoast SEO plugin. -->","yoast_head_json":{"title":"Taco&co \u00e0 Arles les Alyscamps : choisir une location de v\u00e9lo pour sortir - Visiter Arles","robots":{"index":"index","follow":"follow","max-snippet":"max-snippet:-1","max-image-preview":"max-image-preview:large","max-video-preview":"max-video-preview:-1"},"canonical":"https:\/\/www.visiterarles.com\/en\/blog\/2014\/10\/09\/tacoco-a-arles-les-alyscs-choisir-une-location-de-velo-pour-sortir-1936\/","twitter_misc":{"Written by":"Linkadm","Estimated reading time":"1 minute"},"schema":{"@context":"https:\/\/schema.org","@graph":[{"@type":"Article","@id":"https:\/\/www.visiterarles.com\/blog\/2014\/10\/09\/tacoco-a-arles-les-alyscs-choisir-une-location-de-velo-pour-sortir-1936\/#article","isPartOf":{"@id":"https:\/\/www.visiterarles.com\/blog\/2014\/10\/09\/tacoco-a-arles-les-alyscs-choisir-une-location-de-velo-pour-sortir-1936\/"},"author":{"name":"Linkadm","@id":"https:\/\/www.visiterarles.com\/en\/#\/schema\/person\/ba5912e4613018f479a2d86815a53576"},"headline":"Taco&#038;co \u00e0 Arles les Alyscamps : choisir une location de v\u00e9lo pour sortir","datePublished":"2014-10-09T12:12:00+00:00","dateModified":"2014-10-09T12:12:00+00:00","mainEntityOfPage":{"@id":"https:\/\/www.visiterarles.com\/blog\/2014\/10\/09\/tacoco-a-arles-les-alyscs-choisir-une-location-de-velo-pour-sortir-1936\/"},"wordCount":200,"commentCount":0,"publisher":{"@id":"https:\/\/www.visiterarles.com\/en\/#organization"},"articleSection":["Informations"],"inLanguage":"en-GB","potentialAction":[{"@type":"CommentAction","name":"Comment","target":["https:\/\/www.visiterarles.com\/blog\/2014\/10\/09\/tacoco-a-arles-les-alyscs-choisir-une-location-de-velo-pour-sortir-1936\/#respond"]}]},{"@type":"WebPage","@id":"https:\/\/www.visiterarles.com\/blog\/2014\/10\/09\/tacoco-a-arles-les-alyscs-choisir-une-location-de-velo-pour-sortir-1936\/","url":"https:\/\/www.visiterarles.com\/blog\/2014\/10\/09\/tacoco-a-arles-les-alyscs-choisir-une-location-de-velo-pour-sortir-1936\/","name":"Taco&co \u00e0 Arles les Alyscamps : choisir une location de v\u00e9lo pour sortir - Visiter Arles","isPartOf":{"@id":"https:\/\/www.visiterarles.com\/en\/#website"},"datePublished":"2014-10-09T12:12:00+00:00","dateModified":"2014-10-09T12:12:00+00:00","breadcrumb":{"@id":"https:\/\/www.visiterarles.com\/blog\/2014\/10\/09\/tacoco-a-arles-les-alyscs-choisir-une-location-de-velo-pour-sortir-1936\/#breadcrumb"},"inLanguage":"en-GB","potentialAction":[{"@type":"ReadAction","target":["https:\/\/www.visiterarles.com\/blog\/2014\/10\/09\/tacoco-a-arles-les-alyscs-choisir-une-location-de-velo-pour-sortir-1936\/"]}]},{"@type":"BreadcrumbList","@id":"https:\/\/www.visiterarles.com\/blog\/2014\/10\/09\/tacoco-a-arles-les-alyscs-choisir-une-location-de-velo-pour-sortir-1936\/#breadcrumb","itemListElement":[{"@type":"ListItem","position":1,"name":"Home","item":"https:\/\/www.visiterarles.com\/"},{"@type":"ListItem","position":2,"name":"Taco&#038;co \u00e0 Arles les Alyscamps : choisir une location de v\u00e9lo pour sortir"}]},{"@type":"WebSite","@id":"https:\/\/www.visiterarles.com\/en\/#website","url":"https:\/\/www.visiterarles.com\/en\/","name":"Visiter Arles","description":"Tourisme en Provence \u00e0 Arles","publisher":{"@id":"https:\/\/www.visiterarles.com\/en\/#organization"},"potentialAction":[{"@type":"SearchAction","target":{"@type":"EntryPoint","urlTemplate":"https:\/\/www.visiterarles.com\/en\/?s={search_term_string}"},"query-input":"required name=search_term_string"}],"inLanguage":"en-GB"},{"@type":"Organization","@id":"https:\/\/www.visiterarles.com\/en\/#organization","name":"Visiter Arles","url":"https:\/\/www.visiterarles.com\/en\/","logo":{"@type":"ImageObject","inLanguage":"en-GB","@id":"https:\/\/www.visiterarles.com\/en\/#\/schema\/logo\/image\/","url":"https:\/\/www.visiterarles.com\/wp-content\/uploads\/2017\/10\/taco-and-co-1-1.jpg","contentUrl":"https:\/\/www.visiterarles.com\/wp-content\/uploads\/2017\/10\/taco-and-co-1-1.jpg","width":124,"height":73,"caption":"Visiter Arles"},"image":{"@id":"https:\/\/www.visiterarles.com\/en\/#\/schema\/logo\/image\/"}},{"@type":"Person","@id":"https:\/\/www.visiterarles.com\/en\/#\/schema\/person\/ba5912e4613018f479a2d86815a53576","name":"Linkadm","image":{"@type":"ImageObject","inLanguage":"en-GB","@id":"https:\/\/www.visiterarles.com\/en\/#\/schema\/person\/image\/","url":"https:\/\/secure.gravatar.com\/avatar\/4709ec209921503e8d8cc96168eddc49?s=96&d=mm&r=g","contentUrl":"https:\/\/secure.gravatar.com\/avatar\/4709ec209921503e8d8cc96168eddc49?s=96&d=mm&r=g","caption":"Linkadm"},"url":"https:\/\/www.visiterarles.com\/en\/blog\/author\/admin\/"}]}},"_links":{"self":[{"href":"https:\/\/www.visiterarles.com\/en\/wp-json\/wp\/v2\/posts\/28033"}],"collection":[{"href":"https:\/\/www.visiterarles.com\/en\/wp-json\/wp\/v2\/posts"}],"about":[{"href":"https:\/\/www.visiterarles.com\/en\/wp-json\/wp\/v2\/types\/post"}],"author":[{"embeddable":true,"href":"https:\/\/www.visiterarles.com\/en\/wp-json\/wp\/v2\/users\/1"}],"replies":[{"embeddable":true,"href":"https:\/\/www.visiterarles.com\/en\/wp-json\/wp\/v2\/comments?post=28033"}],"version-history":[{"count":0,"href":"https:\/\/www.visiterarles.com\/en\/wp-json\/wp\/v2\/posts\/28033\/revisions"}],"wp:attachment":[{"href":"https:\/\/www.visiterarles.com\/en\/wp-json\/wp\/v2\/media?parent=28033"}],"wp:term":[{"taxonomy":"category","embeddable":true,"href":"https:\/\/www.visiterarles.com\/en\/wp-json\/wp\/v2\/categories?post=28033"},{"taxonomy":"post_tag","embeddable":true,"href":"https:\/\/www.visiterarles.com\/en\/wp-json\/wp\/v2\/tags?post=28033"}],"curies":[{"name":"wp","href":"https:\/\/api.w.org\/{rel}","templated":true}]}}