{"id":28052,"date":"2014-10-17T15:23:00","date_gmt":"2014-10-17T15:23:00","guid":{"rendered":"http:\/\/www.visiterarles.com\/bon-plan-en-famille-arles-quartier-des-musees-la-location-de-velo-72\/"},"modified":"2014-10-17T15:23:00","modified_gmt":"2014-10-17T15:23:00","slug":"bon-plan-en-famille-arles-quartier-des-musees-la-location-de-velo-72","status":"publish","type":"post","link":"https:\/\/www.visiterarles.com\/en\/blog\/2014\/10\/17\/bon-plan-en-famille-arles-quartier-des-musees-la-location-de-velo-72\/","title":{"rendered":"Bon plan en famille Arles quartier des mus\u00e9es : la location de v\u00e9lo"},"content":{"rendered":"<h4>En famille sur Arles quartier des mus\u00e9es : o\u00f9 d\u00e9goter un interlocuteur de confiance pr\u00e9sentant une location de v\u00e9lo<\/h4>\n<p>Les tours de la cavalerie, l&rsquo;ecomus\u00e9e du sel o\u00f9 alors l&rsquo;\u00e9glise saint blaise, par le biais de notre location de v\u00e9lo en famille \u00e0 Arles quartier des mus\u00e9es, sont des plus beaux endroits qui ne vous \u00e9chapperont pas au sein de cette extraordinaire commune magnifique. V\u00e9lo-Taco, pour vous aider pour jouir totalement de l\u2019existence, fera le maximum pour vous r\u00e9v\u00e9ler, avec la sensation d&rsquo;oeuvrer d&rsquo;une mani\u00e8re respectueuse de l\u2019environnement, le meilleur des richesses de la ville dans cette commune magnifique, via une <a href=\"http:\/\/www.visiterarles.com\/en\/votre-location-de-velo-en-famille-sur-arles-718\/\">location de v\u00e9lo en famille \u00e0 Arles<\/a> quartier des mus\u00e9es.<\/p>\n<h4>Arles : par quel moyen s\u2019y prendre pour rep\u00e9rer votre location de v\u00e9lo en famille<\/h4>\n<p>D\u00e8s lors qu&rsquo;on a l\u2019intention de faire la d\u00e9couverte du splendide centre historique, la location de v\u00e9lo en famille sur Arles, entre autres, s\u2019av\u00e8re \u00eatre parfaite. Peu importe o\u00f9 vous soyez \u00e0 Arles, vous pourrez jouir totalement de notre location de v\u00e9lo en toute s\u00e9r\u00e9nit\u00e9. Notre location de v\u00e9lo sur Arles, en famille peut s&rsquo;av\u00e9rer \u00eatre une offre qui ira \u00e0 tous de la m\u00eame mani\u00e8re qu&rsquo;aux passionn\u00e9s de tourisme.<\/p>","protected":false},"excerpt":{"rendered":"<p>En famille sur Arles quartier des mus\u00e9es : o\u00f9 d\u00e9goter un interlocuteur de confiance pr\u00e9sentant une location de v\u00e9lo Les tours de la cavalerie, l&rsquo;ecomus\u00e9e du sel o\u00f9 alors l&rsquo;\u00e9glise saint blaise, par le biais de notre location de v\u00e9lo en famille \u00e0 Arles quartier des mus\u00e9es, sont des plus beaux endroits qui ne vous [&hellip;]<\/p>","protected":false},"author":1,"featured_media":0,"comment_status":"open","ping_status":"open","sticky":false,"template":"","format":"standard","meta":{"footnotes":""},"categories":[55],"tags":[],"aioseo_notices":[],"yoast_head":"<!-- This site is optimized with the Yoast SEO plugin v22.3 - https:\/\/yoast.com\/wordpress\/plugins\/seo\/ -->\n<title>Bon plan en famille Arles quartier des mus\u00e9es : la location de v\u00e9lo - Visiter Arles<\/title>\n<meta name=\"robots\" content=\"index, follow, max-snippet:-1, max-image-preview:large, max-video-preview:-1\" \/>\n<link rel=\"canonical\" href=\"https:\/\/www.visiterarles.com\/en\/blog\/2014\/10\/17\/bon-plan-en-famille-arles-quartier-des-musees-la-location-de-velo-72\/\" \/>\n<meta name=\"twitter:label1\" content=\"Written by\" \/>\n\t<meta name=\"twitter:data1\" content=\"Linkadm\" \/>\n\t<meta name=\"twitter:label2\" content=\"Estimated reading time\" \/>\n\t<meta name=\"twitter:data2\" content=\"1 minute\" \/>\n<script type=\"application\/ld+json\" class=\"yoast-schema-graph\">{\"@context\":\"https:\/\/schema.org\",\"@graph\":[{\"@type\":\"Article\",\"@id\":\"https:\/\/www.visiterarles.com\/blog\/2014\/10\/17\/bon-plan-en-famille-arles-quartier-des-musees-la-location-de-velo-72\/#article\",\"isPartOf\":{\"@id\":\"https:\/\/www.visiterarles.com\/blog\/2014\/10\/17\/bon-plan-en-famille-arles-quartier-des-musees-la-location-de-velo-72\/\"},\"author\":{\"name\":\"Linkadm\",\"@id\":\"https:\/\/www.visiterarles.com\/en\/#\/schema\/person\/ba5912e4613018f479a2d86815a53576\"},\"headline\":\"Bon plan en famille Arles quartier des mus\u00e9es : la location de v\u00e9lo\",\"datePublished\":\"2014-10-17T15:23:00+00:00\",\"dateModified\":\"2014-10-17T15:23:00+00:00\",\"mainEntityOfPage\":{\"@id\":\"https:\/\/www.visiterarles.com\/blog\/2014\/10\/17\/bon-plan-en-famille-arles-quartier-des-musees-la-location-de-velo-72\/\"},\"wordCount\":243,\"commentCount\":0,\"publisher\":{\"@id\":\"https:\/\/www.visiterarles.com\/en\/#organization\"},\"articleSection\":[\"Informations\"],\"inLanguage\":\"en-GB\",\"potentialAction\":[{\"@type\":\"CommentAction\",\"name\":\"Comment\",\"target\":[\"https:\/\/www.visiterarles.com\/blog\/2014\/10\/17\/bon-plan-en-famille-arles-quartier-des-musees-la-location-de-velo-72\/#respond\"]}]},{\"@type\":\"WebPage\",\"@id\":\"https:\/\/www.visiterarles.com\/blog\/2014\/10\/17\/bon-plan-en-famille-arles-quartier-des-musees-la-location-de-velo-72\/\",\"url\":\"https:\/\/www.visiterarles.com\/blog\/2014\/10\/17\/bon-plan-en-famille-arles-quartier-des-musees-la-location-de-velo-72\/\",\"name\":\"Bon plan en famille Arles quartier des mus\u00e9es : la location de v\u00e9lo - Visiter Arles\",\"isPartOf\":{\"@id\":\"https:\/\/www.visiterarles.com\/en\/#website\"},\"datePublished\":\"2014-10-17T15:23:00+00:00\",\"dateModified\":\"2014-10-17T15:23:00+00:00\",\"breadcrumb\":{\"@id\":\"https:\/\/www.visiterarles.com\/blog\/2014\/10\/17\/bon-plan-en-famille-arles-quartier-des-musees-la-location-de-velo-72\/#breadcrumb\"},\"inLanguage\":\"en-GB\",\"potentialAction\":[{\"@type\":\"ReadAction\",\"target\":[\"https:\/\/www.visiterarles.com\/blog\/2014\/10\/17\/bon-plan-en-famille-arles-quartier-des-musees-la-location-de-velo-72\/\"]}]},{\"@type\":\"BreadcrumbList\",\"@id\":\"https:\/\/www.visiterarles.com\/blog\/2014\/10\/17\/bon-plan-en-famille-arles-quartier-des-musees-la-location-de-velo-72\/#breadcrumb\",\"itemListElement\":[{\"@type\":\"ListItem\",\"position\":1,\"name\":\"Home\",\"item\":\"https:\/\/www.visiterarles.com\/\"},{\"@type\":\"ListItem\",\"position\":2,\"name\":\"Bon plan en famille Arles quartier des mus\u00e9es : la location de v\u00e9lo\"}]},{\"@type\":\"WebSite\",\"@id\":\"https:\/\/www.visiterarles.com\/en\/#website\",\"url\":\"https:\/\/www.visiterarles.com\/en\/\",\"name\":\"Visiter Arles\",\"description\":\"Tourisme en Provence \u00e0 Arles\",\"publisher\":{\"@id\":\"https:\/\/www.visiterarles.com\/en\/#organization\"},\"potentialAction\":[{\"@type\":\"SearchAction\",\"target\":{\"@type\":\"EntryPoint\",\"urlTemplate\":\"https:\/\/www.visiterarles.com\/en\/?s={search_term_string}\"},\"query-input\":\"required name=search_term_string\"}],\"inLanguage\":\"en-GB\"},{\"@type\":\"Organization\",\"@id\":\"https:\/\/www.visiterarles.com\/en\/#organization\",\"name\":\"Visiter Arles\",\"url\":\"https:\/\/www.visiterarles.com\/en\/\",\"logo\":{\"@type\":\"ImageObject\",\"inLanguage\":\"en-GB\",\"@id\":\"https:\/\/www.visiterarles.com\/en\/#\/schema\/logo\/image\/\",\"url\":\"https:\/\/www.visiterarles.com\/wp-content\/uploads\/2017\/10\/taco-and-co-1-1.jpg\",\"contentUrl\":\"https:\/\/www.visiterarles.com\/wp-content\/uploads\/2017\/10\/taco-and-co-1-1.jpg\",\"width\":124,\"height\":73,\"caption\":\"Visiter Arles\"},\"image\":{\"@id\":\"https:\/\/www.visiterarles.com\/en\/#\/schema\/logo\/image\/\"}},{\"@type\":\"Person\",\"@id\":\"https:\/\/www.visiterarles.com\/en\/#\/schema\/person\/ba5912e4613018f479a2d86815a53576\",\"name\":\"Linkadm\",\"image\":{\"@type\":\"ImageObject\",\"inLanguage\":\"en-GB\",\"@id\":\"https:\/\/www.visiterarles.com\/en\/#\/schema\/person\/image\/\",\"url\":\"https:\/\/secure.gravatar.com\/avatar\/4709ec209921503e8d8cc96168eddc49?s=96&d=mm&r=g\",\"contentUrl\":\"https:\/\/secure.gravatar.com\/avatar\/4709ec209921503e8d8cc96168eddc49?s=96&d=mm&r=g\",\"caption\":\"Linkadm\"},\"url\":\"https:\/\/www.visiterarles.com\/en\/blog\/author\/admin\/\"}]}<\/script>\n<!-- \/ Yoast SEO plugin. -->","yoast_head_json":{"title":"Bon plan en famille Arles quartier des mus\u00e9es : la location de v\u00e9lo - Visiter Arles","robots":{"index":"index","follow":"follow","max-snippet":"max-snippet:-1","max-image-preview":"max-image-preview:large","max-video-preview":"max-video-preview:-1"},"canonical":"https:\/\/www.visiterarles.com\/en\/blog\/2014\/10\/17\/bon-plan-en-famille-arles-quartier-des-musees-la-location-de-velo-72\/","twitter_misc":{"Written by":"Linkadm","Estimated reading time":"1 minute"},"schema":{"@context":"https:\/\/schema.org","@graph":[{"@type":"Article","@id":"https:\/\/www.visiterarles.com\/blog\/2014\/10\/17\/bon-plan-en-famille-arles-quartier-des-musees-la-location-de-velo-72\/#article","isPartOf":{"@id":"https:\/\/www.visiterarles.com\/blog\/2014\/10\/17\/bon-plan-en-famille-arles-quartier-des-musees-la-location-de-velo-72\/"},"author":{"name":"Linkadm","@id":"https:\/\/www.visiterarles.com\/en\/#\/schema\/person\/ba5912e4613018f479a2d86815a53576"},"headline":"Bon plan en famille Arles quartier des mus\u00e9es : la location de v\u00e9lo","datePublished":"2014-10-17T15:23:00+00:00","dateModified":"2014-10-17T15:23:00+00:00","mainEntityOfPage":{"@id":"https:\/\/www.visiterarles.com\/blog\/2014\/10\/17\/bon-plan-en-famille-arles-quartier-des-musees-la-location-de-velo-72\/"},"wordCount":243,"commentCount":0,"publisher":{"@id":"https:\/\/www.visiterarles.com\/en\/#organization"},"articleSection":["Informations"],"inLanguage":"en-GB","potentialAction":[{"@type":"CommentAction","name":"Comment","target":["https:\/\/www.visiterarles.com\/blog\/2014\/10\/17\/bon-plan-en-famille-arles-quartier-des-musees-la-location-de-velo-72\/#respond"]}]},{"@type":"WebPage","@id":"https:\/\/www.visiterarles.com\/blog\/2014\/10\/17\/bon-plan-en-famille-arles-quartier-des-musees-la-location-de-velo-72\/","url":"https:\/\/www.visiterarles.com\/blog\/2014\/10\/17\/bon-plan-en-famille-arles-quartier-des-musees-la-location-de-velo-72\/","name":"Bon plan en famille Arles quartier des mus\u00e9es : la location de v\u00e9lo - Visiter Arles","isPartOf":{"@id":"https:\/\/www.visiterarles.com\/en\/#website"},"datePublished":"2014-10-17T15:23:00+00:00","dateModified":"2014-10-17T15:23:00+00:00","breadcrumb":{"@id":"https:\/\/www.visiterarles.com\/blog\/2014\/10\/17\/bon-plan-en-famille-arles-quartier-des-musees-la-location-de-velo-72\/#breadcrumb"},"inLanguage":"en-GB","potentialAction":[{"@type":"ReadAction","target":["https:\/\/www.visiterarles.com\/blog\/2014\/10\/17\/bon-plan-en-famille-arles-quartier-des-musees-la-location-de-velo-72\/"]}]},{"@type":"BreadcrumbList","@id":"https:\/\/www.visiterarles.com\/blog\/2014\/10\/17\/bon-plan-en-famille-arles-quartier-des-musees-la-location-de-velo-72\/#breadcrumb","itemListElement":[{"@type":"ListItem","position":1,"name":"Home","item":"https:\/\/www.visiterarles.com\/"},{"@type":"ListItem","position":2,"name":"Bon plan en famille Arles quartier des mus\u00e9es : la location de v\u00e9lo"}]},{"@type":"WebSite","@id":"https:\/\/www.visiterarles.com\/en\/#website","url":"https:\/\/www.visiterarles.com\/en\/","name":"Visiter Arles","description":"Tourisme en Provence \u00e0 Arles","publisher":{"@id":"https:\/\/www.visiterarles.com\/en\/#organization"},"potentialAction":[{"@type":"SearchAction","target":{"@type":"EntryPoint","urlTemplate":"https:\/\/www.visiterarles.com\/en\/?s={search_term_string}"},"query-input":"required name=search_term_string"}],"inLanguage":"en-GB"},{"@type":"Organization","@id":"https:\/\/www.visiterarles.com\/en\/#organization","name":"Visiter Arles","url":"https:\/\/www.visiterarles.com\/en\/","logo":{"@type":"ImageObject","inLanguage":"en-GB","@id":"https:\/\/www.visiterarles.com\/en\/#\/schema\/logo\/image\/","url":"https:\/\/www.visiterarles.com\/wp-content\/uploads\/2017\/10\/taco-and-co-1-1.jpg","contentUrl":"https:\/\/www.visiterarles.com\/wp-content\/uploads\/2017\/10\/taco-and-co-1-1.jpg","width":124,"height":73,"caption":"Visiter Arles"},"image":{"@id":"https:\/\/www.visiterarles.com\/en\/#\/schema\/logo\/image\/"}},{"@type":"Person","@id":"https:\/\/www.visiterarles.com\/en\/#\/schema\/person\/ba5912e4613018f479a2d86815a53576","name":"Linkadm","image":{"@type":"ImageObject","inLanguage":"en-GB","@id":"https:\/\/www.visiterarles.com\/en\/#\/schema\/person\/image\/","url":"https:\/\/secure.gravatar.com\/avatar\/4709ec209921503e8d8cc96168eddc49?s=96&d=mm&r=g","contentUrl":"https:\/\/secure.gravatar.com\/avatar\/4709ec209921503e8d8cc96168eddc49?s=96&d=mm&r=g","caption":"Linkadm"},"url":"https:\/\/www.visiterarles.com\/en\/blog\/author\/admin\/"}]}},"_links":{"self":[{"href":"https:\/\/www.visiterarles.com\/en\/wp-json\/wp\/v2\/posts\/28052"}],"collection":[{"href":"https:\/\/www.visiterarles.com\/en\/wp-json\/wp\/v2\/posts"}],"about":[{"href":"https:\/\/www.visiterarles.com\/en\/wp-json\/wp\/v2\/types\/post"}],"author":[{"embeddable":true,"href":"https:\/\/www.visiterarles.com\/en\/wp-json\/wp\/v2\/users\/1"}],"replies":[{"embeddable":true,"href":"https:\/\/www.visiterarles.com\/en\/wp-json\/wp\/v2\/comments?post=28052"}],"version-history":[{"count":0,"href":"https:\/\/www.visiterarles.com\/en\/wp-json\/wp\/v2\/posts\/28052\/revisions"}],"wp:attachment":[{"href":"https:\/\/www.visiterarles.com\/en\/wp-json\/wp\/v2\/media?parent=28052"}],"wp:term":[{"taxonomy":"category","embeddable":true,"href":"https:\/\/www.visiterarles.com\/en\/wp-json\/wp\/v2\/categories?post=28052"},{"taxonomy":"post_tag","embeddable":true,"href":"https:\/\/www.visiterarles.com\/en\/wp-json\/wp\/v2\/tags?post=28052"}],"curies":[{"name":"wp","href":"https:\/\/api.w.org\/{rel}","templated":true}]}}