{"id":28060,"date":"2014-10-19T17:42:00","date_gmt":"2014-10-19T17:42:00","guid":{"rendered":"http:\/\/www.visiterarles.com\/en-famille-arles-intra-muros-la-location-de-velo-126\/"},"modified":"2014-10-19T17:42:00","modified_gmt":"2014-10-19T17:42:00","slug":"en-famille-arles-intra-muros-la-location-de-velo-126","status":"publish","type":"post","link":"https:\/\/www.visiterarles.com\/en\/blog\/2014\/10\/19\/en-famille-arles-intra-muros-la-location-de-velo-126\/","title":{"rendered":"En famille Arles intra-muros : la location de v\u00e9lo"},"content":{"rendered":"<h4>Location de v\u00e9lo en famille \u00e0 Arles intra-muros : o\u00f9 d\u00e9gotter un interlocuteur s\u00e9rieux<\/h4>\n<p>Les beaux endroits ne manquent pas, par cons\u00e9quent, notre location de v\u00e9lo en famille Arles intra-muros vous donnera la possibilit\u00e9 de jouir totalement des cryptoportiques, du marais du vigueirat o\u00f9 de la tour des mourgues. De mani\u00e8re \u00e0 offrir l&rsquo;opportunit\u00e9 de jouir totalement des richesses de la ville, avec l&rsquo;impression d\u2019agir de mani\u00e8re eco-responsable, notre location de v\u00e9lo en famille Arles intra-muros vous aidera \u00e0 jouir de la vie.<\/p>\n<h4>Arles : comment s\u2019y prendre pour trouver une location de v\u00e9lo en famille<\/h4>\n<p>D\u00e9couvrir le ravissant patrimoine de la ville au moyen de la location de v\u00e9lo en famille sur Arles peut s&rsquo;av\u00e9rer \u00eatre une alternative cl\u00e9s en main adapt\u00e9e pour qui en a envie. Une fois arriv\u00e9 \u00e0 la gare d\u2019Arles, vous pourrez solliciter une location de v\u00e9lo dans cette structure. Au niveau des passionn\u00e9s, une <a href=\"http:\/\/www.visiterarles.com\/en\/votre-location-de-velo-en-famille-sur-arles-718\/\">location de v\u00e9lo sur Arles<\/a>, en famille conviendra aux aspirations de tous, c\u2019est s\u00fbr.<\/p>","protected":false},"excerpt":{"rendered":"<p>Location de v\u00e9lo en famille \u00e0 Arles intra-muros : o\u00f9 d\u00e9gotter un interlocuteur s\u00e9rieux Les beaux endroits ne manquent pas, par cons\u00e9quent, notre location de v\u00e9lo en famille Arles intra-muros vous donnera la possibilit\u00e9 de jouir totalement des cryptoportiques, du marais du vigueirat o\u00f9 de la tour des mourgues. De mani\u00e8re \u00e0 offrir l&rsquo;opportunit\u00e9 de [&hellip;]<\/p>","protected":false},"author":1,"featured_media":0,"comment_status":"open","ping_status":"open","sticky":false,"template":"","format":"standard","meta":{"footnotes":""},"categories":[55],"tags":[],"aioseo_notices":[],"yoast_head":"<!-- This site is optimized with the Yoast SEO plugin v22.3 - https:\/\/yoast.com\/wordpress\/plugins\/seo\/ -->\n<title>En famille Arles intra-muros : la location de v\u00e9lo - Visiter Arles<\/title>\n<meta name=\"robots\" content=\"index, follow, max-snippet:-1, max-image-preview:large, max-video-preview:-1\" \/>\n<link rel=\"canonical\" href=\"https:\/\/www.visiterarles.com\/en\/blog\/2014\/10\/19\/en-famille-arles-intra-muros-la-location-de-velo-126\/\" \/>\n<meta name=\"twitter:label1\" content=\"Written by\" \/>\n\t<meta name=\"twitter:data1\" content=\"Linkadm\" \/>\n\t<meta name=\"twitter:label2\" content=\"Estimated reading time\" \/>\n\t<meta name=\"twitter:data2\" content=\"1 minute\" \/>\n<script type=\"application\/ld+json\" class=\"yoast-schema-graph\">{\"@context\":\"https:\/\/schema.org\",\"@graph\":[{\"@type\":\"Article\",\"@id\":\"https:\/\/www.visiterarles.com\/en\/blog\/2014\/10\/19\/en-famille-arles-intra-muros-la-location-de-velo-126\/#article\",\"isPartOf\":{\"@id\":\"https:\/\/www.visiterarles.com\/en\/blog\/2014\/10\/19\/en-famille-arles-intra-muros-la-location-de-velo-126\/\"},\"author\":{\"name\":\"Linkadm\",\"@id\":\"https:\/\/www.visiterarles.com\/en\/#\/schema\/person\/ba5912e4613018f479a2d86815a53576\"},\"headline\":\"En famille Arles intra-muros : la location de v\u00e9lo\",\"datePublished\":\"2014-10-19T17:42:00+00:00\",\"dateModified\":\"2014-10-19T17:42:00+00:00\",\"mainEntityOfPage\":{\"@id\":\"https:\/\/www.visiterarles.com\/en\/blog\/2014\/10\/19\/en-famille-arles-intra-muros-la-location-de-velo-126\/\"},\"wordCount\":192,\"commentCount\":0,\"publisher\":{\"@id\":\"https:\/\/www.visiterarles.com\/en\/#organization\"},\"articleSection\":[\"Informations\"],\"inLanguage\":\"en-GB\",\"potentialAction\":[{\"@type\":\"CommentAction\",\"name\":\"Comment\",\"target\":[\"https:\/\/www.visiterarles.com\/en\/blog\/2014\/10\/19\/en-famille-arles-intra-muros-la-location-de-velo-126\/#respond\"]}]},{\"@type\":\"WebPage\",\"@id\":\"https:\/\/www.visiterarles.com\/en\/blog\/2014\/10\/19\/en-famille-arles-intra-muros-la-location-de-velo-126\/\",\"url\":\"https:\/\/www.visiterarles.com\/en\/blog\/2014\/10\/19\/en-famille-arles-intra-muros-la-location-de-velo-126\/\",\"name\":\"En famille Arles intra-muros : la location de v\u00e9lo - Visiter Arles\",\"isPartOf\":{\"@id\":\"https:\/\/www.visiterarles.com\/en\/#website\"},\"datePublished\":\"2014-10-19T17:42:00+00:00\",\"dateModified\":\"2014-10-19T17:42:00+00:00\",\"breadcrumb\":{\"@id\":\"https:\/\/www.visiterarles.com\/en\/blog\/2014\/10\/19\/en-famille-arles-intra-muros-la-location-de-velo-126\/#breadcrumb\"},\"inLanguage\":\"en-GB\",\"potentialAction\":[{\"@type\":\"ReadAction\",\"target\":[\"https:\/\/www.visiterarles.com\/en\/blog\/2014\/10\/19\/en-famille-arles-intra-muros-la-location-de-velo-126\/\"]}]},{\"@type\":\"BreadcrumbList\",\"@id\":\"https:\/\/www.visiterarles.com\/en\/blog\/2014\/10\/19\/en-famille-arles-intra-muros-la-location-de-velo-126\/#breadcrumb\",\"itemListElement\":[{\"@type\":\"ListItem\",\"position\":1,\"name\":\"Home\",\"item\":\"https:\/\/www.visiterarles.com\/\"},{\"@type\":\"ListItem\",\"position\":2,\"name\":\"En famille Arles intra-muros : la location de v\u00e9lo\"}]},{\"@type\":\"WebSite\",\"@id\":\"https:\/\/www.visiterarles.com\/en\/#website\",\"url\":\"https:\/\/www.visiterarles.com\/en\/\",\"name\":\"Visiter Arles\",\"description\":\"Tourisme en Provence \u00e0 Arles\",\"publisher\":{\"@id\":\"https:\/\/www.visiterarles.com\/en\/#organization\"},\"potentialAction\":[{\"@type\":\"SearchAction\",\"target\":{\"@type\":\"EntryPoint\",\"urlTemplate\":\"https:\/\/www.visiterarles.com\/en\/?s={search_term_string}\"},\"query-input\":\"required name=search_term_string\"}],\"inLanguage\":\"en-GB\"},{\"@type\":\"Organization\",\"@id\":\"https:\/\/www.visiterarles.com\/en\/#organization\",\"name\":\"Visiter Arles\",\"url\":\"https:\/\/www.visiterarles.com\/en\/\",\"logo\":{\"@type\":\"ImageObject\",\"inLanguage\":\"en-GB\",\"@id\":\"https:\/\/www.visiterarles.com\/en\/#\/schema\/logo\/image\/\",\"url\":\"https:\/\/www.visiterarles.com\/wp-content\/uploads\/2017\/10\/taco-and-co-1-1.jpg\",\"contentUrl\":\"https:\/\/www.visiterarles.com\/wp-content\/uploads\/2017\/10\/taco-and-co-1-1.jpg\",\"width\":124,\"height\":73,\"caption\":\"Visiter Arles\"},\"image\":{\"@id\":\"https:\/\/www.visiterarles.com\/en\/#\/schema\/logo\/image\/\"}},{\"@type\":\"Person\",\"@id\":\"https:\/\/www.visiterarles.com\/en\/#\/schema\/person\/ba5912e4613018f479a2d86815a53576\",\"name\":\"Linkadm\",\"image\":{\"@type\":\"ImageObject\",\"inLanguage\":\"en-GB\",\"@id\":\"https:\/\/www.visiterarles.com\/en\/#\/schema\/person\/image\/\",\"url\":\"https:\/\/secure.gravatar.com\/avatar\/4709ec209921503e8d8cc96168eddc49?s=96&d=mm&r=g\",\"contentUrl\":\"https:\/\/secure.gravatar.com\/avatar\/4709ec209921503e8d8cc96168eddc49?s=96&d=mm&r=g\",\"caption\":\"Linkadm\"},\"url\":\"https:\/\/www.visiterarles.com\/en\/blog\/author\/admin\/\"}]}<\/script>\n<!-- \/ Yoast SEO plugin. -->","yoast_head_json":{"title":"En famille Arles intra-muros : la location de v\u00e9lo - Visiter Arles","robots":{"index":"index","follow":"follow","max-snippet":"max-snippet:-1","max-image-preview":"max-image-preview:large","max-video-preview":"max-video-preview:-1"},"canonical":"https:\/\/www.visiterarles.com\/en\/blog\/2014\/10\/19\/en-famille-arles-intra-muros-la-location-de-velo-126\/","twitter_misc":{"Written by":"Linkadm","Estimated reading time":"1 minute"},"schema":{"@context":"https:\/\/schema.org","@graph":[{"@type":"Article","@id":"https:\/\/www.visiterarles.com\/en\/blog\/2014\/10\/19\/en-famille-arles-intra-muros-la-location-de-velo-126\/#article","isPartOf":{"@id":"https:\/\/www.visiterarles.com\/en\/blog\/2014\/10\/19\/en-famille-arles-intra-muros-la-location-de-velo-126\/"},"author":{"name":"Linkadm","@id":"https:\/\/www.visiterarles.com\/en\/#\/schema\/person\/ba5912e4613018f479a2d86815a53576"},"headline":"En famille Arles intra-muros : la location de v\u00e9lo","datePublished":"2014-10-19T17:42:00+00:00","dateModified":"2014-10-19T17:42:00+00:00","mainEntityOfPage":{"@id":"https:\/\/www.visiterarles.com\/en\/blog\/2014\/10\/19\/en-famille-arles-intra-muros-la-location-de-velo-126\/"},"wordCount":192,"commentCount":0,"publisher":{"@id":"https:\/\/www.visiterarles.com\/en\/#organization"},"articleSection":["Informations"],"inLanguage":"en-GB","potentialAction":[{"@type":"CommentAction","name":"Comment","target":["https:\/\/www.visiterarles.com\/en\/blog\/2014\/10\/19\/en-famille-arles-intra-muros-la-location-de-velo-126\/#respond"]}]},{"@type":"WebPage","@id":"https:\/\/www.visiterarles.com\/en\/blog\/2014\/10\/19\/en-famille-arles-intra-muros-la-location-de-velo-126\/","url":"https:\/\/www.visiterarles.com\/en\/blog\/2014\/10\/19\/en-famille-arles-intra-muros-la-location-de-velo-126\/","name":"En famille Arles intra-muros : la location de v\u00e9lo - Visiter Arles","isPartOf":{"@id":"https:\/\/www.visiterarles.com\/en\/#website"},"datePublished":"2014-10-19T17:42:00+00:00","dateModified":"2014-10-19T17:42:00+00:00","breadcrumb":{"@id":"https:\/\/www.visiterarles.com\/en\/blog\/2014\/10\/19\/en-famille-arles-intra-muros-la-location-de-velo-126\/#breadcrumb"},"inLanguage":"en-GB","potentialAction":[{"@type":"ReadAction","target":["https:\/\/www.visiterarles.com\/en\/blog\/2014\/10\/19\/en-famille-arles-intra-muros-la-location-de-velo-126\/"]}]},{"@type":"BreadcrumbList","@id":"https:\/\/www.visiterarles.com\/en\/blog\/2014\/10\/19\/en-famille-arles-intra-muros-la-location-de-velo-126\/#breadcrumb","itemListElement":[{"@type":"ListItem","position":1,"name":"Home","item":"https:\/\/www.visiterarles.com\/"},{"@type":"ListItem","position":2,"name":"En famille Arles intra-muros : la location de v\u00e9lo"}]},{"@type":"WebSite","@id":"https:\/\/www.visiterarles.com\/en\/#website","url":"https:\/\/www.visiterarles.com\/en\/","name":"Visiter Arles","description":"Tourisme en Provence \u00e0 Arles","publisher":{"@id":"https:\/\/www.visiterarles.com\/en\/#organization"},"potentialAction":[{"@type":"SearchAction","target":{"@type":"EntryPoint","urlTemplate":"https:\/\/www.visiterarles.com\/en\/?s={search_term_string}"},"query-input":"required name=search_term_string"}],"inLanguage":"en-GB"},{"@type":"Organization","@id":"https:\/\/www.visiterarles.com\/en\/#organization","name":"Visiter Arles","url":"https:\/\/www.visiterarles.com\/en\/","logo":{"@type":"ImageObject","inLanguage":"en-GB","@id":"https:\/\/www.visiterarles.com\/en\/#\/schema\/logo\/image\/","url":"https:\/\/www.visiterarles.com\/wp-content\/uploads\/2017\/10\/taco-and-co-1-1.jpg","contentUrl":"https:\/\/www.visiterarles.com\/wp-content\/uploads\/2017\/10\/taco-and-co-1-1.jpg","width":124,"height":73,"caption":"Visiter Arles"},"image":{"@id":"https:\/\/www.visiterarles.com\/en\/#\/schema\/logo\/image\/"}},{"@type":"Person","@id":"https:\/\/www.visiterarles.com\/en\/#\/schema\/person\/ba5912e4613018f479a2d86815a53576","name":"Linkadm","image":{"@type":"ImageObject","inLanguage":"en-GB","@id":"https:\/\/www.visiterarles.com\/en\/#\/schema\/person\/image\/","url":"https:\/\/secure.gravatar.com\/avatar\/4709ec209921503e8d8cc96168eddc49?s=96&d=mm&r=g","contentUrl":"https:\/\/secure.gravatar.com\/avatar\/4709ec209921503e8d8cc96168eddc49?s=96&d=mm&r=g","caption":"Linkadm"},"url":"https:\/\/www.visiterarles.com\/en\/blog\/author\/admin\/"}]}},"_links":{"self":[{"href":"https:\/\/www.visiterarles.com\/en\/wp-json\/wp\/v2\/posts\/28060"}],"collection":[{"href":"https:\/\/www.visiterarles.com\/en\/wp-json\/wp\/v2\/posts"}],"about":[{"href":"https:\/\/www.visiterarles.com\/en\/wp-json\/wp\/v2\/types\/post"}],"author":[{"embeddable":true,"href":"https:\/\/www.visiterarles.com\/en\/wp-json\/wp\/v2\/users\/1"}],"replies":[{"embeddable":true,"href":"https:\/\/www.visiterarles.com\/en\/wp-json\/wp\/v2\/comments?post=28060"}],"version-history":[{"count":0,"href":"https:\/\/www.visiterarles.com\/en\/wp-json\/wp\/v2\/posts\/28060\/revisions"}],"wp:attachment":[{"href":"https:\/\/www.visiterarles.com\/en\/wp-json\/wp\/v2\/media?parent=28060"}],"wp:term":[{"taxonomy":"category","embeddable":true,"href":"https:\/\/www.visiterarles.com\/en\/wp-json\/wp\/v2\/categories?post=28060"},{"taxonomy":"post_tag","embeddable":true,"href":"https:\/\/www.visiterarles.com\/en\/wp-json\/wp\/v2\/tags?post=28060"}],"curies":[{"name":"wp","href":"https:\/\/api.w.org\/{rel}","templated":true}]}}