{"id":28062,"date":"2014-10-20T14:59:00","date_gmt":"2014-10-20T14:59:00","guid":{"rendered":"http:\/\/www.visiterarles.com\/pour-touriste-arles-quartier-des-arenes-la-location-de-velo-1160\/"},"modified":"2014-10-20T14:59:00","modified_gmt":"2014-10-20T14:59:00","slug":"pour-touriste-arles-quartier-des-arenes-la-location-de-velo-1160","status":"publish","type":"post","link":"https:\/\/www.visiterarles.com\/en\/blog\/2014\/10\/20\/pour-touriste-arles-quartier-des-arenes-la-location-de-velo-1160\/","title":{"rendered":"Pour touriste Arles quartier des ar\u00e8nes : la location de v\u00e9lo"},"content":{"rendered":"<h4>Pour touriste \u00e0 Arles quartier des ar\u00e8nes : o\u00f9 rep\u00e9rer un contact s\u00e9rieux qui pr\u00e9sente une location de v\u00e9lo<\/h4>\n<p>Des anciens ateliers sncf, de l&rsquo;ecomus\u00e9e du sel o\u00f9 bien de l&rsquo;\u00e9glise saint honoratles thermes de constantin, l&rsquo;ecomus\u00e9e du sel o\u00f9 bien le march\u00e9 de provence, par l&rsquo;interm\u00e9diaire de notre location de v\u00e9lo pour touriste Arles quartier des ar\u00e8nes, sont des plus beaux endroits que vous ne manquerez pas au sein de cette exceptionnelle commune magnifique. Notre location de v\u00e9lo pour touriste Arles quartier des ar\u00e8nes, pour ne citer que cela, vous fera jouir totalement de la vie au sein de cette exceptionnelle commune magnifique, ordinairement avec l&rsquo;impression d&rsquo;oeuvrer d&rsquo;une mani\u00e8re respectueuse de l\u2019environnement, tout en offrant le meilleur de la culture.<\/p>\n<h4>Une alternative respectueuse de la plan\u00e8te : location de v\u00e9lo pour touriste sur Arles<\/h4>\n<p>Prendre connaissance du ravissant centre historique par l&rsquo;interm\u00e9diaire de notre location de v\u00e9lo pour touriste \u00e0 Arles peut s&rsquo;av\u00e9rer \u00eatre une alternative cl\u00e9s en main efficace pour toute personne qui en a envie. Dans cette structure, en arrivant sur Arles, vous pourrez r\u00e9clamer notre location de v\u00e9lo. Les consommateurs en tout genre adoreront notre <a href=\"http:\/\/www.visiterarles.com\/en\/arles-location-de-velo-pour-touriste-990\/\">location de v\u00e9lo \u00e0 Arles<\/a>, pour touriste qui leur conviendra incontestablement.<\/p>","protected":false},"excerpt":{"rendered":"<p>Pour touriste \u00e0 Arles quartier des ar\u00e8nes : o\u00f9 rep\u00e9rer un contact s\u00e9rieux qui pr\u00e9sente une location de v\u00e9lo Des anciens ateliers sncf, de l&rsquo;ecomus\u00e9e du sel o\u00f9 bien de l&rsquo;\u00e9glise saint honoratles thermes de constantin, l&rsquo;ecomus\u00e9e du sel o\u00f9 bien le march\u00e9 de provence, par l&rsquo;interm\u00e9diaire de notre location de v\u00e9lo pour touriste Arles [&hellip;]<\/p>","protected":false},"author":1,"featured_media":0,"comment_status":"open","ping_status":"open","sticky":false,"template":"","format":"standard","meta":{"footnotes":""},"categories":[55],"tags":[],"aioseo_notices":[],"yoast_head":"<!-- This site is optimized with the Yoast SEO plugin v22.3 - https:\/\/yoast.com\/wordpress\/plugins\/seo\/ -->\n<title>Pour touriste Arles quartier des ar\u00e8nes : la location de v\u00e9lo - Visiter Arles<\/title>\n<meta name=\"robots\" content=\"index, follow, max-snippet:-1, max-image-preview:large, max-video-preview:-1\" \/>\n<link rel=\"canonical\" href=\"https:\/\/www.visiterarles.com\/en\/blog\/2014\/10\/20\/pour-touriste-arles-quartier-des-arenes-la-location-de-velo-1160\/\" \/>\n<meta name=\"twitter:label1\" content=\"Written by\" \/>\n\t<meta name=\"twitter:data1\" content=\"Linkadm\" \/>\n\t<meta name=\"twitter:label2\" content=\"Estimated reading time\" \/>\n\t<meta name=\"twitter:data2\" content=\"1 minute\" \/>\n<script type=\"application\/ld+json\" class=\"yoast-schema-graph\">{\"@context\":\"https:\/\/schema.org\",\"@graph\":[{\"@type\":\"Article\",\"@id\":\"https:\/\/www.visiterarles.com\/en\/blog\/2014\/10\/20\/pour-touriste-arles-quartier-des-arenes-la-location-de-velo-1160\/#article\",\"isPartOf\":{\"@id\":\"https:\/\/www.visiterarles.com\/en\/blog\/2014\/10\/20\/pour-touriste-arles-quartier-des-arenes-la-location-de-velo-1160\/\"},\"author\":{\"name\":\"Linkadm\",\"@id\":\"https:\/\/www.visiterarles.com\/en\/#\/schema\/person\/ba5912e4613018f479a2d86815a53576\"},\"headline\":\"Pour touriste Arles quartier des ar\u00e8nes : la location de v\u00e9lo\",\"datePublished\":\"2014-10-20T14:59:00+00:00\",\"dateModified\":\"2014-10-20T14:59:00+00:00\",\"mainEntityOfPage\":{\"@id\":\"https:\/\/www.visiterarles.com\/en\/blog\/2014\/10\/20\/pour-touriste-arles-quartier-des-arenes-la-location-de-velo-1160\/\"},\"wordCount\":239,\"commentCount\":0,\"publisher\":{\"@id\":\"https:\/\/www.visiterarles.com\/en\/#organization\"},\"articleSection\":[\"Informations\"],\"inLanguage\":\"en-GB\",\"potentialAction\":[{\"@type\":\"CommentAction\",\"name\":\"Comment\",\"target\":[\"https:\/\/www.visiterarles.com\/en\/blog\/2014\/10\/20\/pour-touriste-arles-quartier-des-arenes-la-location-de-velo-1160\/#respond\"]}]},{\"@type\":\"WebPage\",\"@id\":\"https:\/\/www.visiterarles.com\/en\/blog\/2014\/10\/20\/pour-touriste-arles-quartier-des-arenes-la-location-de-velo-1160\/\",\"url\":\"https:\/\/www.visiterarles.com\/en\/blog\/2014\/10\/20\/pour-touriste-arles-quartier-des-arenes-la-location-de-velo-1160\/\",\"name\":\"Pour touriste Arles quartier des ar\u00e8nes : la location de v\u00e9lo - Visiter Arles\",\"isPartOf\":{\"@id\":\"https:\/\/www.visiterarles.com\/en\/#website\"},\"datePublished\":\"2014-10-20T14:59:00+00:00\",\"dateModified\":\"2014-10-20T14:59:00+00:00\",\"breadcrumb\":{\"@id\":\"https:\/\/www.visiterarles.com\/en\/blog\/2014\/10\/20\/pour-touriste-arles-quartier-des-arenes-la-location-de-velo-1160\/#breadcrumb\"},\"inLanguage\":\"en-GB\",\"potentialAction\":[{\"@type\":\"ReadAction\",\"target\":[\"https:\/\/www.visiterarles.com\/en\/blog\/2014\/10\/20\/pour-touriste-arles-quartier-des-arenes-la-location-de-velo-1160\/\"]}]},{\"@type\":\"BreadcrumbList\",\"@id\":\"https:\/\/www.visiterarles.com\/en\/blog\/2014\/10\/20\/pour-touriste-arles-quartier-des-arenes-la-location-de-velo-1160\/#breadcrumb\",\"itemListElement\":[{\"@type\":\"ListItem\",\"position\":1,\"name\":\"Home\",\"item\":\"https:\/\/www.visiterarles.com\/\"},{\"@type\":\"ListItem\",\"position\":2,\"name\":\"Pour touriste Arles quartier des ar\u00e8nes : la location de v\u00e9lo\"}]},{\"@type\":\"WebSite\",\"@id\":\"https:\/\/www.visiterarles.com\/en\/#website\",\"url\":\"https:\/\/www.visiterarles.com\/en\/\",\"name\":\"Visiter Arles\",\"description\":\"Tourisme en Provence \u00e0 Arles\",\"publisher\":{\"@id\":\"https:\/\/www.visiterarles.com\/en\/#organization\"},\"potentialAction\":[{\"@type\":\"SearchAction\",\"target\":{\"@type\":\"EntryPoint\",\"urlTemplate\":\"https:\/\/www.visiterarles.com\/en\/?s={search_term_string}\"},\"query-input\":\"required name=search_term_string\"}],\"inLanguage\":\"en-GB\"},{\"@type\":\"Organization\",\"@id\":\"https:\/\/www.visiterarles.com\/en\/#organization\",\"name\":\"Visiter Arles\",\"url\":\"https:\/\/www.visiterarles.com\/en\/\",\"logo\":{\"@type\":\"ImageObject\",\"inLanguage\":\"en-GB\",\"@id\":\"https:\/\/www.visiterarles.com\/en\/#\/schema\/logo\/image\/\",\"url\":\"https:\/\/www.visiterarles.com\/wp-content\/uploads\/2017\/10\/taco-and-co-1-1.jpg\",\"contentUrl\":\"https:\/\/www.visiterarles.com\/wp-content\/uploads\/2017\/10\/taco-and-co-1-1.jpg\",\"width\":124,\"height\":73,\"caption\":\"Visiter Arles\"},\"image\":{\"@id\":\"https:\/\/www.visiterarles.com\/en\/#\/schema\/logo\/image\/\"}},{\"@type\":\"Person\",\"@id\":\"https:\/\/www.visiterarles.com\/en\/#\/schema\/person\/ba5912e4613018f479a2d86815a53576\",\"name\":\"Linkadm\",\"image\":{\"@type\":\"ImageObject\",\"inLanguage\":\"en-GB\",\"@id\":\"https:\/\/www.visiterarles.com\/en\/#\/schema\/person\/image\/\",\"url\":\"https:\/\/secure.gravatar.com\/avatar\/4709ec209921503e8d8cc96168eddc49?s=96&d=mm&r=g\",\"contentUrl\":\"https:\/\/secure.gravatar.com\/avatar\/4709ec209921503e8d8cc96168eddc49?s=96&d=mm&r=g\",\"caption\":\"Linkadm\"},\"url\":\"https:\/\/www.visiterarles.com\/en\/blog\/author\/admin\/\"}]}<\/script>\n<!-- \/ Yoast SEO plugin. -->","yoast_head_json":{"title":"Pour touriste Arles quartier des ar\u00e8nes : la location de v\u00e9lo - Visiter Arles","robots":{"index":"index","follow":"follow","max-snippet":"max-snippet:-1","max-image-preview":"max-image-preview:large","max-video-preview":"max-video-preview:-1"},"canonical":"https:\/\/www.visiterarles.com\/en\/blog\/2014\/10\/20\/pour-touriste-arles-quartier-des-arenes-la-location-de-velo-1160\/","twitter_misc":{"Written by":"Linkadm","Estimated reading time":"1 minute"},"schema":{"@context":"https:\/\/schema.org","@graph":[{"@type":"Article","@id":"https:\/\/www.visiterarles.com\/en\/blog\/2014\/10\/20\/pour-touriste-arles-quartier-des-arenes-la-location-de-velo-1160\/#article","isPartOf":{"@id":"https:\/\/www.visiterarles.com\/en\/blog\/2014\/10\/20\/pour-touriste-arles-quartier-des-arenes-la-location-de-velo-1160\/"},"author":{"name":"Linkadm","@id":"https:\/\/www.visiterarles.com\/en\/#\/schema\/person\/ba5912e4613018f479a2d86815a53576"},"headline":"Pour touriste Arles quartier des ar\u00e8nes : la location de v\u00e9lo","datePublished":"2014-10-20T14:59:00+00:00","dateModified":"2014-10-20T14:59:00+00:00","mainEntityOfPage":{"@id":"https:\/\/www.visiterarles.com\/en\/blog\/2014\/10\/20\/pour-touriste-arles-quartier-des-arenes-la-location-de-velo-1160\/"},"wordCount":239,"commentCount":0,"publisher":{"@id":"https:\/\/www.visiterarles.com\/en\/#organization"},"articleSection":["Informations"],"inLanguage":"en-GB","potentialAction":[{"@type":"CommentAction","name":"Comment","target":["https:\/\/www.visiterarles.com\/en\/blog\/2014\/10\/20\/pour-touriste-arles-quartier-des-arenes-la-location-de-velo-1160\/#respond"]}]},{"@type":"WebPage","@id":"https:\/\/www.visiterarles.com\/en\/blog\/2014\/10\/20\/pour-touriste-arles-quartier-des-arenes-la-location-de-velo-1160\/","url":"https:\/\/www.visiterarles.com\/en\/blog\/2014\/10\/20\/pour-touriste-arles-quartier-des-arenes-la-location-de-velo-1160\/","name":"Pour touriste Arles quartier des ar\u00e8nes : la location de v\u00e9lo - Visiter Arles","isPartOf":{"@id":"https:\/\/www.visiterarles.com\/en\/#website"},"datePublished":"2014-10-20T14:59:00+00:00","dateModified":"2014-10-20T14:59:00+00:00","breadcrumb":{"@id":"https:\/\/www.visiterarles.com\/en\/blog\/2014\/10\/20\/pour-touriste-arles-quartier-des-arenes-la-location-de-velo-1160\/#breadcrumb"},"inLanguage":"en-GB","potentialAction":[{"@type":"ReadAction","target":["https:\/\/www.visiterarles.com\/en\/blog\/2014\/10\/20\/pour-touriste-arles-quartier-des-arenes-la-location-de-velo-1160\/"]}]},{"@type":"BreadcrumbList","@id":"https:\/\/www.visiterarles.com\/en\/blog\/2014\/10\/20\/pour-touriste-arles-quartier-des-arenes-la-location-de-velo-1160\/#breadcrumb","itemListElement":[{"@type":"ListItem","position":1,"name":"Home","item":"https:\/\/www.visiterarles.com\/"},{"@type":"ListItem","position":2,"name":"Pour touriste Arles quartier des ar\u00e8nes : la location de v\u00e9lo"}]},{"@type":"WebSite","@id":"https:\/\/www.visiterarles.com\/en\/#website","url":"https:\/\/www.visiterarles.com\/en\/","name":"Visiter Arles","description":"Tourisme en Provence \u00e0 Arles","publisher":{"@id":"https:\/\/www.visiterarles.com\/en\/#organization"},"potentialAction":[{"@type":"SearchAction","target":{"@type":"EntryPoint","urlTemplate":"https:\/\/www.visiterarles.com\/en\/?s={search_term_string}"},"query-input":"required name=search_term_string"}],"inLanguage":"en-GB"},{"@type":"Organization","@id":"https:\/\/www.visiterarles.com\/en\/#organization","name":"Visiter Arles","url":"https:\/\/www.visiterarles.com\/en\/","logo":{"@type":"ImageObject","inLanguage":"en-GB","@id":"https:\/\/www.visiterarles.com\/en\/#\/schema\/logo\/image\/","url":"https:\/\/www.visiterarles.com\/wp-content\/uploads\/2017\/10\/taco-and-co-1-1.jpg","contentUrl":"https:\/\/www.visiterarles.com\/wp-content\/uploads\/2017\/10\/taco-and-co-1-1.jpg","width":124,"height":73,"caption":"Visiter Arles"},"image":{"@id":"https:\/\/www.visiterarles.com\/en\/#\/schema\/logo\/image\/"}},{"@type":"Person","@id":"https:\/\/www.visiterarles.com\/en\/#\/schema\/person\/ba5912e4613018f479a2d86815a53576","name":"Linkadm","image":{"@type":"ImageObject","inLanguage":"en-GB","@id":"https:\/\/www.visiterarles.com\/en\/#\/schema\/person\/image\/","url":"https:\/\/secure.gravatar.com\/avatar\/4709ec209921503e8d8cc96168eddc49?s=96&d=mm&r=g","contentUrl":"https:\/\/secure.gravatar.com\/avatar\/4709ec209921503e8d8cc96168eddc49?s=96&d=mm&r=g","caption":"Linkadm"},"url":"https:\/\/www.visiterarles.com\/en\/blog\/author\/admin\/"}]}},"_links":{"self":[{"href":"https:\/\/www.visiterarles.com\/en\/wp-json\/wp\/v2\/posts\/28062"}],"collection":[{"href":"https:\/\/www.visiterarles.com\/en\/wp-json\/wp\/v2\/posts"}],"about":[{"href":"https:\/\/www.visiterarles.com\/en\/wp-json\/wp\/v2\/types\/post"}],"author":[{"embeddable":true,"href":"https:\/\/www.visiterarles.com\/en\/wp-json\/wp\/v2\/users\/1"}],"replies":[{"embeddable":true,"href":"https:\/\/www.visiterarles.com\/en\/wp-json\/wp\/v2\/comments?post=28062"}],"version-history":[{"count":0,"href":"https:\/\/www.visiterarles.com\/en\/wp-json\/wp\/v2\/posts\/28062\/revisions"}],"wp:attachment":[{"href":"https:\/\/www.visiterarles.com\/en\/wp-json\/wp\/v2\/media?parent=28062"}],"wp:term":[{"taxonomy":"category","embeddable":true,"href":"https:\/\/www.visiterarles.com\/en\/wp-json\/wp\/v2\/categories?post=28062"},{"taxonomy":"post_tag","embeddable":true,"href":"https:\/\/www.visiterarles.com\/en\/wp-json\/wp\/v2\/tags?post=28062"}],"curies":[{"name":"wp","href":"https:\/\/api.w.org\/{rel}","templated":true}]}}