{"id":28078,"date":"2014-10-27T13:59:00","date_gmt":"2014-10-27T13:59:00","guid":{"rendered":"http:\/\/www.visiterarles.com\/bon-plan-la-location-de-velo-pas-chere-dans-arles-quartier-des-musees-789\/"},"modified":"2014-10-27T13:59:00","modified_gmt":"2014-10-27T13:59:00","slug":"bon-plan-la-location-de-velo-pas-chere-dans-arles-quartier-des-musees-789","status":"publish","type":"post","link":"https:\/\/www.visiterarles.com\/en\/blog\/2014\/10\/27\/bon-plan-la-location-de-velo-pas-chere-dans-arles-quartier-des-musees-789\/","title":{"rendered":"Bon plan : la location de v\u00e9lo pas ch\u00e8re dans Arles quartier des mus\u00e9es"},"content":{"rendered":"<h4>Location de v\u00e9lo pas ch\u00e8re : o\u00f9 d\u00e9nicher un interlocuteur fiable \u00e0 Arles quartier des mus\u00e9es<\/h4>\n<p>Les tours de la cavalerie, l&rsquo;ecomus\u00e9e du sel o\u00f9 alors la tour des mourgues, par l&rsquo;interm\u00e9diaire de notre location de v\u00e9lo pas ch\u00e8re Arles quartier des mus\u00e9es, sont des monuments que vous ne sauriez manquer dans cette commune magnifique. Pour permettre de jouir pleinement du meilleur de la culture, avec l&rsquo;impression d&rsquo;oeuvrer d\u2019une mani\u00e8re respectueuse de l\u2019environnement, une <a href=\"http:\/\/www.visiterarles.com\/en\/votre-location-de-velo-pas-chere-sur-arles-514\/\">location de v\u00e9lo pas ch\u00e8re Arles<\/a> quartier des mus\u00e9es vous aidera \u00e0 jouir pleinement de la vie.<\/p>\n<h4>Arles : trouver la location de v\u00e9lo pas ch\u00e8re, dont vous aviez besoin<\/h4>\n<p>D\u00e9couvrir le majestueux capital de la commune par l&rsquo;interm\u00e9diaire de la location de v\u00e9lo pas ch\u00e8re sur Arles peut \u00eatre une offre appropri\u00e9e pour toute personne qui le souhaite. Dans la gare sncf, une fois arriv\u00e9 \u00e0 la gare d&rsquo;Arles, il vous sera possible de solliciter notre location de v\u00e9lo. Pour les f\u00e9rus de tourisme, notre location de v\u00e9lo sur Arles, pas ch\u00e8re plaira aux aspirations de tous le monde, en toute logique.<\/p>","protected":false},"excerpt":{"rendered":"<p>Location de v\u00e9lo pas ch\u00e8re : o\u00f9 d\u00e9nicher un interlocuteur fiable \u00e0 Arles quartier des mus\u00e9es Les tours de la cavalerie, l&rsquo;ecomus\u00e9e du sel o\u00f9 alors la tour des mourgues, par l&rsquo;interm\u00e9diaire de notre location de v\u00e9lo pas ch\u00e8re Arles quartier des mus\u00e9es, sont des monuments que vous ne sauriez manquer dans cette commune magnifique. [&hellip;]<\/p>","protected":false},"author":1,"featured_media":0,"comment_status":"open","ping_status":"open","sticky":false,"template":"","format":"standard","meta":{"footnotes":""},"categories":[55],"tags":[],"aioseo_notices":[],"yoast_head":"<!-- This site is optimized with the Yoast SEO plugin v22.3 - https:\/\/yoast.com\/wordpress\/plugins\/seo\/ -->\n<title>Bon plan : la location de v\u00e9lo pas ch\u00e8re dans Arles quartier des mus\u00e9es - Visiter Arles<\/title>\n<meta name=\"robots\" content=\"index, follow, max-snippet:-1, max-image-preview:large, max-video-preview:-1\" \/>\n<link rel=\"canonical\" href=\"https:\/\/www.visiterarles.com\/en\/blog\/2014\/10\/27\/bon-plan-la-location-de-velo-pas-chere-dans-arles-quartier-des-musees-789\/\" \/>\n<meta name=\"twitter:label1\" content=\"Written by\" \/>\n\t<meta name=\"twitter:data1\" content=\"Linkadm\" \/>\n\t<meta name=\"twitter:label2\" content=\"Estimated reading time\" \/>\n\t<meta name=\"twitter:data2\" content=\"1 minute\" \/>\n<script type=\"application\/ld+json\" class=\"yoast-schema-graph\">{\"@context\":\"https:\/\/schema.org\",\"@graph\":[{\"@type\":\"Article\",\"@id\":\"https:\/\/www.visiterarles.com\/blog\/2014\/10\/27\/bon-plan-la-location-de-velo-pas-chere-dans-arles-quartier-des-musees-789\/#article\",\"isPartOf\":{\"@id\":\"https:\/\/www.visiterarles.com\/blog\/2014\/10\/27\/bon-plan-la-location-de-velo-pas-chere-dans-arles-quartier-des-musees-789\/\"},\"author\":{\"name\":\"Linkadm\",\"@id\":\"https:\/\/www.visiterarles.com\/en\/#\/schema\/person\/ba5912e4613018f479a2d86815a53576\"},\"headline\":\"Bon plan : la location de v\u00e9lo pas ch\u00e8re dans Arles quartier des mus\u00e9es\",\"datePublished\":\"2014-10-27T13:59:00+00:00\",\"dateModified\":\"2014-10-27T13:59:00+00:00\",\"mainEntityOfPage\":{\"@id\":\"https:\/\/www.visiterarles.com\/blog\/2014\/10\/27\/bon-plan-la-location-de-velo-pas-chere-dans-arles-quartier-des-musees-789\/\"},\"wordCount\":220,\"commentCount\":0,\"publisher\":{\"@id\":\"https:\/\/www.visiterarles.com\/en\/#organization\"},\"articleSection\":[\"Informations\"],\"inLanguage\":\"en-GB\",\"potentialAction\":[{\"@type\":\"CommentAction\",\"name\":\"Comment\",\"target\":[\"https:\/\/www.visiterarles.com\/blog\/2014\/10\/27\/bon-plan-la-location-de-velo-pas-chere-dans-arles-quartier-des-musees-789\/#respond\"]}]},{\"@type\":\"WebPage\",\"@id\":\"https:\/\/www.visiterarles.com\/blog\/2014\/10\/27\/bon-plan-la-location-de-velo-pas-chere-dans-arles-quartier-des-musees-789\/\",\"url\":\"https:\/\/www.visiterarles.com\/blog\/2014\/10\/27\/bon-plan-la-location-de-velo-pas-chere-dans-arles-quartier-des-musees-789\/\",\"name\":\"Bon plan : la location de v\u00e9lo pas ch\u00e8re dans Arles quartier des mus\u00e9es - Visiter Arles\",\"isPartOf\":{\"@id\":\"https:\/\/www.visiterarles.com\/en\/#website\"},\"datePublished\":\"2014-10-27T13:59:00+00:00\",\"dateModified\":\"2014-10-27T13:59:00+00:00\",\"breadcrumb\":{\"@id\":\"https:\/\/www.visiterarles.com\/blog\/2014\/10\/27\/bon-plan-la-location-de-velo-pas-chere-dans-arles-quartier-des-musees-789\/#breadcrumb\"},\"inLanguage\":\"en-GB\",\"potentialAction\":[{\"@type\":\"ReadAction\",\"target\":[\"https:\/\/www.visiterarles.com\/blog\/2014\/10\/27\/bon-plan-la-location-de-velo-pas-chere-dans-arles-quartier-des-musees-789\/\"]}]},{\"@type\":\"BreadcrumbList\",\"@id\":\"https:\/\/www.visiterarles.com\/blog\/2014\/10\/27\/bon-plan-la-location-de-velo-pas-chere-dans-arles-quartier-des-musees-789\/#breadcrumb\",\"itemListElement\":[{\"@type\":\"ListItem\",\"position\":1,\"name\":\"Home\",\"item\":\"https:\/\/www.visiterarles.com\/\"},{\"@type\":\"ListItem\",\"position\":2,\"name\":\"Bon plan : la location de v\u00e9lo pas ch\u00e8re dans Arles quartier des mus\u00e9es\"}]},{\"@type\":\"WebSite\",\"@id\":\"https:\/\/www.visiterarles.com\/en\/#website\",\"url\":\"https:\/\/www.visiterarles.com\/en\/\",\"name\":\"Visiter Arles\",\"description\":\"Tourisme en Provence \u00e0 Arles\",\"publisher\":{\"@id\":\"https:\/\/www.visiterarles.com\/en\/#organization\"},\"potentialAction\":[{\"@type\":\"SearchAction\",\"target\":{\"@type\":\"EntryPoint\",\"urlTemplate\":\"https:\/\/www.visiterarles.com\/en\/?s={search_term_string}\"},\"query-input\":\"required name=search_term_string\"}],\"inLanguage\":\"en-GB\"},{\"@type\":\"Organization\",\"@id\":\"https:\/\/www.visiterarles.com\/en\/#organization\",\"name\":\"Visiter Arles\",\"url\":\"https:\/\/www.visiterarles.com\/en\/\",\"logo\":{\"@type\":\"ImageObject\",\"inLanguage\":\"en-GB\",\"@id\":\"https:\/\/www.visiterarles.com\/en\/#\/schema\/logo\/image\/\",\"url\":\"https:\/\/www.visiterarles.com\/wp-content\/uploads\/2017\/10\/taco-and-co-1-1.jpg\",\"contentUrl\":\"https:\/\/www.visiterarles.com\/wp-content\/uploads\/2017\/10\/taco-and-co-1-1.jpg\",\"width\":124,\"height\":73,\"caption\":\"Visiter Arles\"},\"image\":{\"@id\":\"https:\/\/www.visiterarles.com\/en\/#\/schema\/logo\/image\/\"}},{\"@type\":\"Person\",\"@id\":\"https:\/\/www.visiterarles.com\/en\/#\/schema\/person\/ba5912e4613018f479a2d86815a53576\",\"name\":\"Linkadm\",\"image\":{\"@type\":\"ImageObject\",\"inLanguage\":\"en-GB\",\"@id\":\"https:\/\/www.visiterarles.com\/en\/#\/schema\/person\/image\/\",\"url\":\"https:\/\/secure.gravatar.com\/avatar\/4709ec209921503e8d8cc96168eddc49?s=96&d=mm&r=g\",\"contentUrl\":\"https:\/\/secure.gravatar.com\/avatar\/4709ec209921503e8d8cc96168eddc49?s=96&d=mm&r=g\",\"caption\":\"Linkadm\"},\"url\":\"https:\/\/www.visiterarles.com\/en\/blog\/author\/admin\/\"}]}<\/script>\n<!-- \/ Yoast SEO plugin. -->","yoast_head_json":{"title":"Bon plan : la location de v\u00e9lo pas ch\u00e8re dans Arles quartier des mus\u00e9es - Visiter Arles","robots":{"index":"index","follow":"follow","max-snippet":"max-snippet:-1","max-image-preview":"max-image-preview:large","max-video-preview":"max-video-preview:-1"},"canonical":"https:\/\/www.visiterarles.com\/en\/blog\/2014\/10\/27\/bon-plan-la-location-de-velo-pas-chere-dans-arles-quartier-des-musees-789\/","twitter_misc":{"Written by":"Linkadm","Estimated reading time":"1 minute"},"schema":{"@context":"https:\/\/schema.org","@graph":[{"@type":"Article","@id":"https:\/\/www.visiterarles.com\/blog\/2014\/10\/27\/bon-plan-la-location-de-velo-pas-chere-dans-arles-quartier-des-musees-789\/#article","isPartOf":{"@id":"https:\/\/www.visiterarles.com\/blog\/2014\/10\/27\/bon-plan-la-location-de-velo-pas-chere-dans-arles-quartier-des-musees-789\/"},"author":{"name":"Linkadm","@id":"https:\/\/www.visiterarles.com\/en\/#\/schema\/person\/ba5912e4613018f479a2d86815a53576"},"headline":"Bon plan : la location de v\u00e9lo pas ch\u00e8re dans Arles quartier des mus\u00e9es","datePublished":"2014-10-27T13:59:00+00:00","dateModified":"2014-10-27T13:59:00+00:00","mainEntityOfPage":{"@id":"https:\/\/www.visiterarles.com\/blog\/2014\/10\/27\/bon-plan-la-location-de-velo-pas-chere-dans-arles-quartier-des-musees-789\/"},"wordCount":220,"commentCount":0,"publisher":{"@id":"https:\/\/www.visiterarles.com\/en\/#organization"},"articleSection":["Informations"],"inLanguage":"en-GB","potentialAction":[{"@type":"CommentAction","name":"Comment","target":["https:\/\/www.visiterarles.com\/blog\/2014\/10\/27\/bon-plan-la-location-de-velo-pas-chere-dans-arles-quartier-des-musees-789\/#respond"]}]},{"@type":"WebPage","@id":"https:\/\/www.visiterarles.com\/blog\/2014\/10\/27\/bon-plan-la-location-de-velo-pas-chere-dans-arles-quartier-des-musees-789\/","url":"https:\/\/www.visiterarles.com\/blog\/2014\/10\/27\/bon-plan-la-location-de-velo-pas-chere-dans-arles-quartier-des-musees-789\/","name":"Bon plan : la location de v\u00e9lo pas ch\u00e8re dans Arles quartier des mus\u00e9es - Visiter Arles","isPartOf":{"@id":"https:\/\/www.visiterarles.com\/en\/#website"},"datePublished":"2014-10-27T13:59:00+00:00","dateModified":"2014-10-27T13:59:00+00:00","breadcrumb":{"@id":"https:\/\/www.visiterarles.com\/blog\/2014\/10\/27\/bon-plan-la-location-de-velo-pas-chere-dans-arles-quartier-des-musees-789\/#breadcrumb"},"inLanguage":"en-GB","potentialAction":[{"@type":"ReadAction","target":["https:\/\/www.visiterarles.com\/blog\/2014\/10\/27\/bon-plan-la-location-de-velo-pas-chere-dans-arles-quartier-des-musees-789\/"]}]},{"@type":"BreadcrumbList","@id":"https:\/\/www.visiterarles.com\/blog\/2014\/10\/27\/bon-plan-la-location-de-velo-pas-chere-dans-arles-quartier-des-musees-789\/#breadcrumb","itemListElement":[{"@type":"ListItem","position":1,"name":"Home","item":"https:\/\/www.visiterarles.com\/"},{"@type":"ListItem","position":2,"name":"Bon plan : la location de v\u00e9lo pas ch\u00e8re dans Arles quartier des mus\u00e9es"}]},{"@type":"WebSite","@id":"https:\/\/www.visiterarles.com\/en\/#website","url":"https:\/\/www.visiterarles.com\/en\/","name":"Visiter Arles","description":"Tourisme en Provence \u00e0 Arles","publisher":{"@id":"https:\/\/www.visiterarles.com\/en\/#organization"},"potentialAction":[{"@type":"SearchAction","target":{"@type":"EntryPoint","urlTemplate":"https:\/\/www.visiterarles.com\/en\/?s={search_term_string}"},"query-input":"required name=search_term_string"}],"inLanguage":"en-GB"},{"@type":"Organization","@id":"https:\/\/www.visiterarles.com\/en\/#organization","name":"Visiter Arles","url":"https:\/\/www.visiterarles.com\/en\/","logo":{"@type":"ImageObject","inLanguage":"en-GB","@id":"https:\/\/www.visiterarles.com\/en\/#\/schema\/logo\/image\/","url":"https:\/\/www.visiterarles.com\/wp-content\/uploads\/2017\/10\/taco-and-co-1-1.jpg","contentUrl":"https:\/\/www.visiterarles.com\/wp-content\/uploads\/2017\/10\/taco-and-co-1-1.jpg","width":124,"height":73,"caption":"Visiter Arles"},"image":{"@id":"https:\/\/www.visiterarles.com\/en\/#\/schema\/logo\/image\/"}},{"@type":"Person","@id":"https:\/\/www.visiterarles.com\/en\/#\/schema\/person\/ba5912e4613018f479a2d86815a53576","name":"Linkadm","image":{"@type":"ImageObject","inLanguage":"en-GB","@id":"https:\/\/www.visiterarles.com\/en\/#\/schema\/person\/image\/","url":"https:\/\/secure.gravatar.com\/avatar\/4709ec209921503e8d8cc96168eddc49?s=96&d=mm&r=g","contentUrl":"https:\/\/secure.gravatar.com\/avatar\/4709ec209921503e8d8cc96168eddc49?s=96&d=mm&r=g","caption":"Linkadm"},"url":"https:\/\/www.visiterarles.com\/en\/blog\/author\/admin\/"}]}},"_links":{"self":[{"href":"https:\/\/www.visiterarles.com\/en\/wp-json\/wp\/v2\/posts\/28078"}],"collection":[{"href":"https:\/\/www.visiterarles.com\/en\/wp-json\/wp\/v2\/posts"}],"about":[{"href":"https:\/\/www.visiterarles.com\/en\/wp-json\/wp\/v2\/types\/post"}],"author":[{"embeddable":true,"href":"https:\/\/www.visiterarles.com\/en\/wp-json\/wp\/v2\/users\/1"}],"replies":[{"embeddable":true,"href":"https:\/\/www.visiterarles.com\/en\/wp-json\/wp\/v2\/comments?post=28078"}],"version-history":[{"count":0,"href":"https:\/\/www.visiterarles.com\/en\/wp-json\/wp\/v2\/posts\/28078\/revisions"}],"wp:attachment":[{"href":"https:\/\/www.visiterarles.com\/en\/wp-json\/wp\/v2\/media?parent=28078"}],"wp:term":[{"taxonomy":"category","embeddable":true,"href":"https:\/\/www.visiterarles.com\/en\/wp-json\/wp\/v2\/categories?post=28078"},{"taxonomy":"post_tag","embeddable":true,"href":"https:\/\/www.visiterarles.com\/en\/wp-json\/wp\/v2\/tags?post=28078"}],"curies":[{"name":"wp","href":"https:\/\/api.w.org\/{rel}","templated":true}]}}