{"id":28084,"date":"2014-10-29T12:04:00","date_gmt":"2014-10-29T12:04:00","guid":{"rendered":"http:\/\/www.visiterarles.com\/velo-taco-a-arles-meja-selectionner-une-location-de-velo-pas-chere-399\/"},"modified":"2014-10-29T12:04:00","modified_gmt":"2014-10-29T12:04:00","slug":"velo-taco-a-arles-meja-selectionner-une-location-de-velo-pas-chere-399","status":"publish","type":"post","link":"https:\/\/www.visiterarles.com\/en\/blog\/2014\/10\/29\/velo-taco-a-arles-meja-selectionner-une-location-de-velo-pas-chere-399\/","title":{"rendered":"V\u00e9lo Taco \u00e0 Arles Meja : s\u00e9lectionner une location de v\u00e9lo pas ch\u00e8re"},"content":{"rendered":"<h4>Opter pour une location de v\u00e9lo, s\u00e9rieuse, pas ch\u00e8re dans Arles Meja<\/h4>\n<p>Les beaux endroits ne manquent pas, ainsi, une location de v\u00e9lo pas ch\u00e8re Arles Meja vous apportera la facult\u00e9 de profiter pleinement des thermes de constantin, du mus\u00e9e du riz o\u00f9 bien de la tour des mourgues. Taco  and  co, de mani\u00e8re \u00e0 vous faire profiter pleinement de l&rsquo;existence, va tout faire pour vous montrer, avec l&rsquo;impression d&rsquo;oeuvrer de mani\u00e8re \u00e9cologique, la d\u00e9couverte culturelle riche de cette commune extraordinaire, par le biais d\u2019une <a href=\"http:\/\/www.visiterarles.com\/en\/votre-location-de-velo-pas-chere-sur-arles-514\/\">location de v\u00e9lo pas ch\u00e8re Arles<\/a> Meja.<\/p>\n<h4>Arles : une option \u00e9cologique : la location de v\u00e9lo pas ch\u00e8re<\/h4>\n<p>Faire la visite du ravissant capital de la commune par le biais de notre location de v\u00e9lo pas ch\u00e8re \u00e0 Arles peut s&rsquo;av\u00e9rer \u00eatre une alternative cl\u00e9s en main appropri\u00e9e pour qui en a envie. Au cas o\u00f9 vous vous trouviez au sein d\u2019Arles, vous pourrez profiter pleinement d\u2019une agr\u00e9able location de v\u00e9lo sereinement. Une location de v\u00e9lo sur Arles, pas ch\u00e8re peut s&rsquo;av\u00e9rer \u00eatre une alternative cl\u00e9s en main qui conviendra \u00e0 tous ainsi qu\u2019aux plus passionn\u00e9s.<\/p>","protected":false},"excerpt":{"rendered":"<p>Opter pour une location de v\u00e9lo, s\u00e9rieuse, pas ch\u00e8re dans Arles Meja Les beaux endroits ne manquent pas, ainsi, une location de v\u00e9lo pas ch\u00e8re Arles Meja vous apportera la facult\u00e9 de profiter pleinement des thermes de constantin, du mus\u00e9e du riz o\u00f9 bien de la tour des mourgues. Taco and co, de mani\u00e8re \u00e0 [&hellip;]<\/p>","protected":false},"author":1,"featured_media":0,"comment_status":"open","ping_status":"open","sticky":false,"template":"","format":"standard","meta":{"footnotes":""},"categories":[55],"tags":[],"aioseo_notices":[],"yoast_head":"<!-- This site is optimized with the Yoast SEO plugin v22.3 - https:\/\/yoast.com\/wordpress\/plugins\/seo\/ -->\n<title>V\u00e9lo Taco \u00e0 Arles Meja : s\u00e9lectionner une location de v\u00e9lo pas ch\u00e8re - Visiter Arles<\/title>\n<meta name=\"robots\" content=\"index, follow, max-snippet:-1, max-image-preview:large, max-video-preview:-1\" \/>\n<link rel=\"canonical\" href=\"https:\/\/www.visiterarles.com\/en\/blog\/2014\/10\/29\/velo-taco-a-arles-meja-selectionner-une-location-de-velo-pas-chere-399\/\" \/>\n<meta name=\"twitter:label1\" content=\"Written by\" \/>\n\t<meta name=\"twitter:data1\" content=\"Linkadm\" \/>\n\t<meta name=\"twitter:label2\" content=\"Estimated reading time\" \/>\n\t<meta name=\"twitter:data2\" content=\"1 minute\" \/>\n<script type=\"application\/ld+json\" class=\"yoast-schema-graph\">{\"@context\":\"https:\/\/schema.org\",\"@graph\":[{\"@type\":\"Article\",\"@id\":\"https:\/\/www.visiterarles.com\/blog\/2014\/10\/29\/velo-taco-a-arles-meja-selectionner-une-location-de-velo-pas-chere-399\/#article\",\"isPartOf\":{\"@id\":\"https:\/\/www.visiterarles.com\/blog\/2014\/10\/29\/velo-taco-a-arles-meja-selectionner-une-location-de-velo-pas-chere-399\/\"},\"author\":{\"name\":\"Linkadm\",\"@id\":\"https:\/\/www.visiterarles.com\/en\/#\/schema\/person\/ba5912e4613018f479a2d86815a53576\"},\"headline\":\"V\u00e9lo Taco \u00e0 Arles Meja : s\u00e9lectionner une location de v\u00e9lo pas ch\u00e8re\",\"datePublished\":\"2014-10-29T12:04:00+00:00\",\"dateModified\":\"2014-10-29T12:04:00+00:00\",\"mainEntityOfPage\":{\"@id\":\"https:\/\/www.visiterarles.com\/blog\/2014\/10\/29\/velo-taco-a-arles-meja-selectionner-une-location-de-velo-pas-chere-399\/\"},\"wordCount\":226,\"commentCount\":0,\"publisher\":{\"@id\":\"https:\/\/www.visiterarles.com\/en\/#organization\"},\"articleSection\":[\"Informations\"],\"inLanguage\":\"en-GB\",\"potentialAction\":[{\"@type\":\"CommentAction\",\"name\":\"Comment\",\"target\":[\"https:\/\/www.visiterarles.com\/blog\/2014\/10\/29\/velo-taco-a-arles-meja-selectionner-une-location-de-velo-pas-chere-399\/#respond\"]}]},{\"@type\":\"WebPage\",\"@id\":\"https:\/\/www.visiterarles.com\/blog\/2014\/10\/29\/velo-taco-a-arles-meja-selectionner-une-location-de-velo-pas-chere-399\/\",\"url\":\"https:\/\/www.visiterarles.com\/blog\/2014\/10\/29\/velo-taco-a-arles-meja-selectionner-une-location-de-velo-pas-chere-399\/\",\"name\":\"V\u00e9lo Taco \u00e0 Arles Meja : s\u00e9lectionner une location de v\u00e9lo pas ch\u00e8re - Visiter Arles\",\"isPartOf\":{\"@id\":\"https:\/\/www.visiterarles.com\/en\/#website\"},\"datePublished\":\"2014-10-29T12:04:00+00:00\",\"dateModified\":\"2014-10-29T12:04:00+00:00\",\"breadcrumb\":{\"@id\":\"https:\/\/www.visiterarles.com\/blog\/2014\/10\/29\/velo-taco-a-arles-meja-selectionner-une-location-de-velo-pas-chere-399\/#breadcrumb\"},\"inLanguage\":\"en-GB\",\"potentialAction\":[{\"@type\":\"ReadAction\",\"target\":[\"https:\/\/www.visiterarles.com\/blog\/2014\/10\/29\/velo-taco-a-arles-meja-selectionner-une-location-de-velo-pas-chere-399\/\"]}]},{\"@type\":\"BreadcrumbList\",\"@id\":\"https:\/\/www.visiterarles.com\/blog\/2014\/10\/29\/velo-taco-a-arles-meja-selectionner-une-location-de-velo-pas-chere-399\/#breadcrumb\",\"itemListElement\":[{\"@type\":\"ListItem\",\"position\":1,\"name\":\"Home\",\"item\":\"https:\/\/www.visiterarles.com\/\"},{\"@type\":\"ListItem\",\"position\":2,\"name\":\"V\u00e9lo Taco \u00e0 Arles Meja : s\u00e9lectionner une location de v\u00e9lo pas ch\u00e8re\"}]},{\"@type\":\"WebSite\",\"@id\":\"https:\/\/www.visiterarles.com\/en\/#website\",\"url\":\"https:\/\/www.visiterarles.com\/en\/\",\"name\":\"Visiter Arles\",\"description\":\"Tourisme en Provence \u00e0 Arles\",\"publisher\":{\"@id\":\"https:\/\/www.visiterarles.com\/en\/#organization\"},\"potentialAction\":[{\"@type\":\"SearchAction\",\"target\":{\"@type\":\"EntryPoint\",\"urlTemplate\":\"https:\/\/www.visiterarles.com\/en\/?s={search_term_string}\"},\"query-input\":\"required name=search_term_string\"}],\"inLanguage\":\"en-GB\"},{\"@type\":\"Organization\",\"@id\":\"https:\/\/www.visiterarles.com\/en\/#organization\",\"name\":\"Visiter Arles\",\"url\":\"https:\/\/www.visiterarles.com\/en\/\",\"logo\":{\"@type\":\"ImageObject\",\"inLanguage\":\"en-GB\",\"@id\":\"https:\/\/www.visiterarles.com\/en\/#\/schema\/logo\/image\/\",\"url\":\"https:\/\/www.visiterarles.com\/wp-content\/uploads\/2017\/10\/taco-and-co-1-1.jpg\",\"contentUrl\":\"https:\/\/www.visiterarles.com\/wp-content\/uploads\/2017\/10\/taco-and-co-1-1.jpg\",\"width\":124,\"height\":73,\"caption\":\"Visiter Arles\"},\"image\":{\"@id\":\"https:\/\/www.visiterarles.com\/en\/#\/schema\/logo\/image\/\"}},{\"@type\":\"Person\",\"@id\":\"https:\/\/www.visiterarles.com\/en\/#\/schema\/person\/ba5912e4613018f479a2d86815a53576\",\"name\":\"Linkadm\",\"image\":{\"@type\":\"ImageObject\",\"inLanguage\":\"en-GB\",\"@id\":\"https:\/\/www.visiterarles.com\/en\/#\/schema\/person\/image\/\",\"url\":\"https:\/\/secure.gravatar.com\/avatar\/4709ec209921503e8d8cc96168eddc49?s=96&d=mm&r=g\",\"contentUrl\":\"https:\/\/secure.gravatar.com\/avatar\/4709ec209921503e8d8cc96168eddc49?s=96&d=mm&r=g\",\"caption\":\"Linkadm\"},\"url\":\"https:\/\/www.visiterarles.com\/en\/blog\/author\/admin\/\"}]}<\/script>\n<!-- \/ Yoast SEO plugin. -->","yoast_head_json":{"title":"V\u00e9lo Taco \u00e0 Arles Meja : s\u00e9lectionner une location de v\u00e9lo pas ch\u00e8re - Visiter Arles","robots":{"index":"index","follow":"follow","max-snippet":"max-snippet:-1","max-image-preview":"max-image-preview:large","max-video-preview":"max-video-preview:-1"},"canonical":"https:\/\/www.visiterarles.com\/en\/blog\/2014\/10\/29\/velo-taco-a-arles-meja-selectionner-une-location-de-velo-pas-chere-399\/","twitter_misc":{"Written by":"Linkadm","Estimated reading time":"1 minute"},"schema":{"@context":"https:\/\/schema.org","@graph":[{"@type":"Article","@id":"https:\/\/www.visiterarles.com\/blog\/2014\/10\/29\/velo-taco-a-arles-meja-selectionner-une-location-de-velo-pas-chere-399\/#article","isPartOf":{"@id":"https:\/\/www.visiterarles.com\/blog\/2014\/10\/29\/velo-taco-a-arles-meja-selectionner-une-location-de-velo-pas-chere-399\/"},"author":{"name":"Linkadm","@id":"https:\/\/www.visiterarles.com\/en\/#\/schema\/person\/ba5912e4613018f479a2d86815a53576"},"headline":"V\u00e9lo Taco \u00e0 Arles Meja : s\u00e9lectionner une location de v\u00e9lo pas ch\u00e8re","datePublished":"2014-10-29T12:04:00+00:00","dateModified":"2014-10-29T12:04:00+00:00","mainEntityOfPage":{"@id":"https:\/\/www.visiterarles.com\/blog\/2014\/10\/29\/velo-taco-a-arles-meja-selectionner-une-location-de-velo-pas-chere-399\/"},"wordCount":226,"commentCount":0,"publisher":{"@id":"https:\/\/www.visiterarles.com\/en\/#organization"},"articleSection":["Informations"],"inLanguage":"en-GB","potentialAction":[{"@type":"CommentAction","name":"Comment","target":["https:\/\/www.visiterarles.com\/blog\/2014\/10\/29\/velo-taco-a-arles-meja-selectionner-une-location-de-velo-pas-chere-399\/#respond"]}]},{"@type":"WebPage","@id":"https:\/\/www.visiterarles.com\/blog\/2014\/10\/29\/velo-taco-a-arles-meja-selectionner-une-location-de-velo-pas-chere-399\/","url":"https:\/\/www.visiterarles.com\/blog\/2014\/10\/29\/velo-taco-a-arles-meja-selectionner-une-location-de-velo-pas-chere-399\/","name":"V\u00e9lo Taco \u00e0 Arles Meja : s\u00e9lectionner une location de v\u00e9lo pas ch\u00e8re - Visiter Arles","isPartOf":{"@id":"https:\/\/www.visiterarles.com\/en\/#website"},"datePublished":"2014-10-29T12:04:00+00:00","dateModified":"2014-10-29T12:04:00+00:00","breadcrumb":{"@id":"https:\/\/www.visiterarles.com\/blog\/2014\/10\/29\/velo-taco-a-arles-meja-selectionner-une-location-de-velo-pas-chere-399\/#breadcrumb"},"inLanguage":"en-GB","potentialAction":[{"@type":"ReadAction","target":["https:\/\/www.visiterarles.com\/blog\/2014\/10\/29\/velo-taco-a-arles-meja-selectionner-une-location-de-velo-pas-chere-399\/"]}]},{"@type":"BreadcrumbList","@id":"https:\/\/www.visiterarles.com\/blog\/2014\/10\/29\/velo-taco-a-arles-meja-selectionner-une-location-de-velo-pas-chere-399\/#breadcrumb","itemListElement":[{"@type":"ListItem","position":1,"name":"Home","item":"https:\/\/www.visiterarles.com\/"},{"@type":"ListItem","position":2,"name":"V\u00e9lo Taco \u00e0 Arles Meja : s\u00e9lectionner une location de v\u00e9lo pas ch\u00e8re"}]},{"@type":"WebSite","@id":"https:\/\/www.visiterarles.com\/en\/#website","url":"https:\/\/www.visiterarles.com\/en\/","name":"Visiter Arles","description":"Tourisme en Provence \u00e0 Arles","publisher":{"@id":"https:\/\/www.visiterarles.com\/en\/#organization"},"potentialAction":[{"@type":"SearchAction","target":{"@type":"EntryPoint","urlTemplate":"https:\/\/www.visiterarles.com\/en\/?s={search_term_string}"},"query-input":"required name=search_term_string"}],"inLanguage":"en-GB"},{"@type":"Organization","@id":"https:\/\/www.visiterarles.com\/en\/#organization","name":"Visiter Arles","url":"https:\/\/www.visiterarles.com\/en\/","logo":{"@type":"ImageObject","inLanguage":"en-GB","@id":"https:\/\/www.visiterarles.com\/en\/#\/schema\/logo\/image\/","url":"https:\/\/www.visiterarles.com\/wp-content\/uploads\/2017\/10\/taco-and-co-1-1.jpg","contentUrl":"https:\/\/www.visiterarles.com\/wp-content\/uploads\/2017\/10\/taco-and-co-1-1.jpg","width":124,"height":73,"caption":"Visiter Arles"},"image":{"@id":"https:\/\/www.visiterarles.com\/en\/#\/schema\/logo\/image\/"}},{"@type":"Person","@id":"https:\/\/www.visiterarles.com\/en\/#\/schema\/person\/ba5912e4613018f479a2d86815a53576","name":"Linkadm","image":{"@type":"ImageObject","inLanguage":"en-GB","@id":"https:\/\/www.visiterarles.com\/en\/#\/schema\/person\/image\/","url":"https:\/\/secure.gravatar.com\/avatar\/4709ec209921503e8d8cc96168eddc49?s=96&d=mm&r=g","contentUrl":"https:\/\/secure.gravatar.com\/avatar\/4709ec209921503e8d8cc96168eddc49?s=96&d=mm&r=g","caption":"Linkadm"},"url":"https:\/\/www.visiterarles.com\/en\/blog\/author\/admin\/"}]}},"_links":{"self":[{"href":"https:\/\/www.visiterarles.com\/en\/wp-json\/wp\/v2\/posts\/28084"}],"collection":[{"href":"https:\/\/www.visiterarles.com\/en\/wp-json\/wp\/v2\/posts"}],"about":[{"href":"https:\/\/www.visiterarles.com\/en\/wp-json\/wp\/v2\/types\/post"}],"author":[{"embeddable":true,"href":"https:\/\/www.visiterarles.com\/en\/wp-json\/wp\/v2\/users\/1"}],"replies":[{"embeddable":true,"href":"https:\/\/www.visiterarles.com\/en\/wp-json\/wp\/v2\/comments?post=28084"}],"version-history":[{"count":0,"href":"https:\/\/www.visiterarles.com\/en\/wp-json\/wp\/v2\/posts\/28084\/revisions"}],"wp:attachment":[{"href":"https:\/\/www.visiterarles.com\/en\/wp-json\/wp\/v2\/media?parent=28084"}],"wp:term":[{"taxonomy":"category","embeddable":true,"href":"https:\/\/www.visiterarles.com\/en\/wp-json\/wp\/v2\/categories?post=28084"},{"taxonomy":"post_tag","embeddable":true,"href":"https:\/\/www.visiterarles.com\/en\/wp-json\/wp\/v2\/tags?post=28084"}],"curies":[{"name":"wp","href":"https:\/\/api.w.org\/{rel}","templated":true}]}}