{"id":28085,"date":"2014-10-29T16:46:00","date_gmt":"2014-10-29T16:46:00","guid":{"rendered":"http:\/\/www.visiterarles.com\/bon-plan-la-location-de-velo-pas-chere-a-arles-les-alyscs-318\/"},"modified":"2014-10-29T16:46:00","modified_gmt":"2014-10-29T16:46:00","slug":"bon-plan-la-location-de-velo-pas-chere-a-arles-les-alyscs-318","status":"publish","type":"post","link":"https:\/\/www.visiterarles.com\/en\/blog\/2014\/10\/29\/bon-plan-la-location-de-velo-pas-chere-a-arles-les-alyscs-318\/","title":{"rendered":"Bon plan : la location de v\u00e9lo pas ch\u00e8re \u00e0 Arles les Alyscamps"},"content":{"rendered":"<h4>Location de v\u00e9lo pas ch\u00e8re : o\u00f9 d\u00e9goter un organisme fiable \u00e0 Arles les Alyscamps<\/h4>\n<p>Les hauts lieux sont pl\u00e9thoriques, ainsi, notre location de v\u00e9lo pas ch\u00e8re sur Arles les Alyscamps vous donnera la possibilit\u00e9 de jouir pleinement des anciens ateliers sncf, du mus\u00e9e du riz o\u00f9 alors de la tour des mourgues. Pour vous aider pour jouir pleinement du meilleur de la culture, avec l&rsquo;impression d&rsquo;\u0153uvrer de mani\u00e8re respectueuse de l\u2019environnement, notre location de v\u00e9lo pas ch\u00e8re sur Arles les Alyscamps vous aidera \u00e0 profiter de l&rsquo;existence.<\/p>\n<h4>Pas ch\u00e8re au sein d&rsquo;Arles : pour quelles raisons s\u00e9lectionner notre location de v\u00e9lo<\/h4>\n<p>Prendre connaissance du majestueux patrimoine de la ville par l&rsquo;interm\u00e9diaire de la location de v\u00e9lo pas ch\u00e8re sur Arles peut para\u00eetre une offre appropri\u00e9e pour qui en a envie. Dans la station, une fois arriv\u00e9 en gare d&rsquo;Arles, vous pourrez solliciter notre location de v\u00e9lo. Concernant les amateurs de d\u00e9couvertes, notre <a href=\"http:\/\/www.visiterarles.com\/en\/votre-location-de-velo-pas-chere-sur-arles-514\/\">location de v\u00e9lo sur Arles<\/a>, pas ch\u00e8re plaira aux attentes de tous, c\u2019est s\u00fbr.<\/p>","protected":false},"excerpt":{"rendered":"<p>Location de v\u00e9lo pas ch\u00e8re : o\u00f9 d\u00e9goter un organisme fiable \u00e0 Arles les Alyscamps Les hauts lieux sont pl\u00e9thoriques, ainsi, notre location de v\u00e9lo pas ch\u00e8re sur Arles les Alyscamps vous donnera la possibilit\u00e9 de jouir pleinement des anciens ateliers sncf, du mus\u00e9e du riz o\u00f9 alors de la tour des mourgues. Pour vous [&hellip;]<\/p>","protected":false},"author":1,"featured_media":0,"comment_status":"open","ping_status":"open","sticky":false,"template":"","format":"standard","meta":{"footnotes":""},"categories":[55],"tags":[],"aioseo_notices":[],"yoast_head":"<!-- This site is optimized with the Yoast SEO plugin v22.3 - https:\/\/yoast.com\/wordpress\/plugins\/seo\/ -->\n<title>Bon plan : la location de v\u00e9lo pas ch\u00e8re \u00e0 Arles les Alyscamps - Visiter Arles<\/title>\n<meta name=\"robots\" content=\"index, follow, max-snippet:-1, max-image-preview:large, max-video-preview:-1\" \/>\n<link rel=\"canonical\" href=\"https:\/\/www.visiterarles.com\/en\/blog\/2014\/10\/29\/bon-plan-la-location-de-velo-pas-chere-a-arles-les-alyscs-318\/\" \/>\n<meta name=\"twitter:label1\" content=\"Written by\" \/>\n\t<meta name=\"twitter:data1\" content=\"Linkadm\" \/>\n\t<meta name=\"twitter:label2\" content=\"Estimated reading time\" \/>\n\t<meta name=\"twitter:data2\" content=\"1 minute\" \/>\n<script type=\"application\/ld+json\" class=\"yoast-schema-graph\">{\"@context\":\"https:\/\/schema.org\",\"@graph\":[{\"@type\":\"Article\",\"@id\":\"https:\/\/www.visiterarles.com\/blog\/2014\/10\/29\/bon-plan-la-location-de-velo-pas-chere-a-arles-les-alyscs-318\/#article\",\"isPartOf\":{\"@id\":\"https:\/\/www.visiterarles.com\/blog\/2014\/10\/29\/bon-plan-la-location-de-velo-pas-chere-a-arles-les-alyscs-318\/\"},\"author\":{\"name\":\"Linkadm\",\"@id\":\"https:\/\/www.visiterarles.com\/en\/#\/schema\/person\/ba5912e4613018f479a2d86815a53576\"},\"headline\":\"Bon plan : la location de v\u00e9lo pas ch\u00e8re \u00e0 Arles les Alyscamps\",\"datePublished\":\"2014-10-29T16:46:00+00:00\",\"dateModified\":\"2014-10-29T16:46:00+00:00\",\"mainEntityOfPage\":{\"@id\":\"https:\/\/www.visiterarles.com\/blog\/2014\/10\/29\/bon-plan-la-location-de-velo-pas-chere-a-arles-les-alyscs-318\/\"},\"wordCount\":207,\"commentCount\":0,\"publisher\":{\"@id\":\"https:\/\/www.visiterarles.com\/en\/#organization\"},\"articleSection\":[\"Informations\"],\"inLanguage\":\"en-GB\",\"potentialAction\":[{\"@type\":\"CommentAction\",\"name\":\"Comment\",\"target\":[\"https:\/\/www.visiterarles.com\/blog\/2014\/10\/29\/bon-plan-la-location-de-velo-pas-chere-a-arles-les-alyscs-318\/#respond\"]}]},{\"@type\":\"WebPage\",\"@id\":\"https:\/\/www.visiterarles.com\/blog\/2014\/10\/29\/bon-plan-la-location-de-velo-pas-chere-a-arles-les-alyscs-318\/\",\"url\":\"https:\/\/www.visiterarles.com\/blog\/2014\/10\/29\/bon-plan-la-location-de-velo-pas-chere-a-arles-les-alyscs-318\/\",\"name\":\"Bon plan : la location de v\u00e9lo pas ch\u00e8re \u00e0 Arles les Alyscamps - Visiter Arles\",\"isPartOf\":{\"@id\":\"https:\/\/www.visiterarles.com\/en\/#website\"},\"datePublished\":\"2014-10-29T16:46:00+00:00\",\"dateModified\":\"2014-10-29T16:46:00+00:00\",\"breadcrumb\":{\"@id\":\"https:\/\/www.visiterarles.com\/blog\/2014\/10\/29\/bon-plan-la-location-de-velo-pas-chere-a-arles-les-alyscs-318\/#breadcrumb\"},\"inLanguage\":\"en-GB\",\"potentialAction\":[{\"@type\":\"ReadAction\",\"target\":[\"https:\/\/www.visiterarles.com\/blog\/2014\/10\/29\/bon-plan-la-location-de-velo-pas-chere-a-arles-les-alyscs-318\/\"]}]},{\"@type\":\"BreadcrumbList\",\"@id\":\"https:\/\/www.visiterarles.com\/blog\/2014\/10\/29\/bon-plan-la-location-de-velo-pas-chere-a-arles-les-alyscs-318\/#breadcrumb\",\"itemListElement\":[{\"@type\":\"ListItem\",\"position\":1,\"name\":\"Home\",\"item\":\"https:\/\/www.visiterarles.com\/\"},{\"@type\":\"ListItem\",\"position\":2,\"name\":\"Bon plan : la location de v\u00e9lo pas ch\u00e8re \u00e0 Arles les Alyscamps\"}]},{\"@type\":\"WebSite\",\"@id\":\"https:\/\/www.visiterarles.com\/en\/#website\",\"url\":\"https:\/\/www.visiterarles.com\/en\/\",\"name\":\"Visiter Arles\",\"description\":\"Tourisme en Provence \u00e0 Arles\",\"publisher\":{\"@id\":\"https:\/\/www.visiterarles.com\/en\/#organization\"},\"potentialAction\":[{\"@type\":\"SearchAction\",\"target\":{\"@type\":\"EntryPoint\",\"urlTemplate\":\"https:\/\/www.visiterarles.com\/en\/?s={search_term_string}\"},\"query-input\":\"required name=search_term_string\"}],\"inLanguage\":\"en-GB\"},{\"@type\":\"Organization\",\"@id\":\"https:\/\/www.visiterarles.com\/en\/#organization\",\"name\":\"Visiter Arles\",\"url\":\"https:\/\/www.visiterarles.com\/en\/\",\"logo\":{\"@type\":\"ImageObject\",\"inLanguage\":\"en-GB\",\"@id\":\"https:\/\/www.visiterarles.com\/en\/#\/schema\/logo\/image\/\",\"url\":\"https:\/\/www.visiterarles.com\/wp-content\/uploads\/2017\/10\/taco-and-co-1-1.jpg\",\"contentUrl\":\"https:\/\/www.visiterarles.com\/wp-content\/uploads\/2017\/10\/taco-and-co-1-1.jpg\",\"width\":124,\"height\":73,\"caption\":\"Visiter Arles\"},\"image\":{\"@id\":\"https:\/\/www.visiterarles.com\/en\/#\/schema\/logo\/image\/\"}},{\"@type\":\"Person\",\"@id\":\"https:\/\/www.visiterarles.com\/en\/#\/schema\/person\/ba5912e4613018f479a2d86815a53576\",\"name\":\"Linkadm\",\"image\":{\"@type\":\"ImageObject\",\"inLanguage\":\"en-GB\",\"@id\":\"https:\/\/www.visiterarles.com\/en\/#\/schema\/person\/image\/\",\"url\":\"https:\/\/secure.gravatar.com\/avatar\/4709ec209921503e8d8cc96168eddc49?s=96&d=mm&r=g\",\"contentUrl\":\"https:\/\/secure.gravatar.com\/avatar\/4709ec209921503e8d8cc96168eddc49?s=96&d=mm&r=g\",\"caption\":\"Linkadm\"},\"url\":\"https:\/\/www.visiterarles.com\/en\/blog\/author\/admin\/\"}]}<\/script>\n<!-- \/ Yoast SEO plugin. -->","yoast_head_json":{"title":"Bon plan : la location de v\u00e9lo pas ch\u00e8re \u00e0 Arles les Alyscamps - Visiter Arles","robots":{"index":"index","follow":"follow","max-snippet":"max-snippet:-1","max-image-preview":"max-image-preview:large","max-video-preview":"max-video-preview:-1"},"canonical":"https:\/\/www.visiterarles.com\/en\/blog\/2014\/10\/29\/bon-plan-la-location-de-velo-pas-chere-a-arles-les-alyscs-318\/","twitter_misc":{"Written by":"Linkadm","Estimated reading time":"1 minute"},"schema":{"@context":"https:\/\/schema.org","@graph":[{"@type":"Article","@id":"https:\/\/www.visiterarles.com\/blog\/2014\/10\/29\/bon-plan-la-location-de-velo-pas-chere-a-arles-les-alyscs-318\/#article","isPartOf":{"@id":"https:\/\/www.visiterarles.com\/blog\/2014\/10\/29\/bon-plan-la-location-de-velo-pas-chere-a-arles-les-alyscs-318\/"},"author":{"name":"Linkadm","@id":"https:\/\/www.visiterarles.com\/en\/#\/schema\/person\/ba5912e4613018f479a2d86815a53576"},"headline":"Bon plan : la location de v\u00e9lo pas ch\u00e8re \u00e0 Arles les Alyscamps","datePublished":"2014-10-29T16:46:00+00:00","dateModified":"2014-10-29T16:46:00+00:00","mainEntityOfPage":{"@id":"https:\/\/www.visiterarles.com\/blog\/2014\/10\/29\/bon-plan-la-location-de-velo-pas-chere-a-arles-les-alyscs-318\/"},"wordCount":207,"commentCount":0,"publisher":{"@id":"https:\/\/www.visiterarles.com\/en\/#organization"},"articleSection":["Informations"],"inLanguage":"en-GB","potentialAction":[{"@type":"CommentAction","name":"Comment","target":["https:\/\/www.visiterarles.com\/blog\/2014\/10\/29\/bon-plan-la-location-de-velo-pas-chere-a-arles-les-alyscs-318\/#respond"]}]},{"@type":"WebPage","@id":"https:\/\/www.visiterarles.com\/blog\/2014\/10\/29\/bon-plan-la-location-de-velo-pas-chere-a-arles-les-alyscs-318\/","url":"https:\/\/www.visiterarles.com\/blog\/2014\/10\/29\/bon-plan-la-location-de-velo-pas-chere-a-arles-les-alyscs-318\/","name":"Bon plan : la location de v\u00e9lo pas ch\u00e8re \u00e0 Arles les Alyscamps - Visiter Arles","isPartOf":{"@id":"https:\/\/www.visiterarles.com\/en\/#website"},"datePublished":"2014-10-29T16:46:00+00:00","dateModified":"2014-10-29T16:46:00+00:00","breadcrumb":{"@id":"https:\/\/www.visiterarles.com\/blog\/2014\/10\/29\/bon-plan-la-location-de-velo-pas-chere-a-arles-les-alyscs-318\/#breadcrumb"},"inLanguage":"en-GB","potentialAction":[{"@type":"ReadAction","target":["https:\/\/www.visiterarles.com\/blog\/2014\/10\/29\/bon-plan-la-location-de-velo-pas-chere-a-arles-les-alyscs-318\/"]}]},{"@type":"BreadcrumbList","@id":"https:\/\/www.visiterarles.com\/blog\/2014\/10\/29\/bon-plan-la-location-de-velo-pas-chere-a-arles-les-alyscs-318\/#breadcrumb","itemListElement":[{"@type":"ListItem","position":1,"name":"Home","item":"https:\/\/www.visiterarles.com\/"},{"@type":"ListItem","position":2,"name":"Bon plan : la location de v\u00e9lo pas ch\u00e8re \u00e0 Arles les Alyscamps"}]},{"@type":"WebSite","@id":"https:\/\/www.visiterarles.com\/en\/#website","url":"https:\/\/www.visiterarles.com\/en\/","name":"Visiter Arles","description":"Tourisme en Provence \u00e0 Arles","publisher":{"@id":"https:\/\/www.visiterarles.com\/en\/#organization"},"potentialAction":[{"@type":"SearchAction","target":{"@type":"EntryPoint","urlTemplate":"https:\/\/www.visiterarles.com\/en\/?s={search_term_string}"},"query-input":"required name=search_term_string"}],"inLanguage":"en-GB"},{"@type":"Organization","@id":"https:\/\/www.visiterarles.com\/en\/#organization","name":"Visiter Arles","url":"https:\/\/www.visiterarles.com\/en\/","logo":{"@type":"ImageObject","inLanguage":"en-GB","@id":"https:\/\/www.visiterarles.com\/en\/#\/schema\/logo\/image\/","url":"https:\/\/www.visiterarles.com\/wp-content\/uploads\/2017\/10\/taco-and-co-1-1.jpg","contentUrl":"https:\/\/www.visiterarles.com\/wp-content\/uploads\/2017\/10\/taco-and-co-1-1.jpg","width":124,"height":73,"caption":"Visiter Arles"},"image":{"@id":"https:\/\/www.visiterarles.com\/en\/#\/schema\/logo\/image\/"}},{"@type":"Person","@id":"https:\/\/www.visiterarles.com\/en\/#\/schema\/person\/ba5912e4613018f479a2d86815a53576","name":"Linkadm","image":{"@type":"ImageObject","inLanguage":"en-GB","@id":"https:\/\/www.visiterarles.com\/en\/#\/schema\/person\/image\/","url":"https:\/\/secure.gravatar.com\/avatar\/4709ec209921503e8d8cc96168eddc49?s=96&d=mm&r=g","contentUrl":"https:\/\/secure.gravatar.com\/avatar\/4709ec209921503e8d8cc96168eddc49?s=96&d=mm&r=g","caption":"Linkadm"},"url":"https:\/\/www.visiterarles.com\/en\/blog\/author\/admin\/"}]}},"_links":{"self":[{"href":"https:\/\/www.visiterarles.com\/en\/wp-json\/wp\/v2\/posts\/28085"}],"collection":[{"href":"https:\/\/www.visiterarles.com\/en\/wp-json\/wp\/v2\/posts"}],"about":[{"href":"https:\/\/www.visiterarles.com\/en\/wp-json\/wp\/v2\/types\/post"}],"author":[{"embeddable":true,"href":"https:\/\/www.visiterarles.com\/en\/wp-json\/wp\/v2\/users\/1"}],"replies":[{"embeddable":true,"href":"https:\/\/www.visiterarles.com\/en\/wp-json\/wp\/v2\/comments?post=28085"}],"version-history":[{"count":0,"href":"https:\/\/www.visiterarles.com\/en\/wp-json\/wp\/v2\/posts\/28085\/revisions"}],"wp:attachment":[{"href":"https:\/\/www.visiterarles.com\/en\/wp-json\/wp\/v2\/media?parent=28085"}],"wp:term":[{"taxonomy":"category","embeddable":true,"href":"https:\/\/www.visiterarles.com\/en\/wp-json\/wp\/v2\/categories?post=28085"},{"taxonomy":"post_tag","embeddable":true,"href":"https:\/\/www.visiterarles.com\/en\/wp-json\/wp\/v2\/tags?post=28085"}],"curies":[{"name":"wp","href":"https:\/\/api.w.org\/{rel}","templated":true}]}}