{"id":28102,"date":"2014-11-06T10:09:00","date_gmt":"2014-11-06T10:09:00","guid":{"rendered":"http:\/\/www.visiterarles.com\/reperer-une-location-de-velo-avec-des-enfants-arles-historique-807\/"},"modified":"2014-11-06T10:09:00","modified_gmt":"2014-11-06T10:09:00","slug":"reperer-une-location-de-velo-avec-des-enfants-arles-historique-807","status":"publish","type":"post","link":"https:\/\/www.visiterarles.com\/en\/blog\/2014\/11\/06\/reperer-une-location-de-velo-avec-des-enfants-arles-historique-807\/","title":{"rendered":"Rep\u00e9rer une location de v\u00e9lo avec des enfants Arles historique"},"content":{"rendered":"<h4>Avec des enfants \u00e0 Arles historique : o\u00f9 d\u00e9nicher un partenaire s\u00e9rieux avec location de v\u00e9lo<\/h4>\n<p>Les beaux endroits poussent \u00e0 tous les coins de rue, en cons\u00e9quence, notre location de v\u00e9lo avec des enfants Arles historique vous permettra de profiter pleinement des thermes de constantin, du mus\u00e9e du riz o\u00f9 de l&rsquo;\u00e9glise saint blaise. Pour donner l&rsquo;opportunit\u00e9 de profiter pleinement du meilleur de la culture, avec l&rsquo;impression d&rsquo;oeuvrer d&rsquo;une mani\u00e8re eco responsable, notre location de v\u00e9lo avec des enfants Arles historique vous aidera \u00e0 profiter du moment pr\u00e9sent.<\/p>\n<h4>Une alternative \u00e9cologique : location de v\u00e9lo avec des enfants sur Arles<\/h4>\n<p>Pour qui a la volont\u00e9 de faire la d\u00e9couverte du somptueux centre historique, une location de v\u00e9lo avec des enfants au sein m\u00eame de Arles, entre autres, est tr\u00e8s adapt\u00e9e. En arrivant sur Arles, vous pourrez solliciter notre location de v\u00e9lo au sein m\u00eame de la gare ferroviaire. Les consommateurs de tous horizons adoreront notre <a href=\"http:\/\/www.visiterarles.com\/en\/arles-location-de-velo-avec-des-enfants-1143\/\">location de v\u00e9lo sur Arles<\/a>, avec des enfants leur convenant sans aucun doute.<\/p>","protected":false},"excerpt":{"rendered":"<p>Avec des enfants \u00e0 Arles historique : o\u00f9 d\u00e9nicher un partenaire s\u00e9rieux avec location de v\u00e9lo Les beaux endroits poussent \u00e0 tous les coins de rue, en cons\u00e9quence, notre location de v\u00e9lo avec des enfants Arles historique vous permettra de profiter pleinement des thermes de constantin, du mus\u00e9e du riz o\u00f9 de l&rsquo;\u00e9glise saint blaise. [&hellip;]<\/p>","protected":false},"author":1,"featured_media":0,"comment_status":"open","ping_status":"open","sticky":false,"template":"","format":"standard","meta":{"footnotes":""},"categories":[55],"tags":[],"aioseo_notices":[],"yoast_head":"<!-- This site is optimized with the Yoast SEO plugin v22.3 - https:\/\/yoast.com\/wordpress\/plugins\/seo\/ -->\n<title>Rep\u00e9rer une location de v\u00e9lo avec des enfants Arles historique - Visiter Arles<\/title>\n<meta name=\"robots\" content=\"index, follow, max-snippet:-1, max-image-preview:large, max-video-preview:-1\" \/>\n<link rel=\"canonical\" href=\"https:\/\/www.visiterarles.com\/en\/blog\/2014\/11\/06\/reperer-une-location-de-velo-avec-des-enfants-arles-historique-807\/\" \/>\n<meta name=\"twitter:label1\" content=\"Written by\" \/>\n\t<meta name=\"twitter:data1\" content=\"Linkadm\" \/>\n\t<meta name=\"twitter:label2\" content=\"Estimated reading time\" \/>\n\t<meta name=\"twitter:data2\" content=\"1 minute\" \/>\n<script type=\"application\/ld+json\" class=\"yoast-schema-graph\">{\"@context\":\"https:\/\/schema.org\",\"@graph\":[{\"@type\":\"Article\",\"@id\":\"https:\/\/www.visiterarles.com\/en\/blog\/2014\/11\/06\/reperer-une-location-de-velo-avec-des-enfants-arles-historique-807\/#article\",\"isPartOf\":{\"@id\":\"https:\/\/www.visiterarles.com\/en\/blog\/2014\/11\/06\/reperer-une-location-de-velo-avec-des-enfants-arles-historique-807\/\"},\"author\":{\"name\":\"Linkadm\",\"@id\":\"https:\/\/www.visiterarles.com\/en\/#\/schema\/person\/ba5912e4613018f479a2d86815a53576\"},\"headline\":\"Rep\u00e9rer une location de v\u00e9lo avec des enfants Arles historique\",\"datePublished\":\"2014-11-06T10:09:00+00:00\",\"dateModified\":\"2014-11-06T10:09:00+00:00\",\"mainEntityOfPage\":{\"@id\":\"https:\/\/www.visiterarles.com\/en\/blog\/2014\/11\/06\/reperer-une-location-de-velo-avec-des-enfants-arles-historique-807\/\"},\"wordCount\":199,\"commentCount\":0,\"publisher\":{\"@id\":\"https:\/\/www.visiterarles.com\/en\/#organization\"},\"articleSection\":[\"Informations\"],\"inLanguage\":\"en-GB\",\"potentialAction\":[{\"@type\":\"CommentAction\",\"name\":\"Comment\",\"target\":[\"https:\/\/www.visiterarles.com\/en\/blog\/2014\/11\/06\/reperer-une-location-de-velo-avec-des-enfants-arles-historique-807\/#respond\"]}]},{\"@type\":\"WebPage\",\"@id\":\"https:\/\/www.visiterarles.com\/en\/blog\/2014\/11\/06\/reperer-une-location-de-velo-avec-des-enfants-arles-historique-807\/\",\"url\":\"https:\/\/www.visiterarles.com\/en\/blog\/2014\/11\/06\/reperer-une-location-de-velo-avec-des-enfants-arles-historique-807\/\",\"name\":\"Rep\u00e9rer une location de v\u00e9lo avec des enfants Arles historique - Visiter Arles\",\"isPartOf\":{\"@id\":\"https:\/\/www.visiterarles.com\/en\/#website\"},\"datePublished\":\"2014-11-06T10:09:00+00:00\",\"dateModified\":\"2014-11-06T10:09:00+00:00\",\"breadcrumb\":{\"@id\":\"https:\/\/www.visiterarles.com\/en\/blog\/2014\/11\/06\/reperer-une-location-de-velo-avec-des-enfants-arles-historique-807\/#breadcrumb\"},\"inLanguage\":\"en-GB\",\"potentialAction\":[{\"@type\":\"ReadAction\",\"target\":[\"https:\/\/www.visiterarles.com\/en\/blog\/2014\/11\/06\/reperer-une-location-de-velo-avec-des-enfants-arles-historique-807\/\"]}]},{\"@type\":\"BreadcrumbList\",\"@id\":\"https:\/\/www.visiterarles.com\/en\/blog\/2014\/11\/06\/reperer-une-location-de-velo-avec-des-enfants-arles-historique-807\/#breadcrumb\",\"itemListElement\":[{\"@type\":\"ListItem\",\"position\":1,\"name\":\"Home\",\"item\":\"https:\/\/www.visiterarles.com\/\"},{\"@type\":\"ListItem\",\"position\":2,\"name\":\"Rep\u00e9rer une location de v\u00e9lo avec des enfants Arles historique\"}]},{\"@type\":\"WebSite\",\"@id\":\"https:\/\/www.visiterarles.com\/en\/#website\",\"url\":\"https:\/\/www.visiterarles.com\/en\/\",\"name\":\"Visiter Arles\",\"description\":\"Tourisme en Provence \u00e0 Arles\",\"publisher\":{\"@id\":\"https:\/\/www.visiterarles.com\/en\/#organization\"},\"potentialAction\":[{\"@type\":\"SearchAction\",\"target\":{\"@type\":\"EntryPoint\",\"urlTemplate\":\"https:\/\/www.visiterarles.com\/en\/?s={search_term_string}\"},\"query-input\":\"required name=search_term_string\"}],\"inLanguage\":\"en-GB\"},{\"@type\":\"Organization\",\"@id\":\"https:\/\/www.visiterarles.com\/en\/#organization\",\"name\":\"Visiter Arles\",\"url\":\"https:\/\/www.visiterarles.com\/en\/\",\"logo\":{\"@type\":\"ImageObject\",\"inLanguage\":\"en-GB\",\"@id\":\"https:\/\/www.visiterarles.com\/en\/#\/schema\/logo\/image\/\",\"url\":\"https:\/\/www.visiterarles.com\/wp-content\/uploads\/2017\/10\/taco-and-co-1-1.jpg\",\"contentUrl\":\"https:\/\/www.visiterarles.com\/wp-content\/uploads\/2017\/10\/taco-and-co-1-1.jpg\",\"width\":124,\"height\":73,\"caption\":\"Visiter Arles\"},\"image\":{\"@id\":\"https:\/\/www.visiterarles.com\/en\/#\/schema\/logo\/image\/\"}},{\"@type\":\"Person\",\"@id\":\"https:\/\/www.visiterarles.com\/en\/#\/schema\/person\/ba5912e4613018f479a2d86815a53576\",\"name\":\"Linkadm\",\"image\":{\"@type\":\"ImageObject\",\"inLanguage\":\"en-GB\",\"@id\":\"https:\/\/www.visiterarles.com\/en\/#\/schema\/person\/image\/\",\"url\":\"https:\/\/secure.gravatar.com\/avatar\/4709ec209921503e8d8cc96168eddc49?s=96&d=mm&r=g\",\"contentUrl\":\"https:\/\/secure.gravatar.com\/avatar\/4709ec209921503e8d8cc96168eddc49?s=96&d=mm&r=g\",\"caption\":\"Linkadm\"},\"url\":\"https:\/\/www.visiterarles.com\/en\/blog\/author\/admin\/\"}]}<\/script>\n<!-- \/ Yoast SEO plugin. -->","yoast_head_json":{"title":"Rep\u00e9rer une location de v\u00e9lo avec des enfants Arles historique - Visiter Arles","robots":{"index":"index","follow":"follow","max-snippet":"max-snippet:-1","max-image-preview":"max-image-preview:large","max-video-preview":"max-video-preview:-1"},"canonical":"https:\/\/www.visiterarles.com\/en\/blog\/2014\/11\/06\/reperer-une-location-de-velo-avec-des-enfants-arles-historique-807\/","twitter_misc":{"Written by":"Linkadm","Estimated reading time":"1 minute"},"schema":{"@context":"https:\/\/schema.org","@graph":[{"@type":"Article","@id":"https:\/\/www.visiterarles.com\/en\/blog\/2014\/11\/06\/reperer-une-location-de-velo-avec-des-enfants-arles-historique-807\/#article","isPartOf":{"@id":"https:\/\/www.visiterarles.com\/en\/blog\/2014\/11\/06\/reperer-une-location-de-velo-avec-des-enfants-arles-historique-807\/"},"author":{"name":"Linkadm","@id":"https:\/\/www.visiterarles.com\/en\/#\/schema\/person\/ba5912e4613018f479a2d86815a53576"},"headline":"Rep\u00e9rer une location de v\u00e9lo avec des enfants Arles historique","datePublished":"2014-11-06T10:09:00+00:00","dateModified":"2014-11-06T10:09:00+00:00","mainEntityOfPage":{"@id":"https:\/\/www.visiterarles.com\/en\/blog\/2014\/11\/06\/reperer-une-location-de-velo-avec-des-enfants-arles-historique-807\/"},"wordCount":199,"commentCount":0,"publisher":{"@id":"https:\/\/www.visiterarles.com\/en\/#organization"},"articleSection":["Informations"],"inLanguage":"en-GB","potentialAction":[{"@type":"CommentAction","name":"Comment","target":["https:\/\/www.visiterarles.com\/en\/blog\/2014\/11\/06\/reperer-une-location-de-velo-avec-des-enfants-arles-historique-807\/#respond"]}]},{"@type":"WebPage","@id":"https:\/\/www.visiterarles.com\/en\/blog\/2014\/11\/06\/reperer-une-location-de-velo-avec-des-enfants-arles-historique-807\/","url":"https:\/\/www.visiterarles.com\/en\/blog\/2014\/11\/06\/reperer-une-location-de-velo-avec-des-enfants-arles-historique-807\/","name":"Rep\u00e9rer une location de v\u00e9lo avec des enfants Arles historique - Visiter Arles","isPartOf":{"@id":"https:\/\/www.visiterarles.com\/en\/#website"},"datePublished":"2014-11-06T10:09:00+00:00","dateModified":"2014-11-06T10:09:00+00:00","breadcrumb":{"@id":"https:\/\/www.visiterarles.com\/en\/blog\/2014\/11\/06\/reperer-une-location-de-velo-avec-des-enfants-arles-historique-807\/#breadcrumb"},"inLanguage":"en-GB","potentialAction":[{"@type":"ReadAction","target":["https:\/\/www.visiterarles.com\/en\/blog\/2014\/11\/06\/reperer-une-location-de-velo-avec-des-enfants-arles-historique-807\/"]}]},{"@type":"BreadcrumbList","@id":"https:\/\/www.visiterarles.com\/en\/blog\/2014\/11\/06\/reperer-une-location-de-velo-avec-des-enfants-arles-historique-807\/#breadcrumb","itemListElement":[{"@type":"ListItem","position":1,"name":"Home","item":"https:\/\/www.visiterarles.com\/"},{"@type":"ListItem","position":2,"name":"Rep\u00e9rer une location de v\u00e9lo avec des enfants Arles historique"}]},{"@type":"WebSite","@id":"https:\/\/www.visiterarles.com\/en\/#website","url":"https:\/\/www.visiterarles.com\/en\/","name":"Visiter Arles","description":"Tourisme en Provence \u00e0 Arles","publisher":{"@id":"https:\/\/www.visiterarles.com\/en\/#organization"},"potentialAction":[{"@type":"SearchAction","target":{"@type":"EntryPoint","urlTemplate":"https:\/\/www.visiterarles.com\/en\/?s={search_term_string}"},"query-input":"required name=search_term_string"}],"inLanguage":"en-GB"},{"@type":"Organization","@id":"https:\/\/www.visiterarles.com\/en\/#organization","name":"Visiter Arles","url":"https:\/\/www.visiterarles.com\/en\/","logo":{"@type":"ImageObject","inLanguage":"en-GB","@id":"https:\/\/www.visiterarles.com\/en\/#\/schema\/logo\/image\/","url":"https:\/\/www.visiterarles.com\/wp-content\/uploads\/2017\/10\/taco-and-co-1-1.jpg","contentUrl":"https:\/\/www.visiterarles.com\/wp-content\/uploads\/2017\/10\/taco-and-co-1-1.jpg","width":124,"height":73,"caption":"Visiter Arles"},"image":{"@id":"https:\/\/www.visiterarles.com\/en\/#\/schema\/logo\/image\/"}},{"@type":"Person","@id":"https:\/\/www.visiterarles.com\/en\/#\/schema\/person\/ba5912e4613018f479a2d86815a53576","name":"Linkadm","image":{"@type":"ImageObject","inLanguage":"en-GB","@id":"https:\/\/www.visiterarles.com\/en\/#\/schema\/person\/image\/","url":"https:\/\/secure.gravatar.com\/avatar\/4709ec209921503e8d8cc96168eddc49?s=96&d=mm&r=g","contentUrl":"https:\/\/secure.gravatar.com\/avatar\/4709ec209921503e8d8cc96168eddc49?s=96&d=mm&r=g","caption":"Linkadm"},"url":"https:\/\/www.visiterarles.com\/en\/blog\/author\/admin\/"}]}},"_links":{"self":[{"href":"https:\/\/www.visiterarles.com\/en\/wp-json\/wp\/v2\/posts\/28102"}],"collection":[{"href":"https:\/\/www.visiterarles.com\/en\/wp-json\/wp\/v2\/posts"}],"about":[{"href":"https:\/\/www.visiterarles.com\/en\/wp-json\/wp\/v2\/types\/post"}],"author":[{"embeddable":true,"href":"https:\/\/www.visiterarles.com\/en\/wp-json\/wp\/v2\/users\/1"}],"replies":[{"embeddable":true,"href":"https:\/\/www.visiterarles.com\/en\/wp-json\/wp\/v2\/comments?post=28102"}],"version-history":[{"count":0,"href":"https:\/\/www.visiterarles.com\/en\/wp-json\/wp\/v2\/posts\/28102\/revisions"}],"wp:attachment":[{"href":"https:\/\/www.visiterarles.com\/en\/wp-json\/wp\/v2\/media?parent=28102"}],"wp:term":[{"taxonomy":"category","embeddable":true,"href":"https:\/\/www.visiterarles.com\/en\/wp-json\/wp\/v2\/categories?post=28102"},{"taxonomy":"post_tag","embeddable":true,"href":"https:\/\/www.visiterarles.com\/en\/wp-json\/wp\/v2\/tags?post=28102"}],"curies":[{"name":"wp","href":"https:\/\/api.w.org\/{rel}","templated":true}]}}