{"id":28104,"date":"2014-11-06T15:24:00","date_gmt":"2014-11-06T15:24:00","guid":{"rendered":"http:\/\/www.visiterarles.com\/degoter-une-location-de-velo-avec-des-enfants-arles-quartier-des-musees-351\/"},"modified":"2014-11-06T15:24:00","modified_gmt":"2014-11-06T15:24:00","slug":"degoter-une-location-de-velo-avec-des-enfants-arles-quartier-des-musees-351","status":"publish","type":"post","link":"https:\/\/www.visiterarles.com\/en\/blog\/2014\/11\/06\/degoter-une-location-de-velo-avec-des-enfants-arles-quartier-des-musees-351\/","title":{"rendered":"D\u00e9goter une location de v\u00e9lo avec des enfants Arles quartier des mus\u00e9es"},"content":{"rendered":"<h4>Avec des enfants dans Arles quartier des mus\u00e9es : o\u00f9 d\u00e9gotter un partenaire fiable proposant une location de v\u00e9lo<\/h4>\n<p>Les thermes de constantin, le village de salins o\u00f9 bien le march\u00e9 de provence, par le biais de notre location de v\u00e9lo avec des enfants sur Arles quartier des mus\u00e9es, sont des hauts lieux que vous ne manquerez pas dans cette commune splendide. V\u00e9lo-Taco, de mani\u00e8re \u00e0 vous aider \u00e0 profiter au maximum du moment pr\u00e9sent, ne manquera pas de vous pr\u00e9senter, avec l&rsquo;impression d&rsquo;\u0153uvrer de fa\u00e7on \u00e9co responsable, le meilleur du meilleur de la culture dans cette commune exceptionnelle, via une <a href=\"http:\/\/www.visiterarles.com\/en\/arles-location-de-velo-avec-des-enfants-1143\/\">location de v\u00e9lo avec des enfants sur Arles<\/a> quartier des mus\u00e9es.<\/p>\n<h4>Avec des enfants \u00e0 Arles pour quelle raison choisir notre location de v\u00e9lo<\/h4>\n<p>D\u00e9couvrir le ravissant patrimoine de la ville par le biais de notre location de v\u00e9lo avec des enfants \u00e0 Arles peut \u00eatre une alternative cl\u00e9s en main efficace pour qui en a envie. En arrivant sur Arles, vous pourrez r\u00e9clamer notre location de v\u00e9lo au sein m\u00eame de la gare sncf. Les clients de tous horizons appr\u00e9cieront notre location de v\u00e9lo sur Arles, avec des enfants leur convenant tr\u00e8s certainement.<\/p>","protected":false},"excerpt":{"rendered":"<p>Avec des enfants dans Arles quartier des mus\u00e9es : o\u00f9 d\u00e9gotter un partenaire fiable proposant une location de v\u00e9lo Les thermes de constantin, le village de salins o\u00f9 bien le march\u00e9 de provence, par le biais de notre location de v\u00e9lo avec des enfants sur Arles quartier des mus\u00e9es, sont des hauts lieux que vous [&hellip;]<\/p>","protected":false},"author":1,"featured_media":0,"comment_status":"open","ping_status":"open","sticky":false,"template":"","format":"standard","meta":{"footnotes":""},"categories":[55],"tags":[],"aioseo_notices":[],"yoast_head":"<!-- This site is optimized with the Yoast SEO plugin v22.3 - https:\/\/yoast.com\/wordpress\/plugins\/seo\/ -->\n<title>D\u00e9goter une location de v\u00e9lo avec des enfants Arles quartier des mus\u00e9es - Visiter Arles<\/title>\n<meta name=\"robots\" content=\"index, follow, max-snippet:-1, max-image-preview:large, max-video-preview:-1\" \/>\n<link rel=\"canonical\" href=\"https:\/\/www.visiterarles.com\/en\/blog\/2014\/11\/06\/degoter-une-location-de-velo-avec-des-enfants-arles-quartier-des-musees-351\/\" \/>\n<meta name=\"twitter:label1\" content=\"Written by\" \/>\n\t<meta name=\"twitter:data1\" content=\"Linkadm\" \/>\n\t<meta name=\"twitter:label2\" content=\"Estimated reading time\" \/>\n\t<meta name=\"twitter:data2\" content=\"1 minute\" \/>\n<script type=\"application\/ld+json\" class=\"yoast-schema-graph\">{\"@context\":\"https:\/\/schema.org\",\"@graph\":[{\"@type\":\"Article\",\"@id\":\"https:\/\/www.visiterarles.com\/en\/blog\/2014\/11\/06\/degoter-une-location-de-velo-avec-des-enfants-arles-quartier-des-musees-351\/#article\",\"isPartOf\":{\"@id\":\"https:\/\/www.visiterarles.com\/en\/blog\/2014\/11\/06\/degoter-une-location-de-velo-avec-des-enfants-arles-quartier-des-musees-351\/\"},\"author\":{\"name\":\"Linkadm\",\"@id\":\"https:\/\/www.visiterarles.com\/en\/#\/schema\/person\/ba5912e4613018f479a2d86815a53576\"},\"headline\":\"D\u00e9goter une location de v\u00e9lo avec des enfants Arles quartier des mus\u00e9es\",\"datePublished\":\"2014-11-06T15:24:00+00:00\",\"dateModified\":\"2014-11-06T15:24:00+00:00\",\"mainEntityOfPage\":{\"@id\":\"https:\/\/www.visiterarles.com\/en\/blog\/2014\/11\/06\/degoter-une-location-de-velo-avec-des-enfants-arles-quartier-des-musees-351\/\"},\"wordCount\":229,\"commentCount\":0,\"publisher\":{\"@id\":\"https:\/\/www.visiterarles.com\/en\/#organization\"},\"articleSection\":[\"Informations\"],\"inLanguage\":\"en-GB\",\"potentialAction\":[{\"@type\":\"CommentAction\",\"name\":\"Comment\",\"target\":[\"https:\/\/www.visiterarles.com\/en\/blog\/2014\/11\/06\/degoter-une-location-de-velo-avec-des-enfants-arles-quartier-des-musees-351\/#respond\"]}]},{\"@type\":\"WebPage\",\"@id\":\"https:\/\/www.visiterarles.com\/en\/blog\/2014\/11\/06\/degoter-une-location-de-velo-avec-des-enfants-arles-quartier-des-musees-351\/\",\"url\":\"https:\/\/www.visiterarles.com\/en\/blog\/2014\/11\/06\/degoter-une-location-de-velo-avec-des-enfants-arles-quartier-des-musees-351\/\",\"name\":\"D\u00e9goter une location de v\u00e9lo avec des enfants Arles quartier des mus\u00e9es - Visiter Arles\",\"isPartOf\":{\"@id\":\"https:\/\/www.visiterarles.com\/en\/#website\"},\"datePublished\":\"2014-11-06T15:24:00+00:00\",\"dateModified\":\"2014-11-06T15:24:00+00:00\",\"breadcrumb\":{\"@id\":\"https:\/\/www.visiterarles.com\/en\/blog\/2014\/11\/06\/degoter-une-location-de-velo-avec-des-enfants-arles-quartier-des-musees-351\/#breadcrumb\"},\"inLanguage\":\"en-GB\",\"potentialAction\":[{\"@type\":\"ReadAction\",\"target\":[\"https:\/\/www.visiterarles.com\/en\/blog\/2014\/11\/06\/degoter-une-location-de-velo-avec-des-enfants-arles-quartier-des-musees-351\/\"]}]},{\"@type\":\"BreadcrumbList\",\"@id\":\"https:\/\/www.visiterarles.com\/en\/blog\/2014\/11\/06\/degoter-une-location-de-velo-avec-des-enfants-arles-quartier-des-musees-351\/#breadcrumb\",\"itemListElement\":[{\"@type\":\"ListItem\",\"position\":1,\"name\":\"Home\",\"item\":\"https:\/\/www.visiterarles.com\/\"},{\"@type\":\"ListItem\",\"position\":2,\"name\":\"D\u00e9goter une location de v\u00e9lo avec des enfants Arles quartier des mus\u00e9es\"}]},{\"@type\":\"WebSite\",\"@id\":\"https:\/\/www.visiterarles.com\/en\/#website\",\"url\":\"https:\/\/www.visiterarles.com\/en\/\",\"name\":\"Visiter Arles\",\"description\":\"Tourisme en Provence \u00e0 Arles\",\"publisher\":{\"@id\":\"https:\/\/www.visiterarles.com\/en\/#organization\"},\"potentialAction\":[{\"@type\":\"SearchAction\",\"target\":{\"@type\":\"EntryPoint\",\"urlTemplate\":\"https:\/\/www.visiterarles.com\/en\/?s={search_term_string}\"},\"query-input\":\"required name=search_term_string\"}],\"inLanguage\":\"en-GB\"},{\"@type\":\"Organization\",\"@id\":\"https:\/\/www.visiterarles.com\/en\/#organization\",\"name\":\"Visiter Arles\",\"url\":\"https:\/\/www.visiterarles.com\/en\/\",\"logo\":{\"@type\":\"ImageObject\",\"inLanguage\":\"en-GB\",\"@id\":\"https:\/\/www.visiterarles.com\/en\/#\/schema\/logo\/image\/\",\"url\":\"https:\/\/www.visiterarles.com\/wp-content\/uploads\/2017\/10\/taco-and-co-1-1.jpg\",\"contentUrl\":\"https:\/\/www.visiterarles.com\/wp-content\/uploads\/2017\/10\/taco-and-co-1-1.jpg\",\"width\":124,\"height\":73,\"caption\":\"Visiter Arles\"},\"image\":{\"@id\":\"https:\/\/www.visiterarles.com\/en\/#\/schema\/logo\/image\/\"}},{\"@type\":\"Person\",\"@id\":\"https:\/\/www.visiterarles.com\/en\/#\/schema\/person\/ba5912e4613018f479a2d86815a53576\",\"name\":\"Linkadm\",\"image\":{\"@type\":\"ImageObject\",\"inLanguage\":\"en-GB\",\"@id\":\"https:\/\/www.visiterarles.com\/en\/#\/schema\/person\/image\/\",\"url\":\"https:\/\/secure.gravatar.com\/avatar\/4709ec209921503e8d8cc96168eddc49?s=96&d=mm&r=g\",\"contentUrl\":\"https:\/\/secure.gravatar.com\/avatar\/4709ec209921503e8d8cc96168eddc49?s=96&d=mm&r=g\",\"caption\":\"Linkadm\"},\"url\":\"https:\/\/www.visiterarles.com\/en\/blog\/author\/admin\/\"}]}<\/script>\n<!-- \/ Yoast SEO plugin. -->","yoast_head_json":{"title":"D\u00e9goter une location de v\u00e9lo avec des enfants Arles quartier des mus\u00e9es - Visiter Arles","robots":{"index":"index","follow":"follow","max-snippet":"max-snippet:-1","max-image-preview":"max-image-preview:large","max-video-preview":"max-video-preview:-1"},"canonical":"https:\/\/www.visiterarles.com\/en\/blog\/2014\/11\/06\/degoter-une-location-de-velo-avec-des-enfants-arles-quartier-des-musees-351\/","twitter_misc":{"Written by":"Linkadm","Estimated reading time":"1 minute"},"schema":{"@context":"https:\/\/schema.org","@graph":[{"@type":"Article","@id":"https:\/\/www.visiterarles.com\/en\/blog\/2014\/11\/06\/degoter-une-location-de-velo-avec-des-enfants-arles-quartier-des-musees-351\/#article","isPartOf":{"@id":"https:\/\/www.visiterarles.com\/en\/blog\/2014\/11\/06\/degoter-une-location-de-velo-avec-des-enfants-arles-quartier-des-musees-351\/"},"author":{"name":"Linkadm","@id":"https:\/\/www.visiterarles.com\/en\/#\/schema\/person\/ba5912e4613018f479a2d86815a53576"},"headline":"D\u00e9goter une location de v\u00e9lo avec des enfants Arles quartier des mus\u00e9es","datePublished":"2014-11-06T15:24:00+00:00","dateModified":"2014-11-06T15:24:00+00:00","mainEntityOfPage":{"@id":"https:\/\/www.visiterarles.com\/en\/blog\/2014\/11\/06\/degoter-une-location-de-velo-avec-des-enfants-arles-quartier-des-musees-351\/"},"wordCount":229,"commentCount":0,"publisher":{"@id":"https:\/\/www.visiterarles.com\/en\/#organization"},"articleSection":["Informations"],"inLanguage":"en-GB","potentialAction":[{"@type":"CommentAction","name":"Comment","target":["https:\/\/www.visiterarles.com\/en\/blog\/2014\/11\/06\/degoter-une-location-de-velo-avec-des-enfants-arles-quartier-des-musees-351\/#respond"]}]},{"@type":"WebPage","@id":"https:\/\/www.visiterarles.com\/en\/blog\/2014\/11\/06\/degoter-une-location-de-velo-avec-des-enfants-arles-quartier-des-musees-351\/","url":"https:\/\/www.visiterarles.com\/en\/blog\/2014\/11\/06\/degoter-une-location-de-velo-avec-des-enfants-arles-quartier-des-musees-351\/","name":"D\u00e9goter une location de v\u00e9lo avec des enfants Arles quartier des mus\u00e9es - Visiter Arles","isPartOf":{"@id":"https:\/\/www.visiterarles.com\/en\/#website"},"datePublished":"2014-11-06T15:24:00+00:00","dateModified":"2014-11-06T15:24:00+00:00","breadcrumb":{"@id":"https:\/\/www.visiterarles.com\/en\/blog\/2014\/11\/06\/degoter-une-location-de-velo-avec-des-enfants-arles-quartier-des-musees-351\/#breadcrumb"},"inLanguage":"en-GB","potentialAction":[{"@type":"ReadAction","target":["https:\/\/www.visiterarles.com\/en\/blog\/2014\/11\/06\/degoter-une-location-de-velo-avec-des-enfants-arles-quartier-des-musees-351\/"]}]},{"@type":"BreadcrumbList","@id":"https:\/\/www.visiterarles.com\/en\/blog\/2014\/11\/06\/degoter-une-location-de-velo-avec-des-enfants-arles-quartier-des-musees-351\/#breadcrumb","itemListElement":[{"@type":"ListItem","position":1,"name":"Home","item":"https:\/\/www.visiterarles.com\/"},{"@type":"ListItem","position":2,"name":"D\u00e9goter une location de v\u00e9lo avec des enfants Arles quartier des mus\u00e9es"}]},{"@type":"WebSite","@id":"https:\/\/www.visiterarles.com\/en\/#website","url":"https:\/\/www.visiterarles.com\/en\/","name":"Visiter Arles","description":"Tourisme en Provence \u00e0 Arles","publisher":{"@id":"https:\/\/www.visiterarles.com\/en\/#organization"},"potentialAction":[{"@type":"SearchAction","target":{"@type":"EntryPoint","urlTemplate":"https:\/\/www.visiterarles.com\/en\/?s={search_term_string}"},"query-input":"required name=search_term_string"}],"inLanguage":"en-GB"},{"@type":"Organization","@id":"https:\/\/www.visiterarles.com\/en\/#organization","name":"Visiter Arles","url":"https:\/\/www.visiterarles.com\/en\/","logo":{"@type":"ImageObject","inLanguage":"en-GB","@id":"https:\/\/www.visiterarles.com\/en\/#\/schema\/logo\/image\/","url":"https:\/\/www.visiterarles.com\/wp-content\/uploads\/2017\/10\/taco-and-co-1-1.jpg","contentUrl":"https:\/\/www.visiterarles.com\/wp-content\/uploads\/2017\/10\/taco-and-co-1-1.jpg","width":124,"height":73,"caption":"Visiter Arles"},"image":{"@id":"https:\/\/www.visiterarles.com\/en\/#\/schema\/logo\/image\/"}},{"@type":"Person","@id":"https:\/\/www.visiterarles.com\/en\/#\/schema\/person\/ba5912e4613018f479a2d86815a53576","name":"Linkadm","image":{"@type":"ImageObject","inLanguage":"en-GB","@id":"https:\/\/www.visiterarles.com\/en\/#\/schema\/person\/image\/","url":"https:\/\/secure.gravatar.com\/avatar\/4709ec209921503e8d8cc96168eddc49?s=96&d=mm&r=g","contentUrl":"https:\/\/secure.gravatar.com\/avatar\/4709ec209921503e8d8cc96168eddc49?s=96&d=mm&r=g","caption":"Linkadm"},"url":"https:\/\/www.visiterarles.com\/en\/blog\/author\/admin\/"}]}},"_links":{"self":[{"href":"https:\/\/www.visiterarles.com\/en\/wp-json\/wp\/v2\/posts\/28104"}],"collection":[{"href":"https:\/\/www.visiterarles.com\/en\/wp-json\/wp\/v2\/posts"}],"about":[{"href":"https:\/\/www.visiterarles.com\/en\/wp-json\/wp\/v2\/types\/post"}],"author":[{"embeddable":true,"href":"https:\/\/www.visiterarles.com\/en\/wp-json\/wp\/v2\/users\/1"}],"replies":[{"embeddable":true,"href":"https:\/\/www.visiterarles.com\/en\/wp-json\/wp\/v2\/comments?post=28104"}],"version-history":[{"count":0,"href":"https:\/\/www.visiterarles.com\/en\/wp-json\/wp\/v2\/posts\/28104\/revisions"}],"wp:attachment":[{"href":"https:\/\/www.visiterarles.com\/en\/wp-json\/wp\/v2\/media?parent=28104"}],"wp:term":[{"taxonomy":"category","embeddable":true,"href":"https:\/\/www.visiterarles.com\/en\/wp-json\/wp\/v2\/categories?post=28104"},{"taxonomy":"post_tag","embeddable":true,"href":"https:\/\/www.visiterarles.com\/en\/wp-json\/wp\/v2\/tags?post=28104"}],"curies":[{"name":"wp","href":"https:\/\/api.w.org\/{rel}","templated":true}]}}