{"id":28111,"date":"2014-11-08T10:28:00","date_gmt":"2014-11-08T10:28:00","guid":{"rendered":"http:\/\/www.visiterarles.com\/bon-plan-avec-des-enfants-arles-les-alyscs-la-location-de-velo-1421\/"},"modified":"2014-11-08T10:28:00","modified_gmt":"2014-11-08T10:28:00","slug":"bon-plan-avec-des-enfants-arles-les-alyscs-la-location-de-velo-1421","status":"publish","type":"post","link":"https:\/\/www.visiterarles.com\/en\/blog\/2014\/11\/08\/bon-plan-avec-des-enfants-arles-les-alyscs-la-location-de-velo-1421\/","title":{"rendered":"Bon plan avec des enfants Arles les Alyscamps : la location de v\u00e9lo"},"content":{"rendered":"<h4>Arles les Alyscamps : opter pour une location de v\u00e9lo, s\u00e9rieuse avec des enfants<\/h4>\n<p>Les thermes de constantin, le village de salins o\u00f9 bien la tour des mourgues, avec notre location de v\u00e9lo avec des enfants sur Arles les Alyscamps, sont des plus beaux endroits que vous ne sauriez manquer dans cette commune magnifique. V\u00e9lo-Taco, de fa\u00e7on \u00e0 vous aider \u00e0 profiter au maximum du moment pr\u00e9sent, va tout faire pour vous pr\u00e9senter, avec la sensation d&rsquo;oeuvrer d&rsquo;une mani\u00e8re \u00e9co responsable, le meilleur du meilleur de la culture au sein de cette commune extraordinaire, via une location de v\u00e9lo avec des enfants sur Arles les Alyscamps.<\/p>\n<h4>Par quel moyen s\u2019y prendre pour d\u00e9nicher une location de v\u00e9lo avec des enfants sur Arles<\/h4>\n<p>Lorsqu&rsquo;on a l&rsquo;intention de prendre connaissance du sublime patrimoine de la ville, une location de v\u00e9lo avec des enfants entre autre dans Arles, pour ne citer que cela, est tr\u00e8s adapt\u00e9e. En arrivant \u00e0 Arles, vous pourrez demander notre location de v\u00e9lo entre autre dans la gare ferroviaire. Les visiteurs de tout poil appr\u00e9cieront notre <a href=\"http:\/\/www.visiterarles.com\/en\/arles-location-de-velo-avec-des-enfants-1143\/\">location de v\u00e9lo sur Arles<\/a>, avec des enfants leur convenant incontestablement.<\/p>","protected":false},"excerpt":{"rendered":"<p>Arles les Alyscamps : opter pour une location de v\u00e9lo, s\u00e9rieuse avec des enfants Les thermes de constantin, le village de salins o\u00f9 bien la tour des mourgues, avec notre location de v\u00e9lo avec des enfants sur Arles les Alyscamps, sont des plus beaux endroits que vous ne sauriez manquer dans cette commune magnifique. V\u00e9lo-Taco, [&hellip;]<\/p>","protected":false},"author":1,"featured_media":0,"comment_status":"open","ping_status":"open","sticky":false,"template":"","format":"standard","meta":{"footnotes":""},"categories":[55],"tags":[],"aioseo_notices":[],"yoast_head":"<!-- This site is optimized with the Yoast SEO plugin v22.3 - https:\/\/yoast.com\/wordpress\/plugins\/seo\/ -->\n<title>Bon plan avec des enfants Arles les Alyscamps : la location de v\u00e9lo - Visiter Arles<\/title>\n<meta name=\"robots\" content=\"index, follow, max-snippet:-1, max-image-preview:large, max-video-preview:-1\" \/>\n<link rel=\"canonical\" href=\"https:\/\/www.visiterarles.com\/en\/blog\/2014\/11\/08\/bon-plan-avec-des-enfants-arles-les-alyscs-la-location-de-velo-1421\/\" \/>\n<meta name=\"twitter:label1\" content=\"Written by\" \/>\n\t<meta name=\"twitter:data1\" content=\"Linkadm\" \/>\n\t<meta name=\"twitter:label2\" content=\"Estimated reading time\" \/>\n\t<meta name=\"twitter:data2\" content=\"1 minute\" \/>\n<script type=\"application\/ld+json\" class=\"yoast-schema-graph\">{\"@context\":\"https:\/\/schema.org\",\"@graph\":[{\"@type\":\"Article\",\"@id\":\"https:\/\/www.visiterarles.com\/blog\/2014\/11\/08\/bon-plan-avec-des-enfants-arles-les-alyscs-la-location-de-velo-1421\/#article\",\"isPartOf\":{\"@id\":\"https:\/\/www.visiterarles.com\/blog\/2014\/11\/08\/bon-plan-avec-des-enfants-arles-les-alyscs-la-location-de-velo-1421\/\"},\"author\":{\"name\":\"Linkadm\",\"@id\":\"https:\/\/www.visiterarles.com\/en\/#\/schema\/person\/ba5912e4613018f479a2d86815a53576\"},\"headline\":\"Bon plan avec des enfants Arles les Alyscamps : la location de v\u00e9lo\",\"datePublished\":\"2014-11-08T10:28:00+00:00\",\"dateModified\":\"2014-11-08T10:28:00+00:00\",\"mainEntityOfPage\":{\"@id\":\"https:\/\/www.visiterarles.com\/blog\/2014\/11\/08\/bon-plan-avec-des-enfants-arles-les-alyscs-la-location-de-velo-1421\/\"},\"wordCount\":219,\"commentCount\":0,\"publisher\":{\"@id\":\"https:\/\/www.visiterarles.com\/en\/#organization\"},\"articleSection\":[\"Informations\"],\"inLanguage\":\"en-GB\",\"potentialAction\":[{\"@type\":\"CommentAction\",\"name\":\"Comment\",\"target\":[\"https:\/\/www.visiterarles.com\/blog\/2014\/11\/08\/bon-plan-avec-des-enfants-arles-les-alyscs-la-location-de-velo-1421\/#respond\"]}]},{\"@type\":\"WebPage\",\"@id\":\"https:\/\/www.visiterarles.com\/blog\/2014\/11\/08\/bon-plan-avec-des-enfants-arles-les-alyscs-la-location-de-velo-1421\/\",\"url\":\"https:\/\/www.visiterarles.com\/blog\/2014\/11\/08\/bon-plan-avec-des-enfants-arles-les-alyscs-la-location-de-velo-1421\/\",\"name\":\"Bon plan avec des enfants Arles les Alyscamps : la location de v\u00e9lo - Visiter Arles\",\"isPartOf\":{\"@id\":\"https:\/\/www.visiterarles.com\/en\/#website\"},\"datePublished\":\"2014-11-08T10:28:00+00:00\",\"dateModified\":\"2014-11-08T10:28:00+00:00\",\"breadcrumb\":{\"@id\":\"https:\/\/www.visiterarles.com\/blog\/2014\/11\/08\/bon-plan-avec-des-enfants-arles-les-alyscs-la-location-de-velo-1421\/#breadcrumb\"},\"inLanguage\":\"en-GB\",\"potentialAction\":[{\"@type\":\"ReadAction\",\"target\":[\"https:\/\/www.visiterarles.com\/blog\/2014\/11\/08\/bon-plan-avec-des-enfants-arles-les-alyscs-la-location-de-velo-1421\/\"]}]},{\"@type\":\"BreadcrumbList\",\"@id\":\"https:\/\/www.visiterarles.com\/blog\/2014\/11\/08\/bon-plan-avec-des-enfants-arles-les-alyscs-la-location-de-velo-1421\/#breadcrumb\",\"itemListElement\":[{\"@type\":\"ListItem\",\"position\":1,\"name\":\"Home\",\"item\":\"https:\/\/www.visiterarles.com\/\"},{\"@type\":\"ListItem\",\"position\":2,\"name\":\"Bon plan avec des enfants Arles les Alyscamps : la location de v\u00e9lo\"}]},{\"@type\":\"WebSite\",\"@id\":\"https:\/\/www.visiterarles.com\/en\/#website\",\"url\":\"https:\/\/www.visiterarles.com\/en\/\",\"name\":\"Visiter Arles\",\"description\":\"Tourisme en Provence \u00e0 Arles\",\"publisher\":{\"@id\":\"https:\/\/www.visiterarles.com\/en\/#organization\"},\"potentialAction\":[{\"@type\":\"SearchAction\",\"target\":{\"@type\":\"EntryPoint\",\"urlTemplate\":\"https:\/\/www.visiterarles.com\/en\/?s={search_term_string}\"},\"query-input\":\"required name=search_term_string\"}],\"inLanguage\":\"en-GB\"},{\"@type\":\"Organization\",\"@id\":\"https:\/\/www.visiterarles.com\/en\/#organization\",\"name\":\"Visiter Arles\",\"url\":\"https:\/\/www.visiterarles.com\/en\/\",\"logo\":{\"@type\":\"ImageObject\",\"inLanguage\":\"en-GB\",\"@id\":\"https:\/\/www.visiterarles.com\/en\/#\/schema\/logo\/image\/\",\"url\":\"https:\/\/www.visiterarles.com\/wp-content\/uploads\/2017\/10\/taco-and-co-1-1.jpg\",\"contentUrl\":\"https:\/\/www.visiterarles.com\/wp-content\/uploads\/2017\/10\/taco-and-co-1-1.jpg\",\"width\":124,\"height\":73,\"caption\":\"Visiter Arles\"},\"image\":{\"@id\":\"https:\/\/www.visiterarles.com\/en\/#\/schema\/logo\/image\/\"}},{\"@type\":\"Person\",\"@id\":\"https:\/\/www.visiterarles.com\/en\/#\/schema\/person\/ba5912e4613018f479a2d86815a53576\",\"name\":\"Linkadm\",\"image\":{\"@type\":\"ImageObject\",\"inLanguage\":\"en-GB\",\"@id\":\"https:\/\/www.visiterarles.com\/en\/#\/schema\/person\/image\/\",\"url\":\"https:\/\/secure.gravatar.com\/avatar\/4709ec209921503e8d8cc96168eddc49?s=96&d=mm&r=g\",\"contentUrl\":\"https:\/\/secure.gravatar.com\/avatar\/4709ec209921503e8d8cc96168eddc49?s=96&d=mm&r=g\",\"caption\":\"Linkadm\"},\"url\":\"https:\/\/www.visiterarles.com\/en\/blog\/author\/admin\/\"}]}<\/script>\n<!-- \/ Yoast SEO plugin. -->","yoast_head_json":{"title":"Bon plan avec des enfants Arles les Alyscamps : la location de v\u00e9lo - Visiter Arles","robots":{"index":"index","follow":"follow","max-snippet":"max-snippet:-1","max-image-preview":"max-image-preview:large","max-video-preview":"max-video-preview:-1"},"canonical":"https:\/\/www.visiterarles.com\/en\/blog\/2014\/11\/08\/bon-plan-avec-des-enfants-arles-les-alyscs-la-location-de-velo-1421\/","twitter_misc":{"Written by":"Linkadm","Estimated reading time":"1 minute"},"schema":{"@context":"https:\/\/schema.org","@graph":[{"@type":"Article","@id":"https:\/\/www.visiterarles.com\/blog\/2014\/11\/08\/bon-plan-avec-des-enfants-arles-les-alyscs-la-location-de-velo-1421\/#article","isPartOf":{"@id":"https:\/\/www.visiterarles.com\/blog\/2014\/11\/08\/bon-plan-avec-des-enfants-arles-les-alyscs-la-location-de-velo-1421\/"},"author":{"name":"Linkadm","@id":"https:\/\/www.visiterarles.com\/en\/#\/schema\/person\/ba5912e4613018f479a2d86815a53576"},"headline":"Bon plan avec des enfants Arles les Alyscamps : la location de v\u00e9lo","datePublished":"2014-11-08T10:28:00+00:00","dateModified":"2014-11-08T10:28:00+00:00","mainEntityOfPage":{"@id":"https:\/\/www.visiterarles.com\/blog\/2014\/11\/08\/bon-plan-avec-des-enfants-arles-les-alyscs-la-location-de-velo-1421\/"},"wordCount":219,"commentCount":0,"publisher":{"@id":"https:\/\/www.visiterarles.com\/en\/#organization"},"articleSection":["Informations"],"inLanguage":"en-GB","potentialAction":[{"@type":"CommentAction","name":"Comment","target":["https:\/\/www.visiterarles.com\/blog\/2014\/11\/08\/bon-plan-avec-des-enfants-arles-les-alyscs-la-location-de-velo-1421\/#respond"]}]},{"@type":"WebPage","@id":"https:\/\/www.visiterarles.com\/blog\/2014\/11\/08\/bon-plan-avec-des-enfants-arles-les-alyscs-la-location-de-velo-1421\/","url":"https:\/\/www.visiterarles.com\/blog\/2014\/11\/08\/bon-plan-avec-des-enfants-arles-les-alyscs-la-location-de-velo-1421\/","name":"Bon plan avec des enfants Arles les Alyscamps : la location de v\u00e9lo - Visiter Arles","isPartOf":{"@id":"https:\/\/www.visiterarles.com\/en\/#website"},"datePublished":"2014-11-08T10:28:00+00:00","dateModified":"2014-11-08T10:28:00+00:00","breadcrumb":{"@id":"https:\/\/www.visiterarles.com\/blog\/2014\/11\/08\/bon-plan-avec-des-enfants-arles-les-alyscs-la-location-de-velo-1421\/#breadcrumb"},"inLanguage":"en-GB","potentialAction":[{"@type":"ReadAction","target":["https:\/\/www.visiterarles.com\/blog\/2014\/11\/08\/bon-plan-avec-des-enfants-arles-les-alyscs-la-location-de-velo-1421\/"]}]},{"@type":"BreadcrumbList","@id":"https:\/\/www.visiterarles.com\/blog\/2014\/11\/08\/bon-plan-avec-des-enfants-arles-les-alyscs-la-location-de-velo-1421\/#breadcrumb","itemListElement":[{"@type":"ListItem","position":1,"name":"Home","item":"https:\/\/www.visiterarles.com\/"},{"@type":"ListItem","position":2,"name":"Bon plan avec des enfants Arles les Alyscamps : la location de v\u00e9lo"}]},{"@type":"WebSite","@id":"https:\/\/www.visiterarles.com\/en\/#website","url":"https:\/\/www.visiterarles.com\/en\/","name":"Visiter Arles","description":"Tourisme en Provence \u00e0 Arles","publisher":{"@id":"https:\/\/www.visiterarles.com\/en\/#organization"},"potentialAction":[{"@type":"SearchAction","target":{"@type":"EntryPoint","urlTemplate":"https:\/\/www.visiterarles.com\/en\/?s={search_term_string}"},"query-input":"required name=search_term_string"}],"inLanguage":"en-GB"},{"@type":"Organization","@id":"https:\/\/www.visiterarles.com\/en\/#organization","name":"Visiter Arles","url":"https:\/\/www.visiterarles.com\/en\/","logo":{"@type":"ImageObject","inLanguage":"en-GB","@id":"https:\/\/www.visiterarles.com\/en\/#\/schema\/logo\/image\/","url":"https:\/\/www.visiterarles.com\/wp-content\/uploads\/2017\/10\/taco-and-co-1-1.jpg","contentUrl":"https:\/\/www.visiterarles.com\/wp-content\/uploads\/2017\/10\/taco-and-co-1-1.jpg","width":124,"height":73,"caption":"Visiter Arles"},"image":{"@id":"https:\/\/www.visiterarles.com\/en\/#\/schema\/logo\/image\/"}},{"@type":"Person","@id":"https:\/\/www.visiterarles.com\/en\/#\/schema\/person\/ba5912e4613018f479a2d86815a53576","name":"Linkadm","image":{"@type":"ImageObject","inLanguage":"en-GB","@id":"https:\/\/www.visiterarles.com\/en\/#\/schema\/person\/image\/","url":"https:\/\/secure.gravatar.com\/avatar\/4709ec209921503e8d8cc96168eddc49?s=96&d=mm&r=g","contentUrl":"https:\/\/secure.gravatar.com\/avatar\/4709ec209921503e8d8cc96168eddc49?s=96&d=mm&r=g","caption":"Linkadm"},"url":"https:\/\/www.visiterarles.com\/en\/blog\/author\/admin\/"}]}},"_links":{"self":[{"href":"https:\/\/www.visiterarles.com\/en\/wp-json\/wp\/v2\/posts\/28111"}],"collection":[{"href":"https:\/\/www.visiterarles.com\/en\/wp-json\/wp\/v2\/posts"}],"about":[{"href":"https:\/\/www.visiterarles.com\/en\/wp-json\/wp\/v2\/types\/post"}],"author":[{"embeddable":true,"href":"https:\/\/www.visiterarles.com\/en\/wp-json\/wp\/v2\/users\/1"}],"replies":[{"embeddable":true,"href":"https:\/\/www.visiterarles.com\/en\/wp-json\/wp\/v2\/comments?post=28111"}],"version-history":[{"count":0,"href":"https:\/\/www.visiterarles.com\/en\/wp-json\/wp\/v2\/posts\/28111\/revisions"}],"wp:attachment":[{"href":"https:\/\/www.visiterarles.com\/en\/wp-json\/wp\/v2\/media?parent=28111"}],"wp:term":[{"taxonomy":"category","embeddable":true,"href":"https:\/\/www.visiterarles.com\/en\/wp-json\/wp\/v2\/categories?post=28111"},{"taxonomy":"post_tag","embeddable":true,"href":"https:\/\/www.visiterarles.com\/en\/wp-json\/wp\/v2\/tags?post=28111"}],"curies":[{"name":"wp","href":"https:\/\/api.w.org\/{rel}","templated":true}]}}