{"id":28115,"date":"2014-11-09T14:32:00","date_gmt":"2014-11-09T14:32:00","guid":{"rendered":"http:\/\/www.visiterarles.com\/avec-un-bebe-arles-historique-la-location-de-velo-1768\/"},"modified":"2014-11-09T14:32:00","modified_gmt":"2014-11-09T14:32:00","slug":"avec-un-bebe-arles-historique-la-location-de-velo-1768","status":"publish","type":"post","link":"https:\/\/www.visiterarles.com\/en\/blog\/2014\/11\/09\/avec-un-bebe-arles-historique-la-location-de-velo-1768\/","title":{"rendered":"Avec un b\u00e9b\u00e9 Arles historique : la location de v\u00e9lo"},"content":{"rendered":"<h4>Location de v\u00e9lo avec un b\u00e9b\u00e9 \u00e0 Arles historique : o\u00f9 trouver un interlocuteur de confiance<\/h4>\n<p>Les tours de la cavalerie, le mus\u00e9e du riz o\u00f9 bien le march\u00e9 de provence, par l&rsquo;interm\u00e9diaire de notre location de v\u00e9lo avec un b\u00e9b\u00e9 \u00e0 Arles historique, sont des hauts lieux que vous ne sauriez manquer au sein de cette commune splendide. Taco  and  co, de fa\u00e7on \u00e0 vous assister pour jouir totalement de la vie, va tout faire pour vous pr\u00e9senter, avec l&rsquo;impression d&rsquo;oeuvrer de fa\u00e7on respectueuse de l\u2019environnement, le meilleur des richesses de la ville dans cette commune magnifique, par l&rsquo;interm\u00e9diaire d&rsquo;une <a href=\"http:\/\/www.visiterarles.com\/en\/votre-location-de-velo-avec-un-bebe-a-arles-1468\/\">location de v\u00e9lo avec un b\u00e9b\u00e9 \u00e0 Arles<\/a> historique.<\/p>\n<h4>Avec un b\u00e9b\u00e9 \u00e0 Arles : pour quelle raison choisir notre location de v\u00e9lo<\/h4>\n<p>Faire la d\u00e9couverte du ravissant capital de la commune via notre location de v\u00e9lo avec un b\u00e9b\u00e9 \u00e0 Arles peut \u00eatre une solution appropri\u00e9e pour qui le d\u00e9sire. Dans la gare sncf, en arrivant sur Arles, vous pourrez r\u00e9clamer notre location de v\u00e9lo. Les consommateurs en tout genre aimeront notre location de v\u00e9lo \u00e0 Arles, avec un b\u00e9b\u00e9 qui leur plaira sans aucun doute.<\/p>","protected":false},"excerpt":{"rendered":"<p>Location de v\u00e9lo avec un b\u00e9b\u00e9 \u00e0 Arles historique : o\u00f9 trouver un interlocuteur de confiance Les tours de la cavalerie, le mus\u00e9e du riz o\u00f9 bien le march\u00e9 de provence, par l&rsquo;interm\u00e9diaire de notre location de v\u00e9lo avec un b\u00e9b\u00e9 \u00e0 Arles historique, sont des hauts lieux que vous ne sauriez manquer au sein [&hellip;]<\/p>","protected":false},"author":1,"featured_media":0,"comment_status":"open","ping_status":"open","sticky":false,"template":"","format":"standard","meta":{"footnotes":""},"categories":[55],"tags":[],"aioseo_notices":[],"yoast_head":"<!-- This site is optimized with the Yoast SEO plugin v22.3 - https:\/\/yoast.com\/wordpress\/plugins\/seo\/ -->\n<title>Avec un b\u00e9b\u00e9 Arles historique : la location de v\u00e9lo - Visiter Arles<\/title>\n<meta name=\"robots\" content=\"index, follow, max-snippet:-1, max-image-preview:large, max-video-preview:-1\" \/>\n<link rel=\"canonical\" href=\"https:\/\/www.visiterarles.com\/en\/blog\/2014\/11\/09\/avec-un-bebe-arles-historique-la-location-de-velo-1768\/\" \/>\n<meta name=\"twitter:label1\" content=\"Written by\" \/>\n\t<meta name=\"twitter:data1\" content=\"Linkadm\" \/>\n\t<meta name=\"twitter:label2\" content=\"Estimated reading time\" \/>\n\t<meta name=\"twitter:data2\" content=\"1 minute\" \/>\n<script type=\"application\/ld+json\" class=\"yoast-schema-graph\">{\"@context\":\"https:\/\/schema.org\",\"@graph\":[{\"@type\":\"Article\",\"@id\":\"https:\/\/www.visiterarles.com\/blog\/2014\/11\/09\/avec-un-bebe-arles-historique-la-location-de-velo-1768\/#article\",\"isPartOf\":{\"@id\":\"https:\/\/www.visiterarles.com\/blog\/2014\/11\/09\/avec-un-bebe-arles-historique-la-location-de-velo-1768\/\"},\"author\":{\"name\":\"Linkadm\",\"@id\":\"https:\/\/www.visiterarles.com\/en\/#\/schema\/person\/ba5912e4613018f479a2d86815a53576\"},\"headline\":\"Avec un b\u00e9b\u00e9 Arles historique : la location de v\u00e9lo\",\"datePublished\":\"2014-11-09T14:32:00+00:00\",\"dateModified\":\"2014-11-09T14:32:00+00:00\",\"mainEntityOfPage\":{\"@id\":\"https:\/\/www.visiterarles.com\/blog\/2014\/11\/09\/avec-un-bebe-arles-historique-la-location-de-velo-1768\/\"},\"wordCount\":219,\"commentCount\":0,\"publisher\":{\"@id\":\"https:\/\/www.visiterarles.com\/en\/#organization\"},\"articleSection\":[\"Informations\"],\"inLanguage\":\"en-GB\",\"potentialAction\":[{\"@type\":\"CommentAction\",\"name\":\"Comment\",\"target\":[\"https:\/\/www.visiterarles.com\/blog\/2014\/11\/09\/avec-un-bebe-arles-historique-la-location-de-velo-1768\/#respond\"]}]},{\"@type\":\"WebPage\",\"@id\":\"https:\/\/www.visiterarles.com\/blog\/2014\/11\/09\/avec-un-bebe-arles-historique-la-location-de-velo-1768\/\",\"url\":\"https:\/\/www.visiterarles.com\/blog\/2014\/11\/09\/avec-un-bebe-arles-historique-la-location-de-velo-1768\/\",\"name\":\"Avec un b\u00e9b\u00e9 Arles historique : la location de v\u00e9lo - Visiter Arles\",\"isPartOf\":{\"@id\":\"https:\/\/www.visiterarles.com\/en\/#website\"},\"datePublished\":\"2014-11-09T14:32:00+00:00\",\"dateModified\":\"2014-11-09T14:32:00+00:00\",\"breadcrumb\":{\"@id\":\"https:\/\/www.visiterarles.com\/blog\/2014\/11\/09\/avec-un-bebe-arles-historique-la-location-de-velo-1768\/#breadcrumb\"},\"inLanguage\":\"en-GB\",\"potentialAction\":[{\"@type\":\"ReadAction\",\"target\":[\"https:\/\/www.visiterarles.com\/blog\/2014\/11\/09\/avec-un-bebe-arles-historique-la-location-de-velo-1768\/\"]}]},{\"@type\":\"BreadcrumbList\",\"@id\":\"https:\/\/www.visiterarles.com\/blog\/2014\/11\/09\/avec-un-bebe-arles-historique-la-location-de-velo-1768\/#breadcrumb\",\"itemListElement\":[{\"@type\":\"ListItem\",\"position\":1,\"name\":\"Home\",\"item\":\"https:\/\/www.visiterarles.com\/\"},{\"@type\":\"ListItem\",\"position\":2,\"name\":\"Avec un b\u00e9b\u00e9 Arles historique : la location de v\u00e9lo\"}]},{\"@type\":\"WebSite\",\"@id\":\"https:\/\/www.visiterarles.com\/en\/#website\",\"url\":\"https:\/\/www.visiterarles.com\/en\/\",\"name\":\"Visiter Arles\",\"description\":\"Tourisme en Provence \u00e0 Arles\",\"publisher\":{\"@id\":\"https:\/\/www.visiterarles.com\/en\/#organization\"},\"potentialAction\":[{\"@type\":\"SearchAction\",\"target\":{\"@type\":\"EntryPoint\",\"urlTemplate\":\"https:\/\/www.visiterarles.com\/en\/?s={search_term_string}\"},\"query-input\":\"required name=search_term_string\"}],\"inLanguage\":\"en-GB\"},{\"@type\":\"Organization\",\"@id\":\"https:\/\/www.visiterarles.com\/en\/#organization\",\"name\":\"Visiter Arles\",\"url\":\"https:\/\/www.visiterarles.com\/en\/\",\"logo\":{\"@type\":\"ImageObject\",\"inLanguage\":\"en-GB\",\"@id\":\"https:\/\/www.visiterarles.com\/en\/#\/schema\/logo\/image\/\",\"url\":\"https:\/\/www.visiterarles.com\/wp-content\/uploads\/2017\/10\/taco-and-co-1-1.jpg\",\"contentUrl\":\"https:\/\/www.visiterarles.com\/wp-content\/uploads\/2017\/10\/taco-and-co-1-1.jpg\",\"width\":124,\"height\":73,\"caption\":\"Visiter Arles\"},\"image\":{\"@id\":\"https:\/\/www.visiterarles.com\/en\/#\/schema\/logo\/image\/\"}},{\"@type\":\"Person\",\"@id\":\"https:\/\/www.visiterarles.com\/en\/#\/schema\/person\/ba5912e4613018f479a2d86815a53576\",\"name\":\"Linkadm\",\"image\":{\"@type\":\"ImageObject\",\"inLanguage\":\"en-GB\",\"@id\":\"https:\/\/www.visiterarles.com\/en\/#\/schema\/person\/image\/\",\"url\":\"https:\/\/secure.gravatar.com\/avatar\/4709ec209921503e8d8cc96168eddc49?s=96&d=mm&r=g\",\"contentUrl\":\"https:\/\/secure.gravatar.com\/avatar\/4709ec209921503e8d8cc96168eddc49?s=96&d=mm&r=g\",\"caption\":\"Linkadm\"},\"url\":\"https:\/\/www.visiterarles.com\/en\/blog\/author\/admin\/\"}]}<\/script>\n<!-- \/ Yoast SEO plugin. -->","yoast_head_json":{"title":"Avec un b\u00e9b\u00e9 Arles historique : la location de v\u00e9lo - Visiter Arles","robots":{"index":"index","follow":"follow","max-snippet":"max-snippet:-1","max-image-preview":"max-image-preview:large","max-video-preview":"max-video-preview:-1"},"canonical":"https:\/\/www.visiterarles.com\/en\/blog\/2014\/11\/09\/avec-un-bebe-arles-historique-la-location-de-velo-1768\/","twitter_misc":{"Written by":"Linkadm","Estimated reading time":"1 minute"},"schema":{"@context":"https:\/\/schema.org","@graph":[{"@type":"Article","@id":"https:\/\/www.visiterarles.com\/blog\/2014\/11\/09\/avec-un-bebe-arles-historique-la-location-de-velo-1768\/#article","isPartOf":{"@id":"https:\/\/www.visiterarles.com\/blog\/2014\/11\/09\/avec-un-bebe-arles-historique-la-location-de-velo-1768\/"},"author":{"name":"Linkadm","@id":"https:\/\/www.visiterarles.com\/en\/#\/schema\/person\/ba5912e4613018f479a2d86815a53576"},"headline":"Avec un b\u00e9b\u00e9 Arles historique : la location de v\u00e9lo","datePublished":"2014-11-09T14:32:00+00:00","dateModified":"2014-11-09T14:32:00+00:00","mainEntityOfPage":{"@id":"https:\/\/www.visiterarles.com\/blog\/2014\/11\/09\/avec-un-bebe-arles-historique-la-location-de-velo-1768\/"},"wordCount":219,"commentCount":0,"publisher":{"@id":"https:\/\/www.visiterarles.com\/en\/#organization"},"articleSection":["Informations"],"inLanguage":"en-GB","potentialAction":[{"@type":"CommentAction","name":"Comment","target":["https:\/\/www.visiterarles.com\/blog\/2014\/11\/09\/avec-un-bebe-arles-historique-la-location-de-velo-1768\/#respond"]}]},{"@type":"WebPage","@id":"https:\/\/www.visiterarles.com\/blog\/2014\/11\/09\/avec-un-bebe-arles-historique-la-location-de-velo-1768\/","url":"https:\/\/www.visiterarles.com\/blog\/2014\/11\/09\/avec-un-bebe-arles-historique-la-location-de-velo-1768\/","name":"Avec un b\u00e9b\u00e9 Arles historique : la location de v\u00e9lo - Visiter Arles","isPartOf":{"@id":"https:\/\/www.visiterarles.com\/en\/#website"},"datePublished":"2014-11-09T14:32:00+00:00","dateModified":"2014-11-09T14:32:00+00:00","breadcrumb":{"@id":"https:\/\/www.visiterarles.com\/blog\/2014\/11\/09\/avec-un-bebe-arles-historique-la-location-de-velo-1768\/#breadcrumb"},"inLanguage":"en-GB","potentialAction":[{"@type":"ReadAction","target":["https:\/\/www.visiterarles.com\/blog\/2014\/11\/09\/avec-un-bebe-arles-historique-la-location-de-velo-1768\/"]}]},{"@type":"BreadcrumbList","@id":"https:\/\/www.visiterarles.com\/blog\/2014\/11\/09\/avec-un-bebe-arles-historique-la-location-de-velo-1768\/#breadcrumb","itemListElement":[{"@type":"ListItem","position":1,"name":"Home","item":"https:\/\/www.visiterarles.com\/"},{"@type":"ListItem","position":2,"name":"Avec un b\u00e9b\u00e9 Arles historique : la location de v\u00e9lo"}]},{"@type":"WebSite","@id":"https:\/\/www.visiterarles.com\/en\/#website","url":"https:\/\/www.visiterarles.com\/en\/","name":"Visiter Arles","description":"Tourisme en Provence \u00e0 Arles","publisher":{"@id":"https:\/\/www.visiterarles.com\/en\/#organization"},"potentialAction":[{"@type":"SearchAction","target":{"@type":"EntryPoint","urlTemplate":"https:\/\/www.visiterarles.com\/en\/?s={search_term_string}"},"query-input":"required name=search_term_string"}],"inLanguage":"en-GB"},{"@type":"Organization","@id":"https:\/\/www.visiterarles.com\/en\/#organization","name":"Visiter Arles","url":"https:\/\/www.visiterarles.com\/en\/","logo":{"@type":"ImageObject","inLanguage":"en-GB","@id":"https:\/\/www.visiterarles.com\/en\/#\/schema\/logo\/image\/","url":"https:\/\/www.visiterarles.com\/wp-content\/uploads\/2017\/10\/taco-and-co-1-1.jpg","contentUrl":"https:\/\/www.visiterarles.com\/wp-content\/uploads\/2017\/10\/taco-and-co-1-1.jpg","width":124,"height":73,"caption":"Visiter Arles"},"image":{"@id":"https:\/\/www.visiterarles.com\/en\/#\/schema\/logo\/image\/"}},{"@type":"Person","@id":"https:\/\/www.visiterarles.com\/en\/#\/schema\/person\/ba5912e4613018f479a2d86815a53576","name":"Linkadm","image":{"@type":"ImageObject","inLanguage":"en-GB","@id":"https:\/\/www.visiterarles.com\/en\/#\/schema\/person\/image\/","url":"https:\/\/secure.gravatar.com\/avatar\/4709ec209921503e8d8cc96168eddc49?s=96&d=mm&r=g","contentUrl":"https:\/\/secure.gravatar.com\/avatar\/4709ec209921503e8d8cc96168eddc49?s=96&d=mm&r=g","caption":"Linkadm"},"url":"https:\/\/www.visiterarles.com\/en\/blog\/author\/admin\/"}]}},"_links":{"self":[{"href":"https:\/\/www.visiterarles.com\/en\/wp-json\/wp\/v2\/posts\/28115"}],"collection":[{"href":"https:\/\/www.visiterarles.com\/en\/wp-json\/wp\/v2\/posts"}],"about":[{"href":"https:\/\/www.visiterarles.com\/en\/wp-json\/wp\/v2\/types\/post"}],"author":[{"embeddable":true,"href":"https:\/\/www.visiterarles.com\/en\/wp-json\/wp\/v2\/users\/1"}],"replies":[{"embeddable":true,"href":"https:\/\/www.visiterarles.com\/en\/wp-json\/wp\/v2\/comments?post=28115"}],"version-history":[{"count":0,"href":"https:\/\/www.visiterarles.com\/en\/wp-json\/wp\/v2\/posts\/28115\/revisions"}],"wp:attachment":[{"href":"https:\/\/www.visiterarles.com\/en\/wp-json\/wp\/v2\/media?parent=28115"}],"wp:term":[{"taxonomy":"category","embeddable":true,"href":"https:\/\/www.visiterarles.com\/en\/wp-json\/wp\/v2\/categories?post=28115"},{"taxonomy":"post_tag","embeddable":true,"href":"https:\/\/www.visiterarles.com\/en\/wp-json\/wp\/v2\/tags?post=28115"}],"curies":[{"name":"wp","href":"https:\/\/api.w.org\/{rel}","templated":true}]}}