{"id":28118,"date":"2014-11-10T17:06:00","date_gmt":"2014-11-10T17:06:00","guid":{"rendered":"http:\/\/www.visiterarles.com\/bon-plan-la-location-de-velo-avec-un-bebe-a-arles-ancien-220\/"},"modified":"2014-11-10T17:06:00","modified_gmt":"2014-11-10T17:06:00","slug":"bon-plan-la-location-de-velo-avec-un-bebe-a-arles-ancien-220","status":"publish","type":"post","link":"https:\/\/www.visiterarles.com\/en\/blog\/2014\/11\/10\/bon-plan-la-location-de-velo-avec-un-bebe-a-arles-ancien-220\/","title":{"rendered":"Bon plan : la location de v\u00e9lo avec un b\u00e9b\u00e9 \u00e0 Arles ancien"},"content":{"rendered":"<h4>Taco  and  co sur Arles ancien votre contact s\u00e9rieux avec un b\u00e9b\u00e9<\/h4>\n<p>Les lieux prestigieux poussent \u00e0 tous les coins de rue, en cons\u00e9quence, notre location de v\u00e9lo avec un b\u00e9b\u00e9 sur Arles ancien vous permettra de profiter pleinement des thermes de constantin, du marais du vigueirat o\u00f9 alors de l&rsquo;\u00e9glise saint blaise. Pour vous \u00e9pauler pour profiter pleinement de la vie culturelle, avec le sentiment d&rsquo;\u0153uvrer de fa\u00e7on \u00e9co-responsable, notre <a href=\"http:\/\/www.visiterarles.com\/en\/votre-location-de-velo-avec-un-bebe-a-arles-1468\/\">location de v\u00e9lo avec un b\u00e9b\u00e9 sur Arles<\/a> ancien vous fera jouir de l&rsquo;existence.<\/p>\n<h4>Arles : trouver la location de v\u00e9lo avec un b\u00e9b\u00e9, qu&rsquo;il vous faut<\/h4>\n<p>Pour qui a envie de d\u00e9couvrir le somptueux centre historique, une location de v\u00e9lo avec un b\u00e9b\u00e9 entre autre dans Arles, entre autres, est tr\u00e8s adapt\u00e9e. En arrivant \u00e0 Arles, vous pourrez r\u00e9clamer notre location de v\u00e9lo entre autre dans la gare sncf. Les visiteurs en tout genre appr\u00e9cieront notre location de v\u00e9lo sur Arles, avec un b\u00e9b\u00e9 leur convenant sans aucun doute.<\/p>","protected":false},"excerpt":{"rendered":"<p>Taco and co sur Arles ancien votre contact s\u00e9rieux avec un b\u00e9b\u00e9 Les lieux prestigieux poussent \u00e0 tous les coins de rue, en cons\u00e9quence, notre location de v\u00e9lo avec un b\u00e9b\u00e9 sur Arles ancien vous permettra de profiter pleinement des thermes de constantin, du marais du vigueirat o\u00f9 alors de l&rsquo;\u00e9glise saint blaise. Pour vous [&hellip;]<\/p>","protected":false},"author":1,"featured_media":0,"comment_status":"open","ping_status":"open","sticky":false,"template":"","format":"standard","meta":{"footnotes":""},"categories":[55],"tags":[],"aioseo_notices":[],"yoast_head":"<!-- This site is optimized with the Yoast SEO plugin v22.3 - https:\/\/yoast.com\/wordpress\/plugins\/seo\/ -->\n<title>Bon plan : la location de v\u00e9lo avec un b\u00e9b\u00e9 \u00e0 Arles ancien - Visiter Arles<\/title>\n<meta name=\"robots\" content=\"index, follow, max-snippet:-1, max-image-preview:large, max-video-preview:-1\" \/>\n<link rel=\"canonical\" href=\"https:\/\/www.visiterarles.com\/en\/blog\/2014\/11\/10\/bon-plan-la-location-de-velo-avec-un-bebe-a-arles-ancien-220\/\" \/>\n<meta name=\"twitter:label1\" content=\"Written by\" \/>\n\t<meta name=\"twitter:data1\" content=\"Linkadm\" \/>\n\t<meta name=\"twitter:label2\" content=\"Estimated reading time\" \/>\n\t<meta name=\"twitter:data2\" content=\"1 minute\" \/>\n<script type=\"application\/ld+json\" class=\"yoast-schema-graph\">{\"@context\":\"https:\/\/schema.org\",\"@graph\":[{\"@type\":\"Article\",\"@id\":\"https:\/\/www.visiterarles.com\/en\/blog\/2014\/11\/10\/bon-plan-la-location-de-velo-avec-un-bebe-a-arles-ancien-220\/#article\",\"isPartOf\":{\"@id\":\"https:\/\/www.visiterarles.com\/en\/blog\/2014\/11\/10\/bon-plan-la-location-de-velo-avec-un-bebe-a-arles-ancien-220\/\"},\"author\":{\"name\":\"Linkadm\",\"@id\":\"https:\/\/www.visiterarles.com\/en\/#\/schema\/person\/ba5912e4613018f479a2d86815a53576\"},\"headline\":\"Bon plan : la location de v\u00e9lo avec un b\u00e9b\u00e9 \u00e0 Arles ancien\",\"datePublished\":\"2014-11-10T17:06:00+00:00\",\"dateModified\":\"2014-11-10T17:06:00+00:00\",\"mainEntityOfPage\":{\"@id\":\"https:\/\/www.visiterarles.com\/en\/blog\/2014\/11\/10\/bon-plan-la-location-de-velo-avec-un-bebe-a-arles-ancien-220\/\"},\"wordCount\":195,\"commentCount\":0,\"publisher\":{\"@id\":\"https:\/\/www.visiterarles.com\/en\/#organization\"},\"articleSection\":[\"Informations\"],\"inLanguage\":\"en-GB\",\"potentialAction\":[{\"@type\":\"CommentAction\",\"name\":\"Comment\",\"target\":[\"https:\/\/www.visiterarles.com\/en\/blog\/2014\/11\/10\/bon-plan-la-location-de-velo-avec-un-bebe-a-arles-ancien-220\/#respond\"]}]},{\"@type\":\"WebPage\",\"@id\":\"https:\/\/www.visiterarles.com\/en\/blog\/2014\/11\/10\/bon-plan-la-location-de-velo-avec-un-bebe-a-arles-ancien-220\/\",\"url\":\"https:\/\/www.visiterarles.com\/en\/blog\/2014\/11\/10\/bon-plan-la-location-de-velo-avec-un-bebe-a-arles-ancien-220\/\",\"name\":\"Bon plan : la location de v\u00e9lo avec un b\u00e9b\u00e9 \u00e0 Arles ancien - Visiter Arles\",\"isPartOf\":{\"@id\":\"https:\/\/www.visiterarles.com\/en\/#website\"},\"datePublished\":\"2014-11-10T17:06:00+00:00\",\"dateModified\":\"2014-11-10T17:06:00+00:00\",\"breadcrumb\":{\"@id\":\"https:\/\/www.visiterarles.com\/en\/blog\/2014\/11\/10\/bon-plan-la-location-de-velo-avec-un-bebe-a-arles-ancien-220\/#breadcrumb\"},\"inLanguage\":\"en-GB\",\"potentialAction\":[{\"@type\":\"ReadAction\",\"target\":[\"https:\/\/www.visiterarles.com\/en\/blog\/2014\/11\/10\/bon-plan-la-location-de-velo-avec-un-bebe-a-arles-ancien-220\/\"]}]},{\"@type\":\"BreadcrumbList\",\"@id\":\"https:\/\/www.visiterarles.com\/en\/blog\/2014\/11\/10\/bon-plan-la-location-de-velo-avec-un-bebe-a-arles-ancien-220\/#breadcrumb\",\"itemListElement\":[{\"@type\":\"ListItem\",\"position\":1,\"name\":\"Home\",\"item\":\"https:\/\/www.visiterarles.com\/\"},{\"@type\":\"ListItem\",\"position\":2,\"name\":\"Bon plan : la location de v\u00e9lo avec un b\u00e9b\u00e9 \u00e0 Arles ancien\"}]},{\"@type\":\"WebSite\",\"@id\":\"https:\/\/www.visiterarles.com\/en\/#website\",\"url\":\"https:\/\/www.visiterarles.com\/en\/\",\"name\":\"Visiter Arles\",\"description\":\"Tourisme en Provence \u00e0 Arles\",\"publisher\":{\"@id\":\"https:\/\/www.visiterarles.com\/en\/#organization\"},\"potentialAction\":[{\"@type\":\"SearchAction\",\"target\":{\"@type\":\"EntryPoint\",\"urlTemplate\":\"https:\/\/www.visiterarles.com\/en\/?s={search_term_string}\"},\"query-input\":\"required name=search_term_string\"}],\"inLanguage\":\"en-GB\"},{\"@type\":\"Organization\",\"@id\":\"https:\/\/www.visiterarles.com\/en\/#organization\",\"name\":\"Visiter Arles\",\"url\":\"https:\/\/www.visiterarles.com\/en\/\",\"logo\":{\"@type\":\"ImageObject\",\"inLanguage\":\"en-GB\",\"@id\":\"https:\/\/www.visiterarles.com\/en\/#\/schema\/logo\/image\/\",\"url\":\"https:\/\/www.visiterarles.com\/wp-content\/uploads\/2017\/10\/taco-and-co-1-1.jpg\",\"contentUrl\":\"https:\/\/www.visiterarles.com\/wp-content\/uploads\/2017\/10\/taco-and-co-1-1.jpg\",\"width\":124,\"height\":73,\"caption\":\"Visiter Arles\"},\"image\":{\"@id\":\"https:\/\/www.visiterarles.com\/en\/#\/schema\/logo\/image\/\"}},{\"@type\":\"Person\",\"@id\":\"https:\/\/www.visiterarles.com\/en\/#\/schema\/person\/ba5912e4613018f479a2d86815a53576\",\"name\":\"Linkadm\",\"image\":{\"@type\":\"ImageObject\",\"inLanguage\":\"en-GB\",\"@id\":\"https:\/\/www.visiterarles.com\/en\/#\/schema\/person\/image\/\",\"url\":\"https:\/\/secure.gravatar.com\/avatar\/4709ec209921503e8d8cc96168eddc49?s=96&d=mm&r=g\",\"contentUrl\":\"https:\/\/secure.gravatar.com\/avatar\/4709ec209921503e8d8cc96168eddc49?s=96&d=mm&r=g\",\"caption\":\"Linkadm\"},\"url\":\"https:\/\/www.visiterarles.com\/en\/blog\/author\/admin\/\"}]}<\/script>\n<!-- \/ Yoast SEO plugin. -->","yoast_head_json":{"title":"Bon plan : la location de v\u00e9lo avec un b\u00e9b\u00e9 \u00e0 Arles ancien - Visiter Arles","robots":{"index":"index","follow":"follow","max-snippet":"max-snippet:-1","max-image-preview":"max-image-preview:large","max-video-preview":"max-video-preview:-1"},"canonical":"https:\/\/www.visiterarles.com\/en\/blog\/2014\/11\/10\/bon-plan-la-location-de-velo-avec-un-bebe-a-arles-ancien-220\/","twitter_misc":{"Written by":"Linkadm","Estimated reading time":"1 minute"},"schema":{"@context":"https:\/\/schema.org","@graph":[{"@type":"Article","@id":"https:\/\/www.visiterarles.com\/en\/blog\/2014\/11\/10\/bon-plan-la-location-de-velo-avec-un-bebe-a-arles-ancien-220\/#article","isPartOf":{"@id":"https:\/\/www.visiterarles.com\/en\/blog\/2014\/11\/10\/bon-plan-la-location-de-velo-avec-un-bebe-a-arles-ancien-220\/"},"author":{"name":"Linkadm","@id":"https:\/\/www.visiterarles.com\/en\/#\/schema\/person\/ba5912e4613018f479a2d86815a53576"},"headline":"Bon plan : la location de v\u00e9lo avec un b\u00e9b\u00e9 \u00e0 Arles ancien","datePublished":"2014-11-10T17:06:00+00:00","dateModified":"2014-11-10T17:06:00+00:00","mainEntityOfPage":{"@id":"https:\/\/www.visiterarles.com\/en\/blog\/2014\/11\/10\/bon-plan-la-location-de-velo-avec-un-bebe-a-arles-ancien-220\/"},"wordCount":195,"commentCount":0,"publisher":{"@id":"https:\/\/www.visiterarles.com\/en\/#organization"},"articleSection":["Informations"],"inLanguage":"en-GB","potentialAction":[{"@type":"CommentAction","name":"Comment","target":["https:\/\/www.visiterarles.com\/en\/blog\/2014\/11\/10\/bon-plan-la-location-de-velo-avec-un-bebe-a-arles-ancien-220\/#respond"]}]},{"@type":"WebPage","@id":"https:\/\/www.visiterarles.com\/en\/blog\/2014\/11\/10\/bon-plan-la-location-de-velo-avec-un-bebe-a-arles-ancien-220\/","url":"https:\/\/www.visiterarles.com\/en\/blog\/2014\/11\/10\/bon-plan-la-location-de-velo-avec-un-bebe-a-arles-ancien-220\/","name":"Bon plan : la location de v\u00e9lo avec un b\u00e9b\u00e9 \u00e0 Arles ancien - Visiter Arles","isPartOf":{"@id":"https:\/\/www.visiterarles.com\/en\/#website"},"datePublished":"2014-11-10T17:06:00+00:00","dateModified":"2014-11-10T17:06:00+00:00","breadcrumb":{"@id":"https:\/\/www.visiterarles.com\/en\/blog\/2014\/11\/10\/bon-plan-la-location-de-velo-avec-un-bebe-a-arles-ancien-220\/#breadcrumb"},"inLanguage":"en-GB","potentialAction":[{"@type":"ReadAction","target":["https:\/\/www.visiterarles.com\/en\/blog\/2014\/11\/10\/bon-plan-la-location-de-velo-avec-un-bebe-a-arles-ancien-220\/"]}]},{"@type":"BreadcrumbList","@id":"https:\/\/www.visiterarles.com\/en\/blog\/2014\/11\/10\/bon-plan-la-location-de-velo-avec-un-bebe-a-arles-ancien-220\/#breadcrumb","itemListElement":[{"@type":"ListItem","position":1,"name":"Home","item":"https:\/\/www.visiterarles.com\/"},{"@type":"ListItem","position":2,"name":"Bon plan : la location de v\u00e9lo avec un b\u00e9b\u00e9 \u00e0 Arles ancien"}]},{"@type":"WebSite","@id":"https:\/\/www.visiterarles.com\/en\/#website","url":"https:\/\/www.visiterarles.com\/en\/","name":"Visiter Arles","description":"Tourisme en Provence \u00e0 Arles","publisher":{"@id":"https:\/\/www.visiterarles.com\/en\/#organization"},"potentialAction":[{"@type":"SearchAction","target":{"@type":"EntryPoint","urlTemplate":"https:\/\/www.visiterarles.com\/en\/?s={search_term_string}"},"query-input":"required name=search_term_string"}],"inLanguage":"en-GB"},{"@type":"Organization","@id":"https:\/\/www.visiterarles.com\/en\/#organization","name":"Visiter Arles","url":"https:\/\/www.visiterarles.com\/en\/","logo":{"@type":"ImageObject","inLanguage":"en-GB","@id":"https:\/\/www.visiterarles.com\/en\/#\/schema\/logo\/image\/","url":"https:\/\/www.visiterarles.com\/wp-content\/uploads\/2017\/10\/taco-and-co-1-1.jpg","contentUrl":"https:\/\/www.visiterarles.com\/wp-content\/uploads\/2017\/10\/taco-and-co-1-1.jpg","width":124,"height":73,"caption":"Visiter Arles"},"image":{"@id":"https:\/\/www.visiterarles.com\/en\/#\/schema\/logo\/image\/"}},{"@type":"Person","@id":"https:\/\/www.visiterarles.com\/en\/#\/schema\/person\/ba5912e4613018f479a2d86815a53576","name":"Linkadm","image":{"@type":"ImageObject","inLanguage":"en-GB","@id":"https:\/\/www.visiterarles.com\/en\/#\/schema\/person\/image\/","url":"https:\/\/secure.gravatar.com\/avatar\/4709ec209921503e8d8cc96168eddc49?s=96&d=mm&r=g","contentUrl":"https:\/\/secure.gravatar.com\/avatar\/4709ec209921503e8d8cc96168eddc49?s=96&d=mm&r=g","caption":"Linkadm"},"url":"https:\/\/www.visiterarles.com\/en\/blog\/author\/admin\/"}]}},"_links":{"self":[{"href":"https:\/\/www.visiterarles.com\/en\/wp-json\/wp\/v2\/posts\/28118"}],"collection":[{"href":"https:\/\/www.visiterarles.com\/en\/wp-json\/wp\/v2\/posts"}],"about":[{"href":"https:\/\/www.visiterarles.com\/en\/wp-json\/wp\/v2\/types\/post"}],"author":[{"embeddable":true,"href":"https:\/\/www.visiterarles.com\/en\/wp-json\/wp\/v2\/users\/1"}],"replies":[{"embeddable":true,"href":"https:\/\/www.visiterarles.com\/en\/wp-json\/wp\/v2\/comments?post=28118"}],"version-history":[{"count":0,"href":"https:\/\/www.visiterarles.com\/en\/wp-json\/wp\/v2\/posts\/28118\/revisions"}],"wp:attachment":[{"href":"https:\/\/www.visiterarles.com\/en\/wp-json\/wp\/v2\/media?parent=28118"}],"wp:term":[{"taxonomy":"category","embeddable":true,"href":"https:\/\/www.visiterarles.com\/en\/wp-json\/wp\/v2\/categories?post=28118"},{"taxonomy":"post_tag","embeddable":true,"href":"https:\/\/www.visiterarles.com\/en\/wp-json\/wp\/v2\/tags?post=28118"}],"curies":[{"name":"wp","href":"https:\/\/api.w.org\/{rel}","templated":true}]}}