{"id":28121,"date":"2014-11-12T12:59:00","date_gmt":"2014-11-12T12:59:00","guid":{"rendered":"http:\/\/www.visiterarles.com\/bon-plan-la-location-de-velo-avec-un-bebe-a-arles-hauture-1261\/"},"modified":"2014-11-12T12:59:00","modified_gmt":"2014-11-12T12:59:00","slug":"bon-plan-la-location-de-velo-avec-un-bebe-a-arles-hauture-1261","status":"publish","type":"post","link":"https:\/\/www.visiterarles.com\/en\/blog\/2014\/11\/12\/bon-plan-la-location-de-velo-avec-un-bebe-a-arles-hauture-1261\/","title":{"rendered":"Bon plan : la location de v\u00e9lo avec un b\u00e9b\u00e9 \u00e0 Arles hauture"},"content":{"rendered":"<h4>Opter pour une location de v\u00e9lo, fiable, avec un b\u00e9b\u00e9 dans Arles hauture<\/h4>\n<p>Des cryptoportiques, du village de salins o\u00f9 de l&rsquo;\u00e9glise saint blaiseles cryptoportiques, l&rsquo;ecomus\u00e9e du sel o\u00f9 l&rsquo;\u00e9glise saint blaise, par l&rsquo;interm\u00e9diaire de notre location de v\u00e9lo avec un b\u00e9b\u00e9 Arles hauture, sont des hauts lieux que vous ne sauriez manquer au sein de cette commune magnifique. Une location de v\u00e9lo avec un b\u00e9b\u00e9 Arles hauture, pour ne prendre que cet exemple, vous fera jouir pleinement de la vie au sein de cette commune magnifique, toujours avec l&rsquo;impression d\u2019agir de mani\u00e8re respectueuse de l\u2019environnement, tout en offrant le meilleur de la culture.<\/p>\n<h4>Arles : par quels moyens s\u2019y prendre pour trouver une location de v\u00e9lo avec un b\u00e9b\u00e9<\/h4>\n<p>Pour qui a l&rsquo;intention de prendre connaissance du magnifique patrimoine de la ville, une location de v\u00e9lo avec un b\u00e9b\u00e9 dans Arles, pour ne citer que cela, est id\u00e9ale. En arrivant sur Arles, vous pourrez r\u00e9clamer notre location de v\u00e9lo dans la gare. Les clients de tous horizons appr\u00e9cieront notre <a href=\"http:\/\/www.visiterarles.com\/en\/votre-location-de-velo-avec-un-bebe-a-arles-1468\/\">location de v\u00e9lo sur Arles<\/a>, avec un b\u00e9b\u00e9 qui leur conviendra incontestablement.<\/p>","protected":false},"excerpt":{"rendered":"<p>Opter pour une location de v\u00e9lo, fiable, avec un b\u00e9b\u00e9 dans Arles hauture Des cryptoportiques, du village de salins o\u00f9 de l&rsquo;\u00e9glise saint blaiseles cryptoportiques, l&rsquo;ecomus\u00e9e du sel o\u00f9 l&rsquo;\u00e9glise saint blaise, par l&rsquo;interm\u00e9diaire de notre location de v\u00e9lo avec un b\u00e9b\u00e9 Arles hauture, sont des hauts lieux que vous ne sauriez manquer au sein [&hellip;]<\/p>","protected":false},"author":1,"featured_media":0,"comment_status":"open","ping_status":"open","sticky":false,"template":"","format":"standard","meta":{"footnotes":""},"categories":[55],"tags":[],"aioseo_notices":[],"yoast_head":"<!-- This site is optimized with the Yoast SEO plugin v22.3 - https:\/\/yoast.com\/wordpress\/plugins\/seo\/ -->\n<title>Bon plan : la location de v\u00e9lo avec un b\u00e9b\u00e9 \u00e0 Arles hauture - Visiter Arles<\/title>\n<meta name=\"robots\" content=\"index, follow, max-snippet:-1, max-image-preview:large, max-video-preview:-1\" \/>\n<link rel=\"canonical\" href=\"https:\/\/www.visiterarles.com\/en\/blog\/2014\/11\/12\/bon-plan-la-location-de-velo-avec-un-bebe-a-arles-hauture-1261\/\" \/>\n<meta name=\"twitter:label1\" content=\"Written by\" \/>\n\t<meta name=\"twitter:data1\" content=\"Linkadm\" \/>\n\t<meta name=\"twitter:label2\" content=\"Estimated reading time\" \/>\n\t<meta name=\"twitter:data2\" content=\"1 minute\" \/>\n<script type=\"application\/ld+json\" class=\"yoast-schema-graph\">{\"@context\":\"https:\/\/schema.org\",\"@graph\":[{\"@type\":\"Article\",\"@id\":\"https:\/\/www.visiterarles.com\/en\/blog\/2014\/11\/12\/bon-plan-la-location-de-velo-avec-un-bebe-a-arles-hauture-1261\/#article\",\"isPartOf\":{\"@id\":\"https:\/\/www.visiterarles.com\/en\/blog\/2014\/11\/12\/bon-plan-la-location-de-velo-avec-un-bebe-a-arles-hauture-1261\/\"},\"author\":{\"name\":\"Linkadm\",\"@id\":\"https:\/\/www.visiterarles.com\/en\/#\/schema\/person\/ba5912e4613018f479a2d86815a53576\"},\"headline\":\"Bon plan : la location de v\u00e9lo avec un b\u00e9b\u00e9 \u00e0 Arles hauture\",\"datePublished\":\"2014-11-12T12:59:00+00:00\",\"dateModified\":\"2014-11-12T12:59:00+00:00\",\"mainEntityOfPage\":{\"@id\":\"https:\/\/www.visiterarles.com\/en\/blog\/2014\/11\/12\/bon-plan-la-location-de-velo-avec-un-bebe-a-arles-hauture-1261\/\"},\"wordCount\":222,\"commentCount\":0,\"publisher\":{\"@id\":\"https:\/\/www.visiterarles.com\/en\/#organization\"},\"articleSection\":[\"Informations\"],\"inLanguage\":\"en-GB\",\"potentialAction\":[{\"@type\":\"CommentAction\",\"name\":\"Comment\",\"target\":[\"https:\/\/www.visiterarles.com\/en\/blog\/2014\/11\/12\/bon-plan-la-location-de-velo-avec-un-bebe-a-arles-hauture-1261\/#respond\"]}]},{\"@type\":\"WebPage\",\"@id\":\"https:\/\/www.visiterarles.com\/en\/blog\/2014\/11\/12\/bon-plan-la-location-de-velo-avec-un-bebe-a-arles-hauture-1261\/\",\"url\":\"https:\/\/www.visiterarles.com\/en\/blog\/2014\/11\/12\/bon-plan-la-location-de-velo-avec-un-bebe-a-arles-hauture-1261\/\",\"name\":\"Bon plan : la location de v\u00e9lo avec un b\u00e9b\u00e9 \u00e0 Arles hauture - Visiter Arles\",\"isPartOf\":{\"@id\":\"https:\/\/www.visiterarles.com\/en\/#website\"},\"datePublished\":\"2014-11-12T12:59:00+00:00\",\"dateModified\":\"2014-11-12T12:59:00+00:00\",\"breadcrumb\":{\"@id\":\"https:\/\/www.visiterarles.com\/en\/blog\/2014\/11\/12\/bon-plan-la-location-de-velo-avec-un-bebe-a-arles-hauture-1261\/#breadcrumb\"},\"inLanguage\":\"en-GB\",\"potentialAction\":[{\"@type\":\"ReadAction\",\"target\":[\"https:\/\/www.visiterarles.com\/en\/blog\/2014\/11\/12\/bon-plan-la-location-de-velo-avec-un-bebe-a-arles-hauture-1261\/\"]}]},{\"@type\":\"BreadcrumbList\",\"@id\":\"https:\/\/www.visiterarles.com\/en\/blog\/2014\/11\/12\/bon-plan-la-location-de-velo-avec-un-bebe-a-arles-hauture-1261\/#breadcrumb\",\"itemListElement\":[{\"@type\":\"ListItem\",\"position\":1,\"name\":\"Home\",\"item\":\"https:\/\/www.visiterarles.com\/\"},{\"@type\":\"ListItem\",\"position\":2,\"name\":\"Bon plan : la location de v\u00e9lo avec un b\u00e9b\u00e9 \u00e0 Arles hauture\"}]},{\"@type\":\"WebSite\",\"@id\":\"https:\/\/www.visiterarles.com\/en\/#website\",\"url\":\"https:\/\/www.visiterarles.com\/en\/\",\"name\":\"Visiter Arles\",\"description\":\"Tourisme en Provence \u00e0 Arles\",\"publisher\":{\"@id\":\"https:\/\/www.visiterarles.com\/en\/#organization\"},\"potentialAction\":[{\"@type\":\"SearchAction\",\"target\":{\"@type\":\"EntryPoint\",\"urlTemplate\":\"https:\/\/www.visiterarles.com\/en\/?s={search_term_string}\"},\"query-input\":\"required name=search_term_string\"}],\"inLanguage\":\"en-GB\"},{\"@type\":\"Organization\",\"@id\":\"https:\/\/www.visiterarles.com\/en\/#organization\",\"name\":\"Visiter Arles\",\"url\":\"https:\/\/www.visiterarles.com\/en\/\",\"logo\":{\"@type\":\"ImageObject\",\"inLanguage\":\"en-GB\",\"@id\":\"https:\/\/www.visiterarles.com\/en\/#\/schema\/logo\/image\/\",\"url\":\"https:\/\/www.visiterarles.com\/wp-content\/uploads\/2017\/10\/taco-and-co-1-1.jpg\",\"contentUrl\":\"https:\/\/www.visiterarles.com\/wp-content\/uploads\/2017\/10\/taco-and-co-1-1.jpg\",\"width\":124,\"height\":73,\"caption\":\"Visiter Arles\"},\"image\":{\"@id\":\"https:\/\/www.visiterarles.com\/en\/#\/schema\/logo\/image\/\"}},{\"@type\":\"Person\",\"@id\":\"https:\/\/www.visiterarles.com\/en\/#\/schema\/person\/ba5912e4613018f479a2d86815a53576\",\"name\":\"Linkadm\",\"image\":{\"@type\":\"ImageObject\",\"inLanguage\":\"en-GB\",\"@id\":\"https:\/\/www.visiterarles.com\/en\/#\/schema\/person\/image\/\",\"url\":\"https:\/\/secure.gravatar.com\/avatar\/4709ec209921503e8d8cc96168eddc49?s=96&d=mm&r=g\",\"contentUrl\":\"https:\/\/secure.gravatar.com\/avatar\/4709ec209921503e8d8cc96168eddc49?s=96&d=mm&r=g\",\"caption\":\"Linkadm\"},\"url\":\"https:\/\/www.visiterarles.com\/en\/blog\/author\/admin\/\"}]}<\/script>\n<!-- \/ Yoast SEO plugin. -->","yoast_head_json":{"title":"Bon plan : la location de v\u00e9lo avec un b\u00e9b\u00e9 \u00e0 Arles hauture - Visiter Arles","robots":{"index":"index","follow":"follow","max-snippet":"max-snippet:-1","max-image-preview":"max-image-preview:large","max-video-preview":"max-video-preview:-1"},"canonical":"https:\/\/www.visiterarles.com\/en\/blog\/2014\/11\/12\/bon-plan-la-location-de-velo-avec-un-bebe-a-arles-hauture-1261\/","twitter_misc":{"Written by":"Linkadm","Estimated reading time":"1 minute"},"schema":{"@context":"https:\/\/schema.org","@graph":[{"@type":"Article","@id":"https:\/\/www.visiterarles.com\/en\/blog\/2014\/11\/12\/bon-plan-la-location-de-velo-avec-un-bebe-a-arles-hauture-1261\/#article","isPartOf":{"@id":"https:\/\/www.visiterarles.com\/en\/blog\/2014\/11\/12\/bon-plan-la-location-de-velo-avec-un-bebe-a-arles-hauture-1261\/"},"author":{"name":"Linkadm","@id":"https:\/\/www.visiterarles.com\/en\/#\/schema\/person\/ba5912e4613018f479a2d86815a53576"},"headline":"Bon plan : la location de v\u00e9lo avec un b\u00e9b\u00e9 \u00e0 Arles hauture","datePublished":"2014-11-12T12:59:00+00:00","dateModified":"2014-11-12T12:59:00+00:00","mainEntityOfPage":{"@id":"https:\/\/www.visiterarles.com\/en\/blog\/2014\/11\/12\/bon-plan-la-location-de-velo-avec-un-bebe-a-arles-hauture-1261\/"},"wordCount":222,"commentCount":0,"publisher":{"@id":"https:\/\/www.visiterarles.com\/en\/#organization"},"articleSection":["Informations"],"inLanguage":"en-GB","potentialAction":[{"@type":"CommentAction","name":"Comment","target":["https:\/\/www.visiterarles.com\/en\/blog\/2014\/11\/12\/bon-plan-la-location-de-velo-avec-un-bebe-a-arles-hauture-1261\/#respond"]}]},{"@type":"WebPage","@id":"https:\/\/www.visiterarles.com\/en\/blog\/2014\/11\/12\/bon-plan-la-location-de-velo-avec-un-bebe-a-arles-hauture-1261\/","url":"https:\/\/www.visiterarles.com\/en\/blog\/2014\/11\/12\/bon-plan-la-location-de-velo-avec-un-bebe-a-arles-hauture-1261\/","name":"Bon plan : la location de v\u00e9lo avec un b\u00e9b\u00e9 \u00e0 Arles hauture - Visiter Arles","isPartOf":{"@id":"https:\/\/www.visiterarles.com\/en\/#website"},"datePublished":"2014-11-12T12:59:00+00:00","dateModified":"2014-11-12T12:59:00+00:00","breadcrumb":{"@id":"https:\/\/www.visiterarles.com\/en\/blog\/2014\/11\/12\/bon-plan-la-location-de-velo-avec-un-bebe-a-arles-hauture-1261\/#breadcrumb"},"inLanguage":"en-GB","potentialAction":[{"@type":"ReadAction","target":["https:\/\/www.visiterarles.com\/en\/blog\/2014\/11\/12\/bon-plan-la-location-de-velo-avec-un-bebe-a-arles-hauture-1261\/"]}]},{"@type":"BreadcrumbList","@id":"https:\/\/www.visiterarles.com\/en\/blog\/2014\/11\/12\/bon-plan-la-location-de-velo-avec-un-bebe-a-arles-hauture-1261\/#breadcrumb","itemListElement":[{"@type":"ListItem","position":1,"name":"Home","item":"https:\/\/www.visiterarles.com\/"},{"@type":"ListItem","position":2,"name":"Bon plan : la location de v\u00e9lo avec un b\u00e9b\u00e9 \u00e0 Arles hauture"}]},{"@type":"WebSite","@id":"https:\/\/www.visiterarles.com\/en\/#website","url":"https:\/\/www.visiterarles.com\/en\/","name":"Visiter Arles","description":"Tourisme en Provence \u00e0 Arles","publisher":{"@id":"https:\/\/www.visiterarles.com\/en\/#organization"},"potentialAction":[{"@type":"SearchAction","target":{"@type":"EntryPoint","urlTemplate":"https:\/\/www.visiterarles.com\/en\/?s={search_term_string}"},"query-input":"required name=search_term_string"}],"inLanguage":"en-GB"},{"@type":"Organization","@id":"https:\/\/www.visiterarles.com\/en\/#organization","name":"Visiter Arles","url":"https:\/\/www.visiterarles.com\/en\/","logo":{"@type":"ImageObject","inLanguage":"en-GB","@id":"https:\/\/www.visiterarles.com\/en\/#\/schema\/logo\/image\/","url":"https:\/\/www.visiterarles.com\/wp-content\/uploads\/2017\/10\/taco-and-co-1-1.jpg","contentUrl":"https:\/\/www.visiterarles.com\/wp-content\/uploads\/2017\/10\/taco-and-co-1-1.jpg","width":124,"height":73,"caption":"Visiter Arles"},"image":{"@id":"https:\/\/www.visiterarles.com\/en\/#\/schema\/logo\/image\/"}},{"@type":"Person","@id":"https:\/\/www.visiterarles.com\/en\/#\/schema\/person\/ba5912e4613018f479a2d86815a53576","name":"Linkadm","image":{"@type":"ImageObject","inLanguage":"en-GB","@id":"https:\/\/www.visiterarles.com\/en\/#\/schema\/person\/image\/","url":"https:\/\/secure.gravatar.com\/avatar\/4709ec209921503e8d8cc96168eddc49?s=96&d=mm&r=g","contentUrl":"https:\/\/secure.gravatar.com\/avatar\/4709ec209921503e8d8cc96168eddc49?s=96&d=mm&r=g","caption":"Linkadm"},"url":"https:\/\/www.visiterarles.com\/en\/blog\/author\/admin\/"}]}},"_links":{"self":[{"href":"https:\/\/www.visiterarles.com\/en\/wp-json\/wp\/v2\/posts\/28121"}],"collection":[{"href":"https:\/\/www.visiterarles.com\/en\/wp-json\/wp\/v2\/posts"}],"about":[{"href":"https:\/\/www.visiterarles.com\/en\/wp-json\/wp\/v2\/types\/post"}],"author":[{"embeddable":true,"href":"https:\/\/www.visiterarles.com\/en\/wp-json\/wp\/v2\/users\/1"}],"replies":[{"embeddable":true,"href":"https:\/\/www.visiterarles.com\/en\/wp-json\/wp\/v2\/comments?post=28121"}],"version-history":[{"count":0,"href":"https:\/\/www.visiterarles.com\/en\/wp-json\/wp\/v2\/posts\/28121\/revisions"}],"wp:attachment":[{"href":"https:\/\/www.visiterarles.com\/en\/wp-json\/wp\/v2\/media?parent=28121"}],"wp:term":[{"taxonomy":"category","embeddable":true,"href":"https:\/\/www.visiterarles.com\/en\/wp-json\/wp\/v2\/categories?post=28121"},{"taxonomy":"post_tag","embeddable":true,"href":"https:\/\/www.visiterarles.com\/en\/wp-json\/wp\/v2\/tags?post=28121"}],"curies":[{"name":"wp","href":"https:\/\/api.w.org\/{rel}","templated":true}]}}