{"id":28125,"date":"2014-11-13T12:56:00","date_gmt":"2014-11-13T12:56:00","guid":{"rendered":"http:\/\/www.visiterarles.com\/avec-un-bebe-arles-intra-muros-location-de-velo-843\/"},"modified":"2014-11-13T12:56:00","modified_gmt":"2014-11-13T12:56:00","slug":"avec-un-bebe-arles-intra-muros-location-de-velo-843","status":"publish","type":"post","link":"https:\/\/www.visiterarles.com\/en\/blog\/2014\/11\/13\/avec-un-bebe-arles-intra-muros-location-de-velo-843\/","title":{"rendered":"Avec un b\u00e9b\u00e9 Arles intra-muros : location de v\u00e9lo"},"content":{"rendered":"<h4>Arles intra-muros : opter pour une location de v\u00e9lo, de confiance avec un b\u00e9b\u00e9<\/h4>\n<p>Arles s&rsquo;av\u00e8re \u00eatre une sympathique ville magnifique, la culture, ainsi que les jolis lieux, comme les anciens ateliers sncf, l&rsquo;ecomus\u00e9e du sel o\u00f9 alors la tour des mourgues sont pl\u00e9thoriques. Une sympathique location de v\u00e9lo avec un b\u00e9b\u00e9 \u00e0 Arles intra-muros, pour ne prendre que cet exemple, vous fera jouir pleinement de l\u2019existence au sein de cette ville exceptionnelle, toujours avec l&rsquo;impression d\u2019agir d&rsquo;une fa\u00e7on \u00e9co responsable, en pr\u00e9sentant toute la richesse de la culture.<\/p>\n<h4>Pour quelle raison s\u00e9lectionner notre location de v\u00e9lo avec un b\u00e9b\u00e9 \u00e0 Arles :<\/h4>\n<p>D\u00e8s lors qu&rsquo;on a la volont\u00e9 de prendre connaissance du sublime patrimoine de la ville, notre location de v\u00e9lo avec un b\u00e9b\u00e9 \u00e0 Arles, pour ne citer que cela, est id\u00e9ale. Une fois arriv\u00e9 \u00e0 la gare d\u2019Arles, vous pourrez solliciter une location de v\u00e9lo au sein m\u00eame de la station. Les visiteurs en tout genre appr\u00e9cieront une <a href=\"http:\/\/www.visiterarles.com\/en\/votre-location-de-velo-avec-un-bebe-a-arles-1468\/\">location de v\u00e9lo sur Arles<\/a>, avec un b\u00e9b\u00e9 qui leur conviendra incontestablement.<\/p>","protected":false},"excerpt":{"rendered":"<p>Arles intra-muros : opter pour une location de v\u00e9lo, de confiance avec un b\u00e9b\u00e9 Arles s&rsquo;av\u00e8re \u00eatre une sympathique ville magnifique, la culture, ainsi que les jolis lieux, comme les anciens ateliers sncf, l&rsquo;ecomus\u00e9e du sel o\u00f9 alors la tour des mourgues sont pl\u00e9thoriques. Une sympathique location de v\u00e9lo avec un b\u00e9b\u00e9 \u00e0 Arles intra-muros, [&hellip;]<\/p>","protected":false},"author":1,"featured_media":0,"comment_status":"open","ping_status":"open","sticky":false,"template":"","format":"standard","meta":{"footnotes":""},"categories":[55],"tags":[],"aioseo_notices":[],"yoast_head":"<!-- This site is optimized with the Yoast SEO plugin v22.3 - https:\/\/yoast.com\/wordpress\/plugins\/seo\/ -->\n<title>Avec un b\u00e9b\u00e9 Arles intra-muros : location de v\u00e9lo - Visiter Arles<\/title>\n<meta name=\"robots\" content=\"index, follow, max-snippet:-1, max-image-preview:large, max-video-preview:-1\" \/>\n<link rel=\"canonical\" href=\"https:\/\/www.visiterarles.com\/en\/blog\/2014\/11\/13\/avec-un-bebe-arles-intra-muros-location-de-velo-843\/\" \/>\n<meta name=\"twitter:label1\" content=\"Written by\" \/>\n\t<meta name=\"twitter:data1\" content=\"Linkadm\" \/>\n\t<meta name=\"twitter:label2\" content=\"Estimated reading time\" \/>\n\t<meta name=\"twitter:data2\" content=\"1 minute\" \/>\n<script type=\"application\/ld+json\" class=\"yoast-schema-graph\">{\"@context\":\"https:\/\/schema.org\",\"@graph\":[{\"@type\":\"Article\",\"@id\":\"https:\/\/www.visiterarles.com\/en\/blog\/2014\/11\/13\/avec-un-bebe-arles-intra-muros-location-de-velo-843\/#article\",\"isPartOf\":{\"@id\":\"https:\/\/www.visiterarles.com\/en\/blog\/2014\/11\/13\/avec-un-bebe-arles-intra-muros-location-de-velo-843\/\"},\"author\":{\"name\":\"Linkadm\",\"@id\":\"https:\/\/www.visiterarles.com\/en\/#\/schema\/person\/ba5912e4613018f479a2d86815a53576\"},\"headline\":\"Avec un b\u00e9b\u00e9 Arles intra-muros : location de v\u00e9lo\",\"datePublished\":\"2014-11-13T12:56:00+00:00\",\"dateModified\":\"2014-11-13T12:56:00+00:00\",\"mainEntityOfPage\":{\"@id\":\"https:\/\/www.visiterarles.com\/en\/blog\/2014\/11\/13\/avec-un-bebe-arles-intra-muros-location-de-velo-843\/\"},\"wordCount\":206,\"commentCount\":0,\"publisher\":{\"@id\":\"https:\/\/www.visiterarles.com\/en\/#organization\"},\"articleSection\":[\"Informations\"],\"inLanguage\":\"en-GB\",\"potentialAction\":[{\"@type\":\"CommentAction\",\"name\":\"Comment\",\"target\":[\"https:\/\/www.visiterarles.com\/en\/blog\/2014\/11\/13\/avec-un-bebe-arles-intra-muros-location-de-velo-843\/#respond\"]}]},{\"@type\":\"WebPage\",\"@id\":\"https:\/\/www.visiterarles.com\/en\/blog\/2014\/11\/13\/avec-un-bebe-arles-intra-muros-location-de-velo-843\/\",\"url\":\"https:\/\/www.visiterarles.com\/en\/blog\/2014\/11\/13\/avec-un-bebe-arles-intra-muros-location-de-velo-843\/\",\"name\":\"Avec un b\u00e9b\u00e9 Arles intra-muros : location de v\u00e9lo - Visiter Arles\",\"isPartOf\":{\"@id\":\"https:\/\/www.visiterarles.com\/en\/#website\"},\"datePublished\":\"2014-11-13T12:56:00+00:00\",\"dateModified\":\"2014-11-13T12:56:00+00:00\",\"breadcrumb\":{\"@id\":\"https:\/\/www.visiterarles.com\/en\/blog\/2014\/11\/13\/avec-un-bebe-arles-intra-muros-location-de-velo-843\/#breadcrumb\"},\"inLanguage\":\"en-GB\",\"potentialAction\":[{\"@type\":\"ReadAction\",\"target\":[\"https:\/\/www.visiterarles.com\/en\/blog\/2014\/11\/13\/avec-un-bebe-arles-intra-muros-location-de-velo-843\/\"]}]},{\"@type\":\"BreadcrumbList\",\"@id\":\"https:\/\/www.visiterarles.com\/en\/blog\/2014\/11\/13\/avec-un-bebe-arles-intra-muros-location-de-velo-843\/#breadcrumb\",\"itemListElement\":[{\"@type\":\"ListItem\",\"position\":1,\"name\":\"Home\",\"item\":\"https:\/\/www.visiterarles.com\/\"},{\"@type\":\"ListItem\",\"position\":2,\"name\":\"Avec un b\u00e9b\u00e9 Arles intra-muros : location de v\u00e9lo\"}]},{\"@type\":\"WebSite\",\"@id\":\"https:\/\/www.visiterarles.com\/en\/#website\",\"url\":\"https:\/\/www.visiterarles.com\/en\/\",\"name\":\"Visiter Arles\",\"description\":\"Tourisme en Provence \u00e0 Arles\",\"publisher\":{\"@id\":\"https:\/\/www.visiterarles.com\/en\/#organization\"},\"potentialAction\":[{\"@type\":\"SearchAction\",\"target\":{\"@type\":\"EntryPoint\",\"urlTemplate\":\"https:\/\/www.visiterarles.com\/en\/?s={search_term_string}\"},\"query-input\":\"required name=search_term_string\"}],\"inLanguage\":\"en-GB\"},{\"@type\":\"Organization\",\"@id\":\"https:\/\/www.visiterarles.com\/en\/#organization\",\"name\":\"Visiter Arles\",\"url\":\"https:\/\/www.visiterarles.com\/en\/\",\"logo\":{\"@type\":\"ImageObject\",\"inLanguage\":\"en-GB\",\"@id\":\"https:\/\/www.visiterarles.com\/en\/#\/schema\/logo\/image\/\",\"url\":\"https:\/\/www.visiterarles.com\/wp-content\/uploads\/2017\/10\/taco-and-co-1-1.jpg\",\"contentUrl\":\"https:\/\/www.visiterarles.com\/wp-content\/uploads\/2017\/10\/taco-and-co-1-1.jpg\",\"width\":124,\"height\":73,\"caption\":\"Visiter Arles\"},\"image\":{\"@id\":\"https:\/\/www.visiterarles.com\/en\/#\/schema\/logo\/image\/\"}},{\"@type\":\"Person\",\"@id\":\"https:\/\/www.visiterarles.com\/en\/#\/schema\/person\/ba5912e4613018f479a2d86815a53576\",\"name\":\"Linkadm\",\"image\":{\"@type\":\"ImageObject\",\"inLanguage\":\"en-GB\",\"@id\":\"https:\/\/www.visiterarles.com\/en\/#\/schema\/person\/image\/\",\"url\":\"https:\/\/secure.gravatar.com\/avatar\/4709ec209921503e8d8cc96168eddc49?s=96&d=mm&r=g\",\"contentUrl\":\"https:\/\/secure.gravatar.com\/avatar\/4709ec209921503e8d8cc96168eddc49?s=96&d=mm&r=g\",\"caption\":\"Linkadm\"},\"url\":\"https:\/\/www.visiterarles.com\/en\/blog\/author\/admin\/\"}]}<\/script>\n<!-- \/ Yoast SEO plugin. -->","yoast_head_json":{"title":"Avec un b\u00e9b\u00e9 Arles intra-muros : location de v\u00e9lo - Visiter Arles","robots":{"index":"index","follow":"follow","max-snippet":"max-snippet:-1","max-image-preview":"max-image-preview:large","max-video-preview":"max-video-preview:-1"},"canonical":"https:\/\/www.visiterarles.com\/en\/blog\/2014\/11\/13\/avec-un-bebe-arles-intra-muros-location-de-velo-843\/","twitter_misc":{"Written by":"Linkadm","Estimated reading time":"1 minute"},"schema":{"@context":"https:\/\/schema.org","@graph":[{"@type":"Article","@id":"https:\/\/www.visiterarles.com\/en\/blog\/2014\/11\/13\/avec-un-bebe-arles-intra-muros-location-de-velo-843\/#article","isPartOf":{"@id":"https:\/\/www.visiterarles.com\/en\/blog\/2014\/11\/13\/avec-un-bebe-arles-intra-muros-location-de-velo-843\/"},"author":{"name":"Linkadm","@id":"https:\/\/www.visiterarles.com\/en\/#\/schema\/person\/ba5912e4613018f479a2d86815a53576"},"headline":"Avec un b\u00e9b\u00e9 Arles intra-muros : location de v\u00e9lo","datePublished":"2014-11-13T12:56:00+00:00","dateModified":"2014-11-13T12:56:00+00:00","mainEntityOfPage":{"@id":"https:\/\/www.visiterarles.com\/en\/blog\/2014\/11\/13\/avec-un-bebe-arles-intra-muros-location-de-velo-843\/"},"wordCount":206,"commentCount":0,"publisher":{"@id":"https:\/\/www.visiterarles.com\/en\/#organization"},"articleSection":["Informations"],"inLanguage":"en-GB","potentialAction":[{"@type":"CommentAction","name":"Comment","target":["https:\/\/www.visiterarles.com\/en\/blog\/2014\/11\/13\/avec-un-bebe-arles-intra-muros-location-de-velo-843\/#respond"]}]},{"@type":"WebPage","@id":"https:\/\/www.visiterarles.com\/en\/blog\/2014\/11\/13\/avec-un-bebe-arles-intra-muros-location-de-velo-843\/","url":"https:\/\/www.visiterarles.com\/en\/blog\/2014\/11\/13\/avec-un-bebe-arles-intra-muros-location-de-velo-843\/","name":"Avec un b\u00e9b\u00e9 Arles intra-muros : location de v\u00e9lo - Visiter Arles","isPartOf":{"@id":"https:\/\/www.visiterarles.com\/en\/#website"},"datePublished":"2014-11-13T12:56:00+00:00","dateModified":"2014-11-13T12:56:00+00:00","breadcrumb":{"@id":"https:\/\/www.visiterarles.com\/en\/blog\/2014\/11\/13\/avec-un-bebe-arles-intra-muros-location-de-velo-843\/#breadcrumb"},"inLanguage":"en-GB","potentialAction":[{"@type":"ReadAction","target":["https:\/\/www.visiterarles.com\/en\/blog\/2014\/11\/13\/avec-un-bebe-arles-intra-muros-location-de-velo-843\/"]}]},{"@type":"BreadcrumbList","@id":"https:\/\/www.visiterarles.com\/en\/blog\/2014\/11\/13\/avec-un-bebe-arles-intra-muros-location-de-velo-843\/#breadcrumb","itemListElement":[{"@type":"ListItem","position":1,"name":"Home","item":"https:\/\/www.visiterarles.com\/"},{"@type":"ListItem","position":2,"name":"Avec un b\u00e9b\u00e9 Arles intra-muros : location de v\u00e9lo"}]},{"@type":"WebSite","@id":"https:\/\/www.visiterarles.com\/en\/#website","url":"https:\/\/www.visiterarles.com\/en\/","name":"Visiter Arles","description":"Tourisme en Provence \u00e0 Arles","publisher":{"@id":"https:\/\/www.visiterarles.com\/en\/#organization"},"potentialAction":[{"@type":"SearchAction","target":{"@type":"EntryPoint","urlTemplate":"https:\/\/www.visiterarles.com\/en\/?s={search_term_string}"},"query-input":"required name=search_term_string"}],"inLanguage":"en-GB"},{"@type":"Organization","@id":"https:\/\/www.visiterarles.com\/en\/#organization","name":"Visiter Arles","url":"https:\/\/www.visiterarles.com\/en\/","logo":{"@type":"ImageObject","inLanguage":"en-GB","@id":"https:\/\/www.visiterarles.com\/en\/#\/schema\/logo\/image\/","url":"https:\/\/www.visiterarles.com\/wp-content\/uploads\/2017\/10\/taco-and-co-1-1.jpg","contentUrl":"https:\/\/www.visiterarles.com\/wp-content\/uploads\/2017\/10\/taco-and-co-1-1.jpg","width":124,"height":73,"caption":"Visiter Arles"},"image":{"@id":"https:\/\/www.visiterarles.com\/en\/#\/schema\/logo\/image\/"}},{"@type":"Person","@id":"https:\/\/www.visiterarles.com\/en\/#\/schema\/person\/ba5912e4613018f479a2d86815a53576","name":"Linkadm","image":{"@type":"ImageObject","inLanguage":"en-GB","@id":"https:\/\/www.visiterarles.com\/en\/#\/schema\/person\/image\/","url":"https:\/\/secure.gravatar.com\/avatar\/4709ec209921503e8d8cc96168eddc49?s=96&d=mm&r=g","contentUrl":"https:\/\/secure.gravatar.com\/avatar\/4709ec209921503e8d8cc96168eddc49?s=96&d=mm&r=g","caption":"Linkadm"},"url":"https:\/\/www.visiterarles.com\/en\/blog\/author\/admin\/"}]}},"_links":{"self":[{"href":"https:\/\/www.visiterarles.com\/en\/wp-json\/wp\/v2\/posts\/28125"}],"collection":[{"href":"https:\/\/www.visiterarles.com\/en\/wp-json\/wp\/v2\/posts"}],"about":[{"href":"https:\/\/www.visiterarles.com\/en\/wp-json\/wp\/v2\/types\/post"}],"author":[{"embeddable":true,"href":"https:\/\/www.visiterarles.com\/en\/wp-json\/wp\/v2\/users\/1"}],"replies":[{"embeddable":true,"href":"https:\/\/www.visiterarles.com\/en\/wp-json\/wp\/v2\/comments?post=28125"}],"version-history":[{"count":0,"href":"https:\/\/www.visiterarles.com\/en\/wp-json\/wp\/v2\/posts\/28125\/revisions"}],"wp:attachment":[{"href":"https:\/\/www.visiterarles.com\/en\/wp-json\/wp\/v2\/media?parent=28125"}],"wp:term":[{"taxonomy":"category","embeddable":true,"href":"https:\/\/www.visiterarles.com\/en\/wp-json\/wp\/v2\/categories?post=28125"},{"taxonomy":"post_tag","embeddable":true,"href":"https:\/\/www.visiterarles.com\/en\/wp-json\/wp\/v2\/tags?post=28125"}],"curies":[{"name":"wp","href":"https:\/\/api.w.org\/{rel}","templated":true}]}}