{"id":28163,"date":"2014-11-28T09:21:00","date_gmt":"2014-11-28T09:21:00","guid":{"rendered":"http:\/\/www.visiterarles.com\/bon-plan-en-un-jour-arles-intra-muros-la-balade-1747\/"},"modified":"2014-11-28T09:21:00","modified_gmt":"2014-11-28T09:21:00","slug":"bon-plan-en-un-jour-arles-intra-muros-la-balade-1747","status":"publish","type":"post","link":"https:\/\/www.visiterarles.com\/en\/blog\/2014\/11\/28\/bon-plan-en-un-jour-arles-intra-muros-la-balade-1747\/","title":{"rendered":"Bon plan en un jour Arles intra-muros : la balade"},"content":{"rendered":"<h4>Taco and co sur Arles intra-muros votre contact de confiance en un jour<\/h4>\n<p>Les beaux endroits poussent \u00e0 tous les coins de rue, par cons\u00e9quent, notre balade en un jour sur Arles intra-muros vous donnera la possibilit\u00e9 de profiter pleinement des tours de la cavalerie, du mus\u00e9e du riz o\u00f9 du march\u00e9 de provence. De mani\u00e8re \u00e0 vous \u00e9pauler pour profiter pleinement de la vie culturelle, avec la sensation d&rsquo;oeuvrer de fa\u00e7on \u00e9co-responsable, notre balade en un jour sur Arles intra-muros vous aidera \u00e0 profiter de la vie.<\/p>\n<h4>Balade en un jour sur Arles : une option respectueuse de la plan\u00e8te<\/h4>\n<p>Prendre connaissance du ravissant patrimoine de la ville via notre balade en un jour \u00e0 Arles peut para\u00eetre une offre appropri\u00e9e pour qui le souhaite. En arrivant \u00e0 Arles, vous pourrez solliciter notre balade au sein m\u00eame de la gare sncf. Les clients de tous horizons appr\u00e9cieront notre <a href=\"http:\/\/www.visiterarles.com\/en\/taco-co-sur-arles-balade-en-un-jour-1709\/\">balade sur Arles<\/a>, en un jour leur convenant incontestablement.<\/p>","protected":false},"excerpt":{"rendered":"<p>Taco and co sur Arles intra-muros votre contact de confiance en un jour Les beaux endroits poussent \u00e0 tous les coins de rue, par cons\u00e9quent, notre balade en un jour sur Arles intra-muros vous donnera la possibilit\u00e9 de profiter pleinement des tours de la cavalerie, du mus\u00e9e du riz o\u00f9 du march\u00e9 de provence. De [&hellip;]<\/p>","protected":false},"author":1,"featured_media":0,"comment_status":"open","ping_status":"open","sticky":false,"template":"","format":"standard","meta":{"footnotes":""},"categories":[55],"tags":[],"aioseo_notices":[],"yoast_head":"<!-- This site is optimized with the Yoast SEO plugin v22.3 - https:\/\/yoast.com\/wordpress\/plugins\/seo\/ -->\n<title>Bon plan en un jour Arles intra-muros : la balade - Visiter Arles<\/title>\n<meta name=\"robots\" content=\"index, follow, max-snippet:-1, max-image-preview:large, max-video-preview:-1\" \/>\n<link rel=\"canonical\" href=\"https:\/\/www.visiterarles.com\/en\/blog\/2014\/11\/28\/bon-plan-en-un-jour-arles-intra-muros-la-balade-1747\/\" \/>\n<meta name=\"twitter:label1\" content=\"Written by\" \/>\n\t<meta name=\"twitter:data1\" content=\"Linkadm\" \/>\n\t<meta name=\"twitter:label2\" content=\"Estimated reading time\" \/>\n\t<meta name=\"twitter:data2\" content=\"1 minute\" \/>\n<script type=\"application\/ld+json\" class=\"yoast-schema-graph\">{\"@context\":\"https:\/\/schema.org\",\"@graph\":[{\"@type\":\"Article\",\"@id\":\"https:\/\/www.visiterarles.com\/en\/blog\/2014\/11\/28\/bon-plan-en-un-jour-arles-intra-muros-la-balade-1747\/#article\",\"isPartOf\":{\"@id\":\"https:\/\/www.visiterarles.com\/en\/blog\/2014\/11\/28\/bon-plan-en-un-jour-arles-intra-muros-la-balade-1747\/\"},\"author\":{\"name\":\"Linkadm\",\"@id\":\"https:\/\/www.visiterarles.com\/en\/#\/schema\/person\/ba5912e4613018f479a2d86815a53576\"},\"headline\":\"Bon plan en un jour Arles intra-muros : la balade\",\"datePublished\":\"2014-11-28T09:21:00+00:00\",\"dateModified\":\"2014-11-28T09:21:00+00:00\",\"mainEntityOfPage\":{\"@id\":\"https:\/\/www.visiterarles.com\/en\/blog\/2014\/11\/28\/bon-plan-en-un-jour-arles-intra-muros-la-balade-1747\/\"},\"wordCount\":171,\"commentCount\":0,\"publisher\":{\"@id\":\"https:\/\/www.visiterarles.com\/en\/#organization\"},\"articleSection\":[\"Informations\"],\"inLanguage\":\"en-GB\",\"potentialAction\":[{\"@type\":\"CommentAction\",\"name\":\"Comment\",\"target\":[\"https:\/\/www.visiterarles.com\/en\/blog\/2014\/11\/28\/bon-plan-en-un-jour-arles-intra-muros-la-balade-1747\/#respond\"]}]},{\"@type\":\"WebPage\",\"@id\":\"https:\/\/www.visiterarles.com\/en\/blog\/2014\/11\/28\/bon-plan-en-un-jour-arles-intra-muros-la-balade-1747\/\",\"url\":\"https:\/\/www.visiterarles.com\/en\/blog\/2014\/11\/28\/bon-plan-en-un-jour-arles-intra-muros-la-balade-1747\/\",\"name\":\"Bon plan en un jour Arles intra-muros : la balade - Visiter Arles\",\"isPartOf\":{\"@id\":\"https:\/\/www.visiterarles.com\/en\/#website\"},\"datePublished\":\"2014-11-28T09:21:00+00:00\",\"dateModified\":\"2014-11-28T09:21:00+00:00\",\"breadcrumb\":{\"@id\":\"https:\/\/www.visiterarles.com\/en\/blog\/2014\/11\/28\/bon-plan-en-un-jour-arles-intra-muros-la-balade-1747\/#breadcrumb\"},\"inLanguage\":\"en-GB\",\"potentialAction\":[{\"@type\":\"ReadAction\",\"target\":[\"https:\/\/www.visiterarles.com\/en\/blog\/2014\/11\/28\/bon-plan-en-un-jour-arles-intra-muros-la-balade-1747\/\"]}]},{\"@type\":\"BreadcrumbList\",\"@id\":\"https:\/\/www.visiterarles.com\/en\/blog\/2014\/11\/28\/bon-plan-en-un-jour-arles-intra-muros-la-balade-1747\/#breadcrumb\",\"itemListElement\":[{\"@type\":\"ListItem\",\"position\":1,\"name\":\"Home\",\"item\":\"https:\/\/www.visiterarles.com\/\"},{\"@type\":\"ListItem\",\"position\":2,\"name\":\"Bon plan en un jour Arles intra-muros : la balade\"}]},{\"@type\":\"WebSite\",\"@id\":\"https:\/\/www.visiterarles.com\/en\/#website\",\"url\":\"https:\/\/www.visiterarles.com\/en\/\",\"name\":\"Visiter Arles\",\"description\":\"Tourisme en Provence \u00e0 Arles\",\"publisher\":{\"@id\":\"https:\/\/www.visiterarles.com\/en\/#organization\"},\"potentialAction\":[{\"@type\":\"SearchAction\",\"target\":{\"@type\":\"EntryPoint\",\"urlTemplate\":\"https:\/\/www.visiterarles.com\/en\/?s={search_term_string}\"},\"query-input\":\"required name=search_term_string\"}],\"inLanguage\":\"en-GB\"},{\"@type\":\"Organization\",\"@id\":\"https:\/\/www.visiterarles.com\/en\/#organization\",\"name\":\"Visiter Arles\",\"url\":\"https:\/\/www.visiterarles.com\/en\/\",\"logo\":{\"@type\":\"ImageObject\",\"inLanguage\":\"en-GB\",\"@id\":\"https:\/\/www.visiterarles.com\/en\/#\/schema\/logo\/image\/\",\"url\":\"https:\/\/www.visiterarles.com\/wp-content\/uploads\/2017\/10\/taco-and-co-1-1.jpg\",\"contentUrl\":\"https:\/\/www.visiterarles.com\/wp-content\/uploads\/2017\/10\/taco-and-co-1-1.jpg\",\"width\":124,\"height\":73,\"caption\":\"Visiter Arles\"},\"image\":{\"@id\":\"https:\/\/www.visiterarles.com\/en\/#\/schema\/logo\/image\/\"}},{\"@type\":\"Person\",\"@id\":\"https:\/\/www.visiterarles.com\/en\/#\/schema\/person\/ba5912e4613018f479a2d86815a53576\",\"name\":\"Linkadm\",\"image\":{\"@type\":\"ImageObject\",\"inLanguage\":\"en-GB\",\"@id\":\"https:\/\/www.visiterarles.com\/en\/#\/schema\/person\/image\/\",\"url\":\"https:\/\/secure.gravatar.com\/avatar\/4709ec209921503e8d8cc96168eddc49?s=96&d=mm&r=g\",\"contentUrl\":\"https:\/\/secure.gravatar.com\/avatar\/4709ec209921503e8d8cc96168eddc49?s=96&d=mm&r=g\",\"caption\":\"Linkadm\"},\"url\":\"https:\/\/www.visiterarles.com\/en\/blog\/author\/admin\/\"}]}<\/script>\n<!-- \/ Yoast SEO plugin. -->","yoast_head_json":{"title":"Bon plan en un jour Arles intra-muros : la balade - Visiter Arles","robots":{"index":"index","follow":"follow","max-snippet":"max-snippet:-1","max-image-preview":"max-image-preview:large","max-video-preview":"max-video-preview:-1"},"canonical":"https:\/\/www.visiterarles.com\/en\/blog\/2014\/11\/28\/bon-plan-en-un-jour-arles-intra-muros-la-balade-1747\/","twitter_misc":{"Written by":"Linkadm","Estimated reading time":"1 minute"},"schema":{"@context":"https:\/\/schema.org","@graph":[{"@type":"Article","@id":"https:\/\/www.visiterarles.com\/en\/blog\/2014\/11\/28\/bon-plan-en-un-jour-arles-intra-muros-la-balade-1747\/#article","isPartOf":{"@id":"https:\/\/www.visiterarles.com\/en\/blog\/2014\/11\/28\/bon-plan-en-un-jour-arles-intra-muros-la-balade-1747\/"},"author":{"name":"Linkadm","@id":"https:\/\/www.visiterarles.com\/en\/#\/schema\/person\/ba5912e4613018f479a2d86815a53576"},"headline":"Bon plan en un jour Arles intra-muros : la balade","datePublished":"2014-11-28T09:21:00+00:00","dateModified":"2014-11-28T09:21:00+00:00","mainEntityOfPage":{"@id":"https:\/\/www.visiterarles.com\/en\/blog\/2014\/11\/28\/bon-plan-en-un-jour-arles-intra-muros-la-balade-1747\/"},"wordCount":171,"commentCount":0,"publisher":{"@id":"https:\/\/www.visiterarles.com\/en\/#organization"},"articleSection":["Informations"],"inLanguage":"en-GB","potentialAction":[{"@type":"CommentAction","name":"Comment","target":["https:\/\/www.visiterarles.com\/en\/blog\/2014\/11\/28\/bon-plan-en-un-jour-arles-intra-muros-la-balade-1747\/#respond"]}]},{"@type":"WebPage","@id":"https:\/\/www.visiterarles.com\/en\/blog\/2014\/11\/28\/bon-plan-en-un-jour-arles-intra-muros-la-balade-1747\/","url":"https:\/\/www.visiterarles.com\/en\/blog\/2014\/11\/28\/bon-plan-en-un-jour-arles-intra-muros-la-balade-1747\/","name":"Bon plan en un jour Arles intra-muros : la balade - Visiter Arles","isPartOf":{"@id":"https:\/\/www.visiterarles.com\/en\/#website"},"datePublished":"2014-11-28T09:21:00+00:00","dateModified":"2014-11-28T09:21:00+00:00","breadcrumb":{"@id":"https:\/\/www.visiterarles.com\/en\/blog\/2014\/11\/28\/bon-plan-en-un-jour-arles-intra-muros-la-balade-1747\/#breadcrumb"},"inLanguage":"en-GB","potentialAction":[{"@type":"ReadAction","target":["https:\/\/www.visiterarles.com\/en\/blog\/2014\/11\/28\/bon-plan-en-un-jour-arles-intra-muros-la-balade-1747\/"]}]},{"@type":"BreadcrumbList","@id":"https:\/\/www.visiterarles.com\/en\/blog\/2014\/11\/28\/bon-plan-en-un-jour-arles-intra-muros-la-balade-1747\/#breadcrumb","itemListElement":[{"@type":"ListItem","position":1,"name":"Home","item":"https:\/\/www.visiterarles.com\/"},{"@type":"ListItem","position":2,"name":"Bon plan en un jour Arles intra-muros : la balade"}]},{"@type":"WebSite","@id":"https:\/\/www.visiterarles.com\/en\/#website","url":"https:\/\/www.visiterarles.com\/en\/","name":"Visiter Arles","description":"Tourisme en Provence \u00e0 Arles","publisher":{"@id":"https:\/\/www.visiterarles.com\/en\/#organization"},"potentialAction":[{"@type":"SearchAction","target":{"@type":"EntryPoint","urlTemplate":"https:\/\/www.visiterarles.com\/en\/?s={search_term_string}"},"query-input":"required name=search_term_string"}],"inLanguage":"en-GB"},{"@type":"Organization","@id":"https:\/\/www.visiterarles.com\/en\/#organization","name":"Visiter Arles","url":"https:\/\/www.visiterarles.com\/en\/","logo":{"@type":"ImageObject","inLanguage":"en-GB","@id":"https:\/\/www.visiterarles.com\/en\/#\/schema\/logo\/image\/","url":"https:\/\/www.visiterarles.com\/wp-content\/uploads\/2017\/10\/taco-and-co-1-1.jpg","contentUrl":"https:\/\/www.visiterarles.com\/wp-content\/uploads\/2017\/10\/taco-and-co-1-1.jpg","width":124,"height":73,"caption":"Visiter Arles"},"image":{"@id":"https:\/\/www.visiterarles.com\/en\/#\/schema\/logo\/image\/"}},{"@type":"Person","@id":"https:\/\/www.visiterarles.com\/en\/#\/schema\/person\/ba5912e4613018f479a2d86815a53576","name":"Linkadm","image":{"@type":"ImageObject","inLanguage":"en-GB","@id":"https:\/\/www.visiterarles.com\/en\/#\/schema\/person\/image\/","url":"https:\/\/secure.gravatar.com\/avatar\/4709ec209921503e8d8cc96168eddc49?s=96&d=mm&r=g","contentUrl":"https:\/\/secure.gravatar.com\/avatar\/4709ec209921503e8d8cc96168eddc49?s=96&d=mm&r=g","caption":"Linkadm"},"url":"https:\/\/www.visiterarles.com\/en\/blog\/author\/admin\/"}]}},"_links":{"self":[{"href":"https:\/\/www.visiterarles.com\/en\/wp-json\/wp\/v2\/posts\/28163"}],"collection":[{"href":"https:\/\/www.visiterarles.com\/en\/wp-json\/wp\/v2\/posts"}],"about":[{"href":"https:\/\/www.visiterarles.com\/en\/wp-json\/wp\/v2\/types\/post"}],"author":[{"embeddable":true,"href":"https:\/\/www.visiterarles.com\/en\/wp-json\/wp\/v2\/users\/1"}],"replies":[{"embeddable":true,"href":"https:\/\/www.visiterarles.com\/en\/wp-json\/wp\/v2\/comments?post=28163"}],"version-history":[{"count":0,"href":"https:\/\/www.visiterarles.com\/en\/wp-json\/wp\/v2\/posts\/28163\/revisions"}],"wp:attachment":[{"href":"https:\/\/www.visiterarles.com\/en\/wp-json\/wp\/v2\/media?parent=28163"}],"wp:term":[{"taxonomy":"category","embeddable":true,"href":"https:\/\/www.visiterarles.com\/en\/wp-json\/wp\/v2\/categories?post=28163"},{"taxonomy":"post_tag","embeddable":true,"href":"https:\/\/www.visiterarles.com\/en\/wp-json\/wp\/v2\/tags?post=28163"}],"curies":[{"name":"wp","href":"https:\/\/api.w.org\/{rel}","templated":true}]}}