{"id":28167,"date":"2014-11-29T11:34:00","date_gmt":"2014-11-29T11:34:00","guid":{"rendered":"http:\/\/www.visiterarles.com\/degoter-une-balade-en-groupe-arles-quartier-des-musees-659\/"},"modified":"2014-11-29T11:34:00","modified_gmt":"2014-11-29T11:34:00","slug":"degoter-une-balade-en-groupe-arles-quartier-des-musees-659","status":"publish","type":"post","link":"https:\/\/www.visiterarles.com\/en\/blog\/2014\/11\/29\/degoter-une-balade-en-groupe-arles-quartier-des-musees-659\/","title":{"rendered":"D\u00e9goter une balade en groupe Arles quartier des mus\u00e9es"},"content":{"rendered":"<h4>Votre balade, en groupe dans Arles quartier des mus\u00e9es avec V\u00e9lo-Taco<\/h4>\n<p>Les anciens ateliers sncf, le village de salins o\u00f9 l&rsquo;\u00e9glise saint blaise, par l&rsquo;interm\u00e9diaire de notre balade en groupe \u00e0 Arles quartier des mus\u00e9es, sont des hauts lieux que vous ne sauriez manquer au sein de cette commune magnifique. Une <a href=\"http:\/\/www.visiterarles.com\/en\/arles-balade-en-groupe-avec-tacoco-1380\/\">balade en groupe \u00e0 Arles<\/a> quartier des mus\u00e9es, pour ne prendre que cet exemple, va vous permettre de pleinement profiter du moment pr\u00e9sent au sein de cette commune magnifique, toujours avec la sensation d&rsquo;oeuvrer d\u2019une mani\u00e8re respectueuse de l\u2019environnement, en proposant une vie culturelle des plus exemplaires.<\/p>\n<h4>Pour quelles raisons s\u00e9lectionner notre balade en groupe au sein d&rsquo;Arles :<\/h4>\n<p>Lorsqu\u2019on a l\u2019intention de prendre connaissance du sublime capital de la commune, la balade en groupe sur Arles, pour ne prendre que cet exemple, s\u2019av\u00e8re \u00eatre parfaite. O\u00f9 que vous vous av\u00e9riez \u00eatre \u00e0 Arles, vous pourrez jouir totalement de notre balade en toute qui\u00e9tude. Une sympathique balade sur Arles, en groupe peut para\u00eetre une offre qui conviendra \u00e0 tous de la m\u00eame mani\u00e8re qu&rsquo;aux passionn\u00e9s de tourisme.<\/p>","protected":false},"excerpt":{"rendered":"<p>Votre balade, en groupe dans Arles quartier des mus\u00e9es avec V\u00e9lo-Taco Les anciens ateliers sncf, le village de salins o\u00f9 l&rsquo;\u00e9glise saint blaise, par l&rsquo;interm\u00e9diaire de notre balade en groupe \u00e0 Arles quartier des mus\u00e9es, sont des hauts lieux que vous ne sauriez manquer au sein de cette commune magnifique. Une balade en groupe \u00e0 [&hellip;]<\/p>","protected":false},"author":1,"featured_media":0,"comment_status":"open","ping_status":"open","sticky":false,"template":"","format":"standard","meta":{"footnotes":""},"categories":[55],"tags":[],"aioseo_notices":[],"yoast_head":"<!-- This site is optimized with the Yoast SEO plugin v22.3 - https:\/\/yoast.com\/wordpress\/plugins\/seo\/ -->\n<title>D\u00e9goter une balade en groupe Arles quartier des mus\u00e9es - Visiter Arles<\/title>\n<meta name=\"robots\" content=\"index, follow, max-snippet:-1, max-image-preview:large, max-video-preview:-1\" \/>\n<link rel=\"canonical\" href=\"https:\/\/www.visiterarles.com\/en\/blog\/2014\/11\/29\/degoter-une-balade-en-groupe-arles-quartier-des-musees-659\/\" \/>\n<meta name=\"twitter:label1\" content=\"Written by\" \/>\n\t<meta name=\"twitter:data1\" content=\"Linkadm\" \/>\n\t<meta name=\"twitter:label2\" content=\"Estimated reading time\" \/>\n\t<meta name=\"twitter:data2\" content=\"1 minute\" \/>\n<script type=\"application\/ld+json\" class=\"yoast-schema-graph\">{\"@context\":\"https:\/\/schema.org\",\"@graph\":[{\"@type\":\"Article\",\"@id\":\"https:\/\/www.visiterarles.com\/en\/blog\/2014\/11\/29\/degoter-une-balade-en-groupe-arles-quartier-des-musees-659\/#article\",\"isPartOf\":{\"@id\":\"https:\/\/www.visiterarles.com\/en\/blog\/2014\/11\/29\/degoter-une-balade-en-groupe-arles-quartier-des-musees-659\/\"},\"author\":{\"name\":\"Linkadm\",\"@id\":\"https:\/\/www.visiterarles.com\/en\/#\/schema\/person\/ba5912e4613018f479a2d86815a53576\"},\"headline\":\"D\u00e9goter une balade en groupe Arles quartier des mus\u00e9es\",\"datePublished\":\"2014-11-29T11:34:00+00:00\",\"dateModified\":\"2014-11-29T11:34:00+00:00\",\"mainEntityOfPage\":{\"@id\":\"https:\/\/www.visiterarles.com\/en\/blog\/2014\/11\/29\/degoter-une-balade-en-groupe-arles-quartier-des-musees-659\/\"},\"wordCount\":209,\"commentCount\":0,\"publisher\":{\"@id\":\"https:\/\/www.visiterarles.com\/en\/#organization\"},\"articleSection\":[\"Informations\"],\"inLanguage\":\"en-GB\",\"potentialAction\":[{\"@type\":\"CommentAction\",\"name\":\"Comment\",\"target\":[\"https:\/\/www.visiterarles.com\/en\/blog\/2014\/11\/29\/degoter-une-balade-en-groupe-arles-quartier-des-musees-659\/#respond\"]}]},{\"@type\":\"WebPage\",\"@id\":\"https:\/\/www.visiterarles.com\/en\/blog\/2014\/11\/29\/degoter-une-balade-en-groupe-arles-quartier-des-musees-659\/\",\"url\":\"https:\/\/www.visiterarles.com\/en\/blog\/2014\/11\/29\/degoter-une-balade-en-groupe-arles-quartier-des-musees-659\/\",\"name\":\"D\u00e9goter une balade en groupe Arles quartier des mus\u00e9es - Visiter Arles\",\"isPartOf\":{\"@id\":\"https:\/\/www.visiterarles.com\/en\/#website\"},\"datePublished\":\"2014-11-29T11:34:00+00:00\",\"dateModified\":\"2014-11-29T11:34:00+00:00\",\"breadcrumb\":{\"@id\":\"https:\/\/www.visiterarles.com\/en\/blog\/2014\/11\/29\/degoter-une-balade-en-groupe-arles-quartier-des-musees-659\/#breadcrumb\"},\"inLanguage\":\"en-GB\",\"potentialAction\":[{\"@type\":\"ReadAction\",\"target\":[\"https:\/\/www.visiterarles.com\/en\/blog\/2014\/11\/29\/degoter-une-balade-en-groupe-arles-quartier-des-musees-659\/\"]}]},{\"@type\":\"BreadcrumbList\",\"@id\":\"https:\/\/www.visiterarles.com\/en\/blog\/2014\/11\/29\/degoter-une-balade-en-groupe-arles-quartier-des-musees-659\/#breadcrumb\",\"itemListElement\":[{\"@type\":\"ListItem\",\"position\":1,\"name\":\"Home\",\"item\":\"https:\/\/www.visiterarles.com\/\"},{\"@type\":\"ListItem\",\"position\":2,\"name\":\"D\u00e9goter une balade en groupe Arles quartier des mus\u00e9es\"}]},{\"@type\":\"WebSite\",\"@id\":\"https:\/\/www.visiterarles.com\/en\/#website\",\"url\":\"https:\/\/www.visiterarles.com\/en\/\",\"name\":\"Visiter Arles\",\"description\":\"Tourisme en Provence \u00e0 Arles\",\"publisher\":{\"@id\":\"https:\/\/www.visiterarles.com\/en\/#organization\"},\"potentialAction\":[{\"@type\":\"SearchAction\",\"target\":{\"@type\":\"EntryPoint\",\"urlTemplate\":\"https:\/\/www.visiterarles.com\/en\/?s={search_term_string}\"},\"query-input\":\"required name=search_term_string\"}],\"inLanguage\":\"en-GB\"},{\"@type\":\"Organization\",\"@id\":\"https:\/\/www.visiterarles.com\/en\/#organization\",\"name\":\"Visiter Arles\",\"url\":\"https:\/\/www.visiterarles.com\/en\/\",\"logo\":{\"@type\":\"ImageObject\",\"inLanguage\":\"en-GB\",\"@id\":\"https:\/\/www.visiterarles.com\/en\/#\/schema\/logo\/image\/\",\"url\":\"https:\/\/www.visiterarles.com\/wp-content\/uploads\/2017\/10\/taco-and-co-1-1.jpg\",\"contentUrl\":\"https:\/\/www.visiterarles.com\/wp-content\/uploads\/2017\/10\/taco-and-co-1-1.jpg\",\"width\":124,\"height\":73,\"caption\":\"Visiter Arles\"},\"image\":{\"@id\":\"https:\/\/www.visiterarles.com\/en\/#\/schema\/logo\/image\/\"}},{\"@type\":\"Person\",\"@id\":\"https:\/\/www.visiterarles.com\/en\/#\/schema\/person\/ba5912e4613018f479a2d86815a53576\",\"name\":\"Linkadm\",\"image\":{\"@type\":\"ImageObject\",\"inLanguage\":\"en-GB\",\"@id\":\"https:\/\/www.visiterarles.com\/en\/#\/schema\/person\/image\/\",\"url\":\"https:\/\/secure.gravatar.com\/avatar\/4709ec209921503e8d8cc96168eddc49?s=96&d=mm&r=g\",\"contentUrl\":\"https:\/\/secure.gravatar.com\/avatar\/4709ec209921503e8d8cc96168eddc49?s=96&d=mm&r=g\",\"caption\":\"Linkadm\"},\"url\":\"https:\/\/www.visiterarles.com\/en\/blog\/author\/admin\/\"}]}<\/script>\n<!-- \/ Yoast SEO plugin. -->","yoast_head_json":{"title":"D\u00e9goter une balade en groupe Arles quartier des mus\u00e9es - Visiter Arles","robots":{"index":"index","follow":"follow","max-snippet":"max-snippet:-1","max-image-preview":"max-image-preview:large","max-video-preview":"max-video-preview:-1"},"canonical":"https:\/\/www.visiterarles.com\/en\/blog\/2014\/11\/29\/degoter-une-balade-en-groupe-arles-quartier-des-musees-659\/","twitter_misc":{"Written by":"Linkadm","Estimated reading time":"1 minute"},"schema":{"@context":"https:\/\/schema.org","@graph":[{"@type":"Article","@id":"https:\/\/www.visiterarles.com\/en\/blog\/2014\/11\/29\/degoter-une-balade-en-groupe-arles-quartier-des-musees-659\/#article","isPartOf":{"@id":"https:\/\/www.visiterarles.com\/en\/blog\/2014\/11\/29\/degoter-une-balade-en-groupe-arles-quartier-des-musees-659\/"},"author":{"name":"Linkadm","@id":"https:\/\/www.visiterarles.com\/en\/#\/schema\/person\/ba5912e4613018f479a2d86815a53576"},"headline":"D\u00e9goter une balade en groupe Arles quartier des mus\u00e9es","datePublished":"2014-11-29T11:34:00+00:00","dateModified":"2014-11-29T11:34:00+00:00","mainEntityOfPage":{"@id":"https:\/\/www.visiterarles.com\/en\/blog\/2014\/11\/29\/degoter-une-balade-en-groupe-arles-quartier-des-musees-659\/"},"wordCount":209,"commentCount":0,"publisher":{"@id":"https:\/\/www.visiterarles.com\/en\/#organization"},"articleSection":["Informations"],"inLanguage":"en-GB","potentialAction":[{"@type":"CommentAction","name":"Comment","target":["https:\/\/www.visiterarles.com\/en\/blog\/2014\/11\/29\/degoter-une-balade-en-groupe-arles-quartier-des-musees-659\/#respond"]}]},{"@type":"WebPage","@id":"https:\/\/www.visiterarles.com\/en\/blog\/2014\/11\/29\/degoter-une-balade-en-groupe-arles-quartier-des-musees-659\/","url":"https:\/\/www.visiterarles.com\/en\/blog\/2014\/11\/29\/degoter-une-balade-en-groupe-arles-quartier-des-musees-659\/","name":"D\u00e9goter une balade en groupe Arles quartier des mus\u00e9es - Visiter Arles","isPartOf":{"@id":"https:\/\/www.visiterarles.com\/en\/#website"},"datePublished":"2014-11-29T11:34:00+00:00","dateModified":"2014-11-29T11:34:00+00:00","breadcrumb":{"@id":"https:\/\/www.visiterarles.com\/en\/blog\/2014\/11\/29\/degoter-une-balade-en-groupe-arles-quartier-des-musees-659\/#breadcrumb"},"inLanguage":"en-GB","potentialAction":[{"@type":"ReadAction","target":["https:\/\/www.visiterarles.com\/en\/blog\/2014\/11\/29\/degoter-une-balade-en-groupe-arles-quartier-des-musees-659\/"]}]},{"@type":"BreadcrumbList","@id":"https:\/\/www.visiterarles.com\/en\/blog\/2014\/11\/29\/degoter-une-balade-en-groupe-arles-quartier-des-musees-659\/#breadcrumb","itemListElement":[{"@type":"ListItem","position":1,"name":"Home","item":"https:\/\/www.visiterarles.com\/"},{"@type":"ListItem","position":2,"name":"D\u00e9goter une balade en groupe Arles quartier des mus\u00e9es"}]},{"@type":"WebSite","@id":"https:\/\/www.visiterarles.com\/en\/#website","url":"https:\/\/www.visiterarles.com\/en\/","name":"Visiter Arles","description":"Tourisme en Provence \u00e0 Arles","publisher":{"@id":"https:\/\/www.visiterarles.com\/en\/#organization"},"potentialAction":[{"@type":"SearchAction","target":{"@type":"EntryPoint","urlTemplate":"https:\/\/www.visiterarles.com\/en\/?s={search_term_string}"},"query-input":"required name=search_term_string"}],"inLanguage":"en-GB"},{"@type":"Organization","@id":"https:\/\/www.visiterarles.com\/en\/#organization","name":"Visiter Arles","url":"https:\/\/www.visiterarles.com\/en\/","logo":{"@type":"ImageObject","inLanguage":"en-GB","@id":"https:\/\/www.visiterarles.com\/en\/#\/schema\/logo\/image\/","url":"https:\/\/www.visiterarles.com\/wp-content\/uploads\/2017\/10\/taco-and-co-1-1.jpg","contentUrl":"https:\/\/www.visiterarles.com\/wp-content\/uploads\/2017\/10\/taco-and-co-1-1.jpg","width":124,"height":73,"caption":"Visiter Arles"},"image":{"@id":"https:\/\/www.visiterarles.com\/en\/#\/schema\/logo\/image\/"}},{"@type":"Person","@id":"https:\/\/www.visiterarles.com\/en\/#\/schema\/person\/ba5912e4613018f479a2d86815a53576","name":"Linkadm","image":{"@type":"ImageObject","inLanguage":"en-GB","@id":"https:\/\/www.visiterarles.com\/en\/#\/schema\/person\/image\/","url":"https:\/\/secure.gravatar.com\/avatar\/4709ec209921503e8d8cc96168eddc49?s=96&d=mm&r=g","contentUrl":"https:\/\/secure.gravatar.com\/avatar\/4709ec209921503e8d8cc96168eddc49?s=96&d=mm&r=g","caption":"Linkadm"},"url":"https:\/\/www.visiterarles.com\/en\/blog\/author\/admin\/"}]}},"_links":{"self":[{"href":"https:\/\/www.visiterarles.com\/en\/wp-json\/wp\/v2\/posts\/28167"}],"collection":[{"href":"https:\/\/www.visiterarles.com\/en\/wp-json\/wp\/v2\/posts"}],"about":[{"href":"https:\/\/www.visiterarles.com\/en\/wp-json\/wp\/v2\/types\/post"}],"author":[{"embeddable":true,"href":"https:\/\/www.visiterarles.com\/en\/wp-json\/wp\/v2\/users\/1"}],"replies":[{"embeddable":true,"href":"https:\/\/www.visiterarles.com\/en\/wp-json\/wp\/v2\/comments?post=28167"}],"version-history":[{"count":0,"href":"https:\/\/www.visiterarles.com\/en\/wp-json\/wp\/v2\/posts\/28167\/revisions"}],"wp:attachment":[{"href":"https:\/\/www.visiterarles.com\/en\/wp-json\/wp\/v2\/media?parent=28167"}],"wp:term":[{"taxonomy":"category","embeddable":true,"href":"https:\/\/www.visiterarles.com\/en\/wp-json\/wp\/v2\/categories?post=28167"},{"taxonomy":"post_tag","embeddable":true,"href":"https:\/\/www.visiterarles.com\/en\/wp-json\/wp\/v2\/tags?post=28167"}],"curies":[{"name":"wp","href":"https:\/\/api.w.org\/{rel}","templated":true}]}}