{"id":28178,"date":"2014-12-04T13:36:00","date_gmt":"2014-12-04T13:36:00","guid":{"rendered":"http:\/\/www.visiterarles.com\/pour-visiter-les-musees-arles-historique-la-balade-1646\/"},"modified":"2014-12-04T13:36:00","modified_gmt":"2014-12-04T13:36:00","slug":"pour-visiter-les-musees-arles-historique-la-balade-1646","status":"publish","type":"post","link":"https:\/\/www.visiterarles.com\/en\/blog\/2014\/12\/04\/pour-visiter-les-musees-arles-historique-la-balade-1646\/","title":{"rendered":"Pour visiter les mus\u00e9es Arles historique : la balade"},"content":{"rendered":"<h4>V\u00e9lo-Taco votre partenaire de confiance pour visiter les mus\u00e9es \u00e0 Arles historique<\/h4>\n<p>Les beaux endroits poussent \u00e0 tous les coins de rue, en cons\u00e9quence, une sympathique balade pour visiter les mus\u00e9es Arles historique vous apportera la facult\u00e9 de jouir pleinement des cryptoportiques, de l&rsquo;ecomus\u00e9e du sel o\u00f9 alors du march\u00e9 de provence. Pour offrir la facult\u00e9 de jouir pleinement de la vie culturelle, avec la sensation d&rsquo;oeuvrer d&rsquo;une mani\u00e8re \u00e9cologique, une sympathique balade pour visiter les mus\u00e9es Arles historique vous aidera \u00e0 profiter du moment pr\u00e9sent.<\/p>\n<h4>Arles : pour quelle raison choisir notre balade pour visiter les mus\u00e9es<\/h4>\n<p>Faire la d\u00e9couverte du tr\u00e8s beau centre historique par le biais de notre balade pour visiter les mus\u00e9es \u00e0 Arles peut \u00eatre une offre efficace pour qui le souhaite. En arrivant \u00e0 Arles, vous pourrez solliciter notre balade au sein m\u00eame de cette structure. Les visiteurs de tout poil appr\u00e9cieront notre <a href=\"http:\/\/www.visiterarles.com\/en\/arles-balade-pour-visiter-les-musees-1495\/\">balade sur Arles<\/a>, pour visiter les mus\u00e9es qui leur conviendra sans aucun doute.<\/p>","protected":false},"excerpt":{"rendered":"<p>V\u00e9lo-Taco votre partenaire de confiance pour visiter les mus\u00e9es \u00e0 Arles historique Les beaux endroits poussent \u00e0 tous les coins de rue, en cons\u00e9quence, une sympathique balade pour visiter les mus\u00e9es Arles historique vous apportera la facult\u00e9 de jouir pleinement des cryptoportiques, de l&rsquo;ecomus\u00e9e du sel o\u00f9 alors du march\u00e9 de provence. Pour offrir la [&hellip;]<\/p>","protected":false},"author":1,"featured_media":0,"comment_status":"open","ping_status":"open","sticky":false,"template":"","format":"standard","meta":{"footnotes":""},"categories":[55],"tags":[],"aioseo_notices":[],"yoast_head":"<!-- This site is optimized with the Yoast SEO plugin v22.3 - https:\/\/yoast.com\/wordpress\/plugins\/seo\/ -->\n<title>Pour visiter les mus\u00e9es Arles historique : la balade - Visiter Arles<\/title>\n<meta name=\"robots\" content=\"index, follow, max-snippet:-1, max-image-preview:large, max-video-preview:-1\" \/>\n<link rel=\"canonical\" href=\"https:\/\/www.visiterarles.com\/en\/blog\/2014\/12\/04\/pour-visiter-les-musees-arles-historique-la-balade-1646\/\" \/>\n<meta name=\"twitter:label1\" content=\"Written by\" \/>\n\t<meta name=\"twitter:data1\" content=\"Linkadm\" \/>\n\t<meta name=\"twitter:label2\" content=\"Estimated reading time\" \/>\n\t<meta name=\"twitter:data2\" content=\"1 minute\" \/>\n<script type=\"application\/ld+json\" class=\"yoast-schema-graph\">{\"@context\":\"https:\/\/schema.org\",\"@graph\":[{\"@type\":\"Article\",\"@id\":\"https:\/\/www.visiterarles.com\/en\/blog\/2014\/12\/04\/pour-visiter-les-musees-arles-historique-la-balade-1646\/#article\",\"isPartOf\":{\"@id\":\"https:\/\/www.visiterarles.com\/en\/blog\/2014\/12\/04\/pour-visiter-les-musees-arles-historique-la-balade-1646\/\"},\"author\":{\"name\":\"Linkadm\",\"@id\":\"https:\/\/www.visiterarles.com\/en\/#\/schema\/person\/ba5912e4613018f479a2d86815a53576\"},\"headline\":\"Pour visiter les mus\u00e9es Arles historique : la balade\",\"datePublished\":\"2014-12-04T13:36:00+00:00\",\"dateModified\":\"2014-12-04T13:36:00+00:00\",\"mainEntityOfPage\":{\"@id\":\"https:\/\/www.visiterarles.com\/en\/blog\/2014\/12\/04\/pour-visiter-les-musees-arles-historique-la-balade-1646\/\"},\"wordCount\":183,\"commentCount\":0,\"publisher\":{\"@id\":\"https:\/\/www.visiterarles.com\/en\/#organization\"},\"articleSection\":[\"Informations\"],\"inLanguage\":\"en-GB\",\"potentialAction\":[{\"@type\":\"CommentAction\",\"name\":\"Comment\",\"target\":[\"https:\/\/www.visiterarles.com\/en\/blog\/2014\/12\/04\/pour-visiter-les-musees-arles-historique-la-balade-1646\/#respond\"]}]},{\"@type\":\"WebPage\",\"@id\":\"https:\/\/www.visiterarles.com\/en\/blog\/2014\/12\/04\/pour-visiter-les-musees-arles-historique-la-balade-1646\/\",\"url\":\"https:\/\/www.visiterarles.com\/en\/blog\/2014\/12\/04\/pour-visiter-les-musees-arles-historique-la-balade-1646\/\",\"name\":\"Pour visiter les mus\u00e9es Arles historique : la balade - Visiter Arles\",\"isPartOf\":{\"@id\":\"https:\/\/www.visiterarles.com\/en\/#website\"},\"datePublished\":\"2014-12-04T13:36:00+00:00\",\"dateModified\":\"2014-12-04T13:36:00+00:00\",\"breadcrumb\":{\"@id\":\"https:\/\/www.visiterarles.com\/en\/blog\/2014\/12\/04\/pour-visiter-les-musees-arles-historique-la-balade-1646\/#breadcrumb\"},\"inLanguage\":\"en-GB\",\"potentialAction\":[{\"@type\":\"ReadAction\",\"target\":[\"https:\/\/www.visiterarles.com\/en\/blog\/2014\/12\/04\/pour-visiter-les-musees-arles-historique-la-balade-1646\/\"]}]},{\"@type\":\"BreadcrumbList\",\"@id\":\"https:\/\/www.visiterarles.com\/en\/blog\/2014\/12\/04\/pour-visiter-les-musees-arles-historique-la-balade-1646\/#breadcrumb\",\"itemListElement\":[{\"@type\":\"ListItem\",\"position\":1,\"name\":\"Home\",\"item\":\"https:\/\/www.visiterarles.com\/\"},{\"@type\":\"ListItem\",\"position\":2,\"name\":\"Pour visiter les mus\u00e9es Arles historique : la balade\"}]},{\"@type\":\"WebSite\",\"@id\":\"https:\/\/www.visiterarles.com\/en\/#website\",\"url\":\"https:\/\/www.visiterarles.com\/en\/\",\"name\":\"Visiter Arles\",\"description\":\"Tourisme en Provence \u00e0 Arles\",\"publisher\":{\"@id\":\"https:\/\/www.visiterarles.com\/en\/#organization\"},\"potentialAction\":[{\"@type\":\"SearchAction\",\"target\":{\"@type\":\"EntryPoint\",\"urlTemplate\":\"https:\/\/www.visiterarles.com\/en\/?s={search_term_string}\"},\"query-input\":\"required name=search_term_string\"}],\"inLanguage\":\"en-GB\"},{\"@type\":\"Organization\",\"@id\":\"https:\/\/www.visiterarles.com\/en\/#organization\",\"name\":\"Visiter Arles\",\"url\":\"https:\/\/www.visiterarles.com\/en\/\",\"logo\":{\"@type\":\"ImageObject\",\"inLanguage\":\"en-GB\",\"@id\":\"https:\/\/www.visiterarles.com\/en\/#\/schema\/logo\/image\/\",\"url\":\"https:\/\/www.visiterarles.com\/wp-content\/uploads\/2017\/10\/taco-and-co-1-1.jpg\",\"contentUrl\":\"https:\/\/www.visiterarles.com\/wp-content\/uploads\/2017\/10\/taco-and-co-1-1.jpg\",\"width\":124,\"height\":73,\"caption\":\"Visiter Arles\"},\"image\":{\"@id\":\"https:\/\/www.visiterarles.com\/en\/#\/schema\/logo\/image\/\"}},{\"@type\":\"Person\",\"@id\":\"https:\/\/www.visiterarles.com\/en\/#\/schema\/person\/ba5912e4613018f479a2d86815a53576\",\"name\":\"Linkadm\",\"image\":{\"@type\":\"ImageObject\",\"inLanguage\":\"en-GB\",\"@id\":\"https:\/\/www.visiterarles.com\/en\/#\/schema\/person\/image\/\",\"url\":\"https:\/\/secure.gravatar.com\/avatar\/4709ec209921503e8d8cc96168eddc49?s=96&d=mm&r=g\",\"contentUrl\":\"https:\/\/secure.gravatar.com\/avatar\/4709ec209921503e8d8cc96168eddc49?s=96&d=mm&r=g\",\"caption\":\"Linkadm\"},\"url\":\"https:\/\/www.visiterarles.com\/en\/blog\/author\/admin\/\"}]}<\/script>\n<!-- \/ Yoast SEO plugin. -->","yoast_head_json":{"title":"Pour visiter les mus\u00e9es Arles historique : la balade - Visiter Arles","robots":{"index":"index","follow":"follow","max-snippet":"max-snippet:-1","max-image-preview":"max-image-preview:large","max-video-preview":"max-video-preview:-1"},"canonical":"https:\/\/www.visiterarles.com\/en\/blog\/2014\/12\/04\/pour-visiter-les-musees-arles-historique-la-balade-1646\/","twitter_misc":{"Written by":"Linkadm","Estimated reading time":"1 minute"},"schema":{"@context":"https:\/\/schema.org","@graph":[{"@type":"Article","@id":"https:\/\/www.visiterarles.com\/en\/blog\/2014\/12\/04\/pour-visiter-les-musees-arles-historique-la-balade-1646\/#article","isPartOf":{"@id":"https:\/\/www.visiterarles.com\/en\/blog\/2014\/12\/04\/pour-visiter-les-musees-arles-historique-la-balade-1646\/"},"author":{"name":"Linkadm","@id":"https:\/\/www.visiterarles.com\/en\/#\/schema\/person\/ba5912e4613018f479a2d86815a53576"},"headline":"Pour visiter les mus\u00e9es Arles historique : la balade","datePublished":"2014-12-04T13:36:00+00:00","dateModified":"2014-12-04T13:36:00+00:00","mainEntityOfPage":{"@id":"https:\/\/www.visiterarles.com\/en\/blog\/2014\/12\/04\/pour-visiter-les-musees-arles-historique-la-balade-1646\/"},"wordCount":183,"commentCount":0,"publisher":{"@id":"https:\/\/www.visiterarles.com\/en\/#organization"},"articleSection":["Informations"],"inLanguage":"en-GB","potentialAction":[{"@type":"CommentAction","name":"Comment","target":["https:\/\/www.visiterarles.com\/en\/blog\/2014\/12\/04\/pour-visiter-les-musees-arles-historique-la-balade-1646\/#respond"]}]},{"@type":"WebPage","@id":"https:\/\/www.visiterarles.com\/en\/blog\/2014\/12\/04\/pour-visiter-les-musees-arles-historique-la-balade-1646\/","url":"https:\/\/www.visiterarles.com\/en\/blog\/2014\/12\/04\/pour-visiter-les-musees-arles-historique-la-balade-1646\/","name":"Pour visiter les mus\u00e9es Arles historique : la balade - Visiter Arles","isPartOf":{"@id":"https:\/\/www.visiterarles.com\/en\/#website"},"datePublished":"2014-12-04T13:36:00+00:00","dateModified":"2014-12-04T13:36:00+00:00","breadcrumb":{"@id":"https:\/\/www.visiterarles.com\/en\/blog\/2014\/12\/04\/pour-visiter-les-musees-arles-historique-la-balade-1646\/#breadcrumb"},"inLanguage":"en-GB","potentialAction":[{"@type":"ReadAction","target":["https:\/\/www.visiterarles.com\/en\/blog\/2014\/12\/04\/pour-visiter-les-musees-arles-historique-la-balade-1646\/"]}]},{"@type":"BreadcrumbList","@id":"https:\/\/www.visiterarles.com\/en\/blog\/2014\/12\/04\/pour-visiter-les-musees-arles-historique-la-balade-1646\/#breadcrumb","itemListElement":[{"@type":"ListItem","position":1,"name":"Home","item":"https:\/\/www.visiterarles.com\/"},{"@type":"ListItem","position":2,"name":"Pour visiter les mus\u00e9es Arles historique : la balade"}]},{"@type":"WebSite","@id":"https:\/\/www.visiterarles.com\/en\/#website","url":"https:\/\/www.visiterarles.com\/en\/","name":"Visiter Arles","description":"Tourisme en Provence \u00e0 Arles","publisher":{"@id":"https:\/\/www.visiterarles.com\/en\/#organization"},"potentialAction":[{"@type":"SearchAction","target":{"@type":"EntryPoint","urlTemplate":"https:\/\/www.visiterarles.com\/en\/?s={search_term_string}"},"query-input":"required name=search_term_string"}],"inLanguage":"en-GB"},{"@type":"Organization","@id":"https:\/\/www.visiterarles.com\/en\/#organization","name":"Visiter Arles","url":"https:\/\/www.visiterarles.com\/en\/","logo":{"@type":"ImageObject","inLanguage":"en-GB","@id":"https:\/\/www.visiterarles.com\/en\/#\/schema\/logo\/image\/","url":"https:\/\/www.visiterarles.com\/wp-content\/uploads\/2017\/10\/taco-and-co-1-1.jpg","contentUrl":"https:\/\/www.visiterarles.com\/wp-content\/uploads\/2017\/10\/taco-and-co-1-1.jpg","width":124,"height":73,"caption":"Visiter Arles"},"image":{"@id":"https:\/\/www.visiterarles.com\/en\/#\/schema\/logo\/image\/"}},{"@type":"Person","@id":"https:\/\/www.visiterarles.com\/en\/#\/schema\/person\/ba5912e4613018f479a2d86815a53576","name":"Linkadm","image":{"@type":"ImageObject","inLanguage":"en-GB","@id":"https:\/\/www.visiterarles.com\/en\/#\/schema\/person\/image\/","url":"https:\/\/secure.gravatar.com\/avatar\/4709ec209921503e8d8cc96168eddc49?s=96&d=mm&r=g","contentUrl":"https:\/\/secure.gravatar.com\/avatar\/4709ec209921503e8d8cc96168eddc49?s=96&d=mm&r=g","caption":"Linkadm"},"url":"https:\/\/www.visiterarles.com\/en\/blog\/author\/admin\/"}]}},"_links":{"self":[{"href":"https:\/\/www.visiterarles.com\/en\/wp-json\/wp\/v2\/posts\/28178"}],"collection":[{"href":"https:\/\/www.visiterarles.com\/en\/wp-json\/wp\/v2\/posts"}],"about":[{"href":"https:\/\/www.visiterarles.com\/en\/wp-json\/wp\/v2\/types\/post"}],"author":[{"embeddable":true,"href":"https:\/\/www.visiterarles.com\/en\/wp-json\/wp\/v2\/users\/1"}],"replies":[{"embeddable":true,"href":"https:\/\/www.visiterarles.com\/en\/wp-json\/wp\/v2\/comments?post=28178"}],"version-history":[{"count":0,"href":"https:\/\/www.visiterarles.com\/en\/wp-json\/wp\/v2\/posts\/28178\/revisions"}],"wp:attachment":[{"href":"https:\/\/www.visiterarles.com\/en\/wp-json\/wp\/v2\/media?parent=28178"}],"wp:term":[{"taxonomy":"category","embeddable":true,"href":"https:\/\/www.visiterarles.com\/en\/wp-json\/wp\/v2\/categories?post=28178"},{"taxonomy":"post_tag","embeddable":true,"href":"https:\/\/www.visiterarles.com\/en\/wp-json\/wp\/v2\/tags?post=28178"}],"curies":[{"name":"wp","href":"https:\/\/api.w.org\/{rel}","templated":true}]}}