{"id":28195,"date":"2014-12-10T10:12:00","date_gmt":"2014-12-10T10:12:00","guid":{"rendered":"http:\/\/www.visiterarles.com\/balade-pour-decouvrir-les-monuments-historiques-arles-quartier-des-monuments-historiques-976\/"},"modified":"2014-12-10T10:12:00","modified_gmt":"2014-12-10T10:12:00","slug":"balade-pour-decouvrir-les-monuments-historiques-arles-quartier-des-monuments-historiques-976","status":"publish","type":"post","link":"https:\/\/www.visiterarles.com\/en\/blog\/2014\/12\/10\/balade-pour-decouvrir-les-monuments-historiques-arles-quartier-des-monuments-historiques-976\/","title":{"rendered":"Balade pour d\u00e9couvrir les monuments historiques Arles quartier des monuments historiques"},"content":{"rendered":"<h4>Arles quartier des monuments historiques : opter pour une balade, s\u00e9rieuse pour d\u00e9couvrir les monuments historiques<\/h4>\n<p>Les tours de la cavalerie, le mus\u00e9e du riz o\u00f9 alors l&rsquo;\u00e9glise saint honorat, par le biais de notre balade pour d\u00e9couvrir les monuments historiques \u00e0 Arles quartier des monuments historiques, sont des monuments qui ne vous \u00e9chapperont pas au sein de cette commune ravissante. V\u00e9lo-Taco, pour vous \u00e9pauler pour jouir totalement de la vie, fera le maximum pour vous r\u00e9v\u00e9ler, avec l&rsquo;impression d\u2019agir de fa\u00e7on \u00e9cologique, le plus ad\u00e9quat du meilleur de la culture au sein de cette ville exceptionnelle, via une <a href=\"http:\/\/www.visiterarles.com\/en\/balade-pour-decouvrir-les-monuments-historiques-a-arles-1684\/\">balade pour d\u00e9couvrir les monuments historiques \u00e0 Arles<\/a> quartier des monuments historiques.<\/p>\n<h4>Arles : pour quelle raison s\u00e9lectionner notre balade pour d\u00e9couvrir les monuments historiques<\/h4>\n<p>Prendre connaissance du tr\u00e8s beau patrimoine de la ville par l&rsquo;interm\u00e9diaire de notre balade pour d\u00e9couvrir les monuments historiques \u00e0 Arles peut \u00eatre une solution efficace pour toute personne qui en a envie. En arrivant \u00e0 Arles, vous pourrez demander notre balade dans la gare sncf. Les consommateurs de tout poil adoreront notre balade sur Arles, pour d\u00e9couvrir les monuments historiques leur convenant incontestablement.<\/p>","protected":false},"excerpt":{"rendered":"<p>Arles quartier des monuments historiques : opter pour une balade, s\u00e9rieuse pour d\u00e9couvrir les monuments historiques Les tours de la cavalerie, le mus\u00e9e du riz o\u00f9 alors l&rsquo;\u00e9glise saint honorat, par le biais de notre balade pour d\u00e9couvrir les monuments historiques \u00e0 Arles quartier des monuments historiques, sont des monuments qui ne vous \u00e9chapperont pas [&hellip;]<\/p>","protected":false},"author":1,"featured_media":0,"comment_status":"open","ping_status":"open","sticky":false,"template":"","format":"standard","meta":{"footnotes":""},"categories":[55],"tags":[],"aioseo_notices":[],"yoast_head":"<!-- This site is optimized with the Yoast SEO plugin v22.3 - https:\/\/yoast.com\/wordpress\/plugins\/seo\/ -->\n<title>Balade pour d\u00e9couvrir les monuments historiques Arles quartier des monuments historiques - Visiter Arles<\/title>\n<meta name=\"robots\" content=\"index, follow, max-snippet:-1, max-image-preview:large, max-video-preview:-1\" \/>\n<link rel=\"canonical\" href=\"https:\/\/www.visiterarles.com\/en\/blog\/2014\/12\/10\/balade-pour-decouvrir-les-monuments-historiques-arles-quartier-des-monuments-historiques-976\/\" \/>\n<meta name=\"twitter:label1\" content=\"Written by\" \/>\n\t<meta name=\"twitter:data1\" content=\"Linkadm\" \/>\n\t<meta name=\"twitter:label2\" content=\"Estimated reading time\" \/>\n\t<meta name=\"twitter:data2\" content=\"1 minute\" \/>\n<script type=\"application\/ld+json\" class=\"yoast-schema-graph\">{\"@context\":\"https:\/\/schema.org\",\"@graph\":[{\"@type\":\"Article\",\"@id\":\"https:\/\/www.visiterarles.com\/blog\/2014\/12\/10\/balade-pour-decouvrir-les-monuments-historiques-arles-quartier-des-monuments-historiques-976\/#article\",\"isPartOf\":{\"@id\":\"https:\/\/www.visiterarles.com\/blog\/2014\/12\/10\/balade-pour-decouvrir-les-monuments-historiques-arles-quartier-des-monuments-historiques-976\/\"},\"author\":{\"name\":\"Linkadm\",\"@id\":\"https:\/\/www.visiterarles.com\/en\/#\/schema\/person\/ba5912e4613018f479a2d86815a53576\"},\"headline\":\"Balade pour d\u00e9couvrir les monuments historiques Arles quartier des monuments historiques\",\"datePublished\":\"2014-12-10T10:12:00+00:00\",\"dateModified\":\"2014-12-10T10:12:00+00:00\",\"mainEntityOfPage\":{\"@id\":\"https:\/\/www.visiterarles.com\/blog\/2014\/12\/10\/balade-pour-decouvrir-les-monuments-historiques-arles-quartier-des-monuments-historiques-976\/\"},\"wordCount\":214,\"commentCount\":0,\"publisher\":{\"@id\":\"https:\/\/www.visiterarles.com\/en\/#organization\"},\"articleSection\":[\"Informations\"],\"inLanguage\":\"en-GB\",\"potentialAction\":[{\"@type\":\"CommentAction\",\"name\":\"Comment\",\"target\":[\"https:\/\/www.visiterarles.com\/blog\/2014\/12\/10\/balade-pour-decouvrir-les-monuments-historiques-arles-quartier-des-monuments-historiques-976\/#respond\"]}]},{\"@type\":\"WebPage\",\"@id\":\"https:\/\/www.visiterarles.com\/blog\/2014\/12\/10\/balade-pour-decouvrir-les-monuments-historiques-arles-quartier-des-monuments-historiques-976\/\",\"url\":\"https:\/\/www.visiterarles.com\/blog\/2014\/12\/10\/balade-pour-decouvrir-les-monuments-historiques-arles-quartier-des-monuments-historiques-976\/\",\"name\":\"Balade pour d\u00e9couvrir les monuments historiques Arles quartier des monuments historiques - Visiter Arles\",\"isPartOf\":{\"@id\":\"https:\/\/www.visiterarles.com\/en\/#website\"},\"datePublished\":\"2014-12-10T10:12:00+00:00\",\"dateModified\":\"2014-12-10T10:12:00+00:00\",\"breadcrumb\":{\"@id\":\"https:\/\/www.visiterarles.com\/blog\/2014\/12\/10\/balade-pour-decouvrir-les-monuments-historiques-arles-quartier-des-monuments-historiques-976\/#breadcrumb\"},\"inLanguage\":\"en-GB\",\"potentialAction\":[{\"@type\":\"ReadAction\",\"target\":[\"https:\/\/www.visiterarles.com\/blog\/2014\/12\/10\/balade-pour-decouvrir-les-monuments-historiques-arles-quartier-des-monuments-historiques-976\/\"]}]},{\"@type\":\"BreadcrumbList\",\"@id\":\"https:\/\/www.visiterarles.com\/blog\/2014\/12\/10\/balade-pour-decouvrir-les-monuments-historiques-arles-quartier-des-monuments-historiques-976\/#breadcrumb\",\"itemListElement\":[{\"@type\":\"ListItem\",\"position\":1,\"name\":\"Home\",\"item\":\"https:\/\/www.visiterarles.com\/\"},{\"@type\":\"ListItem\",\"position\":2,\"name\":\"Balade pour d\u00e9couvrir les monuments historiques Arles quartier des monuments historiques\"}]},{\"@type\":\"WebSite\",\"@id\":\"https:\/\/www.visiterarles.com\/en\/#website\",\"url\":\"https:\/\/www.visiterarles.com\/en\/\",\"name\":\"Visiter Arles\",\"description\":\"Tourisme en Provence \u00e0 Arles\",\"publisher\":{\"@id\":\"https:\/\/www.visiterarles.com\/en\/#organization\"},\"potentialAction\":[{\"@type\":\"SearchAction\",\"target\":{\"@type\":\"EntryPoint\",\"urlTemplate\":\"https:\/\/www.visiterarles.com\/en\/?s={search_term_string}\"},\"query-input\":\"required name=search_term_string\"}],\"inLanguage\":\"en-GB\"},{\"@type\":\"Organization\",\"@id\":\"https:\/\/www.visiterarles.com\/en\/#organization\",\"name\":\"Visiter Arles\",\"url\":\"https:\/\/www.visiterarles.com\/en\/\",\"logo\":{\"@type\":\"ImageObject\",\"inLanguage\":\"en-GB\",\"@id\":\"https:\/\/www.visiterarles.com\/en\/#\/schema\/logo\/image\/\",\"url\":\"https:\/\/www.visiterarles.com\/wp-content\/uploads\/2017\/10\/taco-and-co-1-1.jpg\",\"contentUrl\":\"https:\/\/www.visiterarles.com\/wp-content\/uploads\/2017\/10\/taco-and-co-1-1.jpg\",\"width\":124,\"height\":73,\"caption\":\"Visiter Arles\"},\"image\":{\"@id\":\"https:\/\/www.visiterarles.com\/en\/#\/schema\/logo\/image\/\"}},{\"@type\":\"Person\",\"@id\":\"https:\/\/www.visiterarles.com\/en\/#\/schema\/person\/ba5912e4613018f479a2d86815a53576\",\"name\":\"Linkadm\",\"image\":{\"@type\":\"ImageObject\",\"inLanguage\":\"en-GB\",\"@id\":\"https:\/\/www.visiterarles.com\/en\/#\/schema\/person\/image\/\",\"url\":\"https:\/\/secure.gravatar.com\/avatar\/4709ec209921503e8d8cc96168eddc49?s=96&d=mm&r=g\",\"contentUrl\":\"https:\/\/secure.gravatar.com\/avatar\/4709ec209921503e8d8cc96168eddc49?s=96&d=mm&r=g\",\"caption\":\"Linkadm\"},\"url\":\"https:\/\/www.visiterarles.com\/en\/blog\/author\/admin\/\"}]}<\/script>\n<!-- \/ Yoast SEO plugin. -->","yoast_head_json":{"title":"Balade pour d\u00e9couvrir les monuments historiques Arles quartier des monuments historiques - Visiter Arles","robots":{"index":"index","follow":"follow","max-snippet":"max-snippet:-1","max-image-preview":"max-image-preview:large","max-video-preview":"max-video-preview:-1"},"canonical":"https:\/\/www.visiterarles.com\/en\/blog\/2014\/12\/10\/balade-pour-decouvrir-les-monuments-historiques-arles-quartier-des-monuments-historiques-976\/","twitter_misc":{"Written by":"Linkadm","Estimated reading time":"1 minute"},"schema":{"@context":"https:\/\/schema.org","@graph":[{"@type":"Article","@id":"https:\/\/www.visiterarles.com\/blog\/2014\/12\/10\/balade-pour-decouvrir-les-monuments-historiques-arles-quartier-des-monuments-historiques-976\/#article","isPartOf":{"@id":"https:\/\/www.visiterarles.com\/blog\/2014\/12\/10\/balade-pour-decouvrir-les-monuments-historiques-arles-quartier-des-monuments-historiques-976\/"},"author":{"name":"Linkadm","@id":"https:\/\/www.visiterarles.com\/en\/#\/schema\/person\/ba5912e4613018f479a2d86815a53576"},"headline":"Balade pour d\u00e9couvrir les monuments historiques Arles quartier des monuments historiques","datePublished":"2014-12-10T10:12:00+00:00","dateModified":"2014-12-10T10:12:00+00:00","mainEntityOfPage":{"@id":"https:\/\/www.visiterarles.com\/blog\/2014\/12\/10\/balade-pour-decouvrir-les-monuments-historiques-arles-quartier-des-monuments-historiques-976\/"},"wordCount":214,"commentCount":0,"publisher":{"@id":"https:\/\/www.visiterarles.com\/en\/#organization"},"articleSection":["Informations"],"inLanguage":"en-GB","potentialAction":[{"@type":"CommentAction","name":"Comment","target":["https:\/\/www.visiterarles.com\/blog\/2014\/12\/10\/balade-pour-decouvrir-les-monuments-historiques-arles-quartier-des-monuments-historiques-976\/#respond"]}]},{"@type":"WebPage","@id":"https:\/\/www.visiterarles.com\/blog\/2014\/12\/10\/balade-pour-decouvrir-les-monuments-historiques-arles-quartier-des-monuments-historiques-976\/","url":"https:\/\/www.visiterarles.com\/blog\/2014\/12\/10\/balade-pour-decouvrir-les-monuments-historiques-arles-quartier-des-monuments-historiques-976\/","name":"Balade pour d\u00e9couvrir les monuments historiques Arles quartier des monuments historiques - Visiter Arles","isPartOf":{"@id":"https:\/\/www.visiterarles.com\/en\/#website"},"datePublished":"2014-12-10T10:12:00+00:00","dateModified":"2014-12-10T10:12:00+00:00","breadcrumb":{"@id":"https:\/\/www.visiterarles.com\/blog\/2014\/12\/10\/balade-pour-decouvrir-les-monuments-historiques-arles-quartier-des-monuments-historiques-976\/#breadcrumb"},"inLanguage":"en-GB","potentialAction":[{"@type":"ReadAction","target":["https:\/\/www.visiterarles.com\/blog\/2014\/12\/10\/balade-pour-decouvrir-les-monuments-historiques-arles-quartier-des-monuments-historiques-976\/"]}]},{"@type":"BreadcrumbList","@id":"https:\/\/www.visiterarles.com\/blog\/2014\/12\/10\/balade-pour-decouvrir-les-monuments-historiques-arles-quartier-des-monuments-historiques-976\/#breadcrumb","itemListElement":[{"@type":"ListItem","position":1,"name":"Home","item":"https:\/\/www.visiterarles.com\/"},{"@type":"ListItem","position":2,"name":"Balade pour d\u00e9couvrir les monuments historiques Arles quartier des monuments historiques"}]},{"@type":"WebSite","@id":"https:\/\/www.visiterarles.com\/en\/#website","url":"https:\/\/www.visiterarles.com\/en\/","name":"Visiter Arles","description":"Tourisme en Provence \u00e0 Arles","publisher":{"@id":"https:\/\/www.visiterarles.com\/en\/#organization"},"potentialAction":[{"@type":"SearchAction","target":{"@type":"EntryPoint","urlTemplate":"https:\/\/www.visiterarles.com\/en\/?s={search_term_string}"},"query-input":"required name=search_term_string"}],"inLanguage":"en-GB"},{"@type":"Organization","@id":"https:\/\/www.visiterarles.com\/en\/#organization","name":"Visiter Arles","url":"https:\/\/www.visiterarles.com\/en\/","logo":{"@type":"ImageObject","inLanguage":"en-GB","@id":"https:\/\/www.visiterarles.com\/en\/#\/schema\/logo\/image\/","url":"https:\/\/www.visiterarles.com\/wp-content\/uploads\/2017\/10\/taco-and-co-1-1.jpg","contentUrl":"https:\/\/www.visiterarles.com\/wp-content\/uploads\/2017\/10\/taco-and-co-1-1.jpg","width":124,"height":73,"caption":"Visiter Arles"},"image":{"@id":"https:\/\/www.visiterarles.com\/en\/#\/schema\/logo\/image\/"}},{"@type":"Person","@id":"https:\/\/www.visiterarles.com\/en\/#\/schema\/person\/ba5912e4613018f479a2d86815a53576","name":"Linkadm","image":{"@type":"ImageObject","inLanguage":"en-GB","@id":"https:\/\/www.visiterarles.com\/en\/#\/schema\/person\/image\/","url":"https:\/\/secure.gravatar.com\/avatar\/4709ec209921503e8d8cc96168eddc49?s=96&d=mm&r=g","contentUrl":"https:\/\/secure.gravatar.com\/avatar\/4709ec209921503e8d8cc96168eddc49?s=96&d=mm&r=g","caption":"Linkadm"},"url":"https:\/\/www.visiterarles.com\/en\/blog\/author\/admin\/"}]}},"_links":{"self":[{"href":"https:\/\/www.visiterarles.com\/en\/wp-json\/wp\/v2\/posts\/28195"}],"collection":[{"href":"https:\/\/www.visiterarles.com\/en\/wp-json\/wp\/v2\/posts"}],"about":[{"href":"https:\/\/www.visiterarles.com\/en\/wp-json\/wp\/v2\/types\/post"}],"author":[{"embeddable":true,"href":"https:\/\/www.visiterarles.com\/en\/wp-json\/wp\/v2\/users\/1"}],"replies":[{"embeddable":true,"href":"https:\/\/www.visiterarles.com\/en\/wp-json\/wp\/v2\/comments?post=28195"}],"version-history":[{"count":0,"href":"https:\/\/www.visiterarles.com\/en\/wp-json\/wp\/v2\/posts\/28195\/revisions"}],"wp:attachment":[{"href":"https:\/\/www.visiterarles.com\/en\/wp-json\/wp\/v2\/media?parent=28195"}],"wp:term":[{"taxonomy":"category","embeddable":true,"href":"https:\/\/www.visiterarles.com\/en\/wp-json\/wp\/v2\/categories?post=28195"},{"taxonomy":"post_tag","embeddable":true,"href":"https:\/\/www.visiterarles.com\/en\/wp-json\/wp\/v2\/tags?post=28195"}],"curies":[{"name":"wp","href":"https:\/\/api.w.org\/{rel}","templated":true}]}}