{"id":28242,"date":"2014-12-28T17:14:00","date_gmt":"2014-12-28T17:14:00","guid":{"rendered":"http:\/\/www.visiterarles.com\/denicher-une-balade-en-famille-arles-quartier-des-arenes-1927\/"},"modified":"2014-12-28T17:14:00","modified_gmt":"2014-12-28T17:14:00","slug":"denicher-une-balade-en-famille-arles-quartier-des-arenes-1927","status":"publish","type":"post","link":"https:\/\/www.visiterarles.com\/en\/blog\/2014\/12\/28\/denicher-une-balade-en-famille-arles-quartier-des-arenes-1927\/","title":{"rendered":"D\u00e9nicher une balade en famille Arles quartier des ar\u00e8nes"},"content":{"rendered":"<h4>Balade en famille : o\u00f9 rep\u00e9rer un partenaire s\u00e9rieux sur Arles quartier des ar\u00e8nes<\/h4>\n<p>Les tours de la cavalerie, le marais du vigueirat o\u00f9 alors l&rsquo;\u00e9glise saint blaise, via notre balade en famille Arles quartier des ar\u00e8nes, sont des hauts lieux que vous ne sauriez manquer au sein de cette commune magnifique. Pour donner la facult\u00e9 de jouir pleinement du meilleur de la culture, avec l&rsquo;impression d&rsquo;oeuvrer d&rsquo;une fa\u00e7on \u00e9co-responsable, une <a href=\"http:\/\/www.visiterarles.com\/en\/arles-balade-en-famille-avec-velo-taco-954\/\">balade en famille Arles<\/a> quartier des ar\u00e8nes vous aidera \u00e0 profiter au maximum de la vie.<\/p>\n<h4>Arles : d\u00e9tecter la balade en famille, que vous cherchez<\/h4>\n<p>Faire la d\u00e9couverte du tr\u00e8s beau centre historique au moyen de notre balade en famille \u00e0 Arles peut \u00eatre une solution adapt\u00e9e pour chaque personne qui le souhaite. Au cas o\u00f9 vous vous av\u00e9riez \u00eatre \u00e0 Arles, vous pourrez jouir pleinement d\u2019une appr\u00e9ciable balade sereinement. Les visiteurs de tout poil aimeront notre balade sur Arles, en famille leur convenant incontestablement.<\/p>","protected":false},"excerpt":{"rendered":"<p>Balade en famille : o\u00f9 rep\u00e9rer un partenaire s\u00e9rieux sur Arles quartier des ar\u00e8nes Les tours de la cavalerie, le marais du vigueirat o\u00f9 alors l&rsquo;\u00e9glise saint blaise, via notre balade en famille Arles quartier des ar\u00e8nes, sont des hauts lieux que vous ne sauriez manquer au sein de cette commune magnifique. Pour donner la [&hellip;]<\/p>","protected":false},"author":1,"featured_media":0,"comment_status":"open","ping_status":"open","sticky":false,"template":"","format":"standard","meta":{"footnotes":""},"categories":[55],"tags":[],"aioseo_notices":[],"yoast_head":"<!-- This site is optimized with the Yoast SEO plugin v22.3 - https:\/\/yoast.com\/wordpress\/plugins\/seo\/ -->\n<title>D\u00e9nicher une balade en famille Arles quartier des ar\u00e8nes - Visiter Arles<\/title>\n<meta name=\"robots\" content=\"index, follow, max-snippet:-1, max-image-preview:large, max-video-preview:-1\" \/>\n<link rel=\"canonical\" href=\"https:\/\/www.visiterarles.com\/en\/blog\/2014\/12\/28\/denicher-une-balade-en-famille-arles-quartier-des-arenes-1927\/\" \/>\n<meta name=\"twitter:label1\" content=\"Written by\" \/>\n\t<meta name=\"twitter:data1\" content=\"Linkadm\" \/>\n\t<meta name=\"twitter:label2\" content=\"Estimated reading time\" \/>\n\t<meta name=\"twitter:data2\" content=\"1 minute\" \/>\n<script type=\"application\/ld+json\" class=\"yoast-schema-graph\">{\"@context\":\"https:\/\/schema.org\",\"@graph\":[{\"@type\":\"Article\",\"@id\":\"https:\/\/www.visiterarles.com\/blog\/2014\/12\/28\/denicher-une-balade-en-famille-arles-quartier-des-arenes-1927\/#article\",\"isPartOf\":{\"@id\":\"https:\/\/www.visiterarles.com\/blog\/2014\/12\/28\/denicher-une-balade-en-famille-arles-quartier-des-arenes-1927\/\"},\"author\":{\"name\":\"Linkadm\",\"@id\":\"https:\/\/www.visiterarles.com\/en\/#\/schema\/person\/ba5912e4613018f479a2d86815a53576\"},\"headline\":\"D\u00e9nicher une balade en famille Arles quartier des ar\u00e8nes\",\"datePublished\":\"2014-12-28T17:14:00+00:00\",\"dateModified\":\"2014-12-28T17:14:00+00:00\",\"mainEntityOfPage\":{\"@id\":\"https:\/\/www.visiterarles.com\/blog\/2014\/12\/28\/denicher-une-balade-en-famille-arles-quartier-des-arenes-1927\/\"},\"wordCount\":180,\"commentCount\":0,\"publisher\":{\"@id\":\"https:\/\/www.visiterarles.com\/en\/#organization\"},\"articleSection\":[\"Informations\"],\"inLanguage\":\"en-GB\",\"potentialAction\":[{\"@type\":\"CommentAction\",\"name\":\"Comment\",\"target\":[\"https:\/\/www.visiterarles.com\/blog\/2014\/12\/28\/denicher-une-balade-en-famille-arles-quartier-des-arenes-1927\/#respond\"]}]},{\"@type\":\"WebPage\",\"@id\":\"https:\/\/www.visiterarles.com\/blog\/2014\/12\/28\/denicher-une-balade-en-famille-arles-quartier-des-arenes-1927\/\",\"url\":\"https:\/\/www.visiterarles.com\/blog\/2014\/12\/28\/denicher-une-balade-en-famille-arles-quartier-des-arenes-1927\/\",\"name\":\"D\u00e9nicher une balade en famille Arles quartier des ar\u00e8nes - Visiter Arles\",\"isPartOf\":{\"@id\":\"https:\/\/www.visiterarles.com\/en\/#website\"},\"datePublished\":\"2014-12-28T17:14:00+00:00\",\"dateModified\":\"2014-12-28T17:14:00+00:00\",\"breadcrumb\":{\"@id\":\"https:\/\/www.visiterarles.com\/blog\/2014\/12\/28\/denicher-une-balade-en-famille-arles-quartier-des-arenes-1927\/#breadcrumb\"},\"inLanguage\":\"en-GB\",\"potentialAction\":[{\"@type\":\"ReadAction\",\"target\":[\"https:\/\/www.visiterarles.com\/blog\/2014\/12\/28\/denicher-une-balade-en-famille-arles-quartier-des-arenes-1927\/\"]}]},{\"@type\":\"BreadcrumbList\",\"@id\":\"https:\/\/www.visiterarles.com\/blog\/2014\/12\/28\/denicher-une-balade-en-famille-arles-quartier-des-arenes-1927\/#breadcrumb\",\"itemListElement\":[{\"@type\":\"ListItem\",\"position\":1,\"name\":\"Home\",\"item\":\"https:\/\/www.visiterarles.com\/\"},{\"@type\":\"ListItem\",\"position\":2,\"name\":\"D\u00e9nicher une balade en famille Arles quartier des ar\u00e8nes\"}]},{\"@type\":\"WebSite\",\"@id\":\"https:\/\/www.visiterarles.com\/en\/#website\",\"url\":\"https:\/\/www.visiterarles.com\/en\/\",\"name\":\"Visiter Arles\",\"description\":\"Tourisme en Provence \u00e0 Arles\",\"publisher\":{\"@id\":\"https:\/\/www.visiterarles.com\/en\/#organization\"},\"potentialAction\":[{\"@type\":\"SearchAction\",\"target\":{\"@type\":\"EntryPoint\",\"urlTemplate\":\"https:\/\/www.visiterarles.com\/en\/?s={search_term_string}\"},\"query-input\":\"required name=search_term_string\"}],\"inLanguage\":\"en-GB\"},{\"@type\":\"Organization\",\"@id\":\"https:\/\/www.visiterarles.com\/en\/#organization\",\"name\":\"Visiter Arles\",\"url\":\"https:\/\/www.visiterarles.com\/en\/\",\"logo\":{\"@type\":\"ImageObject\",\"inLanguage\":\"en-GB\",\"@id\":\"https:\/\/www.visiterarles.com\/en\/#\/schema\/logo\/image\/\",\"url\":\"https:\/\/www.visiterarles.com\/wp-content\/uploads\/2017\/10\/taco-and-co-1-1.jpg\",\"contentUrl\":\"https:\/\/www.visiterarles.com\/wp-content\/uploads\/2017\/10\/taco-and-co-1-1.jpg\",\"width\":124,\"height\":73,\"caption\":\"Visiter Arles\"},\"image\":{\"@id\":\"https:\/\/www.visiterarles.com\/en\/#\/schema\/logo\/image\/\"}},{\"@type\":\"Person\",\"@id\":\"https:\/\/www.visiterarles.com\/en\/#\/schema\/person\/ba5912e4613018f479a2d86815a53576\",\"name\":\"Linkadm\",\"image\":{\"@type\":\"ImageObject\",\"inLanguage\":\"en-GB\",\"@id\":\"https:\/\/www.visiterarles.com\/en\/#\/schema\/person\/image\/\",\"url\":\"https:\/\/secure.gravatar.com\/avatar\/4709ec209921503e8d8cc96168eddc49?s=96&d=mm&r=g\",\"contentUrl\":\"https:\/\/secure.gravatar.com\/avatar\/4709ec209921503e8d8cc96168eddc49?s=96&d=mm&r=g\",\"caption\":\"Linkadm\"},\"url\":\"https:\/\/www.visiterarles.com\/en\/blog\/author\/admin\/\"}]}<\/script>\n<!-- \/ Yoast SEO plugin. -->","yoast_head_json":{"title":"D\u00e9nicher une balade en famille Arles quartier des ar\u00e8nes - Visiter Arles","robots":{"index":"index","follow":"follow","max-snippet":"max-snippet:-1","max-image-preview":"max-image-preview:large","max-video-preview":"max-video-preview:-1"},"canonical":"https:\/\/www.visiterarles.com\/en\/blog\/2014\/12\/28\/denicher-une-balade-en-famille-arles-quartier-des-arenes-1927\/","twitter_misc":{"Written by":"Linkadm","Estimated reading time":"1 minute"},"schema":{"@context":"https:\/\/schema.org","@graph":[{"@type":"Article","@id":"https:\/\/www.visiterarles.com\/blog\/2014\/12\/28\/denicher-une-balade-en-famille-arles-quartier-des-arenes-1927\/#article","isPartOf":{"@id":"https:\/\/www.visiterarles.com\/blog\/2014\/12\/28\/denicher-une-balade-en-famille-arles-quartier-des-arenes-1927\/"},"author":{"name":"Linkadm","@id":"https:\/\/www.visiterarles.com\/en\/#\/schema\/person\/ba5912e4613018f479a2d86815a53576"},"headline":"D\u00e9nicher une balade en famille Arles quartier des ar\u00e8nes","datePublished":"2014-12-28T17:14:00+00:00","dateModified":"2014-12-28T17:14:00+00:00","mainEntityOfPage":{"@id":"https:\/\/www.visiterarles.com\/blog\/2014\/12\/28\/denicher-une-balade-en-famille-arles-quartier-des-arenes-1927\/"},"wordCount":180,"commentCount":0,"publisher":{"@id":"https:\/\/www.visiterarles.com\/en\/#organization"},"articleSection":["Informations"],"inLanguage":"en-GB","potentialAction":[{"@type":"CommentAction","name":"Comment","target":["https:\/\/www.visiterarles.com\/blog\/2014\/12\/28\/denicher-une-balade-en-famille-arles-quartier-des-arenes-1927\/#respond"]}]},{"@type":"WebPage","@id":"https:\/\/www.visiterarles.com\/blog\/2014\/12\/28\/denicher-une-balade-en-famille-arles-quartier-des-arenes-1927\/","url":"https:\/\/www.visiterarles.com\/blog\/2014\/12\/28\/denicher-une-balade-en-famille-arles-quartier-des-arenes-1927\/","name":"D\u00e9nicher une balade en famille Arles quartier des ar\u00e8nes - Visiter Arles","isPartOf":{"@id":"https:\/\/www.visiterarles.com\/en\/#website"},"datePublished":"2014-12-28T17:14:00+00:00","dateModified":"2014-12-28T17:14:00+00:00","breadcrumb":{"@id":"https:\/\/www.visiterarles.com\/blog\/2014\/12\/28\/denicher-une-balade-en-famille-arles-quartier-des-arenes-1927\/#breadcrumb"},"inLanguage":"en-GB","potentialAction":[{"@type":"ReadAction","target":["https:\/\/www.visiterarles.com\/blog\/2014\/12\/28\/denicher-une-balade-en-famille-arles-quartier-des-arenes-1927\/"]}]},{"@type":"BreadcrumbList","@id":"https:\/\/www.visiterarles.com\/blog\/2014\/12\/28\/denicher-une-balade-en-famille-arles-quartier-des-arenes-1927\/#breadcrumb","itemListElement":[{"@type":"ListItem","position":1,"name":"Home","item":"https:\/\/www.visiterarles.com\/"},{"@type":"ListItem","position":2,"name":"D\u00e9nicher une balade en famille Arles quartier des ar\u00e8nes"}]},{"@type":"WebSite","@id":"https:\/\/www.visiterarles.com\/en\/#website","url":"https:\/\/www.visiterarles.com\/en\/","name":"Visiter Arles","description":"Tourisme en Provence \u00e0 Arles","publisher":{"@id":"https:\/\/www.visiterarles.com\/en\/#organization"},"potentialAction":[{"@type":"SearchAction","target":{"@type":"EntryPoint","urlTemplate":"https:\/\/www.visiterarles.com\/en\/?s={search_term_string}"},"query-input":"required name=search_term_string"}],"inLanguage":"en-GB"},{"@type":"Organization","@id":"https:\/\/www.visiterarles.com\/en\/#organization","name":"Visiter Arles","url":"https:\/\/www.visiterarles.com\/en\/","logo":{"@type":"ImageObject","inLanguage":"en-GB","@id":"https:\/\/www.visiterarles.com\/en\/#\/schema\/logo\/image\/","url":"https:\/\/www.visiterarles.com\/wp-content\/uploads\/2017\/10\/taco-and-co-1-1.jpg","contentUrl":"https:\/\/www.visiterarles.com\/wp-content\/uploads\/2017\/10\/taco-and-co-1-1.jpg","width":124,"height":73,"caption":"Visiter Arles"},"image":{"@id":"https:\/\/www.visiterarles.com\/en\/#\/schema\/logo\/image\/"}},{"@type":"Person","@id":"https:\/\/www.visiterarles.com\/en\/#\/schema\/person\/ba5912e4613018f479a2d86815a53576","name":"Linkadm","image":{"@type":"ImageObject","inLanguage":"en-GB","@id":"https:\/\/www.visiterarles.com\/en\/#\/schema\/person\/image\/","url":"https:\/\/secure.gravatar.com\/avatar\/4709ec209921503e8d8cc96168eddc49?s=96&d=mm&r=g","contentUrl":"https:\/\/secure.gravatar.com\/avatar\/4709ec209921503e8d8cc96168eddc49?s=96&d=mm&r=g","caption":"Linkadm"},"url":"https:\/\/www.visiterarles.com\/en\/blog\/author\/admin\/"}]}},"_links":{"self":[{"href":"https:\/\/www.visiterarles.com\/en\/wp-json\/wp\/v2\/posts\/28242"}],"collection":[{"href":"https:\/\/www.visiterarles.com\/en\/wp-json\/wp\/v2\/posts"}],"about":[{"href":"https:\/\/www.visiterarles.com\/en\/wp-json\/wp\/v2\/types\/post"}],"author":[{"embeddable":true,"href":"https:\/\/www.visiterarles.com\/en\/wp-json\/wp\/v2\/users\/1"}],"replies":[{"embeddable":true,"href":"https:\/\/www.visiterarles.com\/en\/wp-json\/wp\/v2\/comments?post=28242"}],"version-history":[{"count":0,"href":"https:\/\/www.visiterarles.com\/en\/wp-json\/wp\/v2\/posts\/28242\/revisions"}],"wp:attachment":[{"href":"https:\/\/www.visiterarles.com\/en\/wp-json\/wp\/v2\/media?parent=28242"}],"wp:term":[{"taxonomy":"category","embeddable":true,"href":"https:\/\/www.visiterarles.com\/en\/wp-json\/wp\/v2\/categories?post=28242"},{"taxonomy":"post_tag","embeddable":true,"href":"https:\/\/www.visiterarles.com\/en\/wp-json\/wp\/v2\/tags?post=28242"}],"curies":[{"name":"wp","href":"https:\/\/api.w.org\/{rel}","templated":true}]}}