{"id":28312,"date":"2015-01-25T09:35:00","date_gmt":"2015-01-25T09:35:00","guid":{"rendered":"http:\/\/www.visiterarles.com\/degoter-une-balade-avec-un-bebe-arles-quartier-des-monuments-historiques-1330\/"},"modified":"2015-01-25T09:35:00","modified_gmt":"2015-01-25T09:35:00","slug":"degoter-une-balade-avec-un-bebe-arles-quartier-des-monuments-historiques-1330","status":"publish","type":"post","link":"https:\/\/www.visiterarles.com\/en\/blog\/2015\/01\/25\/degoter-une-balade-avec-un-bebe-arles-quartier-des-monuments-historiques-1330\/","title":{"rendered":"D\u00e9goter une balade avec un b\u00e9b\u00e9 Arles quartier des monuments historiques"},"content":{"rendered":"<h4>O\u00f9 d\u00e9gotter une balade avec un b\u00e9b\u00e9 dans Arles quartier des monuments historiques<\/h4>\n<p>Les thermes de constantin, le village de salins o\u00f9 bien la tour des mourgues, par l&rsquo;interm\u00e9diaire de notre balade avec un b\u00e9b\u00e9 \u00e0 Arles quartier des monuments historiques, sont des monuments que vous ne sauriez manquer dans cette commune ravissante. Taco and co, pour vous aider \u00e0 jouir au maximum de l\u2019existence, va tout faire pour vous montrer, avec la sensation d&rsquo;\u0153uvrer d&rsquo;une mani\u00e8re \u00e9co-responsable, le meilleur du meilleur de la culture dans cette cit\u00e9 magnifique, par le biais d\u2019une <a href=\"http:\/\/www.visiterarles.com\/en\/balade-avec-un-bebe-arles-211\/\">balade avec un b\u00e9b\u00e9 \u00e0 Arles<\/a> quartier des monuments historiques.<\/p>\n<h4>Avec un b\u00e9b\u00e9 sur Arles : pour quelles raisons s\u00e9lectionner notre balade<\/h4>\n<p>D\u00e9couvrir le tr\u00e8s beau centre historique par le biais d&rsquo;une balade avec un b\u00e9b\u00e9 dans Arles peut s&rsquo;av\u00e9rer \u00eatre une solution appropri\u00e9e pour qui le souhaite. Entre autre dans la gare, en arrivant \u00e0 Arles, vous pourrez r\u00e9clamer une balade. Les visiteurs de tous horizons aimeront une balade sur Arles, avec un b\u00e9b\u00e9 qui leur plaira tr\u00e8s certainement.<\/p>","protected":false},"excerpt":{"rendered":"<p>O\u00f9 d\u00e9gotter une balade avec un b\u00e9b\u00e9 dans Arles quartier des monuments historiques Les thermes de constantin, le village de salins o\u00f9 bien la tour des mourgues, par l&rsquo;interm\u00e9diaire de notre balade avec un b\u00e9b\u00e9 \u00e0 Arles quartier des monuments historiques, sont des monuments que vous ne sauriez manquer dans cette commune ravissante. Taco and [&hellip;]<\/p>","protected":false},"author":1,"featured_media":0,"comment_status":"open","ping_status":"open","sticky":false,"template":"","format":"standard","meta":{"footnotes":""},"categories":[55],"tags":[],"aioseo_notices":[],"yoast_head":"<!-- This site is optimized with the Yoast SEO plugin v22.3 - https:\/\/yoast.com\/wordpress\/plugins\/seo\/ -->\n<title>D\u00e9goter une balade avec un b\u00e9b\u00e9 Arles quartier des monuments historiques - Visiter Arles<\/title>\n<meta name=\"robots\" content=\"index, follow, max-snippet:-1, max-image-preview:large, max-video-preview:-1\" \/>\n<link rel=\"canonical\" href=\"https:\/\/www.visiterarles.com\/en\/blog\/2015\/01\/25\/degoter-une-balade-avec-un-bebe-arles-quartier-des-monuments-historiques-1330\/\" \/>\n<meta name=\"twitter:label1\" content=\"Written by\" \/>\n\t<meta name=\"twitter:data1\" content=\"Linkadm\" \/>\n\t<meta name=\"twitter:label2\" content=\"Estimated reading time\" \/>\n\t<meta name=\"twitter:data2\" content=\"1 minute\" \/>\n<script type=\"application\/ld+json\" class=\"yoast-schema-graph\">{\"@context\":\"https:\/\/schema.org\",\"@graph\":[{\"@type\":\"Article\",\"@id\":\"https:\/\/www.visiterarles.com\/en\/blog\/2015\/01\/25\/degoter-une-balade-avec-un-bebe-arles-quartier-des-monuments-historiques-1330\/#article\",\"isPartOf\":{\"@id\":\"https:\/\/www.visiterarles.com\/en\/blog\/2015\/01\/25\/degoter-une-balade-avec-un-bebe-arles-quartier-des-monuments-historiques-1330\/\"},\"author\":{\"name\":\"Linkadm\",\"@id\":\"https:\/\/www.visiterarles.com\/en\/#\/schema\/person\/ba5912e4613018f479a2d86815a53576\"},\"headline\":\"D\u00e9goter une balade avec un b\u00e9b\u00e9 Arles quartier des monuments historiques\",\"datePublished\":\"2015-01-25T09:35:00+00:00\",\"dateModified\":\"2015-01-25T09:35:00+00:00\",\"mainEntityOfPage\":{\"@id\":\"https:\/\/www.visiterarles.com\/en\/blog\/2015\/01\/25\/degoter-une-balade-avec-un-bebe-arles-quartier-des-monuments-historiques-1330\/\"},\"wordCount\":204,\"commentCount\":0,\"publisher\":{\"@id\":\"https:\/\/www.visiterarles.com\/en\/#organization\"},\"articleSection\":[\"Informations\"],\"inLanguage\":\"en-GB\",\"potentialAction\":[{\"@type\":\"CommentAction\",\"name\":\"Comment\",\"target\":[\"https:\/\/www.visiterarles.com\/en\/blog\/2015\/01\/25\/degoter-une-balade-avec-un-bebe-arles-quartier-des-monuments-historiques-1330\/#respond\"]}]},{\"@type\":\"WebPage\",\"@id\":\"https:\/\/www.visiterarles.com\/en\/blog\/2015\/01\/25\/degoter-une-balade-avec-un-bebe-arles-quartier-des-monuments-historiques-1330\/\",\"url\":\"https:\/\/www.visiterarles.com\/en\/blog\/2015\/01\/25\/degoter-une-balade-avec-un-bebe-arles-quartier-des-monuments-historiques-1330\/\",\"name\":\"D\u00e9goter une balade avec un b\u00e9b\u00e9 Arles quartier des monuments historiques - Visiter Arles\",\"isPartOf\":{\"@id\":\"https:\/\/www.visiterarles.com\/en\/#website\"},\"datePublished\":\"2015-01-25T09:35:00+00:00\",\"dateModified\":\"2015-01-25T09:35:00+00:00\",\"breadcrumb\":{\"@id\":\"https:\/\/www.visiterarles.com\/en\/blog\/2015\/01\/25\/degoter-une-balade-avec-un-bebe-arles-quartier-des-monuments-historiques-1330\/#breadcrumb\"},\"inLanguage\":\"en-GB\",\"potentialAction\":[{\"@type\":\"ReadAction\",\"target\":[\"https:\/\/www.visiterarles.com\/en\/blog\/2015\/01\/25\/degoter-une-balade-avec-un-bebe-arles-quartier-des-monuments-historiques-1330\/\"]}]},{\"@type\":\"BreadcrumbList\",\"@id\":\"https:\/\/www.visiterarles.com\/en\/blog\/2015\/01\/25\/degoter-une-balade-avec-un-bebe-arles-quartier-des-monuments-historiques-1330\/#breadcrumb\",\"itemListElement\":[{\"@type\":\"ListItem\",\"position\":1,\"name\":\"Home\",\"item\":\"https:\/\/www.visiterarles.com\/\"},{\"@type\":\"ListItem\",\"position\":2,\"name\":\"D\u00e9goter une balade avec un b\u00e9b\u00e9 Arles quartier des monuments historiques\"}]},{\"@type\":\"WebSite\",\"@id\":\"https:\/\/www.visiterarles.com\/en\/#website\",\"url\":\"https:\/\/www.visiterarles.com\/en\/\",\"name\":\"Visiter Arles\",\"description\":\"Tourisme en Provence \u00e0 Arles\",\"publisher\":{\"@id\":\"https:\/\/www.visiterarles.com\/en\/#organization\"},\"potentialAction\":[{\"@type\":\"SearchAction\",\"target\":{\"@type\":\"EntryPoint\",\"urlTemplate\":\"https:\/\/www.visiterarles.com\/en\/?s={search_term_string}\"},\"query-input\":\"required name=search_term_string\"}],\"inLanguage\":\"en-GB\"},{\"@type\":\"Organization\",\"@id\":\"https:\/\/www.visiterarles.com\/en\/#organization\",\"name\":\"Visiter Arles\",\"url\":\"https:\/\/www.visiterarles.com\/en\/\",\"logo\":{\"@type\":\"ImageObject\",\"inLanguage\":\"en-GB\",\"@id\":\"https:\/\/www.visiterarles.com\/en\/#\/schema\/logo\/image\/\",\"url\":\"https:\/\/www.visiterarles.com\/wp-content\/uploads\/2017\/10\/taco-and-co-1-1.jpg\",\"contentUrl\":\"https:\/\/www.visiterarles.com\/wp-content\/uploads\/2017\/10\/taco-and-co-1-1.jpg\",\"width\":124,\"height\":73,\"caption\":\"Visiter Arles\"},\"image\":{\"@id\":\"https:\/\/www.visiterarles.com\/en\/#\/schema\/logo\/image\/\"}},{\"@type\":\"Person\",\"@id\":\"https:\/\/www.visiterarles.com\/en\/#\/schema\/person\/ba5912e4613018f479a2d86815a53576\",\"name\":\"Linkadm\",\"image\":{\"@type\":\"ImageObject\",\"inLanguage\":\"en-GB\",\"@id\":\"https:\/\/www.visiterarles.com\/en\/#\/schema\/person\/image\/\",\"url\":\"https:\/\/secure.gravatar.com\/avatar\/4709ec209921503e8d8cc96168eddc49?s=96&d=mm&r=g\",\"contentUrl\":\"https:\/\/secure.gravatar.com\/avatar\/4709ec209921503e8d8cc96168eddc49?s=96&d=mm&r=g\",\"caption\":\"Linkadm\"},\"url\":\"https:\/\/www.visiterarles.com\/en\/blog\/author\/admin\/\"}]}<\/script>\n<!-- \/ Yoast SEO plugin. -->","yoast_head_json":{"title":"D\u00e9goter une balade avec un b\u00e9b\u00e9 Arles quartier des monuments historiques - Visiter Arles","robots":{"index":"index","follow":"follow","max-snippet":"max-snippet:-1","max-image-preview":"max-image-preview:large","max-video-preview":"max-video-preview:-1"},"canonical":"https:\/\/www.visiterarles.com\/en\/blog\/2015\/01\/25\/degoter-une-balade-avec-un-bebe-arles-quartier-des-monuments-historiques-1330\/","twitter_misc":{"Written by":"Linkadm","Estimated reading time":"1 minute"},"schema":{"@context":"https:\/\/schema.org","@graph":[{"@type":"Article","@id":"https:\/\/www.visiterarles.com\/en\/blog\/2015\/01\/25\/degoter-une-balade-avec-un-bebe-arles-quartier-des-monuments-historiques-1330\/#article","isPartOf":{"@id":"https:\/\/www.visiterarles.com\/en\/blog\/2015\/01\/25\/degoter-une-balade-avec-un-bebe-arles-quartier-des-monuments-historiques-1330\/"},"author":{"name":"Linkadm","@id":"https:\/\/www.visiterarles.com\/en\/#\/schema\/person\/ba5912e4613018f479a2d86815a53576"},"headline":"D\u00e9goter une balade avec un b\u00e9b\u00e9 Arles quartier des monuments historiques","datePublished":"2015-01-25T09:35:00+00:00","dateModified":"2015-01-25T09:35:00+00:00","mainEntityOfPage":{"@id":"https:\/\/www.visiterarles.com\/en\/blog\/2015\/01\/25\/degoter-une-balade-avec-un-bebe-arles-quartier-des-monuments-historiques-1330\/"},"wordCount":204,"commentCount":0,"publisher":{"@id":"https:\/\/www.visiterarles.com\/en\/#organization"},"articleSection":["Informations"],"inLanguage":"en-GB","potentialAction":[{"@type":"CommentAction","name":"Comment","target":["https:\/\/www.visiterarles.com\/en\/blog\/2015\/01\/25\/degoter-une-balade-avec-un-bebe-arles-quartier-des-monuments-historiques-1330\/#respond"]}]},{"@type":"WebPage","@id":"https:\/\/www.visiterarles.com\/en\/blog\/2015\/01\/25\/degoter-une-balade-avec-un-bebe-arles-quartier-des-monuments-historiques-1330\/","url":"https:\/\/www.visiterarles.com\/en\/blog\/2015\/01\/25\/degoter-une-balade-avec-un-bebe-arles-quartier-des-monuments-historiques-1330\/","name":"D\u00e9goter une balade avec un b\u00e9b\u00e9 Arles quartier des monuments historiques - Visiter Arles","isPartOf":{"@id":"https:\/\/www.visiterarles.com\/en\/#website"},"datePublished":"2015-01-25T09:35:00+00:00","dateModified":"2015-01-25T09:35:00+00:00","breadcrumb":{"@id":"https:\/\/www.visiterarles.com\/en\/blog\/2015\/01\/25\/degoter-une-balade-avec-un-bebe-arles-quartier-des-monuments-historiques-1330\/#breadcrumb"},"inLanguage":"en-GB","potentialAction":[{"@type":"ReadAction","target":["https:\/\/www.visiterarles.com\/en\/blog\/2015\/01\/25\/degoter-une-balade-avec-un-bebe-arles-quartier-des-monuments-historiques-1330\/"]}]},{"@type":"BreadcrumbList","@id":"https:\/\/www.visiterarles.com\/en\/blog\/2015\/01\/25\/degoter-une-balade-avec-un-bebe-arles-quartier-des-monuments-historiques-1330\/#breadcrumb","itemListElement":[{"@type":"ListItem","position":1,"name":"Home","item":"https:\/\/www.visiterarles.com\/"},{"@type":"ListItem","position":2,"name":"D\u00e9goter une balade avec un b\u00e9b\u00e9 Arles quartier des monuments historiques"}]},{"@type":"WebSite","@id":"https:\/\/www.visiterarles.com\/en\/#website","url":"https:\/\/www.visiterarles.com\/en\/","name":"Visiter Arles","description":"Tourisme en Provence \u00e0 Arles","publisher":{"@id":"https:\/\/www.visiterarles.com\/en\/#organization"},"potentialAction":[{"@type":"SearchAction","target":{"@type":"EntryPoint","urlTemplate":"https:\/\/www.visiterarles.com\/en\/?s={search_term_string}"},"query-input":"required name=search_term_string"}],"inLanguage":"en-GB"},{"@type":"Organization","@id":"https:\/\/www.visiterarles.com\/en\/#organization","name":"Visiter Arles","url":"https:\/\/www.visiterarles.com\/en\/","logo":{"@type":"ImageObject","inLanguage":"en-GB","@id":"https:\/\/www.visiterarles.com\/en\/#\/schema\/logo\/image\/","url":"https:\/\/www.visiterarles.com\/wp-content\/uploads\/2017\/10\/taco-and-co-1-1.jpg","contentUrl":"https:\/\/www.visiterarles.com\/wp-content\/uploads\/2017\/10\/taco-and-co-1-1.jpg","width":124,"height":73,"caption":"Visiter Arles"},"image":{"@id":"https:\/\/www.visiterarles.com\/en\/#\/schema\/logo\/image\/"}},{"@type":"Person","@id":"https:\/\/www.visiterarles.com\/en\/#\/schema\/person\/ba5912e4613018f479a2d86815a53576","name":"Linkadm","image":{"@type":"ImageObject","inLanguage":"en-GB","@id":"https:\/\/www.visiterarles.com\/en\/#\/schema\/person\/image\/","url":"https:\/\/secure.gravatar.com\/avatar\/4709ec209921503e8d8cc96168eddc49?s=96&d=mm&r=g","contentUrl":"https:\/\/secure.gravatar.com\/avatar\/4709ec209921503e8d8cc96168eddc49?s=96&d=mm&r=g","caption":"Linkadm"},"url":"https:\/\/www.visiterarles.com\/en\/blog\/author\/admin\/"}]}},"_links":{"self":[{"href":"https:\/\/www.visiterarles.com\/en\/wp-json\/wp\/v2\/posts\/28312"}],"collection":[{"href":"https:\/\/www.visiterarles.com\/en\/wp-json\/wp\/v2\/posts"}],"about":[{"href":"https:\/\/www.visiterarles.com\/en\/wp-json\/wp\/v2\/types\/post"}],"author":[{"embeddable":true,"href":"https:\/\/www.visiterarles.com\/en\/wp-json\/wp\/v2\/users\/1"}],"replies":[{"embeddable":true,"href":"https:\/\/www.visiterarles.com\/en\/wp-json\/wp\/v2\/comments?post=28312"}],"version-history":[{"count":0,"href":"https:\/\/www.visiterarles.com\/en\/wp-json\/wp\/v2\/posts\/28312\/revisions"}],"wp:attachment":[{"href":"https:\/\/www.visiterarles.com\/en\/wp-json\/wp\/v2\/media?parent=28312"}],"wp:term":[{"taxonomy":"category","embeddable":true,"href":"https:\/\/www.visiterarles.com\/en\/wp-json\/wp\/v2\/categories?post=28312"},{"taxonomy":"post_tag","embeddable":true,"href":"https:\/\/www.visiterarles.com\/en\/wp-json\/wp\/v2\/tags?post=28312"}],"curies":[{"name":"wp","href":"https:\/\/api.w.org\/{rel}","templated":true}]}}