{"id":28330,"date":"2015-02-05T09:08:00","date_gmt":"2015-02-05T09:08:00","guid":{"rendered":"http:\/\/www.visiterarles.com\/balade-pour-se-deplacer-facilement-arles-les-alyscs-25\/"},"modified":"2015-02-05T09:08:00","modified_gmt":"2015-02-05T09:08:00","slug":"balade-pour-se-deplacer-facilement-arles-les-alyscs-25","status":"publish","type":"post","link":"https:\/\/www.visiterarles.com\/en\/blog\/2015\/02\/05\/balade-pour-se-deplacer-facilement-arles-les-alyscs-25\/","title":{"rendered":"Balade pour se d\u00e9placer facilement Arles les Alyscamps"},"content":{"rendered":"<h4>Votre balade, pour se d\u00e9placer facilement \u00e0 Arles les Alyscamps avec V\u00e9lo-Taco<\/h4>\n<p>Les cryptoportiques, le mus\u00e9e du riz o\u00f9 le march\u00e9 de provence, par le biais de notre balade pour se d\u00e9placer facilement \u00e0 Arles les Alyscamps, sont des hauts lieux qui ne vous \u00e9chapperont pas au sein de cette extraordinaire commune magnifique. Notre <a href=\"http:\/\/www.visiterarles.com\/en\/votre-balade-pour-se-deplacer-facilement-au-sein-darles-12\/\">balade pour se d\u00e9placer facilement \u00e0 Arles<\/a> les Alyscamps, pour ne prendre que cet exemple, vous fera pleinement profiter de l\u2019existence au sein de cette extraordinaire commune magnifique, \u00e0 chaque fois avec l\u2019impression d&rsquo;oeuvrer d&rsquo;une mani\u00e8re \u00e9cologique, en proposant toute la richesse de la culture.<\/p>\n<h4>Pourquoi choisir notre balade pour se d\u00e9placer facilement \u00e0 Arles :<\/h4>\n<p>Lorsqu&rsquo;on a l&rsquo;intention de faire l&rsquo;inspection du magnifique centre historique, une balade pour se d\u00e9placer facilement dans Arles, entre autres, s&rsquo;av\u00e8re \u00eatre parfaite. Au cas o\u00f9 vous vous trouviez au sein de Arles, vous aurez la possibilit\u00e9 de profiter pleinement d\u2019une sympathique balade sereinement. Notre balade sur Arles, pour se d\u00e9placer facilement peut s&rsquo;av\u00e9rer \u00eatre une alternative cl\u00e9s en main qui conviendra \u00e0 tous ainsi qu\u2019aux touristes.<\/p>","protected":false},"excerpt":{"rendered":"<p>Votre balade, pour se d\u00e9placer facilement \u00e0 Arles les Alyscamps avec V\u00e9lo-Taco Les cryptoportiques, le mus\u00e9e du riz o\u00f9 le march\u00e9 de provence, par le biais de notre balade pour se d\u00e9placer facilement \u00e0 Arles les Alyscamps, sont des hauts lieux qui ne vous \u00e9chapperont pas au sein de cette extraordinaire commune magnifique. Notre balade [&hellip;]<\/p>","protected":false},"author":1,"featured_media":0,"comment_status":"open","ping_status":"open","sticky":false,"template":"","format":"standard","meta":{"footnotes":""},"categories":[55],"tags":[],"aioseo_notices":[],"yoast_head":"<!-- This site is optimized with the Yoast SEO plugin v22.3 - https:\/\/yoast.com\/wordpress\/plugins\/seo\/ -->\n<title>Balade pour se d\u00e9placer facilement Arles les Alyscamps - Visiter Arles<\/title>\n<meta name=\"robots\" content=\"index, follow, max-snippet:-1, max-image-preview:large, max-video-preview:-1\" \/>\n<link rel=\"canonical\" href=\"https:\/\/www.visiterarles.com\/en\/blog\/2015\/02\/05\/balade-pour-se-deplacer-facilement-arles-les-alyscs-25\/\" \/>\n<meta name=\"twitter:label1\" content=\"Written by\" \/>\n\t<meta name=\"twitter:data1\" content=\"Linkadm\" \/>\n\t<meta name=\"twitter:label2\" content=\"Estimated reading time\" \/>\n\t<meta name=\"twitter:data2\" content=\"1 minute\" \/>\n<script type=\"application\/ld+json\" class=\"yoast-schema-graph\">{\"@context\":\"https:\/\/schema.org\",\"@graph\":[{\"@type\":\"Article\",\"@id\":\"https:\/\/www.visiterarles.com\/en\/blog\/2015\/02\/05\/balade-pour-se-deplacer-facilement-arles-les-alyscs-25\/#article\",\"isPartOf\":{\"@id\":\"https:\/\/www.visiterarles.com\/en\/blog\/2015\/02\/05\/balade-pour-se-deplacer-facilement-arles-les-alyscs-25\/\"},\"author\":{\"name\":\"Linkadm\",\"@id\":\"https:\/\/www.visiterarles.com\/en\/#\/schema\/person\/ba5912e4613018f479a2d86815a53576\"},\"headline\":\"Balade pour se d\u00e9placer facilement Arles les Alyscamps\",\"datePublished\":\"2015-02-05T09:08:00+00:00\",\"dateModified\":\"2015-02-05T09:08:00+00:00\",\"mainEntityOfPage\":{\"@id\":\"https:\/\/www.visiterarles.com\/en\/blog\/2015\/02\/05\/balade-pour-se-deplacer-facilement-arles-les-alyscs-25\/\"},\"wordCount\":202,\"commentCount\":0,\"publisher\":{\"@id\":\"https:\/\/www.visiterarles.com\/en\/#organization\"},\"articleSection\":[\"Informations\"],\"inLanguage\":\"en-GB\",\"potentialAction\":[{\"@type\":\"CommentAction\",\"name\":\"Comment\",\"target\":[\"https:\/\/www.visiterarles.com\/en\/blog\/2015\/02\/05\/balade-pour-se-deplacer-facilement-arles-les-alyscs-25\/#respond\"]}]},{\"@type\":\"WebPage\",\"@id\":\"https:\/\/www.visiterarles.com\/en\/blog\/2015\/02\/05\/balade-pour-se-deplacer-facilement-arles-les-alyscs-25\/\",\"url\":\"https:\/\/www.visiterarles.com\/en\/blog\/2015\/02\/05\/balade-pour-se-deplacer-facilement-arles-les-alyscs-25\/\",\"name\":\"Balade pour se d\u00e9placer facilement Arles les Alyscamps - Visiter Arles\",\"isPartOf\":{\"@id\":\"https:\/\/www.visiterarles.com\/en\/#website\"},\"datePublished\":\"2015-02-05T09:08:00+00:00\",\"dateModified\":\"2015-02-05T09:08:00+00:00\",\"breadcrumb\":{\"@id\":\"https:\/\/www.visiterarles.com\/en\/blog\/2015\/02\/05\/balade-pour-se-deplacer-facilement-arles-les-alyscs-25\/#breadcrumb\"},\"inLanguage\":\"en-GB\",\"potentialAction\":[{\"@type\":\"ReadAction\",\"target\":[\"https:\/\/www.visiterarles.com\/en\/blog\/2015\/02\/05\/balade-pour-se-deplacer-facilement-arles-les-alyscs-25\/\"]}]},{\"@type\":\"BreadcrumbList\",\"@id\":\"https:\/\/www.visiterarles.com\/en\/blog\/2015\/02\/05\/balade-pour-se-deplacer-facilement-arles-les-alyscs-25\/#breadcrumb\",\"itemListElement\":[{\"@type\":\"ListItem\",\"position\":1,\"name\":\"Home\",\"item\":\"https:\/\/www.visiterarles.com\/\"},{\"@type\":\"ListItem\",\"position\":2,\"name\":\"Balade pour se d\u00e9placer facilement Arles les Alyscamps\"}]},{\"@type\":\"WebSite\",\"@id\":\"https:\/\/www.visiterarles.com\/en\/#website\",\"url\":\"https:\/\/www.visiterarles.com\/en\/\",\"name\":\"Visiter Arles\",\"description\":\"Tourisme en Provence \u00e0 Arles\",\"publisher\":{\"@id\":\"https:\/\/www.visiterarles.com\/en\/#organization\"},\"potentialAction\":[{\"@type\":\"SearchAction\",\"target\":{\"@type\":\"EntryPoint\",\"urlTemplate\":\"https:\/\/www.visiterarles.com\/en\/?s={search_term_string}\"},\"query-input\":\"required name=search_term_string\"}],\"inLanguage\":\"en-GB\"},{\"@type\":\"Organization\",\"@id\":\"https:\/\/www.visiterarles.com\/en\/#organization\",\"name\":\"Visiter Arles\",\"url\":\"https:\/\/www.visiterarles.com\/en\/\",\"logo\":{\"@type\":\"ImageObject\",\"inLanguage\":\"en-GB\",\"@id\":\"https:\/\/www.visiterarles.com\/en\/#\/schema\/logo\/image\/\",\"url\":\"https:\/\/www.visiterarles.com\/wp-content\/uploads\/2017\/10\/taco-and-co-1-1.jpg\",\"contentUrl\":\"https:\/\/www.visiterarles.com\/wp-content\/uploads\/2017\/10\/taco-and-co-1-1.jpg\",\"width\":124,\"height\":73,\"caption\":\"Visiter Arles\"},\"image\":{\"@id\":\"https:\/\/www.visiterarles.com\/en\/#\/schema\/logo\/image\/\"}},{\"@type\":\"Person\",\"@id\":\"https:\/\/www.visiterarles.com\/en\/#\/schema\/person\/ba5912e4613018f479a2d86815a53576\",\"name\":\"Linkadm\",\"image\":{\"@type\":\"ImageObject\",\"inLanguage\":\"en-GB\",\"@id\":\"https:\/\/www.visiterarles.com\/en\/#\/schema\/person\/image\/\",\"url\":\"https:\/\/secure.gravatar.com\/avatar\/4709ec209921503e8d8cc96168eddc49?s=96&d=mm&r=g\",\"contentUrl\":\"https:\/\/secure.gravatar.com\/avatar\/4709ec209921503e8d8cc96168eddc49?s=96&d=mm&r=g\",\"caption\":\"Linkadm\"},\"url\":\"https:\/\/www.visiterarles.com\/en\/blog\/author\/admin\/\"}]}<\/script>\n<!-- \/ Yoast SEO plugin. -->","yoast_head_json":{"title":"Balade pour se d\u00e9placer facilement Arles les Alyscamps - Visiter Arles","robots":{"index":"index","follow":"follow","max-snippet":"max-snippet:-1","max-image-preview":"max-image-preview:large","max-video-preview":"max-video-preview:-1"},"canonical":"https:\/\/www.visiterarles.com\/en\/blog\/2015\/02\/05\/balade-pour-se-deplacer-facilement-arles-les-alyscs-25\/","twitter_misc":{"Written by":"Linkadm","Estimated reading time":"1 minute"},"schema":{"@context":"https:\/\/schema.org","@graph":[{"@type":"Article","@id":"https:\/\/www.visiterarles.com\/en\/blog\/2015\/02\/05\/balade-pour-se-deplacer-facilement-arles-les-alyscs-25\/#article","isPartOf":{"@id":"https:\/\/www.visiterarles.com\/en\/blog\/2015\/02\/05\/balade-pour-se-deplacer-facilement-arles-les-alyscs-25\/"},"author":{"name":"Linkadm","@id":"https:\/\/www.visiterarles.com\/en\/#\/schema\/person\/ba5912e4613018f479a2d86815a53576"},"headline":"Balade pour se d\u00e9placer facilement Arles les Alyscamps","datePublished":"2015-02-05T09:08:00+00:00","dateModified":"2015-02-05T09:08:00+00:00","mainEntityOfPage":{"@id":"https:\/\/www.visiterarles.com\/en\/blog\/2015\/02\/05\/balade-pour-se-deplacer-facilement-arles-les-alyscs-25\/"},"wordCount":202,"commentCount":0,"publisher":{"@id":"https:\/\/www.visiterarles.com\/en\/#organization"},"articleSection":["Informations"],"inLanguage":"en-GB","potentialAction":[{"@type":"CommentAction","name":"Comment","target":["https:\/\/www.visiterarles.com\/en\/blog\/2015\/02\/05\/balade-pour-se-deplacer-facilement-arles-les-alyscs-25\/#respond"]}]},{"@type":"WebPage","@id":"https:\/\/www.visiterarles.com\/en\/blog\/2015\/02\/05\/balade-pour-se-deplacer-facilement-arles-les-alyscs-25\/","url":"https:\/\/www.visiterarles.com\/en\/blog\/2015\/02\/05\/balade-pour-se-deplacer-facilement-arles-les-alyscs-25\/","name":"Balade pour se d\u00e9placer facilement Arles les Alyscamps - Visiter Arles","isPartOf":{"@id":"https:\/\/www.visiterarles.com\/en\/#website"},"datePublished":"2015-02-05T09:08:00+00:00","dateModified":"2015-02-05T09:08:00+00:00","breadcrumb":{"@id":"https:\/\/www.visiterarles.com\/en\/blog\/2015\/02\/05\/balade-pour-se-deplacer-facilement-arles-les-alyscs-25\/#breadcrumb"},"inLanguage":"en-GB","potentialAction":[{"@type":"ReadAction","target":["https:\/\/www.visiterarles.com\/en\/blog\/2015\/02\/05\/balade-pour-se-deplacer-facilement-arles-les-alyscs-25\/"]}]},{"@type":"BreadcrumbList","@id":"https:\/\/www.visiterarles.com\/en\/blog\/2015\/02\/05\/balade-pour-se-deplacer-facilement-arles-les-alyscs-25\/#breadcrumb","itemListElement":[{"@type":"ListItem","position":1,"name":"Home","item":"https:\/\/www.visiterarles.com\/"},{"@type":"ListItem","position":2,"name":"Balade pour se d\u00e9placer facilement Arles les Alyscamps"}]},{"@type":"WebSite","@id":"https:\/\/www.visiterarles.com\/en\/#website","url":"https:\/\/www.visiterarles.com\/en\/","name":"Visiter Arles","description":"Tourisme en Provence \u00e0 Arles","publisher":{"@id":"https:\/\/www.visiterarles.com\/en\/#organization"},"potentialAction":[{"@type":"SearchAction","target":{"@type":"EntryPoint","urlTemplate":"https:\/\/www.visiterarles.com\/en\/?s={search_term_string}"},"query-input":"required name=search_term_string"}],"inLanguage":"en-GB"},{"@type":"Organization","@id":"https:\/\/www.visiterarles.com\/en\/#organization","name":"Visiter Arles","url":"https:\/\/www.visiterarles.com\/en\/","logo":{"@type":"ImageObject","inLanguage":"en-GB","@id":"https:\/\/www.visiterarles.com\/en\/#\/schema\/logo\/image\/","url":"https:\/\/www.visiterarles.com\/wp-content\/uploads\/2017\/10\/taco-and-co-1-1.jpg","contentUrl":"https:\/\/www.visiterarles.com\/wp-content\/uploads\/2017\/10\/taco-and-co-1-1.jpg","width":124,"height":73,"caption":"Visiter Arles"},"image":{"@id":"https:\/\/www.visiterarles.com\/en\/#\/schema\/logo\/image\/"}},{"@type":"Person","@id":"https:\/\/www.visiterarles.com\/en\/#\/schema\/person\/ba5912e4613018f479a2d86815a53576","name":"Linkadm","image":{"@type":"ImageObject","inLanguage":"en-GB","@id":"https:\/\/www.visiterarles.com\/en\/#\/schema\/person\/image\/","url":"https:\/\/secure.gravatar.com\/avatar\/4709ec209921503e8d8cc96168eddc49?s=96&d=mm&r=g","contentUrl":"https:\/\/secure.gravatar.com\/avatar\/4709ec209921503e8d8cc96168eddc49?s=96&d=mm&r=g","caption":"Linkadm"},"url":"https:\/\/www.visiterarles.com\/en\/blog\/author\/admin\/"}]}},"_links":{"self":[{"href":"https:\/\/www.visiterarles.com\/en\/wp-json\/wp\/v2\/posts\/28330"}],"collection":[{"href":"https:\/\/www.visiterarles.com\/en\/wp-json\/wp\/v2\/posts"}],"about":[{"href":"https:\/\/www.visiterarles.com\/en\/wp-json\/wp\/v2\/types\/post"}],"author":[{"embeddable":true,"href":"https:\/\/www.visiterarles.com\/en\/wp-json\/wp\/v2\/users\/1"}],"replies":[{"embeddable":true,"href":"https:\/\/www.visiterarles.com\/en\/wp-json\/wp\/v2\/comments?post=28330"}],"version-history":[{"count":0,"href":"https:\/\/www.visiterarles.com\/en\/wp-json\/wp\/v2\/posts\/28330\/revisions"}],"wp:attachment":[{"href":"https:\/\/www.visiterarles.com\/en\/wp-json\/wp\/v2\/media?parent=28330"}],"wp:term":[{"taxonomy":"category","embeddable":true,"href":"https:\/\/www.visiterarles.com\/en\/wp-json\/wp\/v2\/categories?post=28330"},{"taxonomy":"post_tag","embeddable":true,"href":"https:\/\/www.visiterarles.com\/en\/wp-json\/wp\/v2\/tags?post=28330"}],"curies":[{"name":"wp","href":"https:\/\/api.w.org\/{rel}","templated":true}]}}