{"id":28360,"date":"2015-02-21T18:52:00","date_gmt":"2015-02-21T18:52:00","guid":{"rendered":"http:\/\/www.visiterarles.com\/reperer-une-visite-en-groupe-arles-historique-1214\/"},"modified":"2015-02-21T18:52:00","modified_gmt":"2015-02-21T18:52:00","slug":"reperer-une-visite-en-groupe-arles-historique-1214","status":"publish","type":"post","link":"https:\/\/www.visiterarles.com\/en\/blog\/2015\/02\/21\/reperer-une-visite-en-groupe-arles-historique-1214\/","title":{"rendered":"Rep\u00e9rer une visite en groupe Arles historique"},"content":{"rendered":"<h4>En groupe sur Arles historique : o\u00f9 d\u00e9nicher un contact de confiance avec visite<\/h4>\n<p>Les anciens ateliers sncf, le marais du vigueirat o\u00f9 bien l&rsquo;\u00e9glise saint honorat, via notre visite en groupe \u00e0 Arles historique, sont des hauts lieux que vous ne sauriez manquer au sein de cette extraordinaire commune splendide. Notre visite en groupe \u00e0 Arles historique, pour ne prendre que cet exemple, vous fera pleinement profiter de l\u2019existence au sein de cette extraordinaire commune splendide, toujours avec l\u2019impression d\u2019agir de fa\u00e7on \u00e9cologique, en pr\u00e9sentant le meilleur de la culture.<\/p>\n<h4>Par quel moyen s\u2019y prendre pour d\u00e9goter une visite en groupe \u00e0 Arles<\/h4>\n<p>D\u00e8s lors qu\u2019on a la volont\u00e9 de prendre connaissance du magnifique patrimoine de la ville, une visite en groupe au sein m\u00eame de Arles, entre autres, est tr\u00e8s adapt\u00e9e. En arrivant sur Arles, vous pourrez solliciter une visite au sein m\u00eame de la gare ferroviaire. Les <a href=\"http:\/\/www.visiterarles.com\/en\/arles-visite-en-groupe-3\/\">visiteurs de tous horizons aimeront une visite sur Arles<\/a>, en groupe leur convenant tr\u00e8s certainement.<\/p>","protected":false},"excerpt":{"rendered":"<p>En groupe sur Arles historique : o\u00f9 d\u00e9nicher un contact de confiance avec visite Les anciens ateliers sncf, le marais du vigueirat o\u00f9 bien l&rsquo;\u00e9glise saint honorat, via notre visite en groupe \u00e0 Arles historique, sont des hauts lieux que vous ne sauriez manquer au sein de cette extraordinaire commune splendide. Notre visite en groupe [&hellip;]<\/p>","protected":false},"author":1,"featured_media":0,"comment_status":"open","ping_status":"open","sticky":false,"template":"","format":"standard","meta":{"footnotes":""},"categories":[55],"tags":[],"aioseo_notices":[],"yoast_head":"<!-- This site is optimized with the Yoast SEO plugin v22.3 - https:\/\/yoast.com\/wordpress\/plugins\/seo\/ -->\n<title>Rep\u00e9rer une visite en groupe Arles historique - Visiter Arles<\/title>\n<meta name=\"robots\" content=\"index, follow, max-snippet:-1, max-image-preview:large, max-video-preview:-1\" \/>\n<link rel=\"canonical\" href=\"https:\/\/www.visiterarles.com\/en\/blog\/2015\/02\/21\/reperer-une-visite-en-groupe-arles-historique-1214\/\" \/>\n<meta name=\"twitter:label1\" content=\"Written by\" \/>\n\t<meta name=\"twitter:data1\" content=\"Linkadm\" \/>\n\t<meta name=\"twitter:label2\" content=\"Estimated reading time\" \/>\n\t<meta name=\"twitter:data2\" content=\"1 minute\" \/>\n<script type=\"application\/ld+json\" class=\"yoast-schema-graph\">{\"@context\":\"https:\/\/schema.org\",\"@graph\":[{\"@type\":\"Article\",\"@id\":\"https:\/\/www.visiterarles.com\/blog\/2015\/02\/21\/reperer-une-visite-en-groupe-arles-historique-1214\/#article\",\"isPartOf\":{\"@id\":\"https:\/\/www.visiterarles.com\/blog\/2015\/02\/21\/reperer-une-visite-en-groupe-arles-historique-1214\/\"},\"author\":{\"name\":\"Linkadm\",\"@id\":\"https:\/\/www.visiterarles.com\/en\/#\/schema\/person\/ba5912e4613018f479a2d86815a53576\"},\"headline\":\"Rep\u00e9rer une visite en groupe Arles historique\",\"datePublished\":\"2015-02-21T18:52:00+00:00\",\"dateModified\":\"2015-02-21T18:52:00+00:00\",\"mainEntityOfPage\":{\"@id\":\"https:\/\/www.visiterarles.com\/blog\/2015\/02\/21\/reperer-une-visite-en-groupe-arles-historique-1214\/\"},\"wordCount\":185,\"commentCount\":0,\"publisher\":{\"@id\":\"https:\/\/www.visiterarles.com\/en\/#organization\"},\"articleSection\":[\"Informations\"],\"inLanguage\":\"en-GB\",\"potentialAction\":[{\"@type\":\"CommentAction\",\"name\":\"Comment\",\"target\":[\"https:\/\/www.visiterarles.com\/blog\/2015\/02\/21\/reperer-une-visite-en-groupe-arles-historique-1214\/#respond\"]}]},{\"@type\":\"WebPage\",\"@id\":\"https:\/\/www.visiterarles.com\/blog\/2015\/02\/21\/reperer-une-visite-en-groupe-arles-historique-1214\/\",\"url\":\"https:\/\/www.visiterarles.com\/blog\/2015\/02\/21\/reperer-une-visite-en-groupe-arles-historique-1214\/\",\"name\":\"Rep\u00e9rer une visite en groupe Arles historique - Visiter Arles\",\"isPartOf\":{\"@id\":\"https:\/\/www.visiterarles.com\/en\/#website\"},\"datePublished\":\"2015-02-21T18:52:00+00:00\",\"dateModified\":\"2015-02-21T18:52:00+00:00\",\"breadcrumb\":{\"@id\":\"https:\/\/www.visiterarles.com\/blog\/2015\/02\/21\/reperer-une-visite-en-groupe-arles-historique-1214\/#breadcrumb\"},\"inLanguage\":\"en-GB\",\"potentialAction\":[{\"@type\":\"ReadAction\",\"target\":[\"https:\/\/www.visiterarles.com\/blog\/2015\/02\/21\/reperer-une-visite-en-groupe-arles-historique-1214\/\"]}]},{\"@type\":\"BreadcrumbList\",\"@id\":\"https:\/\/www.visiterarles.com\/blog\/2015\/02\/21\/reperer-une-visite-en-groupe-arles-historique-1214\/#breadcrumb\",\"itemListElement\":[{\"@type\":\"ListItem\",\"position\":1,\"name\":\"Home\",\"item\":\"https:\/\/www.visiterarles.com\/\"},{\"@type\":\"ListItem\",\"position\":2,\"name\":\"Rep\u00e9rer une visite en groupe Arles historique\"}]},{\"@type\":\"WebSite\",\"@id\":\"https:\/\/www.visiterarles.com\/en\/#website\",\"url\":\"https:\/\/www.visiterarles.com\/en\/\",\"name\":\"Visiter Arles\",\"description\":\"Tourisme en Provence \u00e0 Arles\",\"publisher\":{\"@id\":\"https:\/\/www.visiterarles.com\/en\/#organization\"},\"potentialAction\":[{\"@type\":\"SearchAction\",\"target\":{\"@type\":\"EntryPoint\",\"urlTemplate\":\"https:\/\/www.visiterarles.com\/en\/?s={search_term_string}\"},\"query-input\":\"required name=search_term_string\"}],\"inLanguage\":\"en-GB\"},{\"@type\":\"Organization\",\"@id\":\"https:\/\/www.visiterarles.com\/en\/#organization\",\"name\":\"Visiter Arles\",\"url\":\"https:\/\/www.visiterarles.com\/en\/\",\"logo\":{\"@type\":\"ImageObject\",\"inLanguage\":\"en-GB\",\"@id\":\"https:\/\/www.visiterarles.com\/en\/#\/schema\/logo\/image\/\",\"url\":\"https:\/\/www.visiterarles.com\/wp-content\/uploads\/2017\/10\/taco-and-co-1-1.jpg\",\"contentUrl\":\"https:\/\/www.visiterarles.com\/wp-content\/uploads\/2017\/10\/taco-and-co-1-1.jpg\",\"width\":124,\"height\":73,\"caption\":\"Visiter Arles\"},\"image\":{\"@id\":\"https:\/\/www.visiterarles.com\/en\/#\/schema\/logo\/image\/\"}},{\"@type\":\"Person\",\"@id\":\"https:\/\/www.visiterarles.com\/en\/#\/schema\/person\/ba5912e4613018f479a2d86815a53576\",\"name\":\"Linkadm\",\"image\":{\"@type\":\"ImageObject\",\"inLanguage\":\"en-GB\",\"@id\":\"https:\/\/www.visiterarles.com\/en\/#\/schema\/person\/image\/\",\"url\":\"https:\/\/secure.gravatar.com\/avatar\/4709ec209921503e8d8cc96168eddc49?s=96&d=mm&r=g\",\"contentUrl\":\"https:\/\/secure.gravatar.com\/avatar\/4709ec209921503e8d8cc96168eddc49?s=96&d=mm&r=g\",\"caption\":\"Linkadm\"},\"url\":\"https:\/\/www.visiterarles.com\/en\/blog\/author\/admin\/\"}]}<\/script>\n<!-- \/ Yoast SEO plugin. -->","yoast_head_json":{"title":"Rep\u00e9rer une visite en groupe Arles historique - Visiter Arles","robots":{"index":"index","follow":"follow","max-snippet":"max-snippet:-1","max-image-preview":"max-image-preview:large","max-video-preview":"max-video-preview:-1"},"canonical":"https:\/\/www.visiterarles.com\/en\/blog\/2015\/02\/21\/reperer-une-visite-en-groupe-arles-historique-1214\/","twitter_misc":{"Written by":"Linkadm","Estimated reading time":"1 minute"},"schema":{"@context":"https:\/\/schema.org","@graph":[{"@type":"Article","@id":"https:\/\/www.visiterarles.com\/blog\/2015\/02\/21\/reperer-une-visite-en-groupe-arles-historique-1214\/#article","isPartOf":{"@id":"https:\/\/www.visiterarles.com\/blog\/2015\/02\/21\/reperer-une-visite-en-groupe-arles-historique-1214\/"},"author":{"name":"Linkadm","@id":"https:\/\/www.visiterarles.com\/en\/#\/schema\/person\/ba5912e4613018f479a2d86815a53576"},"headline":"Rep\u00e9rer une visite en groupe Arles historique","datePublished":"2015-02-21T18:52:00+00:00","dateModified":"2015-02-21T18:52:00+00:00","mainEntityOfPage":{"@id":"https:\/\/www.visiterarles.com\/blog\/2015\/02\/21\/reperer-une-visite-en-groupe-arles-historique-1214\/"},"wordCount":185,"commentCount":0,"publisher":{"@id":"https:\/\/www.visiterarles.com\/en\/#organization"},"articleSection":["Informations"],"inLanguage":"en-GB","potentialAction":[{"@type":"CommentAction","name":"Comment","target":["https:\/\/www.visiterarles.com\/blog\/2015\/02\/21\/reperer-une-visite-en-groupe-arles-historique-1214\/#respond"]}]},{"@type":"WebPage","@id":"https:\/\/www.visiterarles.com\/blog\/2015\/02\/21\/reperer-une-visite-en-groupe-arles-historique-1214\/","url":"https:\/\/www.visiterarles.com\/blog\/2015\/02\/21\/reperer-une-visite-en-groupe-arles-historique-1214\/","name":"Rep\u00e9rer une visite en groupe Arles historique - Visiter Arles","isPartOf":{"@id":"https:\/\/www.visiterarles.com\/en\/#website"},"datePublished":"2015-02-21T18:52:00+00:00","dateModified":"2015-02-21T18:52:00+00:00","breadcrumb":{"@id":"https:\/\/www.visiterarles.com\/blog\/2015\/02\/21\/reperer-une-visite-en-groupe-arles-historique-1214\/#breadcrumb"},"inLanguage":"en-GB","potentialAction":[{"@type":"ReadAction","target":["https:\/\/www.visiterarles.com\/blog\/2015\/02\/21\/reperer-une-visite-en-groupe-arles-historique-1214\/"]}]},{"@type":"BreadcrumbList","@id":"https:\/\/www.visiterarles.com\/blog\/2015\/02\/21\/reperer-une-visite-en-groupe-arles-historique-1214\/#breadcrumb","itemListElement":[{"@type":"ListItem","position":1,"name":"Home","item":"https:\/\/www.visiterarles.com\/"},{"@type":"ListItem","position":2,"name":"Rep\u00e9rer une visite en groupe Arles historique"}]},{"@type":"WebSite","@id":"https:\/\/www.visiterarles.com\/en\/#website","url":"https:\/\/www.visiterarles.com\/en\/","name":"Visiter Arles","description":"Tourisme en Provence \u00e0 Arles","publisher":{"@id":"https:\/\/www.visiterarles.com\/en\/#organization"},"potentialAction":[{"@type":"SearchAction","target":{"@type":"EntryPoint","urlTemplate":"https:\/\/www.visiterarles.com\/en\/?s={search_term_string}"},"query-input":"required name=search_term_string"}],"inLanguage":"en-GB"},{"@type":"Organization","@id":"https:\/\/www.visiterarles.com\/en\/#organization","name":"Visiter Arles","url":"https:\/\/www.visiterarles.com\/en\/","logo":{"@type":"ImageObject","inLanguage":"en-GB","@id":"https:\/\/www.visiterarles.com\/en\/#\/schema\/logo\/image\/","url":"https:\/\/www.visiterarles.com\/wp-content\/uploads\/2017\/10\/taco-and-co-1-1.jpg","contentUrl":"https:\/\/www.visiterarles.com\/wp-content\/uploads\/2017\/10\/taco-and-co-1-1.jpg","width":124,"height":73,"caption":"Visiter Arles"},"image":{"@id":"https:\/\/www.visiterarles.com\/en\/#\/schema\/logo\/image\/"}},{"@type":"Person","@id":"https:\/\/www.visiterarles.com\/en\/#\/schema\/person\/ba5912e4613018f479a2d86815a53576","name":"Linkadm","image":{"@type":"ImageObject","inLanguage":"en-GB","@id":"https:\/\/www.visiterarles.com\/en\/#\/schema\/person\/image\/","url":"https:\/\/secure.gravatar.com\/avatar\/4709ec209921503e8d8cc96168eddc49?s=96&d=mm&r=g","contentUrl":"https:\/\/secure.gravatar.com\/avatar\/4709ec209921503e8d8cc96168eddc49?s=96&d=mm&r=g","caption":"Linkadm"},"url":"https:\/\/www.visiterarles.com\/en\/blog\/author\/admin\/"}]}},"_links":{"self":[{"href":"https:\/\/www.visiterarles.com\/en\/wp-json\/wp\/v2\/posts\/28360"}],"collection":[{"href":"https:\/\/www.visiterarles.com\/en\/wp-json\/wp\/v2\/posts"}],"about":[{"href":"https:\/\/www.visiterarles.com\/en\/wp-json\/wp\/v2\/types\/post"}],"author":[{"embeddable":true,"href":"https:\/\/www.visiterarles.com\/en\/wp-json\/wp\/v2\/users\/1"}],"replies":[{"embeddable":true,"href":"https:\/\/www.visiterarles.com\/en\/wp-json\/wp\/v2\/comments?post=28360"}],"version-history":[{"count":0,"href":"https:\/\/www.visiterarles.com\/en\/wp-json\/wp\/v2\/posts\/28360\/revisions"}],"wp:attachment":[{"href":"https:\/\/www.visiterarles.com\/en\/wp-json\/wp\/v2\/media?parent=28360"}],"wp:term":[{"taxonomy":"category","embeddable":true,"href":"https:\/\/www.visiterarles.com\/en\/wp-json\/wp\/v2\/categories?post=28360"},{"taxonomy":"post_tag","embeddable":true,"href":"https:\/\/www.visiterarles.com\/en\/wp-json\/wp\/v2\/tags?post=28360"}],"curies":[{"name":"wp","href":"https:\/\/api.w.org\/{rel}","templated":true}]}}