{"id":28530,"date":"2015-05-12T11:02:00","date_gmt":"2015-05-12T11:02:00","guid":{"rendered":"http:\/\/www.visiterarles.com\/location-de-vtt-sympa-arles-centre-ville-1027\/"},"modified":"2015-05-12T11:02:00","modified_gmt":"2015-05-12T11:02:00","slug":"location-de-vtt-sympa-arles-centre-ville-1027","status":"publish","type":"post","link":"https:\/\/www.visiterarles.com\/en\/blog\/2015\/05\/12\/location-de-vtt-sympa-arles-centre-ville-1027\/","title":{"rendered":"Location de vtt sympa Arles centre ville"},"content":{"rendered":"<h4>Tacoandco sur Arles centre ville votre interlocuteur de confiance sympa<\/h4>\n<p>Arles se trouve \u00eatre notre ville splendide, la vie culturelle, ainsi que les jolis endroits, comme les anciens ateliers sncf, le marais du vigueirat o\u00f9 alors la tour des mourgues sont pl\u00e9thoriques. Notre <a href=\"http:\/\/www.visiterarles.com\/en\/arles-location-de-vtt-sympa-767\/\">location de vtt sympa \u00e0 Arles<\/a> centre ville, entre autres, vous fera profiter pleinement de l\u2019existence dans cette ville magnifique, \u00e0 chaque fois avec l&rsquo;impression d&rsquo;\u0153uvrer d\u2019une mani\u00e8re \u00e9co responsable, en pr\u00e9sentant toute la richesse de la culture.<\/p>\n<h4>Sympa \u00e0 Arles pour quelles raisons choisir notre location de vtt<\/h4>\n<p>D\u00e8s lors qu&rsquo;on a envie de d\u00e9couvrir le magnifique centre historique, notre location de vtt sympa \u00e0 Arles, entre autres, se trouve \u00eatre id\u00e9ale. Apr\u00e8s \u00eatre arriv\u00e9 \u00e0 la gare d\u2019Arles, vous aurez la possibilit\u00e9 de solliciter une location de vtt dans la gare sncf. Les consommateurs en tout genre appr\u00e9cieront une location de vtt sur Arles, sympa qui leur plaira incontestablement.<\/p>","protected":false},"excerpt":{"rendered":"<p>Tacoandco sur Arles centre ville votre interlocuteur de confiance sympa Arles se trouve \u00eatre notre ville splendide, la vie culturelle, ainsi que les jolis endroits, comme les anciens ateliers sncf, le marais du vigueirat o\u00f9 alors la tour des mourgues sont pl\u00e9thoriques. Notre location de vtt sympa \u00e0 Arles centre ville, entre autres, vous fera [&hellip;]<\/p>","protected":false},"author":1,"featured_media":0,"comment_status":"open","ping_status":"open","sticky":false,"template":"","format":"standard","meta":{"footnotes":""},"categories":[55],"tags":[],"aioseo_notices":[],"yoast_head":"<!-- This site is optimized with the Yoast SEO plugin v22.3 - https:\/\/yoast.com\/wordpress\/plugins\/seo\/ -->\n<title>Location de vtt sympa Arles centre ville - Visiter Arles<\/title>\n<meta name=\"robots\" content=\"index, follow, max-snippet:-1, max-image-preview:large, max-video-preview:-1\" \/>\n<link rel=\"canonical\" href=\"https:\/\/www.visiterarles.com\/en\/blog\/2015\/05\/12\/location-de-vtt-sympa-arles-centre-ville-1027\/\" \/>\n<meta name=\"twitter:label1\" content=\"Written by\" \/>\n\t<meta name=\"twitter:data1\" content=\"Linkadm\" \/>\n\t<meta name=\"twitter:label2\" content=\"Estimated reading time\" \/>\n\t<meta name=\"twitter:data2\" content=\"1 minute\" \/>\n<script type=\"application\/ld+json\" class=\"yoast-schema-graph\">{\"@context\":\"https:\/\/schema.org\",\"@graph\":[{\"@type\":\"Article\",\"@id\":\"https:\/\/www.visiterarles.com\/blog\/2015\/05\/12\/location-de-vtt-sympa-arles-centre-ville-1027\/#article\",\"isPartOf\":{\"@id\":\"https:\/\/www.visiterarles.com\/blog\/2015\/05\/12\/location-de-vtt-sympa-arles-centre-ville-1027\/\"},\"author\":{\"name\":\"Linkadm\",\"@id\":\"https:\/\/www.visiterarles.com\/en\/#\/schema\/person\/ba5912e4613018f479a2d86815a53576\"},\"headline\":\"Location de vtt sympa Arles centre ville\",\"datePublished\":\"2015-05-12T11:02:00+00:00\",\"dateModified\":\"2015-05-12T11:02:00+00:00\",\"mainEntityOfPage\":{\"@id\":\"https:\/\/www.visiterarles.com\/blog\/2015\/05\/12\/location-de-vtt-sympa-arles-centre-ville-1027\/\"},\"wordCount\":170,\"commentCount\":0,\"publisher\":{\"@id\":\"https:\/\/www.visiterarles.com\/en\/#organization\"},\"articleSection\":[\"Informations\"],\"inLanguage\":\"en-GB\",\"potentialAction\":[{\"@type\":\"CommentAction\",\"name\":\"Comment\",\"target\":[\"https:\/\/www.visiterarles.com\/blog\/2015\/05\/12\/location-de-vtt-sympa-arles-centre-ville-1027\/#respond\"]}]},{\"@type\":\"WebPage\",\"@id\":\"https:\/\/www.visiterarles.com\/blog\/2015\/05\/12\/location-de-vtt-sympa-arles-centre-ville-1027\/\",\"url\":\"https:\/\/www.visiterarles.com\/blog\/2015\/05\/12\/location-de-vtt-sympa-arles-centre-ville-1027\/\",\"name\":\"Location de vtt sympa Arles centre ville - Visiter Arles\",\"isPartOf\":{\"@id\":\"https:\/\/www.visiterarles.com\/en\/#website\"},\"datePublished\":\"2015-05-12T11:02:00+00:00\",\"dateModified\":\"2015-05-12T11:02:00+00:00\",\"breadcrumb\":{\"@id\":\"https:\/\/www.visiterarles.com\/blog\/2015\/05\/12\/location-de-vtt-sympa-arles-centre-ville-1027\/#breadcrumb\"},\"inLanguage\":\"en-GB\",\"potentialAction\":[{\"@type\":\"ReadAction\",\"target\":[\"https:\/\/www.visiterarles.com\/blog\/2015\/05\/12\/location-de-vtt-sympa-arles-centre-ville-1027\/\"]}]},{\"@type\":\"BreadcrumbList\",\"@id\":\"https:\/\/www.visiterarles.com\/blog\/2015\/05\/12\/location-de-vtt-sympa-arles-centre-ville-1027\/#breadcrumb\",\"itemListElement\":[{\"@type\":\"ListItem\",\"position\":1,\"name\":\"Home\",\"item\":\"https:\/\/www.visiterarles.com\/\"},{\"@type\":\"ListItem\",\"position\":2,\"name\":\"Location de vtt sympa Arles centre ville\"}]},{\"@type\":\"WebSite\",\"@id\":\"https:\/\/www.visiterarles.com\/en\/#website\",\"url\":\"https:\/\/www.visiterarles.com\/en\/\",\"name\":\"Visiter Arles\",\"description\":\"Tourisme en Provence \u00e0 Arles\",\"publisher\":{\"@id\":\"https:\/\/www.visiterarles.com\/en\/#organization\"},\"potentialAction\":[{\"@type\":\"SearchAction\",\"target\":{\"@type\":\"EntryPoint\",\"urlTemplate\":\"https:\/\/www.visiterarles.com\/en\/?s={search_term_string}\"},\"query-input\":\"required name=search_term_string\"}],\"inLanguage\":\"en-GB\"},{\"@type\":\"Organization\",\"@id\":\"https:\/\/www.visiterarles.com\/en\/#organization\",\"name\":\"Visiter Arles\",\"url\":\"https:\/\/www.visiterarles.com\/en\/\",\"logo\":{\"@type\":\"ImageObject\",\"inLanguage\":\"en-GB\",\"@id\":\"https:\/\/www.visiterarles.com\/en\/#\/schema\/logo\/image\/\",\"url\":\"https:\/\/www.visiterarles.com\/wp-content\/uploads\/2017\/10\/taco-and-co-1-1.jpg\",\"contentUrl\":\"https:\/\/www.visiterarles.com\/wp-content\/uploads\/2017\/10\/taco-and-co-1-1.jpg\",\"width\":124,\"height\":73,\"caption\":\"Visiter Arles\"},\"image\":{\"@id\":\"https:\/\/www.visiterarles.com\/en\/#\/schema\/logo\/image\/\"}},{\"@type\":\"Person\",\"@id\":\"https:\/\/www.visiterarles.com\/en\/#\/schema\/person\/ba5912e4613018f479a2d86815a53576\",\"name\":\"Linkadm\",\"image\":{\"@type\":\"ImageObject\",\"inLanguage\":\"en-GB\",\"@id\":\"https:\/\/www.visiterarles.com\/en\/#\/schema\/person\/image\/\",\"url\":\"https:\/\/secure.gravatar.com\/avatar\/4709ec209921503e8d8cc96168eddc49?s=96&d=mm&r=g\",\"contentUrl\":\"https:\/\/secure.gravatar.com\/avatar\/4709ec209921503e8d8cc96168eddc49?s=96&d=mm&r=g\",\"caption\":\"Linkadm\"},\"url\":\"https:\/\/www.visiterarles.com\/en\/blog\/author\/admin\/\"}]}<\/script>\n<!-- \/ Yoast SEO plugin. -->","yoast_head_json":{"title":"Location de vtt sympa Arles centre ville - Visiter Arles","robots":{"index":"index","follow":"follow","max-snippet":"max-snippet:-1","max-image-preview":"max-image-preview:large","max-video-preview":"max-video-preview:-1"},"canonical":"https:\/\/www.visiterarles.com\/en\/blog\/2015\/05\/12\/location-de-vtt-sympa-arles-centre-ville-1027\/","twitter_misc":{"Written by":"Linkadm","Estimated reading time":"1 minute"},"schema":{"@context":"https:\/\/schema.org","@graph":[{"@type":"Article","@id":"https:\/\/www.visiterarles.com\/blog\/2015\/05\/12\/location-de-vtt-sympa-arles-centre-ville-1027\/#article","isPartOf":{"@id":"https:\/\/www.visiterarles.com\/blog\/2015\/05\/12\/location-de-vtt-sympa-arles-centre-ville-1027\/"},"author":{"name":"Linkadm","@id":"https:\/\/www.visiterarles.com\/en\/#\/schema\/person\/ba5912e4613018f479a2d86815a53576"},"headline":"Location de vtt sympa Arles centre ville","datePublished":"2015-05-12T11:02:00+00:00","dateModified":"2015-05-12T11:02:00+00:00","mainEntityOfPage":{"@id":"https:\/\/www.visiterarles.com\/blog\/2015\/05\/12\/location-de-vtt-sympa-arles-centre-ville-1027\/"},"wordCount":170,"commentCount":0,"publisher":{"@id":"https:\/\/www.visiterarles.com\/en\/#organization"},"articleSection":["Informations"],"inLanguage":"en-GB","potentialAction":[{"@type":"CommentAction","name":"Comment","target":["https:\/\/www.visiterarles.com\/blog\/2015\/05\/12\/location-de-vtt-sympa-arles-centre-ville-1027\/#respond"]}]},{"@type":"WebPage","@id":"https:\/\/www.visiterarles.com\/blog\/2015\/05\/12\/location-de-vtt-sympa-arles-centre-ville-1027\/","url":"https:\/\/www.visiterarles.com\/blog\/2015\/05\/12\/location-de-vtt-sympa-arles-centre-ville-1027\/","name":"Location de vtt sympa Arles centre ville - Visiter Arles","isPartOf":{"@id":"https:\/\/www.visiterarles.com\/en\/#website"},"datePublished":"2015-05-12T11:02:00+00:00","dateModified":"2015-05-12T11:02:00+00:00","breadcrumb":{"@id":"https:\/\/www.visiterarles.com\/blog\/2015\/05\/12\/location-de-vtt-sympa-arles-centre-ville-1027\/#breadcrumb"},"inLanguage":"en-GB","potentialAction":[{"@type":"ReadAction","target":["https:\/\/www.visiterarles.com\/blog\/2015\/05\/12\/location-de-vtt-sympa-arles-centre-ville-1027\/"]}]},{"@type":"BreadcrumbList","@id":"https:\/\/www.visiterarles.com\/blog\/2015\/05\/12\/location-de-vtt-sympa-arles-centre-ville-1027\/#breadcrumb","itemListElement":[{"@type":"ListItem","position":1,"name":"Home","item":"https:\/\/www.visiterarles.com\/"},{"@type":"ListItem","position":2,"name":"Location de vtt sympa Arles centre ville"}]},{"@type":"WebSite","@id":"https:\/\/www.visiterarles.com\/en\/#website","url":"https:\/\/www.visiterarles.com\/en\/","name":"Visiter Arles","description":"Tourisme en Provence \u00e0 Arles","publisher":{"@id":"https:\/\/www.visiterarles.com\/en\/#organization"},"potentialAction":[{"@type":"SearchAction","target":{"@type":"EntryPoint","urlTemplate":"https:\/\/www.visiterarles.com\/en\/?s={search_term_string}"},"query-input":"required name=search_term_string"}],"inLanguage":"en-GB"},{"@type":"Organization","@id":"https:\/\/www.visiterarles.com\/en\/#organization","name":"Visiter Arles","url":"https:\/\/www.visiterarles.com\/en\/","logo":{"@type":"ImageObject","inLanguage":"en-GB","@id":"https:\/\/www.visiterarles.com\/en\/#\/schema\/logo\/image\/","url":"https:\/\/www.visiterarles.com\/wp-content\/uploads\/2017\/10\/taco-and-co-1-1.jpg","contentUrl":"https:\/\/www.visiterarles.com\/wp-content\/uploads\/2017\/10\/taco-and-co-1-1.jpg","width":124,"height":73,"caption":"Visiter Arles"},"image":{"@id":"https:\/\/www.visiterarles.com\/en\/#\/schema\/logo\/image\/"}},{"@type":"Person","@id":"https:\/\/www.visiterarles.com\/en\/#\/schema\/person\/ba5912e4613018f479a2d86815a53576","name":"Linkadm","image":{"@type":"ImageObject","inLanguage":"en-GB","@id":"https:\/\/www.visiterarles.com\/en\/#\/schema\/person\/image\/","url":"https:\/\/secure.gravatar.com\/avatar\/4709ec209921503e8d8cc96168eddc49?s=96&d=mm&r=g","contentUrl":"https:\/\/secure.gravatar.com\/avatar\/4709ec209921503e8d8cc96168eddc49?s=96&d=mm&r=g","caption":"Linkadm"},"url":"https:\/\/www.visiterarles.com\/en\/blog\/author\/admin\/"}]}},"_links":{"self":[{"href":"https:\/\/www.visiterarles.com\/en\/wp-json\/wp\/v2\/posts\/28530"}],"collection":[{"href":"https:\/\/www.visiterarles.com\/en\/wp-json\/wp\/v2\/posts"}],"about":[{"href":"https:\/\/www.visiterarles.com\/en\/wp-json\/wp\/v2\/types\/post"}],"author":[{"embeddable":true,"href":"https:\/\/www.visiterarles.com\/en\/wp-json\/wp\/v2\/users\/1"}],"replies":[{"embeddable":true,"href":"https:\/\/www.visiterarles.com\/en\/wp-json\/wp\/v2\/comments?post=28530"}],"version-history":[{"count":0,"href":"https:\/\/www.visiterarles.com\/en\/wp-json\/wp\/v2\/posts\/28530\/revisions"}],"wp:attachment":[{"href":"https:\/\/www.visiterarles.com\/en\/wp-json\/wp\/v2\/media?parent=28530"}],"wp:term":[{"taxonomy":"category","embeddable":true,"href":"https:\/\/www.visiterarles.com\/en\/wp-json\/wp\/v2\/categories?post=28530"},{"taxonomy":"post_tag","embeddable":true,"href":"https:\/\/www.visiterarles.com\/en\/wp-json\/wp\/v2\/tags?post=28530"}],"curies":[{"name":"wp","href":"https:\/\/api.w.org\/{rel}","templated":true}]}}