{"id":28542,"date":"2015-05-19T08:49:00","date_gmt":"2015-05-19T08:49:00","guid":{"rendered":"http:\/\/www.visiterarles.com\/en-un-jour-arles-centre-ville-location-de-vtt-611\/"},"modified":"2015-05-19T08:49:00","modified_gmt":"2015-05-19T08:49:00","slug":"en-un-jour-arles-centre-ville-location-de-vtt-611","status":"publish","type":"post","link":"https:\/\/www.visiterarles.com\/en\/blog\/2015\/05\/19\/en-un-jour-arles-centre-ville-location-de-vtt-611\/","title":{"rendered":"En un jour Arles centre ville : location de vtt"},"content":{"rendered":"<h4>Location de vtt en un jour dans Arles centre ville : o\u00f9 trouver un contact s\u00e9rieux<\/h4>\n<p>Les tours de la cavalerie, le mus\u00e9e du riz o\u00f9 alors le march\u00e9 de provence, par le biais de notre location de vtt en un jour \u00e0 Arles centre ville, sont des plus beaux endroits qui ne vous \u00e9chapperont pas au sein de cette exceptionnelle commune magnifique. Une location de vtt en un jour \u00e0 Arles centre ville, entre autres, vous fera profiter pleinement de la vie au sein de cette exceptionnelle commune magnifique, \u00e0 chaque fois avec l&rsquo;impression d\u2019agir d\u2019une mani\u00e8re \u00e9co-responsable, tout en offrant une vie culturelle des plus exemplaires.<\/p>\n<h4>Arles : par quels moyens s\u2019y prendre pour trouver votre location de vtt en un jour<\/h4>\n<p>D\u00e9couvrir le tr\u00e8s beau capital de la commune via notre location de vtt en un jour \u00e0 Arles peut s&rsquo;av\u00e9rer \u00eatre une alternative cl\u00e9s en main appropri\u00e9e pour chaque personne qui le d\u00e9sire. Peu importe o\u00f9 vous vous trouviez au sein d\u2019Arles, vous pourrez pleinement profiter d\u2019une agr\u00e9able location de vtt en toute qui\u00e9tude. Une <a href=\"http:\/\/www.visiterarles.com\/en\/arles-location-de-vtt-en-un-jour-822\/\">location de vtt sur Arles<\/a>, en un jour peut s&rsquo;av\u00e9rer \u00eatre une alternative cl\u00e9s en main qui plaira \u00e0 tous de m\u00eame qu&rsquo;aux touristes.<\/p>","protected":false},"excerpt":{"rendered":"<p>Location de vtt en un jour dans Arles centre ville : o\u00f9 trouver un contact s\u00e9rieux Les tours de la cavalerie, le mus\u00e9e du riz o\u00f9 alors le march\u00e9 de provence, par le biais de notre location de vtt en un jour \u00e0 Arles centre ville, sont des plus beaux endroits qui ne vous \u00e9chapperont [&hellip;]<\/p>","protected":false},"author":1,"featured_media":0,"comment_status":"open","ping_status":"open","sticky":false,"template":"","format":"standard","meta":{"footnotes":""},"categories":[55],"tags":[],"aioseo_notices":[],"yoast_head":"<!-- This site is optimized with the Yoast SEO plugin v22.3 - https:\/\/yoast.com\/wordpress\/plugins\/seo\/ -->\n<title>En un jour Arles centre ville : location de vtt - Visiter Arles<\/title>\n<meta name=\"robots\" content=\"index, follow, max-snippet:-1, max-image-preview:large, max-video-preview:-1\" \/>\n<link rel=\"canonical\" href=\"https:\/\/www.visiterarles.com\/en\/blog\/2015\/05\/19\/en-un-jour-arles-centre-ville-location-de-vtt-611\/\" \/>\n<meta name=\"twitter:label1\" content=\"Written by\" \/>\n\t<meta name=\"twitter:data1\" content=\"Linkadm\" \/>\n\t<meta name=\"twitter:label2\" content=\"Estimated reading time\" \/>\n\t<meta name=\"twitter:data2\" content=\"1 minute\" \/>\n<script type=\"application\/ld+json\" class=\"yoast-schema-graph\">{\"@context\":\"https:\/\/schema.org\",\"@graph\":[{\"@type\":\"Article\",\"@id\":\"https:\/\/www.visiterarles.com\/blog\/2015\/05\/19\/en-un-jour-arles-centre-ville-location-de-vtt-611\/#article\",\"isPartOf\":{\"@id\":\"https:\/\/www.visiterarles.com\/blog\/2015\/05\/19\/en-un-jour-arles-centre-ville-location-de-vtt-611\/\"},\"author\":{\"name\":\"Linkadm\",\"@id\":\"https:\/\/www.visiterarles.com\/en\/#\/schema\/person\/ba5912e4613018f479a2d86815a53576\"},\"headline\":\"En un jour Arles centre ville : location de vtt\",\"datePublished\":\"2015-05-19T08:49:00+00:00\",\"dateModified\":\"2015-05-19T08:49:00+00:00\",\"mainEntityOfPage\":{\"@id\":\"https:\/\/www.visiterarles.com\/blog\/2015\/05\/19\/en-un-jour-arles-centre-ville-location-de-vtt-611\/\"},\"wordCount\":228,\"commentCount\":0,\"publisher\":{\"@id\":\"https:\/\/www.visiterarles.com\/en\/#organization\"},\"articleSection\":[\"Informations\"],\"inLanguage\":\"en-GB\",\"potentialAction\":[{\"@type\":\"CommentAction\",\"name\":\"Comment\",\"target\":[\"https:\/\/www.visiterarles.com\/blog\/2015\/05\/19\/en-un-jour-arles-centre-ville-location-de-vtt-611\/#respond\"]}]},{\"@type\":\"WebPage\",\"@id\":\"https:\/\/www.visiterarles.com\/blog\/2015\/05\/19\/en-un-jour-arles-centre-ville-location-de-vtt-611\/\",\"url\":\"https:\/\/www.visiterarles.com\/blog\/2015\/05\/19\/en-un-jour-arles-centre-ville-location-de-vtt-611\/\",\"name\":\"En un jour Arles centre ville : location de vtt - Visiter Arles\",\"isPartOf\":{\"@id\":\"https:\/\/www.visiterarles.com\/en\/#website\"},\"datePublished\":\"2015-05-19T08:49:00+00:00\",\"dateModified\":\"2015-05-19T08:49:00+00:00\",\"breadcrumb\":{\"@id\":\"https:\/\/www.visiterarles.com\/blog\/2015\/05\/19\/en-un-jour-arles-centre-ville-location-de-vtt-611\/#breadcrumb\"},\"inLanguage\":\"en-GB\",\"potentialAction\":[{\"@type\":\"ReadAction\",\"target\":[\"https:\/\/www.visiterarles.com\/blog\/2015\/05\/19\/en-un-jour-arles-centre-ville-location-de-vtt-611\/\"]}]},{\"@type\":\"BreadcrumbList\",\"@id\":\"https:\/\/www.visiterarles.com\/blog\/2015\/05\/19\/en-un-jour-arles-centre-ville-location-de-vtt-611\/#breadcrumb\",\"itemListElement\":[{\"@type\":\"ListItem\",\"position\":1,\"name\":\"Home\",\"item\":\"https:\/\/www.visiterarles.com\/\"},{\"@type\":\"ListItem\",\"position\":2,\"name\":\"En un jour Arles centre ville : location de vtt\"}]},{\"@type\":\"WebSite\",\"@id\":\"https:\/\/www.visiterarles.com\/en\/#website\",\"url\":\"https:\/\/www.visiterarles.com\/en\/\",\"name\":\"Visiter Arles\",\"description\":\"Tourisme en Provence \u00e0 Arles\",\"publisher\":{\"@id\":\"https:\/\/www.visiterarles.com\/en\/#organization\"},\"potentialAction\":[{\"@type\":\"SearchAction\",\"target\":{\"@type\":\"EntryPoint\",\"urlTemplate\":\"https:\/\/www.visiterarles.com\/en\/?s={search_term_string}\"},\"query-input\":\"required name=search_term_string\"}],\"inLanguage\":\"en-GB\"},{\"@type\":\"Organization\",\"@id\":\"https:\/\/www.visiterarles.com\/en\/#organization\",\"name\":\"Visiter Arles\",\"url\":\"https:\/\/www.visiterarles.com\/en\/\",\"logo\":{\"@type\":\"ImageObject\",\"inLanguage\":\"en-GB\",\"@id\":\"https:\/\/www.visiterarles.com\/en\/#\/schema\/logo\/image\/\",\"url\":\"https:\/\/www.visiterarles.com\/wp-content\/uploads\/2017\/10\/taco-and-co-1-1.jpg\",\"contentUrl\":\"https:\/\/www.visiterarles.com\/wp-content\/uploads\/2017\/10\/taco-and-co-1-1.jpg\",\"width\":124,\"height\":73,\"caption\":\"Visiter Arles\"},\"image\":{\"@id\":\"https:\/\/www.visiterarles.com\/en\/#\/schema\/logo\/image\/\"}},{\"@type\":\"Person\",\"@id\":\"https:\/\/www.visiterarles.com\/en\/#\/schema\/person\/ba5912e4613018f479a2d86815a53576\",\"name\":\"Linkadm\",\"image\":{\"@type\":\"ImageObject\",\"inLanguage\":\"en-GB\",\"@id\":\"https:\/\/www.visiterarles.com\/en\/#\/schema\/person\/image\/\",\"url\":\"https:\/\/secure.gravatar.com\/avatar\/4709ec209921503e8d8cc96168eddc49?s=96&d=mm&r=g\",\"contentUrl\":\"https:\/\/secure.gravatar.com\/avatar\/4709ec209921503e8d8cc96168eddc49?s=96&d=mm&r=g\",\"caption\":\"Linkadm\"},\"url\":\"https:\/\/www.visiterarles.com\/en\/blog\/author\/admin\/\"}]}<\/script>\n<!-- \/ Yoast SEO plugin. -->","yoast_head_json":{"title":"En un jour Arles centre ville : location de vtt - Visiter Arles","robots":{"index":"index","follow":"follow","max-snippet":"max-snippet:-1","max-image-preview":"max-image-preview:large","max-video-preview":"max-video-preview:-1"},"canonical":"https:\/\/www.visiterarles.com\/en\/blog\/2015\/05\/19\/en-un-jour-arles-centre-ville-location-de-vtt-611\/","twitter_misc":{"Written by":"Linkadm","Estimated reading time":"1 minute"},"schema":{"@context":"https:\/\/schema.org","@graph":[{"@type":"Article","@id":"https:\/\/www.visiterarles.com\/blog\/2015\/05\/19\/en-un-jour-arles-centre-ville-location-de-vtt-611\/#article","isPartOf":{"@id":"https:\/\/www.visiterarles.com\/blog\/2015\/05\/19\/en-un-jour-arles-centre-ville-location-de-vtt-611\/"},"author":{"name":"Linkadm","@id":"https:\/\/www.visiterarles.com\/en\/#\/schema\/person\/ba5912e4613018f479a2d86815a53576"},"headline":"En un jour Arles centre ville : location de vtt","datePublished":"2015-05-19T08:49:00+00:00","dateModified":"2015-05-19T08:49:00+00:00","mainEntityOfPage":{"@id":"https:\/\/www.visiterarles.com\/blog\/2015\/05\/19\/en-un-jour-arles-centre-ville-location-de-vtt-611\/"},"wordCount":228,"commentCount":0,"publisher":{"@id":"https:\/\/www.visiterarles.com\/en\/#organization"},"articleSection":["Informations"],"inLanguage":"en-GB","potentialAction":[{"@type":"CommentAction","name":"Comment","target":["https:\/\/www.visiterarles.com\/blog\/2015\/05\/19\/en-un-jour-arles-centre-ville-location-de-vtt-611\/#respond"]}]},{"@type":"WebPage","@id":"https:\/\/www.visiterarles.com\/blog\/2015\/05\/19\/en-un-jour-arles-centre-ville-location-de-vtt-611\/","url":"https:\/\/www.visiterarles.com\/blog\/2015\/05\/19\/en-un-jour-arles-centre-ville-location-de-vtt-611\/","name":"En un jour Arles centre ville : location de vtt - Visiter Arles","isPartOf":{"@id":"https:\/\/www.visiterarles.com\/en\/#website"},"datePublished":"2015-05-19T08:49:00+00:00","dateModified":"2015-05-19T08:49:00+00:00","breadcrumb":{"@id":"https:\/\/www.visiterarles.com\/blog\/2015\/05\/19\/en-un-jour-arles-centre-ville-location-de-vtt-611\/#breadcrumb"},"inLanguage":"en-GB","potentialAction":[{"@type":"ReadAction","target":["https:\/\/www.visiterarles.com\/blog\/2015\/05\/19\/en-un-jour-arles-centre-ville-location-de-vtt-611\/"]}]},{"@type":"BreadcrumbList","@id":"https:\/\/www.visiterarles.com\/blog\/2015\/05\/19\/en-un-jour-arles-centre-ville-location-de-vtt-611\/#breadcrumb","itemListElement":[{"@type":"ListItem","position":1,"name":"Home","item":"https:\/\/www.visiterarles.com\/"},{"@type":"ListItem","position":2,"name":"En un jour Arles centre ville : location de vtt"}]},{"@type":"WebSite","@id":"https:\/\/www.visiterarles.com\/en\/#website","url":"https:\/\/www.visiterarles.com\/en\/","name":"Visiter Arles","description":"Tourisme en Provence \u00e0 Arles","publisher":{"@id":"https:\/\/www.visiterarles.com\/en\/#organization"},"potentialAction":[{"@type":"SearchAction","target":{"@type":"EntryPoint","urlTemplate":"https:\/\/www.visiterarles.com\/en\/?s={search_term_string}"},"query-input":"required name=search_term_string"}],"inLanguage":"en-GB"},{"@type":"Organization","@id":"https:\/\/www.visiterarles.com\/en\/#organization","name":"Visiter Arles","url":"https:\/\/www.visiterarles.com\/en\/","logo":{"@type":"ImageObject","inLanguage":"en-GB","@id":"https:\/\/www.visiterarles.com\/en\/#\/schema\/logo\/image\/","url":"https:\/\/www.visiterarles.com\/wp-content\/uploads\/2017\/10\/taco-and-co-1-1.jpg","contentUrl":"https:\/\/www.visiterarles.com\/wp-content\/uploads\/2017\/10\/taco-and-co-1-1.jpg","width":124,"height":73,"caption":"Visiter Arles"},"image":{"@id":"https:\/\/www.visiterarles.com\/en\/#\/schema\/logo\/image\/"}},{"@type":"Person","@id":"https:\/\/www.visiterarles.com\/en\/#\/schema\/person\/ba5912e4613018f479a2d86815a53576","name":"Linkadm","image":{"@type":"ImageObject","inLanguage":"en-GB","@id":"https:\/\/www.visiterarles.com\/en\/#\/schema\/person\/image\/","url":"https:\/\/secure.gravatar.com\/avatar\/4709ec209921503e8d8cc96168eddc49?s=96&d=mm&r=g","contentUrl":"https:\/\/secure.gravatar.com\/avatar\/4709ec209921503e8d8cc96168eddc49?s=96&d=mm&r=g","caption":"Linkadm"},"url":"https:\/\/www.visiterarles.com\/en\/blog\/author\/admin\/"}]}},"_links":{"self":[{"href":"https:\/\/www.visiterarles.com\/en\/wp-json\/wp\/v2\/posts\/28542"}],"collection":[{"href":"https:\/\/www.visiterarles.com\/en\/wp-json\/wp\/v2\/posts"}],"about":[{"href":"https:\/\/www.visiterarles.com\/en\/wp-json\/wp\/v2\/types\/post"}],"author":[{"embeddable":true,"href":"https:\/\/www.visiterarles.com\/en\/wp-json\/wp\/v2\/users\/1"}],"replies":[{"embeddable":true,"href":"https:\/\/www.visiterarles.com\/en\/wp-json\/wp\/v2\/comments?post=28542"}],"version-history":[{"count":0,"href":"https:\/\/www.visiterarles.com\/en\/wp-json\/wp\/v2\/posts\/28542\/revisions"}],"wp:attachment":[{"href":"https:\/\/www.visiterarles.com\/en\/wp-json\/wp\/v2\/media?parent=28542"}],"wp:term":[{"taxonomy":"category","embeddable":true,"href":"https:\/\/www.visiterarles.com\/en\/wp-json\/wp\/v2\/categories?post=28542"},{"taxonomy":"post_tag","embeddable":true,"href":"https:\/\/www.visiterarles.com\/en\/wp-json\/wp\/v2\/tags?post=28542"}],"curies":[{"name":"wp","href":"https:\/\/api.w.org\/{rel}","templated":true}]}}