{"id":28552,"date":"2015-05-26T14:38:00","date_gmt":"2015-05-26T14:38:00","guid":{"rendered":"http:\/\/www.visiterarles.com\/location-de-vtt-en-groupe-arles-quartier-des-arenes-792\/"},"modified":"2015-05-26T14:38:00","modified_gmt":"2015-05-26T14:38:00","slug":"location-de-vtt-en-groupe-arles-quartier-des-arenes-792","status":"publish","type":"post","link":"https:\/\/www.visiterarles.com\/en\/blog\/2015\/05\/26\/location-de-vtt-en-groupe-arles-quartier-des-arenes-792\/","title":{"rendered":"Location de vtt en groupe Arles quartier des ar\u00e8nes"},"content":{"rendered":"<h4>Taco  and  co votre partenaire s\u00e9rieux en groupe dans Arles quartier des ar\u00e8nes<\/h4>\n<p>Arles est une ville magnifique, les \u00e9v\u00e8nements culturels, et les lieux prestigieux, comme les anciens ateliers sncf, le marais du vigueirat o\u00f9 bien l&rsquo;\u00e9glise saint honorat ne manquent pas. Pour permettre de pleinement profiter du meilleur de la culture, avec l&rsquo;impression d&rsquo;oeuvrer de fa\u00e7on \u00e9cologique, une <a href=\"http:\/\/www.visiterarles.com\/en\/arles-location-de-vtt-en-groupe-919\/\">location de vtt en groupe \u00e0 Arles<\/a> quartier des ar\u00e8nes vous fera b\u00e9n\u00e9ficier du moment pr\u00e9sent.<\/p>\n<h4>De quelle fa\u00e7on s\u2019y prendre pour trouver une location de vtt en groupe \u00e0 Arles<\/h4>\n<p>Lorsqu\u2019on a la volont\u00e9 de faire la d\u00e9couverte du magnifique patrimoine de la ville, notre location de vtt en groupe \u00e0 Arles, pour ne citer que cela, s&rsquo;av\u00e8re \u00eatre id\u00e9ale. Une fois arriv\u00e9 en gare d\u2019Arles, vous aurez la possibilit\u00e9 de demander une location de vtt dans cette structure. Les consommateurs de tout poil appr\u00e9cieront une location de vtt sur Arles, en groupe leur convenant sans aucun doute.<\/p>","protected":false},"excerpt":{"rendered":"<p>Taco and co votre partenaire s\u00e9rieux en groupe dans Arles quartier des ar\u00e8nes Arles est une ville magnifique, les \u00e9v\u00e8nements culturels, et les lieux prestigieux, comme les anciens ateliers sncf, le marais du vigueirat o\u00f9 bien l&rsquo;\u00e9glise saint honorat ne manquent pas. Pour permettre de pleinement profiter du meilleur de la culture, avec l&rsquo;impression d&rsquo;oeuvrer [&hellip;]<\/p>","protected":false},"author":1,"featured_media":0,"comment_status":"open","ping_status":"open","sticky":false,"template":"","format":"standard","meta":{"footnotes":""},"categories":[55],"tags":[],"aioseo_notices":[],"yoast_head":"<!-- This site is optimized with the Yoast SEO plugin v22.3 - https:\/\/yoast.com\/wordpress\/plugins\/seo\/ -->\n<title>Location de vtt en groupe Arles quartier des ar\u00e8nes - Visiter Arles<\/title>\n<meta name=\"robots\" content=\"index, follow, max-snippet:-1, max-image-preview:large, max-video-preview:-1\" \/>\n<link rel=\"canonical\" href=\"https:\/\/www.visiterarles.com\/en\/blog\/2015\/05\/26\/location-de-vtt-en-groupe-arles-quartier-des-arenes-792\/\" \/>\n<meta name=\"twitter:label1\" content=\"Written by\" \/>\n\t<meta name=\"twitter:data1\" content=\"Linkadm\" \/>\n\t<meta name=\"twitter:label2\" content=\"Estimated reading time\" \/>\n\t<meta name=\"twitter:data2\" content=\"1 minute\" \/>\n<script type=\"application\/ld+json\" class=\"yoast-schema-graph\">{\"@context\":\"https:\/\/schema.org\",\"@graph\":[{\"@type\":\"Article\",\"@id\":\"https:\/\/www.visiterarles.com\/blog\/2015\/05\/26\/location-de-vtt-en-groupe-arles-quartier-des-arenes-792\/#article\",\"isPartOf\":{\"@id\":\"https:\/\/www.visiterarles.com\/blog\/2015\/05\/26\/location-de-vtt-en-groupe-arles-quartier-des-arenes-792\/\"},\"author\":{\"name\":\"Linkadm\",\"@id\":\"https:\/\/www.visiterarles.com\/en\/#\/schema\/person\/ba5912e4613018f479a2d86815a53576\"},\"headline\":\"Location de vtt en groupe Arles quartier des ar\u00e8nes\",\"datePublished\":\"2015-05-26T14:38:00+00:00\",\"dateModified\":\"2015-05-26T14:38:00+00:00\",\"mainEntityOfPage\":{\"@id\":\"https:\/\/www.visiterarles.com\/blog\/2015\/05\/26\/location-de-vtt-en-groupe-arles-quartier-des-arenes-792\/\"},\"wordCount\":185,\"commentCount\":0,\"publisher\":{\"@id\":\"https:\/\/www.visiterarles.com\/en\/#organization\"},\"articleSection\":[\"Informations\"],\"inLanguage\":\"en-GB\",\"potentialAction\":[{\"@type\":\"CommentAction\",\"name\":\"Comment\",\"target\":[\"https:\/\/www.visiterarles.com\/blog\/2015\/05\/26\/location-de-vtt-en-groupe-arles-quartier-des-arenes-792\/#respond\"]}]},{\"@type\":\"WebPage\",\"@id\":\"https:\/\/www.visiterarles.com\/blog\/2015\/05\/26\/location-de-vtt-en-groupe-arles-quartier-des-arenes-792\/\",\"url\":\"https:\/\/www.visiterarles.com\/blog\/2015\/05\/26\/location-de-vtt-en-groupe-arles-quartier-des-arenes-792\/\",\"name\":\"Location de vtt en groupe Arles quartier des ar\u00e8nes - Visiter Arles\",\"isPartOf\":{\"@id\":\"https:\/\/www.visiterarles.com\/en\/#website\"},\"datePublished\":\"2015-05-26T14:38:00+00:00\",\"dateModified\":\"2015-05-26T14:38:00+00:00\",\"breadcrumb\":{\"@id\":\"https:\/\/www.visiterarles.com\/blog\/2015\/05\/26\/location-de-vtt-en-groupe-arles-quartier-des-arenes-792\/#breadcrumb\"},\"inLanguage\":\"en-GB\",\"potentialAction\":[{\"@type\":\"ReadAction\",\"target\":[\"https:\/\/www.visiterarles.com\/blog\/2015\/05\/26\/location-de-vtt-en-groupe-arles-quartier-des-arenes-792\/\"]}]},{\"@type\":\"BreadcrumbList\",\"@id\":\"https:\/\/www.visiterarles.com\/blog\/2015\/05\/26\/location-de-vtt-en-groupe-arles-quartier-des-arenes-792\/#breadcrumb\",\"itemListElement\":[{\"@type\":\"ListItem\",\"position\":1,\"name\":\"Home\",\"item\":\"https:\/\/www.visiterarles.com\/\"},{\"@type\":\"ListItem\",\"position\":2,\"name\":\"Location de vtt en groupe Arles quartier des ar\u00e8nes\"}]},{\"@type\":\"WebSite\",\"@id\":\"https:\/\/www.visiterarles.com\/en\/#website\",\"url\":\"https:\/\/www.visiterarles.com\/en\/\",\"name\":\"Visiter Arles\",\"description\":\"Tourisme en Provence \u00e0 Arles\",\"publisher\":{\"@id\":\"https:\/\/www.visiterarles.com\/en\/#organization\"},\"potentialAction\":[{\"@type\":\"SearchAction\",\"target\":{\"@type\":\"EntryPoint\",\"urlTemplate\":\"https:\/\/www.visiterarles.com\/en\/?s={search_term_string}\"},\"query-input\":\"required name=search_term_string\"}],\"inLanguage\":\"en-GB\"},{\"@type\":\"Organization\",\"@id\":\"https:\/\/www.visiterarles.com\/en\/#organization\",\"name\":\"Visiter Arles\",\"url\":\"https:\/\/www.visiterarles.com\/en\/\",\"logo\":{\"@type\":\"ImageObject\",\"inLanguage\":\"en-GB\",\"@id\":\"https:\/\/www.visiterarles.com\/en\/#\/schema\/logo\/image\/\",\"url\":\"https:\/\/www.visiterarles.com\/wp-content\/uploads\/2017\/10\/taco-and-co-1-1.jpg\",\"contentUrl\":\"https:\/\/www.visiterarles.com\/wp-content\/uploads\/2017\/10\/taco-and-co-1-1.jpg\",\"width\":124,\"height\":73,\"caption\":\"Visiter Arles\"},\"image\":{\"@id\":\"https:\/\/www.visiterarles.com\/en\/#\/schema\/logo\/image\/\"}},{\"@type\":\"Person\",\"@id\":\"https:\/\/www.visiterarles.com\/en\/#\/schema\/person\/ba5912e4613018f479a2d86815a53576\",\"name\":\"Linkadm\",\"image\":{\"@type\":\"ImageObject\",\"inLanguage\":\"en-GB\",\"@id\":\"https:\/\/www.visiterarles.com\/en\/#\/schema\/person\/image\/\",\"url\":\"https:\/\/secure.gravatar.com\/avatar\/4709ec209921503e8d8cc96168eddc49?s=96&d=mm&r=g\",\"contentUrl\":\"https:\/\/secure.gravatar.com\/avatar\/4709ec209921503e8d8cc96168eddc49?s=96&d=mm&r=g\",\"caption\":\"Linkadm\"},\"url\":\"https:\/\/www.visiterarles.com\/en\/blog\/author\/admin\/\"}]}<\/script>\n<!-- \/ Yoast SEO plugin. -->","yoast_head_json":{"title":"Location de vtt en groupe Arles quartier des ar\u00e8nes - Visiter Arles","robots":{"index":"index","follow":"follow","max-snippet":"max-snippet:-1","max-image-preview":"max-image-preview:large","max-video-preview":"max-video-preview:-1"},"canonical":"https:\/\/www.visiterarles.com\/en\/blog\/2015\/05\/26\/location-de-vtt-en-groupe-arles-quartier-des-arenes-792\/","twitter_misc":{"Written by":"Linkadm","Estimated reading time":"1 minute"},"schema":{"@context":"https:\/\/schema.org","@graph":[{"@type":"Article","@id":"https:\/\/www.visiterarles.com\/blog\/2015\/05\/26\/location-de-vtt-en-groupe-arles-quartier-des-arenes-792\/#article","isPartOf":{"@id":"https:\/\/www.visiterarles.com\/blog\/2015\/05\/26\/location-de-vtt-en-groupe-arles-quartier-des-arenes-792\/"},"author":{"name":"Linkadm","@id":"https:\/\/www.visiterarles.com\/en\/#\/schema\/person\/ba5912e4613018f479a2d86815a53576"},"headline":"Location de vtt en groupe Arles quartier des ar\u00e8nes","datePublished":"2015-05-26T14:38:00+00:00","dateModified":"2015-05-26T14:38:00+00:00","mainEntityOfPage":{"@id":"https:\/\/www.visiterarles.com\/blog\/2015\/05\/26\/location-de-vtt-en-groupe-arles-quartier-des-arenes-792\/"},"wordCount":185,"commentCount":0,"publisher":{"@id":"https:\/\/www.visiterarles.com\/en\/#organization"},"articleSection":["Informations"],"inLanguage":"en-GB","potentialAction":[{"@type":"CommentAction","name":"Comment","target":["https:\/\/www.visiterarles.com\/blog\/2015\/05\/26\/location-de-vtt-en-groupe-arles-quartier-des-arenes-792\/#respond"]}]},{"@type":"WebPage","@id":"https:\/\/www.visiterarles.com\/blog\/2015\/05\/26\/location-de-vtt-en-groupe-arles-quartier-des-arenes-792\/","url":"https:\/\/www.visiterarles.com\/blog\/2015\/05\/26\/location-de-vtt-en-groupe-arles-quartier-des-arenes-792\/","name":"Location de vtt en groupe Arles quartier des ar\u00e8nes - Visiter Arles","isPartOf":{"@id":"https:\/\/www.visiterarles.com\/en\/#website"},"datePublished":"2015-05-26T14:38:00+00:00","dateModified":"2015-05-26T14:38:00+00:00","breadcrumb":{"@id":"https:\/\/www.visiterarles.com\/blog\/2015\/05\/26\/location-de-vtt-en-groupe-arles-quartier-des-arenes-792\/#breadcrumb"},"inLanguage":"en-GB","potentialAction":[{"@type":"ReadAction","target":["https:\/\/www.visiterarles.com\/blog\/2015\/05\/26\/location-de-vtt-en-groupe-arles-quartier-des-arenes-792\/"]}]},{"@type":"BreadcrumbList","@id":"https:\/\/www.visiterarles.com\/blog\/2015\/05\/26\/location-de-vtt-en-groupe-arles-quartier-des-arenes-792\/#breadcrumb","itemListElement":[{"@type":"ListItem","position":1,"name":"Home","item":"https:\/\/www.visiterarles.com\/"},{"@type":"ListItem","position":2,"name":"Location de vtt en groupe Arles quartier des ar\u00e8nes"}]},{"@type":"WebSite","@id":"https:\/\/www.visiterarles.com\/en\/#website","url":"https:\/\/www.visiterarles.com\/en\/","name":"Visiter Arles","description":"Tourisme en Provence \u00e0 Arles","publisher":{"@id":"https:\/\/www.visiterarles.com\/en\/#organization"},"potentialAction":[{"@type":"SearchAction","target":{"@type":"EntryPoint","urlTemplate":"https:\/\/www.visiterarles.com\/en\/?s={search_term_string}"},"query-input":"required name=search_term_string"}],"inLanguage":"en-GB"},{"@type":"Organization","@id":"https:\/\/www.visiterarles.com\/en\/#organization","name":"Visiter Arles","url":"https:\/\/www.visiterarles.com\/en\/","logo":{"@type":"ImageObject","inLanguage":"en-GB","@id":"https:\/\/www.visiterarles.com\/en\/#\/schema\/logo\/image\/","url":"https:\/\/www.visiterarles.com\/wp-content\/uploads\/2017\/10\/taco-and-co-1-1.jpg","contentUrl":"https:\/\/www.visiterarles.com\/wp-content\/uploads\/2017\/10\/taco-and-co-1-1.jpg","width":124,"height":73,"caption":"Visiter Arles"},"image":{"@id":"https:\/\/www.visiterarles.com\/en\/#\/schema\/logo\/image\/"}},{"@type":"Person","@id":"https:\/\/www.visiterarles.com\/en\/#\/schema\/person\/ba5912e4613018f479a2d86815a53576","name":"Linkadm","image":{"@type":"ImageObject","inLanguage":"en-GB","@id":"https:\/\/www.visiterarles.com\/en\/#\/schema\/person\/image\/","url":"https:\/\/secure.gravatar.com\/avatar\/4709ec209921503e8d8cc96168eddc49?s=96&d=mm&r=g","contentUrl":"https:\/\/secure.gravatar.com\/avatar\/4709ec209921503e8d8cc96168eddc49?s=96&d=mm&r=g","caption":"Linkadm"},"url":"https:\/\/www.visiterarles.com\/en\/blog\/author\/admin\/"}]}},"_links":{"self":[{"href":"https:\/\/www.visiterarles.com\/en\/wp-json\/wp\/v2\/posts\/28552"}],"collection":[{"href":"https:\/\/www.visiterarles.com\/en\/wp-json\/wp\/v2\/posts"}],"about":[{"href":"https:\/\/www.visiterarles.com\/en\/wp-json\/wp\/v2\/types\/post"}],"author":[{"embeddable":true,"href":"https:\/\/www.visiterarles.com\/en\/wp-json\/wp\/v2\/users\/1"}],"replies":[{"embeddable":true,"href":"https:\/\/www.visiterarles.com\/en\/wp-json\/wp\/v2\/comments?post=28552"}],"version-history":[{"count":0,"href":"https:\/\/www.visiterarles.com\/en\/wp-json\/wp\/v2\/posts\/28552\/revisions"}],"wp:attachment":[{"href":"https:\/\/www.visiterarles.com\/en\/wp-json\/wp\/v2\/media?parent=28552"}],"wp:term":[{"taxonomy":"category","embeddable":true,"href":"https:\/\/www.visiterarles.com\/en\/wp-json\/wp\/v2\/categories?post=28552"},{"taxonomy":"post_tag","embeddable":true,"href":"https:\/\/www.visiterarles.com\/en\/wp-json\/wp\/v2\/tags?post=28552"}],"curies":[{"name":"wp","href":"https:\/\/api.w.org\/{rel}","templated":true}]}}