{"id":28553,"date":"2015-05-26T17:26:00","date_gmt":"2015-05-26T17:26:00","guid":{"rendered":"http:\/\/www.visiterarles.com\/bon-plan-en-groupe-arles-historique-la-location-de-vtt-28\/"},"modified":"2015-05-26T17:26:00","modified_gmt":"2015-05-26T17:26:00","slug":"bon-plan-en-groupe-arles-historique-la-location-de-vtt-28","status":"publish","type":"post","link":"https:\/\/www.visiterarles.com\/en\/blog\/2015\/05\/26\/bon-plan-en-groupe-arles-historique-la-location-de-vtt-28\/","title":{"rendered":"Bon plan en groupe Arles historique : la location de vtt"},"content":{"rendered":"<h4>Votre location de vtt, en groupe sur Arles historique avec Taco and co<\/h4>\n<p>Les beaux endroits ne manquent pas, ainsi, notre location de vtt en groupe sur Arles historique vous apportera la facult\u00e9 de profiter pleinement des thermes de constantin, du village de salins o\u00f9 bien de l&rsquo;\u00e9glise saint honorat. De fa\u00e7on \u00e0 vous assister pour profiter pleinement des richesses de la ville, avec l&rsquo;impression d&rsquo;oeuvrer d&rsquo;une mani\u00e8re \u00e9cologique, notre <a href=\"http:\/\/www.visiterarles.com\/en\/arles-location-de-vtt-en-groupe-919\/\">location de vtt en groupe sur Arles<\/a> historique vous aidera \u00e0 profiter du moment pr\u00e9sent.<\/p>\n<h4>En groupe sur Arles pour quelle raison choisir notre location de vtt<\/h4>\n<p>D\u00e9couvrir le ravissant capital de la commune via notre location de vtt en groupe \u00e0 Arles peut para\u00eetre une offre appropri\u00e9e pour toute personne qui le souhaite. O\u00f9 que vous soyez \u00e0 Arles, vous pourrez jouir totalement d\u2019une appr\u00e9ciable location de vtt en toute qui\u00e9tude. Les clients de tous horizons appr\u00e9cieront notre location de vtt sur Arles, en groupe qui leur conviendra tr\u00e8s certainement.<\/p>","protected":false},"excerpt":{"rendered":"<p>Votre location de vtt, en groupe sur Arles historique avec Taco and co Les beaux endroits ne manquent pas, ainsi, notre location de vtt en groupe sur Arles historique vous apportera la facult\u00e9 de profiter pleinement des thermes de constantin, du village de salins o\u00f9 bien de l&rsquo;\u00e9glise saint honorat. De fa\u00e7on \u00e0 vous assister [&hellip;]<\/p>","protected":false},"author":1,"featured_media":0,"comment_status":"open","ping_status":"open","sticky":false,"template":"","format":"standard","meta":{"footnotes":""},"categories":[55],"tags":[],"aioseo_notices":[],"yoast_head":"<!-- This site is optimized with the Yoast SEO plugin v22.3 - https:\/\/yoast.com\/wordpress\/plugins\/seo\/ -->\n<title>Bon plan en groupe Arles historique : la location de vtt - Visiter Arles<\/title>\n<meta name=\"robots\" content=\"index, follow, max-snippet:-1, max-image-preview:large, max-video-preview:-1\" \/>\n<link rel=\"canonical\" href=\"https:\/\/www.visiterarles.com\/en\/blog\/2015\/05\/26\/bon-plan-en-groupe-arles-historique-la-location-de-vtt-28\/\" \/>\n<meta name=\"twitter:label1\" content=\"Written by\" \/>\n\t<meta name=\"twitter:data1\" content=\"Linkadm\" \/>\n\t<meta name=\"twitter:label2\" content=\"Estimated reading time\" \/>\n\t<meta name=\"twitter:data2\" content=\"1 minute\" \/>\n<script type=\"application\/ld+json\" class=\"yoast-schema-graph\">{\"@context\":\"https:\/\/schema.org\",\"@graph\":[{\"@type\":\"Article\",\"@id\":\"https:\/\/www.visiterarles.com\/blog\/2015\/05\/26\/bon-plan-en-groupe-arles-historique-la-location-de-vtt-28\/#article\",\"isPartOf\":{\"@id\":\"https:\/\/www.visiterarles.com\/blog\/2015\/05\/26\/bon-plan-en-groupe-arles-historique-la-location-de-vtt-28\/\"},\"author\":{\"name\":\"Linkadm\",\"@id\":\"https:\/\/www.visiterarles.com\/en\/#\/schema\/person\/ba5912e4613018f479a2d86815a53576\"},\"headline\":\"Bon plan en groupe Arles historique : la location de vtt\",\"datePublished\":\"2015-05-26T17:26:00+00:00\",\"dateModified\":\"2015-05-26T17:26:00+00:00\",\"mainEntityOfPage\":{\"@id\":\"https:\/\/www.visiterarles.com\/blog\/2015\/05\/26\/bon-plan-en-groupe-arles-historique-la-location-de-vtt-28\/\"},\"wordCount\":182,\"commentCount\":0,\"publisher\":{\"@id\":\"https:\/\/www.visiterarles.com\/en\/#organization\"},\"articleSection\":[\"Informations\"],\"inLanguage\":\"en-GB\",\"potentialAction\":[{\"@type\":\"CommentAction\",\"name\":\"Comment\",\"target\":[\"https:\/\/www.visiterarles.com\/blog\/2015\/05\/26\/bon-plan-en-groupe-arles-historique-la-location-de-vtt-28\/#respond\"]}]},{\"@type\":\"WebPage\",\"@id\":\"https:\/\/www.visiterarles.com\/blog\/2015\/05\/26\/bon-plan-en-groupe-arles-historique-la-location-de-vtt-28\/\",\"url\":\"https:\/\/www.visiterarles.com\/blog\/2015\/05\/26\/bon-plan-en-groupe-arles-historique-la-location-de-vtt-28\/\",\"name\":\"Bon plan en groupe Arles historique : la location de vtt - Visiter Arles\",\"isPartOf\":{\"@id\":\"https:\/\/www.visiterarles.com\/en\/#website\"},\"datePublished\":\"2015-05-26T17:26:00+00:00\",\"dateModified\":\"2015-05-26T17:26:00+00:00\",\"breadcrumb\":{\"@id\":\"https:\/\/www.visiterarles.com\/blog\/2015\/05\/26\/bon-plan-en-groupe-arles-historique-la-location-de-vtt-28\/#breadcrumb\"},\"inLanguage\":\"en-GB\",\"potentialAction\":[{\"@type\":\"ReadAction\",\"target\":[\"https:\/\/www.visiterarles.com\/blog\/2015\/05\/26\/bon-plan-en-groupe-arles-historique-la-location-de-vtt-28\/\"]}]},{\"@type\":\"BreadcrumbList\",\"@id\":\"https:\/\/www.visiterarles.com\/blog\/2015\/05\/26\/bon-plan-en-groupe-arles-historique-la-location-de-vtt-28\/#breadcrumb\",\"itemListElement\":[{\"@type\":\"ListItem\",\"position\":1,\"name\":\"Home\",\"item\":\"https:\/\/www.visiterarles.com\/\"},{\"@type\":\"ListItem\",\"position\":2,\"name\":\"Bon plan en groupe Arles historique : la location de vtt\"}]},{\"@type\":\"WebSite\",\"@id\":\"https:\/\/www.visiterarles.com\/en\/#website\",\"url\":\"https:\/\/www.visiterarles.com\/en\/\",\"name\":\"Visiter Arles\",\"description\":\"Tourisme en Provence \u00e0 Arles\",\"publisher\":{\"@id\":\"https:\/\/www.visiterarles.com\/en\/#organization\"},\"potentialAction\":[{\"@type\":\"SearchAction\",\"target\":{\"@type\":\"EntryPoint\",\"urlTemplate\":\"https:\/\/www.visiterarles.com\/en\/?s={search_term_string}\"},\"query-input\":\"required name=search_term_string\"}],\"inLanguage\":\"en-GB\"},{\"@type\":\"Organization\",\"@id\":\"https:\/\/www.visiterarles.com\/en\/#organization\",\"name\":\"Visiter Arles\",\"url\":\"https:\/\/www.visiterarles.com\/en\/\",\"logo\":{\"@type\":\"ImageObject\",\"inLanguage\":\"en-GB\",\"@id\":\"https:\/\/www.visiterarles.com\/en\/#\/schema\/logo\/image\/\",\"url\":\"https:\/\/www.visiterarles.com\/wp-content\/uploads\/2017\/10\/taco-and-co-1-1.jpg\",\"contentUrl\":\"https:\/\/www.visiterarles.com\/wp-content\/uploads\/2017\/10\/taco-and-co-1-1.jpg\",\"width\":124,\"height\":73,\"caption\":\"Visiter Arles\"},\"image\":{\"@id\":\"https:\/\/www.visiterarles.com\/en\/#\/schema\/logo\/image\/\"}},{\"@type\":\"Person\",\"@id\":\"https:\/\/www.visiterarles.com\/en\/#\/schema\/person\/ba5912e4613018f479a2d86815a53576\",\"name\":\"Linkadm\",\"image\":{\"@type\":\"ImageObject\",\"inLanguage\":\"en-GB\",\"@id\":\"https:\/\/www.visiterarles.com\/en\/#\/schema\/person\/image\/\",\"url\":\"https:\/\/secure.gravatar.com\/avatar\/4709ec209921503e8d8cc96168eddc49?s=96&d=mm&r=g\",\"contentUrl\":\"https:\/\/secure.gravatar.com\/avatar\/4709ec209921503e8d8cc96168eddc49?s=96&d=mm&r=g\",\"caption\":\"Linkadm\"},\"url\":\"https:\/\/www.visiterarles.com\/en\/blog\/author\/admin\/\"}]}<\/script>\n<!-- \/ Yoast SEO plugin. -->","yoast_head_json":{"title":"Bon plan en groupe Arles historique : la location de vtt - Visiter Arles","robots":{"index":"index","follow":"follow","max-snippet":"max-snippet:-1","max-image-preview":"max-image-preview:large","max-video-preview":"max-video-preview:-1"},"canonical":"https:\/\/www.visiterarles.com\/en\/blog\/2015\/05\/26\/bon-plan-en-groupe-arles-historique-la-location-de-vtt-28\/","twitter_misc":{"Written by":"Linkadm","Estimated reading time":"1 minute"},"schema":{"@context":"https:\/\/schema.org","@graph":[{"@type":"Article","@id":"https:\/\/www.visiterarles.com\/blog\/2015\/05\/26\/bon-plan-en-groupe-arles-historique-la-location-de-vtt-28\/#article","isPartOf":{"@id":"https:\/\/www.visiterarles.com\/blog\/2015\/05\/26\/bon-plan-en-groupe-arles-historique-la-location-de-vtt-28\/"},"author":{"name":"Linkadm","@id":"https:\/\/www.visiterarles.com\/en\/#\/schema\/person\/ba5912e4613018f479a2d86815a53576"},"headline":"Bon plan en groupe Arles historique : la location de vtt","datePublished":"2015-05-26T17:26:00+00:00","dateModified":"2015-05-26T17:26:00+00:00","mainEntityOfPage":{"@id":"https:\/\/www.visiterarles.com\/blog\/2015\/05\/26\/bon-plan-en-groupe-arles-historique-la-location-de-vtt-28\/"},"wordCount":182,"commentCount":0,"publisher":{"@id":"https:\/\/www.visiterarles.com\/en\/#organization"},"articleSection":["Informations"],"inLanguage":"en-GB","potentialAction":[{"@type":"CommentAction","name":"Comment","target":["https:\/\/www.visiterarles.com\/blog\/2015\/05\/26\/bon-plan-en-groupe-arles-historique-la-location-de-vtt-28\/#respond"]}]},{"@type":"WebPage","@id":"https:\/\/www.visiterarles.com\/blog\/2015\/05\/26\/bon-plan-en-groupe-arles-historique-la-location-de-vtt-28\/","url":"https:\/\/www.visiterarles.com\/blog\/2015\/05\/26\/bon-plan-en-groupe-arles-historique-la-location-de-vtt-28\/","name":"Bon plan en groupe Arles historique : la location de vtt - Visiter Arles","isPartOf":{"@id":"https:\/\/www.visiterarles.com\/en\/#website"},"datePublished":"2015-05-26T17:26:00+00:00","dateModified":"2015-05-26T17:26:00+00:00","breadcrumb":{"@id":"https:\/\/www.visiterarles.com\/blog\/2015\/05\/26\/bon-plan-en-groupe-arles-historique-la-location-de-vtt-28\/#breadcrumb"},"inLanguage":"en-GB","potentialAction":[{"@type":"ReadAction","target":["https:\/\/www.visiterarles.com\/blog\/2015\/05\/26\/bon-plan-en-groupe-arles-historique-la-location-de-vtt-28\/"]}]},{"@type":"BreadcrumbList","@id":"https:\/\/www.visiterarles.com\/blog\/2015\/05\/26\/bon-plan-en-groupe-arles-historique-la-location-de-vtt-28\/#breadcrumb","itemListElement":[{"@type":"ListItem","position":1,"name":"Home","item":"https:\/\/www.visiterarles.com\/"},{"@type":"ListItem","position":2,"name":"Bon plan en groupe Arles historique : la location de vtt"}]},{"@type":"WebSite","@id":"https:\/\/www.visiterarles.com\/en\/#website","url":"https:\/\/www.visiterarles.com\/en\/","name":"Visiter Arles","description":"Tourisme en Provence \u00e0 Arles","publisher":{"@id":"https:\/\/www.visiterarles.com\/en\/#organization"},"potentialAction":[{"@type":"SearchAction","target":{"@type":"EntryPoint","urlTemplate":"https:\/\/www.visiterarles.com\/en\/?s={search_term_string}"},"query-input":"required name=search_term_string"}],"inLanguage":"en-GB"},{"@type":"Organization","@id":"https:\/\/www.visiterarles.com\/en\/#organization","name":"Visiter Arles","url":"https:\/\/www.visiterarles.com\/en\/","logo":{"@type":"ImageObject","inLanguage":"en-GB","@id":"https:\/\/www.visiterarles.com\/en\/#\/schema\/logo\/image\/","url":"https:\/\/www.visiterarles.com\/wp-content\/uploads\/2017\/10\/taco-and-co-1-1.jpg","contentUrl":"https:\/\/www.visiterarles.com\/wp-content\/uploads\/2017\/10\/taco-and-co-1-1.jpg","width":124,"height":73,"caption":"Visiter Arles"},"image":{"@id":"https:\/\/www.visiterarles.com\/en\/#\/schema\/logo\/image\/"}},{"@type":"Person","@id":"https:\/\/www.visiterarles.com\/en\/#\/schema\/person\/ba5912e4613018f479a2d86815a53576","name":"Linkadm","image":{"@type":"ImageObject","inLanguage":"en-GB","@id":"https:\/\/www.visiterarles.com\/en\/#\/schema\/person\/image\/","url":"https:\/\/secure.gravatar.com\/avatar\/4709ec209921503e8d8cc96168eddc49?s=96&d=mm&r=g","contentUrl":"https:\/\/secure.gravatar.com\/avatar\/4709ec209921503e8d8cc96168eddc49?s=96&d=mm&r=g","caption":"Linkadm"},"url":"https:\/\/www.visiterarles.com\/en\/blog\/author\/admin\/"}]}},"_links":{"self":[{"href":"https:\/\/www.visiterarles.com\/en\/wp-json\/wp\/v2\/posts\/28553"}],"collection":[{"href":"https:\/\/www.visiterarles.com\/en\/wp-json\/wp\/v2\/posts"}],"about":[{"href":"https:\/\/www.visiterarles.com\/en\/wp-json\/wp\/v2\/types\/post"}],"author":[{"embeddable":true,"href":"https:\/\/www.visiterarles.com\/en\/wp-json\/wp\/v2\/users\/1"}],"replies":[{"embeddable":true,"href":"https:\/\/www.visiterarles.com\/en\/wp-json\/wp\/v2\/comments?post=28553"}],"version-history":[{"count":0,"href":"https:\/\/www.visiterarles.com\/en\/wp-json\/wp\/v2\/posts\/28553\/revisions"}],"wp:attachment":[{"href":"https:\/\/www.visiterarles.com\/en\/wp-json\/wp\/v2\/media?parent=28553"}],"wp:term":[{"taxonomy":"category","embeddable":true,"href":"https:\/\/www.visiterarles.com\/en\/wp-json\/wp\/v2\/categories?post=28553"},{"taxonomy":"post_tag","embeddable":true,"href":"https:\/\/www.visiterarles.com\/en\/wp-json\/wp\/v2\/tags?post=28553"}],"curies":[{"name":"wp","href":"https:\/\/api.w.org\/{rel}","templated":true}]}}