{"id":28555,"date":"2015-05-27T18:36:00","date_gmt":"2015-05-27T18:36:00","guid":{"rendered":"http:\/\/www.visiterarles.com\/bon-plan-en-groupe-arles-quartier-des-musees-la-location-de-vtt-403\/"},"modified":"2015-05-27T18:36:00","modified_gmt":"2015-05-27T18:36:00","slug":"bon-plan-en-groupe-arles-quartier-des-musees-la-location-de-vtt-403","status":"publish","type":"post","link":"https:\/\/www.visiterarles.com\/en\/blog\/2015\/05\/27\/bon-plan-en-groupe-arles-quartier-des-musees-la-location-de-vtt-403\/","title":{"rendered":"Bon plan en groupe Arles quartier des mus\u00e9es : la location de vtt"},"content":{"rendered":"<h4>O\u00f9 trouver une location de vtt en groupe \u00e0 Arles quartier des mus\u00e9es<\/h4>\n<p>Les lieux prestigieux sont pl\u00e9thoriques, ainsi, notre location de vtt en groupe sur Arles quartier des mus\u00e9es vous permettra de profiter pleinement des anciens ateliers sncf, du village de salins o\u00f9 alors du march\u00e9 de provence. Pour vous \u00e9pauler pour profiter pleinement du meilleur de la culture, avec l&rsquo;impression d\u2019agir de fa\u00e7on \u00e9co-responsable, notre location de vtt en groupe sur Arles quartier des mus\u00e9es vous aidera \u00e0 jouir du moment pr\u00e9sent.<\/p>\n<h4>En groupe sur Arles : pourquoi s\u00e9lectionner notre location de vtt<\/h4>\n<p>D\u00e9couvrir le tr\u00e8s beau capital de la commune par l&rsquo;interm\u00e9diaire de notre location de vtt en groupe \u00e0 Arles peut \u00eatre une solution adapt\u00e9e pour qui le souhaite. En arrivant \u00e0 Arles, vous pourrez solliciter notre location de vtt dans la gare sncf. Les consommateurs en tout genre aimeront notre <a href=\"http:\/\/www.visiterarles.com\/en\/arles-location-de-vtt-en-groupe-919\/\">location de vtt sur Arles<\/a>, en groupe qui leur conviendra sans aucun doute.<\/p>","protected":false},"excerpt":{"rendered":"<p>O\u00f9 trouver une location de vtt en groupe \u00e0 Arles quartier des mus\u00e9es Les lieux prestigieux sont pl\u00e9thoriques, ainsi, notre location de vtt en groupe sur Arles quartier des mus\u00e9es vous permettra de profiter pleinement des anciens ateliers sncf, du village de salins o\u00f9 alors du march\u00e9 de provence. Pour vous \u00e9pauler pour profiter pleinement [&hellip;]<\/p>","protected":false},"author":1,"featured_media":0,"comment_status":"open","ping_status":"open","sticky":false,"template":"","format":"standard","meta":{"footnotes":""},"categories":[55],"tags":[],"aioseo_notices":[],"yoast_head":"<!-- This site is optimized with the Yoast SEO plugin v22.3 - https:\/\/yoast.com\/wordpress\/plugins\/seo\/ -->\n<title>Bon plan en groupe Arles quartier des mus\u00e9es : la location de vtt - Visiter Arles<\/title>\n<meta name=\"robots\" content=\"index, follow, max-snippet:-1, max-image-preview:large, max-video-preview:-1\" \/>\n<link rel=\"canonical\" href=\"https:\/\/www.visiterarles.com\/en\/blog\/2015\/05\/27\/bon-plan-en-groupe-arles-quartier-des-musees-la-location-de-vtt-403\/\" \/>\n<meta name=\"twitter:label1\" content=\"Written by\" \/>\n\t<meta name=\"twitter:data1\" content=\"Linkadm\" \/>\n\t<meta name=\"twitter:label2\" content=\"Estimated reading time\" \/>\n\t<meta name=\"twitter:data2\" content=\"1 minute\" \/>\n<script type=\"application\/ld+json\" class=\"yoast-schema-graph\">{\"@context\":\"https:\/\/schema.org\",\"@graph\":[{\"@type\":\"Article\",\"@id\":\"https:\/\/www.visiterarles.com\/blog\/2015\/05\/27\/bon-plan-en-groupe-arles-quartier-des-musees-la-location-de-vtt-403\/#article\",\"isPartOf\":{\"@id\":\"https:\/\/www.visiterarles.com\/blog\/2015\/05\/27\/bon-plan-en-groupe-arles-quartier-des-musees-la-location-de-vtt-403\/\"},\"author\":{\"name\":\"Linkadm\",\"@id\":\"https:\/\/www.visiterarles.com\/en\/#\/schema\/person\/ba5912e4613018f479a2d86815a53576\"},\"headline\":\"Bon plan en groupe Arles quartier des mus\u00e9es : la location de vtt\",\"datePublished\":\"2015-05-27T18:36:00+00:00\",\"dateModified\":\"2015-05-27T18:36:00+00:00\",\"mainEntityOfPage\":{\"@id\":\"https:\/\/www.visiterarles.com\/blog\/2015\/05\/27\/bon-plan-en-groupe-arles-quartier-des-musees-la-location-de-vtt-403\/\"},\"wordCount\":180,\"commentCount\":0,\"publisher\":{\"@id\":\"https:\/\/www.visiterarles.com\/en\/#organization\"},\"articleSection\":[\"Informations\"],\"inLanguage\":\"en-GB\",\"potentialAction\":[{\"@type\":\"CommentAction\",\"name\":\"Comment\",\"target\":[\"https:\/\/www.visiterarles.com\/blog\/2015\/05\/27\/bon-plan-en-groupe-arles-quartier-des-musees-la-location-de-vtt-403\/#respond\"]}]},{\"@type\":\"WebPage\",\"@id\":\"https:\/\/www.visiterarles.com\/blog\/2015\/05\/27\/bon-plan-en-groupe-arles-quartier-des-musees-la-location-de-vtt-403\/\",\"url\":\"https:\/\/www.visiterarles.com\/blog\/2015\/05\/27\/bon-plan-en-groupe-arles-quartier-des-musees-la-location-de-vtt-403\/\",\"name\":\"Bon plan en groupe Arles quartier des mus\u00e9es : la location de vtt - Visiter Arles\",\"isPartOf\":{\"@id\":\"https:\/\/www.visiterarles.com\/en\/#website\"},\"datePublished\":\"2015-05-27T18:36:00+00:00\",\"dateModified\":\"2015-05-27T18:36:00+00:00\",\"breadcrumb\":{\"@id\":\"https:\/\/www.visiterarles.com\/blog\/2015\/05\/27\/bon-plan-en-groupe-arles-quartier-des-musees-la-location-de-vtt-403\/#breadcrumb\"},\"inLanguage\":\"en-GB\",\"potentialAction\":[{\"@type\":\"ReadAction\",\"target\":[\"https:\/\/www.visiterarles.com\/blog\/2015\/05\/27\/bon-plan-en-groupe-arles-quartier-des-musees-la-location-de-vtt-403\/\"]}]},{\"@type\":\"BreadcrumbList\",\"@id\":\"https:\/\/www.visiterarles.com\/blog\/2015\/05\/27\/bon-plan-en-groupe-arles-quartier-des-musees-la-location-de-vtt-403\/#breadcrumb\",\"itemListElement\":[{\"@type\":\"ListItem\",\"position\":1,\"name\":\"Home\",\"item\":\"https:\/\/www.visiterarles.com\/\"},{\"@type\":\"ListItem\",\"position\":2,\"name\":\"Bon plan en groupe Arles quartier des mus\u00e9es : la location de vtt\"}]},{\"@type\":\"WebSite\",\"@id\":\"https:\/\/www.visiterarles.com\/en\/#website\",\"url\":\"https:\/\/www.visiterarles.com\/en\/\",\"name\":\"Visiter Arles\",\"description\":\"Tourisme en Provence \u00e0 Arles\",\"publisher\":{\"@id\":\"https:\/\/www.visiterarles.com\/en\/#organization\"},\"potentialAction\":[{\"@type\":\"SearchAction\",\"target\":{\"@type\":\"EntryPoint\",\"urlTemplate\":\"https:\/\/www.visiterarles.com\/en\/?s={search_term_string}\"},\"query-input\":\"required name=search_term_string\"}],\"inLanguage\":\"en-GB\"},{\"@type\":\"Organization\",\"@id\":\"https:\/\/www.visiterarles.com\/en\/#organization\",\"name\":\"Visiter Arles\",\"url\":\"https:\/\/www.visiterarles.com\/en\/\",\"logo\":{\"@type\":\"ImageObject\",\"inLanguage\":\"en-GB\",\"@id\":\"https:\/\/www.visiterarles.com\/en\/#\/schema\/logo\/image\/\",\"url\":\"https:\/\/www.visiterarles.com\/wp-content\/uploads\/2017\/10\/taco-and-co-1-1.jpg\",\"contentUrl\":\"https:\/\/www.visiterarles.com\/wp-content\/uploads\/2017\/10\/taco-and-co-1-1.jpg\",\"width\":124,\"height\":73,\"caption\":\"Visiter Arles\"},\"image\":{\"@id\":\"https:\/\/www.visiterarles.com\/en\/#\/schema\/logo\/image\/\"}},{\"@type\":\"Person\",\"@id\":\"https:\/\/www.visiterarles.com\/en\/#\/schema\/person\/ba5912e4613018f479a2d86815a53576\",\"name\":\"Linkadm\",\"image\":{\"@type\":\"ImageObject\",\"inLanguage\":\"en-GB\",\"@id\":\"https:\/\/www.visiterarles.com\/en\/#\/schema\/person\/image\/\",\"url\":\"https:\/\/secure.gravatar.com\/avatar\/4709ec209921503e8d8cc96168eddc49?s=96&d=mm&r=g\",\"contentUrl\":\"https:\/\/secure.gravatar.com\/avatar\/4709ec209921503e8d8cc96168eddc49?s=96&d=mm&r=g\",\"caption\":\"Linkadm\"},\"url\":\"https:\/\/www.visiterarles.com\/en\/blog\/author\/admin\/\"}]}<\/script>\n<!-- \/ Yoast SEO plugin. -->","yoast_head_json":{"title":"Bon plan en groupe Arles quartier des mus\u00e9es : la location de vtt - Visiter Arles","robots":{"index":"index","follow":"follow","max-snippet":"max-snippet:-1","max-image-preview":"max-image-preview:large","max-video-preview":"max-video-preview:-1"},"canonical":"https:\/\/www.visiterarles.com\/en\/blog\/2015\/05\/27\/bon-plan-en-groupe-arles-quartier-des-musees-la-location-de-vtt-403\/","twitter_misc":{"Written by":"Linkadm","Estimated reading time":"1 minute"},"schema":{"@context":"https:\/\/schema.org","@graph":[{"@type":"Article","@id":"https:\/\/www.visiterarles.com\/blog\/2015\/05\/27\/bon-plan-en-groupe-arles-quartier-des-musees-la-location-de-vtt-403\/#article","isPartOf":{"@id":"https:\/\/www.visiterarles.com\/blog\/2015\/05\/27\/bon-plan-en-groupe-arles-quartier-des-musees-la-location-de-vtt-403\/"},"author":{"name":"Linkadm","@id":"https:\/\/www.visiterarles.com\/en\/#\/schema\/person\/ba5912e4613018f479a2d86815a53576"},"headline":"Bon plan en groupe Arles quartier des mus\u00e9es : la location de vtt","datePublished":"2015-05-27T18:36:00+00:00","dateModified":"2015-05-27T18:36:00+00:00","mainEntityOfPage":{"@id":"https:\/\/www.visiterarles.com\/blog\/2015\/05\/27\/bon-plan-en-groupe-arles-quartier-des-musees-la-location-de-vtt-403\/"},"wordCount":180,"commentCount":0,"publisher":{"@id":"https:\/\/www.visiterarles.com\/en\/#organization"},"articleSection":["Informations"],"inLanguage":"en-GB","potentialAction":[{"@type":"CommentAction","name":"Comment","target":["https:\/\/www.visiterarles.com\/blog\/2015\/05\/27\/bon-plan-en-groupe-arles-quartier-des-musees-la-location-de-vtt-403\/#respond"]}]},{"@type":"WebPage","@id":"https:\/\/www.visiterarles.com\/blog\/2015\/05\/27\/bon-plan-en-groupe-arles-quartier-des-musees-la-location-de-vtt-403\/","url":"https:\/\/www.visiterarles.com\/blog\/2015\/05\/27\/bon-plan-en-groupe-arles-quartier-des-musees-la-location-de-vtt-403\/","name":"Bon plan en groupe Arles quartier des mus\u00e9es : la location de vtt - Visiter Arles","isPartOf":{"@id":"https:\/\/www.visiterarles.com\/en\/#website"},"datePublished":"2015-05-27T18:36:00+00:00","dateModified":"2015-05-27T18:36:00+00:00","breadcrumb":{"@id":"https:\/\/www.visiterarles.com\/blog\/2015\/05\/27\/bon-plan-en-groupe-arles-quartier-des-musees-la-location-de-vtt-403\/#breadcrumb"},"inLanguage":"en-GB","potentialAction":[{"@type":"ReadAction","target":["https:\/\/www.visiterarles.com\/blog\/2015\/05\/27\/bon-plan-en-groupe-arles-quartier-des-musees-la-location-de-vtt-403\/"]}]},{"@type":"BreadcrumbList","@id":"https:\/\/www.visiterarles.com\/blog\/2015\/05\/27\/bon-plan-en-groupe-arles-quartier-des-musees-la-location-de-vtt-403\/#breadcrumb","itemListElement":[{"@type":"ListItem","position":1,"name":"Home","item":"https:\/\/www.visiterarles.com\/"},{"@type":"ListItem","position":2,"name":"Bon plan en groupe Arles quartier des mus\u00e9es : la location de vtt"}]},{"@type":"WebSite","@id":"https:\/\/www.visiterarles.com\/en\/#website","url":"https:\/\/www.visiterarles.com\/en\/","name":"Visiter Arles","description":"Tourisme en Provence \u00e0 Arles","publisher":{"@id":"https:\/\/www.visiterarles.com\/en\/#organization"},"potentialAction":[{"@type":"SearchAction","target":{"@type":"EntryPoint","urlTemplate":"https:\/\/www.visiterarles.com\/en\/?s={search_term_string}"},"query-input":"required name=search_term_string"}],"inLanguage":"en-GB"},{"@type":"Organization","@id":"https:\/\/www.visiterarles.com\/en\/#organization","name":"Visiter Arles","url":"https:\/\/www.visiterarles.com\/en\/","logo":{"@type":"ImageObject","inLanguage":"en-GB","@id":"https:\/\/www.visiterarles.com\/en\/#\/schema\/logo\/image\/","url":"https:\/\/www.visiterarles.com\/wp-content\/uploads\/2017\/10\/taco-and-co-1-1.jpg","contentUrl":"https:\/\/www.visiterarles.com\/wp-content\/uploads\/2017\/10\/taco-and-co-1-1.jpg","width":124,"height":73,"caption":"Visiter Arles"},"image":{"@id":"https:\/\/www.visiterarles.com\/en\/#\/schema\/logo\/image\/"}},{"@type":"Person","@id":"https:\/\/www.visiterarles.com\/en\/#\/schema\/person\/ba5912e4613018f479a2d86815a53576","name":"Linkadm","image":{"@type":"ImageObject","inLanguage":"en-GB","@id":"https:\/\/www.visiterarles.com\/en\/#\/schema\/person\/image\/","url":"https:\/\/secure.gravatar.com\/avatar\/4709ec209921503e8d8cc96168eddc49?s=96&d=mm&r=g","contentUrl":"https:\/\/secure.gravatar.com\/avatar\/4709ec209921503e8d8cc96168eddc49?s=96&d=mm&r=g","caption":"Linkadm"},"url":"https:\/\/www.visiterarles.com\/en\/blog\/author\/admin\/"}]}},"_links":{"self":[{"href":"https:\/\/www.visiterarles.com\/en\/wp-json\/wp\/v2\/posts\/28555"}],"collection":[{"href":"https:\/\/www.visiterarles.com\/en\/wp-json\/wp\/v2\/posts"}],"about":[{"href":"https:\/\/www.visiterarles.com\/en\/wp-json\/wp\/v2\/types\/post"}],"author":[{"embeddable":true,"href":"https:\/\/www.visiterarles.com\/en\/wp-json\/wp\/v2\/users\/1"}],"replies":[{"embeddable":true,"href":"https:\/\/www.visiterarles.com\/en\/wp-json\/wp\/v2\/comments?post=28555"}],"version-history":[{"count":0,"href":"https:\/\/www.visiterarles.com\/en\/wp-json\/wp\/v2\/posts\/28555\/revisions"}],"wp:attachment":[{"href":"https:\/\/www.visiterarles.com\/en\/wp-json\/wp\/v2\/media?parent=28555"}],"wp:term":[{"taxonomy":"category","embeddable":true,"href":"https:\/\/www.visiterarles.com\/en\/wp-json\/wp\/v2\/categories?post=28555"},{"taxonomy":"post_tag","embeddable":true,"href":"https:\/\/www.visiterarles.com\/en\/wp-json\/wp\/v2\/tags?post=28555"}],"curies":[{"name":"wp","href":"https:\/\/api.w.org\/{rel}","templated":true}]}}