{"id":28559,"date":"2015-05-28T15:19:00","date_gmt":"2015-05-28T15:19:00","guid":{"rendered":"http:\/\/www.visiterarles.com\/arles-hauture-choisir-votre-location-de-vtt-en-groupe-avec-velo-taco-285\/"},"modified":"2015-05-28T15:19:00","modified_gmt":"2015-05-28T15:19:00","slug":"arles-hauture-choisir-votre-location-de-vtt-en-groupe-avec-velo-taco-285","status":"publish","type":"post","link":"https:\/\/www.visiterarles.com\/en\/blog\/2015\/05\/28\/arles-hauture-choisir-votre-location-de-vtt-en-groupe-avec-velo-taco-285\/","title":{"rendered":"Arles hauture : choisir votre location de vtt en groupe avec V\u00e9lo Taco"},"content":{"rendered":"<h4>Location de vtt en groupe dans Arles hauture : o\u00f9 d\u00e9goter un contact s\u00e9rieux<\/h4>\n<p>Les thermes de constantin, l&rsquo;ecomus\u00e9e du sel o\u00f9 bien l&rsquo;\u00e9glise saint honorat, via notre location de vtt en groupe \u00e0 Arles hauture, sont des hauts lieux que vous ne sauriez manquer au sein de cette commune magnifique. Une <a href=\"http:\/\/www.visiterarles.com\/en\/arles-location-de-vtt-en-groupe-919\/\">location de vtt en groupe \u00e0 Arles<\/a> hauture, pour ne prendre que cet exemple, vous aidera \u00e0 pleinement profiter du moment pr\u00e9sent au sein de cette commune magnifique, \u00e0 chaque fois avec la sensation d\u2019agir d&rsquo;une fa\u00e7on \u00e9co-responsable, tout en offrant une vie culturelle des plus riches.<\/p>\n<h4>Une solution \u00e9co-citoyenne : location de vtt en groupe au sein d&rsquo;Arles<\/h4>\n<p>Faire l&rsquo;inspection du ravissant capital de la commune par l&rsquo;interm\u00e9diaire de la location de vtt en groupe sur Arles peut s&rsquo;av\u00e9rer \u00eatre une offre adapt\u00e9e pour toute personne qui le d\u00e9sire. Dans cette structure, en arrivant \u00e0 Arles, vous aurez la possibilit\u00e9 de demander notre location de vtt. Pour les f\u00e9rus de tourisme, notre location de vtt sur Arles, en groupe conviendra aux exigences de tous, c\u2019est s\u00fbr.<\/p>","protected":false},"excerpt":{"rendered":"<p>Location de vtt en groupe dans Arles hauture : o\u00f9 d\u00e9goter un contact s\u00e9rieux Les thermes de constantin, l&rsquo;ecomus\u00e9e du sel o\u00f9 bien l&rsquo;\u00e9glise saint honorat, via notre location de vtt en groupe \u00e0 Arles hauture, sont des hauts lieux que vous ne sauriez manquer au sein de cette commune magnifique. Une location de vtt [&hellip;]<\/p>","protected":false},"author":1,"featured_media":0,"comment_status":"open","ping_status":"open","sticky":false,"template":"","format":"standard","meta":{"footnotes":""},"categories":[55],"tags":[],"aioseo_notices":[],"yoast_head":"<!-- This site is optimized with the Yoast SEO plugin v22.3 - https:\/\/yoast.com\/wordpress\/plugins\/seo\/ -->\n<title>Arles hauture : choisir votre location de vtt en groupe avec V\u00e9lo Taco - Visiter Arles<\/title>\n<meta name=\"robots\" content=\"index, follow, max-snippet:-1, max-image-preview:large, max-video-preview:-1\" \/>\n<link rel=\"canonical\" href=\"https:\/\/www.visiterarles.com\/en\/blog\/2015\/05\/28\/arles-hauture-choisir-votre-location-de-vtt-en-groupe-avec-velo-taco-285\/\" \/>\n<meta name=\"twitter:label1\" content=\"Written by\" \/>\n\t<meta name=\"twitter:data1\" content=\"Linkadm\" \/>\n\t<meta name=\"twitter:label2\" content=\"Estimated reading time\" \/>\n\t<meta name=\"twitter:data2\" content=\"1 minute\" \/>\n<script type=\"application\/ld+json\" class=\"yoast-schema-graph\">{\"@context\":\"https:\/\/schema.org\",\"@graph\":[{\"@type\":\"Article\",\"@id\":\"https:\/\/www.visiterarles.com\/en\/blog\/2015\/05\/28\/arles-hauture-choisir-votre-location-de-vtt-en-groupe-avec-velo-taco-285\/#article\",\"isPartOf\":{\"@id\":\"https:\/\/www.visiterarles.com\/en\/blog\/2015\/05\/28\/arles-hauture-choisir-votre-location-de-vtt-en-groupe-avec-velo-taco-285\/\"},\"author\":{\"name\":\"Linkadm\",\"@id\":\"https:\/\/www.visiterarles.com\/en\/#\/schema\/person\/ba5912e4613018f479a2d86815a53576\"},\"headline\":\"Arles hauture : choisir votre location de vtt en groupe avec V\u00e9lo Taco\",\"datePublished\":\"2015-05-28T15:19:00+00:00\",\"dateModified\":\"2015-05-28T15:19:00+00:00\",\"mainEntityOfPage\":{\"@id\":\"https:\/\/www.visiterarles.com\/en\/blog\/2015\/05\/28\/arles-hauture-choisir-votre-location-de-vtt-en-groupe-avec-velo-taco-285\/\"},\"wordCount\":205,\"commentCount\":0,\"publisher\":{\"@id\":\"https:\/\/www.visiterarles.com\/en\/#organization\"},\"articleSection\":[\"Informations\"],\"inLanguage\":\"en-GB\",\"potentialAction\":[{\"@type\":\"CommentAction\",\"name\":\"Comment\",\"target\":[\"https:\/\/www.visiterarles.com\/en\/blog\/2015\/05\/28\/arles-hauture-choisir-votre-location-de-vtt-en-groupe-avec-velo-taco-285\/#respond\"]}]},{\"@type\":\"WebPage\",\"@id\":\"https:\/\/www.visiterarles.com\/en\/blog\/2015\/05\/28\/arles-hauture-choisir-votre-location-de-vtt-en-groupe-avec-velo-taco-285\/\",\"url\":\"https:\/\/www.visiterarles.com\/en\/blog\/2015\/05\/28\/arles-hauture-choisir-votre-location-de-vtt-en-groupe-avec-velo-taco-285\/\",\"name\":\"Arles hauture : choisir votre location de vtt en groupe avec V\u00e9lo Taco - Visiter Arles\",\"isPartOf\":{\"@id\":\"https:\/\/www.visiterarles.com\/en\/#website\"},\"datePublished\":\"2015-05-28T15:19:00+00:00\",\"dateModified\":\"2015-05-28T15:19:00+00:00\",\"breadcrumb\":{\"@id\":\"https:\/\/www.visiterarles.com\/en\/blog\/2015\/05\/28\/arles-hauture-choisir-votre-location-de-vtt-en-groupe-avec-velo-taco-285\/#breadcrumb\"},\"inLanguage\":\"en-GB\",\"potentialAction\":[{\"@type\":\"ReadAction\",\"target\":[\"https:\/\/www.visiterarles.com\/en\/blog\/2015\/05\/28\/arles-hauture-choisir-votre-location-de-vtt-en-groupe-avec-velo-taco-285\/\"]}]},{\"@type\":\"BreadcrumbList\",\"@id\":\"https:\/\/www.visiterarles.com\/en\/blog\/2015\/05\/28\/arles-hauture-choisir-votre-location-de-vtt-en-groupe-avec-velo-taco-285\/#breadcrumb\",\"itemListElement\":[{\"@type\":\"ListItem\",\"position\":1,\"name\":\"Home\",\"item\":\"https:\/\/www.visiterarles.com\/\"},{\"@type\":\"ListItem\",\"position\":2,\"name\":\"Arles hauture : choisir votre location de vtt en groupe avec V\u00e9lo Taco\"}]},{\"@type\":\"WebSite\",\"@id\":\"https:\/\/www.visiterarles.com\/en\/#website\",\"url\":\"https:\/\/www.visiterarles.com\/en\/\",\"name\":\"Visiter Arles\",\"description\":\"Tourisme en Provence \u00e0 Arles\",\"publisher\":{\"@id\":\"https:\/\/www.visiterarles.com\/en\/#organization\"},\"potentialAction\":[{\"@type\":\"SearchAction\",\"target\":{\"@type\":\"EntryPoint\",\"urlTemplate\":\"https:\/\/www.visiterarles.com\/en\/?s={search_term_string}\"},\"query-input\":\"required name=search_term_string\"}],\"inLanguage\":\"en-GB\"},{\"@type\":\"Organization\",\"@id\":\"https:\/\/www.visiterarles.com\/en\/#organization\",\"name\":\"Visiter Arles\",\"url\":\"https:\/\/www.visiterarles.com\/en\/\",\"logo\":{\"@type\":\"ImageObject\",\"inLanguage\":\"en-GB\",\"@id\":\"https:\/\/www.visiterarles.com\/en\/#\/schema\/logo\/image\/\",\"url\":\"https:\/\/www.visiterarles.com\/wp-content\/uploads\/2017\/10\/taco-and-co-1-1.jpg\",\"contentUrl\":\"https:\/\/www.visiterarles.com\/wp-content\/uploads\/2017\/10\/taco-and-co-1-1.jpg\",\"width\":124,\"height\":73,\"caption\":\"Visiter Arles\"},\"image\":{\"@id\":\"https:\/\/www.visiterarles.com\/en\/#\/schema\/logo\/image\/\"}},{\"@type\":\"Person\",\"@id\":\"https:\/\/www.visiterarles.com\/en\/#\/schema\/person\/ba5912e4613018f479a2d86815a53576\",\"name\":\"Linkadm\",\"image\":{\"@type\":\"ImageObject\",\"inLanguage\":\"en-GB\",\"@id\":\"https:\/\/www.visiterarles.com\/en\/#\/schema\/person\/image\/\",\"url\":\"https:\/\/secure.gravatar.com\/avatar\/4709ec209921503e8d8cc96168eddc49?s=96&d=mm&r=g\",\"contentUrl\":\"https:\/\/secure.gravatar.com\/avatar\/4709ec209921503e8d8cc96168eddc49?s=96&d=mm&r=g\",\"caption\":\"Linkadm\"},\"url\":\"https:\/\/www.visiterarles.com\/en\/blog\/author\/admin\/\"}]}<\/script>\n<!-- \/ Yoast SEO plugin. -->","yoast_head_json":{"title":"Arles hauture : choisir votre location de vtt en groupe avec V\u00e9lo Taco - Visiter Arles","robots":{"index":"index","follow":"follow","max-snippet":"max-snippet:-1","max-image-preview":"max-image-preview:large","max-video-preview":"max-video-preview:-1"},"canonical":"https:\/\/www.visiterarles.com\/en\/blog\/2015\/05\/28\/arles-hauture-choisir-votre-location-de-vtt-en-groupe-avec-velo-taco-285\/","twitter_misc":{"Written by":"Linkadm","Estimated reading time":"1 minute"},"schema":{"@context":"https:\/\/schema.org","@graph":[{"@type":"Article","@id":"https:\/\/www.visiterarles.com\/en\/blog\/2015\/05\/28\/arles-hauture-choisir-votre-location-de-vtt-en-groupe-avec-velo-taco-285\/#article","isPartOf":{"@id":"https:\/\/www.visiterarles.com\/en\/blog\/2015\/05\/28\/arles-hauture-choisir-votre-location-de-vtt-en-groupe-avec-velo-taco-285\/"},"author":{"name":"Linkadm","@id":"https:\/\/www.visiterarles.com\/en\/#\/schema\/person\/ba5912e4613018f479a2d86815a53576"},"headline":"Arles hauture : choisir votre location de vtt en groupe avec V\u00e9lo Taco","datePublished":"2015-05-28T15:19:00+00:00","dateModified":"2015-05-28T15:19:00+00:00","mainEntityOfPage":{"@id":"https:\/\/www.visiterarles.com\/en\/blog\/2015\/05\/28\/arles-hauture-choisir-votre-location-de-vtt-en-groupe-avec-velo-taco-285\/"},"wordCount":205,"commentCount":0,"publisher":{"@id":"https:\/\/www.visiterarles.com\/en\/#organization"},"articleSection":["Informations"],"inLanguage":"en-GB","potentialAction":[{"@type":"CommentAction","name":"Comment","target":["https:\/\/www.visiterarles.com\/en\/blog\/2015\/05\/28\/arles-hauture-choisir-votre-location-de-vtt-en-groupe-avec-velo-taco-285\/#respond"]}]},{"@type":"WebPage","@id":"https:\/\/www.visiterarles.com\/en\/blog\/2015\/05\/28\/arles-hauture-choisir-votre-location-de-vtt-en-groupe-avec-velo-taco-285\/","url":"https:\/\/www.visiterarles.com\/en\/blog\/2015\/05\/28\/arles-hauture-choisir-votre-location-de-vtt-en-groupe-avec-velo-taco-285\/","name":"Arles hauture : choisir votre location de vtt en groupe avec V\u00e9lo Taco - Visiter Arles","isPartOf":{"@id":"https:\/\/www.visiterarles.com\/en\/#website"},"datePublished":"2015-05-28T15:19:00+00:00","dateModified":"2015-05-28T15:19:00+00:00","breadcrumb":{"@id":"https:\/\/www.visiterarles.com\/en\/blog\/2015\/05\/28\/arles-hauture-choisir-votre-location-de-vtt-en-groupe-avec-velo-taco-285\/#breadcrumb"},"inLanguage":"en-GB","potentialAction":[{"@type":"ReadAction","target":["https:\/\/www.visiterarles.com\/en\/blog\/2015\/05\/28\/arles-hauture-choisir-votre-location-de-vtt-en-groupe-avec-velo-taco-285\/"]}]},{"@type":"BreadcrumbList","@id":"https:\/\/www.visiterarles.com\/en\/blog\/2015\/05\/28\/arles-hauture-choisir-votre-location-de-vtt-en-groupe-avec-velo-taco-285\/#breadcrumb","itemListElement":[{"@type":"ListItem","position":1,"name":"Home","item":"https:\/\/www.visiterarles.com\/"},{"@type":"ListItem","position":2,"name":"Arles hauture : choisir votre location de vtt en groupe avec V\u00e9lo Taco"}]},{"@type":"WebSite","@id":"https:\/\/www.visiterarles.com\/en\/#website","url":"https:\/\/www.visiterarles.com\/en\/","name":"Visiter Arles","description":"Tourisme en Provence \u00e0 Arles","publisher":{"@id":"https:\/\/www.visiterarles.com\/en\/#organization"},"potentialAction":[{"@type":"SearchAction","target":{"@type":"EntryPoint","urlTemplate":"https:\/\/www.visiterarles.com\/en\/?s={search_term_string}"},"query-input":"required name=search_term_string"}],"inLanguage":"en-GB"},{"@type":"Organization","@id":"https:\/\/www.visiterarles.com\/en\/#organization","name":"Visiter Arles","url":"https:\/\/www.visiterarles.com\/en\/","logo":{"@type":"ImageObject","inLanguage":"en-GB","@id":"https:\/\/www.visiterarles.com\/en\/#\/schema\/logo\/image\/","url":"https:\/\/www.visiterarles.com\/wp-content\/uploads\/2017\/10\/taco-and-co-1-1.jpg","contentUrl":"https:\/\/www.visiterarles.com\/wp-content\/uploads\/2017\/10\/taco-and-co-1-1.jpg","width":124,"height":73,"caption":"Visiter Arles"},"image":{"@id":"https:\/\/www.visiterarles.com\/en\/#\/schema\/logo\/image\/"}},{"@type":"Person","@id":"https:\/\/www.visiterarles.com\/en\/#\/schema\/person\/ba5912e4613018f479a2d86815a53576","name":"Linkadm","image":{"@type":"ImageObject","inLanguage":"en-GB","@id":"https:\/\/www.visiterarles.com\/en\/#\/schema\/person\/image\/","url":"https:\/\/secure.gravatar.com\/avatar\/4709ec209921503e8d8cc96168eddc49?s=96&d=mm&r=g","contentUrl":"https:\/\/secure.gravatar.com\/avatar\/4709ec209921503e8d8cc96168eddc49?s=96&d=mm&r=g","caption":"Linkadm"},"url":"https:\/\/www.visiterarles.com\/en\/blog\/author\/admin\/"}]}},"_links":{"self":[{"href":"https:\/\/www.visiterarles.com\/en\/wp-json\/wp\/v2\/posts\/28559"}],"collection":[{"href":"https:\/\/www.visiterarles.com\/en\/wp-json\/wp\/v2\/posts"}],"about":[{"href":"https:\/\/www.visiterarles.com\/en\/wp-json\/wp\/v2\/types\/post"}],"author":[{"embeddable":true,"href":"https:\/\/www.visiterarles.com\/en\/wp-json\/wp\/v2\/users\/1"}],"replies":[{"embeddable":true,"href":"https:\/\/www.visiterarles.com\/en\/wp-json\/wp\/v2\/comments?post=28559"}],"version-history":[{"count":0,"href":"https:\/\/www.visiterarles.com\/en\/wp-json\/wp\/v2\/posts\/28559\/revisions"}],"wp:attachment":[{"href":"https:\/\/www.visiterarles.com\/en\/wp-json\/wp\/v2\/media?parent=28559"}],"wp:term":[{"taxonomy":"category","embeddable":true,"href":"https:\/\/www.visiterarles.com\/en\/wp-json\/wp\/v2\/categories?post=28559"},{"taxonomy":"post_tag","embeddable":true,"href":"https:\/\/www.visiterarles.com\/en\/wp-json\/wp\/v2\/tags?post=28559"}],"curies":[{"name":"wp","href":"https:\/\/api.w.org\/{rel}","templated":true}]}}